{"id":29469,"date":"2025-10-05T13:48:10","date_gmt":"2025-10-05T11:48:10","guid":{"rendered":"https:\/\/footdavant.fr\/actualites\/blessure-de-chelsea-liste-de-suspension-et-dates-de-retour-pour-benfica-cole-palmer-derniere\/"},"modified":"2025-10-05T13:48:11","modified_gmt":"2025-10-05T11:48:11","slug":"blessure-de-chelsea-liste-de-suspension-et-dates-de-retour-pour-benfica-cole-palmer-derniere","status":"publish","type":"post","link":"https:\/\/footdavant.fr\/actualites\/blessure-de-chelsea-liste-de-suspension-et-dates-de-retour-pour-benfica-cole-palmer-derniere\/","title":{"rendered":"Blessure de Chelsea, liste de suspension et dates de retour pour Benfica: Cole Palmer Derni\u00e8re"},"content":{"rendered":"<div id=\"article_body\" itemprop=\"articleBody\">\n<p><strong class=\"autotag\">Chelsea est de retour sur le front continental mardi dans ce qui promet d&#39;\u00eatre une r\u00e9union avec l&#39;ancien patron Jose Mourinho, alors que le tacticien portugais dirige son <strong class=\"autotag\">C\u00f4t\u00e9 Benfica au deuxi\u00e8me tour de la <strong class=\"autotag\">Phase de la Ligue des champions.<\/p>\n<p>Les deux \u00e9quipes recherchent une r\u00e9action apr\u00e8s les revers du jour de l&#39;ouverture, les Blues tombant \u00e0 3-1 au Bayern Munich, tandis que les visiteurs ont subi une d\u00e9faite au choc 3-2 sur le sol \u00e0 domicile contre Qarabag.<\/p>\n<p><strong class=\"autotag\">Enzo Maresca sera \u00e9galement d\u00e9termin\u00e9 \u00e0 inspirer une r\u00e9ponse forte apr\u00e8s la d\u00e9ception de samedi contre Brighton &#038; Hove Albion, quand <strong class=\"autotag\">Le licenciement de Trevoh Chalobah s&#39;est av\u00e9r\u00e9 co\u00fbteux et un avantage d&#39;un buteur a \u00e9t\u00e9 annul\u00e9 dans une d\u00e9faite 3-1.<\/p>\n<p>Chalobah devrait figurer en milieu de semaine, mais Maresca continue de faire face aux absences d\u00e9fensives et \u00e0 un coup d&#39;attaque significatif, car sa longue liste de blessures montre peu de signe d&#39;assouplissement.<\/p>\n<p>Ici, Sports Mole offre un tour d&#39;horizon d\u00e9taill\u00e9 de la situation de blessure et de suspension de Chelsea avant la visite de Benfica \u00e0 Stamford Bridge.<\/p>\n<hr>\n<p class=\"imgI\">\n<p>Statut: Out<\/p>\n<p>Type de blessure: l&#39;aine<\/p>\n<p>Date de retour possible: 18 octobre (VS Nottingham Forest)<\/p>\n<p>Cole Palmer a \u00e9t\u00e9 retir\u00e9 contre Manchester United et a depuis rat\u00e9 le match nul de la Coupe EFL avec Lincoln City ainsi que la d\u00e9faite de Premier League contre Brighton. Maresca a confirm\u00e9 que le joueur de 23 ans aurait besoin d&#39;au moins deux \u00e0 trois semaines de repos pour se remettre enti\u00e8rement d&#39;un probl\u00e8me de l&#39;aine r\u00e9current.<\/p>\n<hr>\n<p class=\"imgI\">\n<p>Statut: Out<\/p>\n<p>Type de blessure: veau<\/p>\n<p>Date de retour possible: 18 octobre (VS Nottingham Forest)<\/p>\n<p>Tosin Adarabioyo n&#39;a pas \u00e9t\u00e9 disponible pour les appareils r\u00e9cents contre Lincoln et Brighton, et le d\u00e9fenseur central est peu susceptible de revenir avant la pause internationale d&#39;octobre.<\/p>\n<hr>\n<p class=\"imgI\">\n<p>Statut: Out<\/p>\n<p>Type de blessure: veau<\/p>\n<p>Date de retour possible: 4 octobre (vs Liverpool)<\/p>\n<p>Wesley Fofana s&#39;est assis au choc du week-end apr\u00e8s une commotion c\u00e9r\u00e9brale soutenue contre Lincoln et ne devrait pas \u00eatre risqu\u00e9 pour Benfica, bien qu&#39;il revienne \u00e0 temps pour la sortie de la ligue de la semaine prochaine.<\/p>\n<hr>\n<p class=\"imgI\">\n<p>Statut: Out<\/p>\n<p>Type de blessure: ischio-jambiers<\/p>\n<p>Date de retour possible: mi-novembre<\/p>\n<p>Liam Delap reste mis \u00e0 l&#39;\u00e9cart avec un probl\u00e8me des ischio-jambiers soutenu fin ao\u00fbt et ne devrait pas revenir avant la mi-novembre alors que son r\u00e9tablissement se poursuit.<\/p>\n<hr>\n<p class=\"imgI\">\n<p>Statut: Out<\/p>\n<p>Type de blessure: genou<\/p>\n<p>Date de retour possible: inconnu<\/p>\n<p>Levi Colwill a subi une intervention chirurgicale en ao\u00fbt et fait face \u00e0 un long programme de r\u00e9habilitation, le d\u00e9fenseur est susceptible d&#39;\u00eatre absent pendant plusieurs mois en raison d&#39;une blessure au ligament crois\u00e9.<\/p>\n<hr>\n<p class=\"imgI\">\n<p>Statut: Out<\/p>\n<p>Type de blessure: cuisse<\/p>\n<p>Date de retour possible: inconnu<\/p>\n<p>Dario Essugo a fait une blessure \u00e0 la cuisse tout en repr\u00e9sentant l&#39;\u00e9quipe des moins de 21 ans du Portugal plus t\u00f4t ce mois-ci et a depuis subi une intervention chirurgicale, avec une r\u00e9adaptation maintenant en cours pour le jeune milieu de terrain.<\/p>\n<hr>\n<p><\/p>\n<h2>Liste de suspension de Chelsea<\/h2>\n<p>Chelsea n&#39;a aucune suspension \u00e0 affronter pour le choc de mardi, bien qu&#39;il convient de noter que <strong class=\"autotag\">Mykhaylo Mudryk reste indisponible car il dessert une interdiction provisoire de dopage.<\/p>\n<\/p>\n<div class=\"author_box\">\n<div class=\"author_box_banner\"> <\/div>\n<\/div>\n<\/div>\n","protected":false},"excerpt":{"rendered":"<p>Chelsea est de retour sur le front continental mardi dans ce qui promet d&#39;\u00eatre une r\u00e9union avec l&#39;ancien patron Jose Mourinho, alors que le tacticien<\/p>\n","protected":false},"author":1,"featured_media":29470,"comment_status":"closed","ping_status":"","sticky":false,"template":"","format":"standard","meta":{"footnotes":""},"categories":[4],"tags":[528,15,171,1122,2867,657,17,1123,51,393,18],"yoast_head":"<!-- This site is optimized with the Yoast SEO plugin v21.0 - https:\/\/yoast.com\/wordpress\/plugins\/seo\/ -->\n<title>Blessure de Chelsea, liste de suspension et dates de retour pour Benfica: Cole Palmer Derni\u00e8re<\/title>\n<meta name=\"robots\" content=\"index, follow, max-snippet:-1, max-image-preview:large, max-video-preview:-1\" \/>\n<link rel=\"canonical\" href=\"https:\/\/footdavant.fr\/actualites\/blessure-de-chelsea-liste-de-suspension-et-dates-de-retour-pour-benfica-cole-palmer-derniere\/\" \/>\n<meta property=\"og:locale\" content=\"fr_FR\" \/>\n<meta property=\"og:type\" content=\"article\" \/>\n<meta property=\"og:title\" content=\"Blessure de Chelsea, liste de suspension et dates de retour pour Benfica: Cole Palmer Derni\u00e8re\" \/>\n<meta property=\"og:description\" content=\"Chelsea est de retour sur le front continental mardi dans ce qui promet d&#039;\u00eatre une r\u00e9union avec l&#039;ancien patron Jose Mourinho, alors que le tacticien\" \/>\n<meta property=\"og:url\" content=\"https:\/\/footdavant.fr\/actualites\/blessure-de-chelsea-liste-de-suspension-et-dates-de-retour-pour-benfica-cole-palmer-derniere\/\" \/>\n<meta property=\"og:site_name\" content=\"Foot d&#039;avant\" \/>\n<meta property=\"article:publisher\" content=\"https:\/\/www.facebook.com\/Footdavant\/\" \/>\n<meta property=\"article:published_time\" content=\"2025-10-05T11:48:10+00:00\" \/>\n<meta property=\"article:modified_time\" content=\"2025-10-05T11:48:11+00:00\" \/>\n<meta property=\"og:image\" content=\"https:\/\/footdavant.fr\/actualites\/wp-content\/uploads\/2025\/10\/Blessure-de-Chelsea-liste-de-suspension-et-dates-de-retour.jpg\" \/>\n\t<meta property=\"og:image:width\" content=\"640\" \/>\n\t<meta property=\"og:image:height\" content=\"480\" \/>\n\t<meta property=\"og:image:type\" content=\"image\/jpeg\" \/>\n<meta name=\"author\" content=\"Cl\u00e9ment\" \/>\n<meta name=\"twitter:card\" content=\"summary_large_image\" \/>\n<meta name=\"twitter:creator\" content=\"@FootdavantFr\" \/>\n<meta name=\"twitter:site\" content=\"@FootdavantFr\" \/>\n<meta name=\"twitter:label1\" content=\"\u00c9crit par\" \/>\n\t<meta name=\"twitter:data1\" content=\"Cl\u00e9ment\" \/>\n\t<meta name=\"twitter:label2\" content=\"Dur\u00e9e de lecture estim\u00e9e\" \/>\n\t<meta name=\"twitter:data2\" content=\"3 minutes\" \/>\n<script type=\"application\/ld+json\" class=\"yoast-schema-graph\">{\"@context\":\"https:\/\/schema.org\",\"@graph\":[{\"@type\":\"Article\",\"@id\":\"https:\/\/footdavant.fr\/actualites\/blessure-de-chelsea-liste-de-suspension-et-dates-de-retour-pour-benfica-cole-palmer-derniere\/#article\",\"isPartOf\":{\"@id\":\"https:\/\/footdavant.fr\/actualites\/blessure-de-chelsea-liste-de-suspension-et-dates-de-retour-pour-benfica-cole-palmer-derniere\/\"},\"author\":{\"name\":\"Cl\u00e9ment\",\"@id\":\"https:\/\/footdavant.fr\/actualites\/#\/schema\/person\/bc222566d95871b37e597b3ed3ba5e1d\"},\"headline\":\"Blessure de Chelsea, liste de suspension et dates de retour pour Benfica: Cole Palmer Derni\u00e8re\",\"datePublished\":\"2025-10-05T11:48:10+00:00\",\"dateModified\":\"2025-10-05T11:48:11+00:00\",\"mainEntityOfPage\":{\"@id\":\"https:\/\/footdavant.fr\/actualites\/blessure-de-chelsea-liste-de-suspension-et-dates-de-retour-pour-benfica-cole-palmer-derniere\/\"},\"wordCount\":575,\"publisher\":{\"@id\":\"https:\/\/footdavant.fr\/actualites\/#organization\"},\"keywords\":[\"Benfica\",\"Blessure\",\"Chelsea\",\"Cole\",\"Dates\",\"derni\u00e8re\",\"liste\",\"Palmer\",\"pour\",\"retour\",\"suspension\"],\"articleSection\":[\"Champions League\"],\"inLanguage\":\"fr-FR\"},{\"@type\":\"WebPage\",\"@id\":\"https:\/\/footdavant.fr\/actualites\/blessure-de-chelsea-liste-de-suspension-et-dates-de-retour-pour-benfica-cole-palmer-derniere\/\",\"url\":\"https:\/\/footdavant.fr\/actualites\/blessure-de-chelsea-liste-de-suspension-et-dates-de-retour-pour-benfica-cole-palmer-derniere\/\",\"name\":\"Blessure de Chelsea, liste de suspension et dates de retour pour Benfica: Cole Palmer Derni\u00e8re\",\"isPartOf\":{\"@id\":\"https:\/\/footdavant.fr\/actualites\/#website\"},\"datePublished\":\"2025-10-05T11:48:10+00:00\",\"dateModified\":\"2025-10-05T11:48:11+00:00\",\"breadcrumb\":{\"@id\":\"https:\/\/footdavant.fr\/actualites\/blessure-de-chelsea-liste-de-suspension-et-dates-de-retour-pour-benfica-cole-palmer-derniere\/#breadcrumb\"},\"inLanguage\":\"fr-FR\",\"potentialAction\":[{\"@type\":\"ReadAction\",\"target\":[\"https:\/\/footdavant.fr\/actualites\/blessure-de-chelsea-liste-de-suspension-et-dates-de-retour-pour-benfica-cole-palmer-derniere\/\"]}]},{\"@type\":\"BreadcrumbList\",\"@id\":\"https:\/\/footdavant.fr\/actualites\/blessure-de-chelsea-liste-de-suspension-et-dates-de-retour-pour-benfica-cole-palmer-derniere\/#breadcrumb\",\"itemListElement\":[{\"@type\":\"ListItem\",\"position\":1,\"name\":\"Accueil\",\"item\":\"https:\/\/footdavant.fr\/actualites\/\"},{\"@type\":\"ListItem\",\"position\":2,\"name\":\"Blessure de Chelsea, liste de suspension et dates de retour pour Benfica: Cole Palmer Derni\u00e8re\"}]},{\"@type\":\"WebSite\",\"@id\":\"https:\/\/footdavant.fr\/actualites\/#website\",\"url\":\"https:\/\/footdavant.fr\/actualites\/\",\"name\":\"Foot d'avant\",\"description\":\"\",\"publisher\":{\"@id\":\"https:\/\/footdavant.fr\/actualites\/#organization\"},\"potentialAction\":[{\"@type\":\"SearchAction\",\"target\":{\"@type\":\"EntryPoint\",\"urlTemplate\":\"https:\/\/footdavant.fr\/actualites\/?s={search_term_string}\"},\"query-input\":\"required name=search_term_string\"}],\"inLanguage\":\"fr-FR\"},{\"@type\":\"Organization\",\"@id\":\"https:\/\/footdavant.fr\/actualites\/#organization\",\"name\":\"Foot d'avant\",\"url\":\"https:\/\/footdavant.fr\/actualites\/\",\"logo\":{\"@type\":\"ImageObject\",\"inLanguage\":\"fr-FR\",\"@id\":\"https:\/\/footdavant.fr\/actualites\/#\/schema\/logo\/image\/\",\"url\":\"https:\/\/footdavant.fr\/actualites\/wp-content\/uploads\/2023\/09\/Copy-of-FootDavant-Logo.png\",\"contentUrl\":\"https:\/\/footdavant.fr\/actualites\/wp-content\/uploads\/2023\/09\/Copy-of-FootDavant-Logo.png\",\"width\":936,\"height\":549,\"caption\":\"Foot d'avant\"},\"image\":{\"@id\":\"https:\/\/footdavant.fr\/actualites\/#\/schema\/logo\/image\/\"},\"sameAs\":[\"https:\/\/www.facebook.com\/Footdavant\/\",\"https:\/\/twitter.com\/FootdavantFr\",\"https:\/\/www.instagram.com\/footdavant.fr\/\"]},{\"@type\":\"Person\",\"@id\":\"https:\/\/footdavant.fr\/actualites\/#\/schema\/person\/bc222566d95871b37e597b3ed3ba5e1d\",\"name\":\"Cl\u00e9ment\",\"image\":{\"@type\":\"ImageObject\",\"inLanguage\":\"fr-FR\",\"@id\":\"https:\/\/footdavant.fr\/actualites\/#\/schema\/person\/image\/\",\"url\":\"https:\/\/secure.gravatar.com\/avatar\/7728b29aac2719421e1a9159b2254c44?s=96&d=mm&r=g\",\"contentUrl\":\"https:\/\/secure.gravatar.com\/avatar\/7728b29aac2719421e1a9159b2254c44?s=96&d=mm&r=g\",\"caption\":\"Cl\u00e9ment\"},\"sameAs\":[\"https:\/\/footdavant.fr\/\"]}]}<\/script>\n<!-- \/ Yoast SEO plugin. -->","yoast_head_json":{"title":"Blessure de Chelsea, liste de suspension et dates de retour pour Benfica: Cole Palmer Derni\u00e8re","robots":{"index":"index","follow":"follow","max-snippet":"max-snippet:-1","max-image-preview":"max-image-preview:large","max-video-preview":"max-video-preview:-1"},"canonical":"https:\/\/footdavant.fr\/actualites\/blessure-de-chelsea-liste-de-suspension-et-dates-de-retour-pour-benfica-cole-palmer-derniere\/","og_locale":"fr_FR","og_type":"article","og_title":"Blessure de Chelsea, liste de suspension et dates de retour pour Benfica: Cole Palmer Derni\u00e8re","og_description":"Chelsea est de retour sur le front continental mardi dans ce qui promet d&#39;\u00eatre une r\u00e9union avec l&#39;ancien patron Jose Mourinho, alors que le tacticien","og_url":"https:\/\/footdavant.fr\/actualites\/blessure-de-chelsea-liste-de-suspension-et-dates-de-retour-pour-benfica-cole-palmer-derniere\/","og_site_name":"Foot d&#039;avant","article_publisher":"https:\/\/www.facebook.com\/Footdavant\/","article_published_time":"2025-10-05T11:48:10+00:00","article_modified_time":"2025-10-05T11:48:11+00:00","og_image":[{"width":640,"height":480,"url":"https:\/\/footdavant.fr\/actualites\/wp-content\/uploads\/2025\/10\/Blessure-de-Chelsea-liste-de-suspension-et-dates-de-retour.jpg","type":"image\/jpeg"}],"author":"Cl\u00e9ment","twitter_card":"summary_large_image","twitter_creator":"@FootdavantFr","twitter_site":"@FootdavantFr","twitter_misc":{"\u00c9crit par":"Cl\u00e9ment","Dur\u00e9e de lecture estim\u00e9e":"3 minutes"},"schema":{"@context":"https:\/\/schema.org","@graph":[{"@type":"Article","@id":"https:\/\/footdavant.fr\/actualites\/blessure-de-chelsea-liste-de-suspension-et-dates-de-retour-pour-benfica-cole-palmer-derniere\/#article","isPartOf":{"@id":"https:\/\/footdavant.fr\/actualites\/blessure-de-chelsea-liste-de-suspension-et-dates-de-retour-pour-benfica-cole-palmer-derniere\/"},"author":{"name":"Cl\u00e9ment","@id":"https:\/\/footdavant.fr\/actualites\/#\/schema\/person\/bc222566d95871b37e597b3ed3ba5e1d"},"headline":"Blessure de Chelsea, liste de suspension et dates de retour pour Benfica: Cole Palmer Derni\u00e8re","datePublished":"2025-10-05T11:48:10+00:00","dateModified":"2025-10-05T11:48:11+00:00","mainEntityOfPage":{"@id":"https:\/\/footdavant.fr\/actualites\/blessure-de-chelsea-liste-de-suspension-et-dates-de-retour-pour-benfica-cole-palmer-derniere\/"},"wordCount":575,"publisher":{"@id":"https:\/\/footdavant.fr\/actualites\/#organization"},"keywords":["Benfica","Blessure","Chelsea","Cole","Dates","derni\u00e8re","liste","Palmer","pour","retour","suspension"],"articleSection":["Champions League"],"inLanguage":"fr-FR"},{"@type":"WebPage","@id":"https:\/\/footdavant.fr\/actualites\/blessure-de-chelsea-liste-de-suspension-et-dates-de-retour-pour-benfica-cole-palmer-derniere\/","url":"https:\/\/footdavant.fr\/actualites\/blessure-de-chelsea-liste-de-suspension-et-dates-de-retour-pour-benfica-cole-palmer-derniere\/","name":"Blessure de Chelsea, liste de suspension et dates de retour pour Benfica: Cole Palmer Derni\u00e8re","isPartOf":{"@id":"https:\/\/footdavant.fr\/actualites\/#website"},"datePublished":"2025-10-05T11:48:10+00:00","dateModified":"2025-10-05T11:48:11+00:00","breadcrumb":{"@id":"https:\/\/footdavant.fr\/actualites\/blessure-de-chelsea-liste-de-suspension-et-dates-de-retour-pour-benfica-cole-palmer-derniere\/#breadcrumb"},"inLanguage":"fr-FR","potentialAction":[{"@type":"ReadAction","target":["https:\/\/footdavant.fr\/actualites\/blessure-de-chelsea-liste-de-suspension-et-dates-de-retour-pour-benfica-cole-palmer-derniere\/"]}]},{"@type":"BreadcrumbList","@id":"https:\/\/footdavant.fr\/actualites\/blessure-de-chelsea-liste-de-suspension-et-dates-de-retour-pour-benfica-cole-palmer-derniere\/#breadcrumb","itemListElement":[{"@type":"ListItem","position":1,"name":"Accueil","item":"https:\/\/footdavant.fr\/actualites\/"},{"@type":"ListItem","position":2,"name":"Blessure de Chelsea, liste de suspension et dates de retour pour Benfica: Cole Palmer Derni\u00e8re"}]},{"@type":"WebSite","@id":"https:\/\/footdavant.fr\/actualites\/#website","url":"https:\/\/footdavant.fr\/actualites\/","name":"Foot d'avant","description":"","publisher":{"@id":"https:\/\/footdavant.fr\/actualites\/#organization"},"potentialAction":[{"@type":"SearchAction","target":{"@type":"EntryPoint","urlTemplate":"https:\/\/footdavant.fr\/actualites\/?s={search_term_string}"},"query-input":"required name=search_term_string"}],"inLanguage":"fr-FR"},{"@type":"Organization","@id":"https:\/\/footdavant.fr\/actualites\/#organization","name":"Foot d'avant","url":"https:\/\/footdavant.fr\/actualites\/","logo":{"@type":"ImageObject","inLanguage":"fr-FR","@id":"https:\/\/footdavant.fr\/actualites\/#\/schema\/logo\/image\/","url":"https:\/\/footdavant.fr\/actualites\/wp-content\/uploads\/2023\/09\/Copy-of-FootDavant-Logo.png","contentUrl":"https:\/\/footdavant.fr\/actualites\/wp-content\/uploads\/2023\/09\/Copy-of-FootDavant-Logo.png","width":936,"height":549,"caption":"Foot d'avant"},"image":{"@id":"https:\/\/footdavant.fr\/actualites\/#\/schema\/logo\/image\/"},"sameAs":["https:\/\/www.facebook.com\/Footdavant\/","https:\/\/twitter.com\/FootdavantFr","https:\/\/www.instagram.com\/footdavant.fr\/"]},{"@type":"Person","@id":"https:\/\/footdavant.fr\/actualites\/#\/schema\/person\/bc222566d95871b37e597b3ed3ba5e1d","name":"Cl\u00e9ment","image":{"@type":"ImageObject","inLanguage":"fr-FR","@id":"https:\/\/footdavant.fr\/actualites\/#\/schema\/person\/image\/","url":"https:\/\/secure.gravatar.com\/avatar\/7728b29aac2719421e1a9159b2254c44?s=96&d=mm&r=g","contentUrl":"https:\/\/secure.gravatar.com\/avatar\/7728b29aac2719421e1a9159b2254c44?s=96&d=mm&r=g","caption":"Cl\u00e9ment"},"sameAs":["https:\/\/footdavant.fr\/"]}]}},"_links":{"self":[{"href":"https:\/\/footdavant.fr\/actualites\/wp-json\/wp\/v2\/posts\/29469"}],"collection":[{"href":"https:\/\/footdavant.fr\/actualites\/wp-json\/wp\/v2\/posts"}],"about":[{"href":"https:\/\/footdavant.fr\/actualites\/wp-json\/wp\/v2\/types\/post"}],"author":[{"embeddable":true,"href":"https:\/\/footdavant.fr\/actualites\/wp-json\/wp\/v2\/users\/1"}],"replies":[{"embeddable":true,"href":"https:\/\/footdavant.fr\/actualites\/wp-json\/wp\/v2\/comments?post=29469"}],"version-history":[{"count":1,"href":"https:\/\/footdavant.fr\/actualites\/wp-json\/wp\/v2\/posts\/29469\/revisions"}],"predecessor-version":[{"id":29471,"href":"https:\/\/footdavant.fr\/actualites\/wp-json\/wp\/v2\/posts\/29469\/revisions\/29471"}],"wp:featuredmedia":[{"embeddable":true,"href":"https:\/\/footdavant.fr\/actualites\/wp-json\/wp\/v2\/media\/29470"}],"wp:attachment":[{"href":"https:\/\/footdavant.fr\/actualites\/wp-json\/wp\/v2\/media?parent=29469"}],"wp:term":[{"taxonomy":"category","embeddable":true,"href":"https:\/\/footdavant.fr\/actualites\/wp-json\/wp\/v2\/categories?post=29469"},{"taxonomy":"post_tag","embeddable":true,"href":"https:\/\/footdavant.fr\/actualites\/wp-json\/wp\/v2\/tags?post=29469"}],"curies":[{"name":"wp","href":"https:\/\/api.w.org\/{rel}","templated":true}]}}