{"id":2949,"date":"2023-12-24T04:55:23","date_gmt":"2023-12-24T03:55:23","guid":{"rendered":"https:\/\/footdavant.fr\/actualites\/eddie-howe-mecontent-du-tres-mauvais-tacle-de-moises-caicedo-sur-anthony-gordon\/"},"modified":"2023-12-24T04:55:24","modified_gmt":"2023-12-24T03:55:24","slug":"eddie-howe-mecontent-du-tres-mauvais-tacle-de-moises-caicedo-sur-anthony-gordon","status":"publish","type":"post","link":"https:\/\/footdavant.fr\/actualites\/eddie-howe-mecontent-du-tres-mauvais-tacle-de-moises-caicedo-sur-anthony-gordon\/","title":{"rendered":"Eddie Howe m\u00e9content du \u00ab tr\u00e8s mauvais tacle \u00bb de Moises Caicedo sur Anthony Gordon"},"content":{"rendered":"<p>Eddie Howe n&rsquo;est pas impressionn\u00e9 par le \u00ab\u00a0tacle vraiment m\u00e9diocre\u00a0\u00bb de Moises Caicedo de Chelsea sur Anthony Gordon de Newcastle qui a forc\u00e9 l&rsquo;attaquant \u00e0 sortir bless\u00e9 lors de la d\u00e9faite en quart de finale de la Coupe EFL mardi \u00e0 Stamford Bridge.<\/p>\n<div id=\"article_body\" itemprop=\"articleBody\">\n<h3 class=\"firstPara\">\n<strong class=\"autotag\">Newcastle United<\/strong> directeur <strong class=\"autotag\">Eddie Howe<\/strong> n&rsquo;a pas \u00e9t\u00e9 impressionn\u00e9 par le \u00ab\u00a0tacle vraiment m\u00e9diocre\u00a0\u00bb de <strong class=\"autotag\">Chelsea<\/strong> milieu de terrain <strong class=\"autotag\">Mo\u00efse Caicedo<\/strong> sur <strong class=\"autotag\">Anthony Gordon<\/strong> qui a contraint l&rsquo;attaquant \u00e0 l&rsquo;abandon en raison d&rsquo;une blessure lors du match de mardi. <strong class=\"autotag\">Coupe EFL<\/strong> d\u00e9faite en quart de finale \u00e0 Stamford Bridge.<\/h3>\n<p>Caicedo a re\u00e7u un carton jaune \u00e0 peine deux minutes apr\u00e8s le d\u00e9but du match pour son d\u00e9fi tardif contre Gordon apr\u00e8s avoir tra\u00een\u00e9 ses crampons le long du mollet de l&rsquo;attaquant des Magpies.<\/p>\n<p>Gordon a r\u00e9ussi \u00e0 passer jusqu&rsquo;\u00e0 la mi-temps et est sorti en seconde p\u00e9riode, mais le n\u00b010 de Newcastle n&rsquo;a pas pu se d\u00e9barrasser de l&rsquo;inconfort et a finalement \u00e9t\u00e9 retir\u00e9 \u00e0 la 52e minute. <\/p>\n<p><strong class=\"autotag\">Emil Krafth<\/strong> a \u00e9galement \u00e9t\u00e9 retir\u00e9 au milieu du match suite \u00e0 un plaquage tardif de <strong class=\"autotag\">Levi Colwill<\/strong>s&rsquo;ajoutant \u00e0 la liste croissante des absents de Newcastle.<\/p>\n<p>S&rsquo;exprimant lors de sa conf\u00e9rence de presse d&rsquo;apr\u00e8s-match, cit\u00e9 par <em>Sports a\u00e9riens<\/em>Howe a d\u00e9clar\u00e9 : \u00ab\u00a0Emil avait trop mal pour continuer \u2013 il a une vilaine entaille au tibia qui est assez douloureuse en ce moment.<\/p>\n<blockquote class=\"twitter-tweet\">\n<p lang=\"en\" dir=\"ltr\">Une autre semaine, une autre blessure pour Newcastle car Anthony Gordon ne peut pas oublier les effets du d\u00e9fi de Caicedo en premi\u00e8re mi-temps&#8230;<a rel=\"nofollow\" href=\"https:\/\/twitter.com\/hashtag\/beINSPORTS?src=hash&amp;ref_src=twsrc%5Etfw\">#\u00eatre au sport<\/a> <a rel=\"nofollow\" href=\"https:\/\/twitter.com\/hashtag\/NUFC?src=hash&amp;ref_src=twsrc%5Etfw\">#NUFC<\/a> <a rel=\"nofollow\" href=\"https:\/\/twitter.com\/hashtag\/CFC?src=hash&amp;ref_src=twsrc%5Etfw\">#CFC<\/a> <a rel=\"nofollow\" href=\"https:\/\/t.co\/4hlmF9Ue0r\">pic.twitter.com\/4hlmF9Ue0r<\/a><\/p>\n<p>\u2013 beIN SPORTS (@beINSPORTS_FR) <a rel=\"nofollow\" href=\"https:\/\/twitter.com\/beINSPORTS_EN\/status\/1737220227983613961?ref_src=twsrc%5Etfw\">19 d\u00e9cembre 2023<\/a>\n<\/p><\/blockquote>\n<p>\u00ab\u00a0Anthony est pareil. Je pensais que c&rsquo;\u00e9tait un tr\u00e8s mauvais tacle de sa part et le type de tacle que vous ne voulez pas voir \u00e9liminer l&rsquo;un de nos attaquants du jeu, et encore une fois, il est tr\u00e8s endolori en ce moment.\u00a0\u00bb <\/p>\n<p>Lorsqu&rsquo;on lui a demand\u00e9 si Caicedo aurait d\u00fb \u00eatre expuls\u00e9, Howe a r\u00e9pondu <em>Sports a\u00e9riens<\/em>: \u00ab\u00a0Je me base sur l&rsquo;opinion des autres et pas sur la mienne \u2013 je ne l&rsquo;ai pas vu moi-m\u00eame mais les gens me disent qu&rsquo;ils pensent que c&rsquo;est un carton rouge.\u00a0\u00bb<\/p>\n<p><em>Sports a\u00e9riens<\/em> experts <strong class=\"autotag\">Jamie Redknapp<\/strong> et <strong class=\"autotag\">Karen Carney<\/strong> en d\u00e9saccord sur la d\u00e9cision prise par l&rsquo;arbitre sur le terrain <strong class=\"autotag\">Jarred Gillett<\/strong>qui n&rsquo;a pas pu d\u00e9lib\u00e9rer avec le VAR car le syst\u00e8me n&rsquo;est utilis\u00e9 en Coupe EFL qu&rsquo;en demi-finale.<\/p>\n<p>\u00ab\u00a0C&rsquo;est un mauvais d\u00e9fi vraiment stupide\u00a0\u00bb, a d\u00e9clar\u00e9 Redknapp.  \u00ab\u00a0Deux minutes de jeu, peu importe la minute du match, mais je pense que c&rsquo;est un jaune. Ce n&rsquo;est pas un bon d\u00e9fi, ne vous y trompez pas.<\/p>\n<p>\u00ab\u00a0Ce que je ne comprends pas, c&rsquo;est pourquoi vous feriez quelque chose comme \u00e7a apr\u00e8s deux minutes de jeu. Regardez \u00e0 quelle distance il se trouve du ballon, a-t-il vraiment voulu lui faire du mal ? Mais c&rsquo;est un d\u00e9fi tellement stupide.\u00a0\u00bb<\/p>\n<p class=\"imgI\">\n<p>L&rsquo;ancienne milieu de terrain f\u00e9minine de Chelsea, Carney, a ajout\u00e9 : \u00ab\u00a0C&rsquo;est un rouge pour moi. Il est tard. Il est loin du ballon. Il descend \u00e0 l&rsquo;arri\u00e8re de son mollet et au fur et \u00e0 mesure que le match avance, vous voyez leur meilleur joueur partir bless\u00e9.<\/p>\n<p>\u00ab\u00a0Je ne pense pas qu&rsquo;il soit cens\u00e9 lui faire du mal. Je pense que c&rsquo;est juste imprudent de sa part, mais en fin de compte, cela m&rsquo;est arriv\u00e9 \u00e0 l&rsquo;arri\u00e8re du mollet, j&rsquo;ai d\u00fb partir et je pense que je &lsquo; Je suis bless\u00e9 l\u00e0.<\/p>\n<p>\u00ab\u00a0Pour moi, c&rsquo;est un carton rouge, mais nous n&rsquo;avons pas de VAR, l&rsquo;arbitre laisse passer, ce n&rsquo;est pas un rouge dans son esprit et vous passez \u00e0 autre chose \u2013 c&rsquo;est l\u00e0 que r\u00e9side la diff\u00e9rence.\u00a0\u00bb<\/p>\n<p><strong class=\"autotag\">Callum Wilson<\/strong> avait mis Newcastle devant en premi\u00e8re mi-temps auparavant <strong class=\"autotag\">Mykha\u00eflo Mudryk<\/strong> a r\u00e9tabli la parit\u00e9 pour Chelsea \u00e0 la 92e minute pour forcer l&rsquo;\u00e9galit\u00e9 aux tirs au but, les Blues l&#8217;emportant 4-2 en tirs de barrage apr\u00e8s <strong class=\"autotag\">Kieran Trippier<\/strong> et <strong class=\"autotag\">Matt Ritchie<\/strong> n&rsquo;ont pas pu se convertir \u00e0 partir de 12 m\u00e8tres.<\/p>\n<p>Newcastle, finaliste battu la saison derni\u00e8re de la Coupe EFL, va d\u00e9sormais tourner son attention vers la Premier League alors qu&rsquo;il se rendra \u00e0 Kenilworth Road pour affronter Luton Town samedi.<\/p>\n<p>Alors que Gordon et Krafth sont apparus comme des doutes pour le choc avec les Hatters, <strong class=\"autotag\">Alexandre Isak<\/strong> (aine), <strong class=\"autotag\">Fabien Schar<\/strong> (fessier) et <strong class=\"autotag\">Joelinton<\/strong> (ischio-jambiers) sera \u00e9galement \u00e9valu\u00e9, tandis que <strong class=\"autotag\">Nick Pape<\/strong>, <strong class=\"autotag\">Jacob Murphy<\/strong> (les deux \u00e9paules), <strong class=\"autotag\">Elliot Anderson<\/strong> (dos), <strong class=\"autotag\">Joe Willock<\/strong> (veau), <strong class=\"autotag\">Harvey Barnes<\/strong> (cheville), <strong class=\"autotag\">Matt Targett<\/strong> (cuisse) et <strong class=\"autotag\">Javi Manquillo<\/strong> (aine) tous restent \u00e0 l\u2019\u00e9cart.<\/p>\n<\/div>\n<p><script async src=\"https:\/\/platform.twitter.com\/widgets.js\" charset=\"utf-8\"><\/script><\/p>\n","protected":false},"excerpt":{"rendered":"<p>Eddie Howe n&rsquo;est pas impressionn\u00e9 par le \u00ab\u00a0tacle vraiment m\u00e9diocre\u00a0\u00bb de Moises Caicedo de Chelsea sur Anthony Gordon de Newcastle qui a forc\u00e9 l&rsquo;attaquant \u00e0<\/p>\n","protected":false},"author":1,"featured_media":2950,"comment_status":"closed","ping_status":"","sticky":false,"template":"","format":"standard","meta":{"footnotes":""},"categories":[5],"tags":[457,1807,38,2382,39,1515,2491,2493,103,2492,852],"yoast_head":"<!-- This site is optimized with the Yoast SEO plugin v21.0 - https:\/\/yoast.com\/wordpress\/plugins\/seo\/ -->\n<title>Eddie Howe m\u00e9content du \u00ab tr\u00e8s mauvais tacle \u00bb de Moises Caicedo sur Anthony Gordon<\/title>\n<meta name=\"robots\" content=\"index, follow, max-snippet:-1, max-image-preview:large, max-video-preview:-1\" \/>\n<link rel=\"canonical\" href=\"https:\/\/footdavant.fr\/actualites\/eddie-howe-mecontent-du-tres-mauvais-tacle-de-moises-caicedo-sur-anthony-gordon\/\" \/>\n<meta property=\"og:locale\" content=\"fr_FR\" \/>\n<meta property=\"og:type\" content=\"article\" \/>\n<meta property=\"og:title\" content=\"Eddie Howe m\u00e9content du \u00ab tr\u00e8s mauvais tacle \u00bb de Moises Caicedo sur Anthony Gordon\" \/>\n<meta property=\"og:description\" content=\"Eddie Howe n&rsquo;est pas impressionn\u00e9 par le \u00ab\u00a0tacle vraiment m\u00e9diocre\u00a0\u00bb de Moises Caicedo de Chelsea sur Anthony Gordon de Newcastle qui a forc\u00e9 l&rsquo;attaquant \u00e0\" \/>\n<meta property=\"og:url\" content=\"https:\/\/footdavant.fr\/actualites\/eddie-howe-mecontent-du-tres-mauvais-tacle-de-moises-caicedo-sur-anthony-gordon\/\" \/>\n<meta property=\"og:site_name\" content=\"Foot d&#039;avant\" \/>\n<meta property=\"article:publisher\" content=\"https:\/\/www.facebook.com\/Footdavant\/\" \/>\n<meta property=\"article:published_time\" content=\"2023-12-24T03:55:23+00:00\" \/>\n<meta property=\"article:modified_time\" content=\"2023-12-24T03:55:24+00:00\" \/>\n<meta property=\"og:image\" content=\"https:\/\/footdavant.fr\/actualites\/wp-content\/uploads\/2023\/12\/Eddie-Howe-mecontent-du-tres-mauvais-tacle-de.jpg\" \/>\n\t<meta property=\"og:image:width\" content=\"640\" \/>\n\t<meta property=\"og:image:height\" content=\"480\" \/>\n\t<meta property=\"og:image:type\" content=\"image\/jpeg\" \/>\n<meta name=\"author\" content=\"Cl\u00e9ment\" \/>\n<meta name=\"twitter:card\" content=\"summary_large_image\" \/>\n<meta name=\"twitter:creator\" content=\"@FootdavantFr\" \/>\n<meta name=\"twitter:site\" content=\"@FootdavantFr\" \/>\n<meta name=\"twitter:label1\" content=\"\u00c9crit par\" \/>\n\t<meta name=\"twitter:data1\" content=\"Cl\u00e9ment\" \/>\n\t<meta name=\"twitter:label2\" content=\"Dur\u00e9e de lecture estim\u00e9e\" \/>\n\t<meta name=\"twitter:data2\" content=\"4 minutes\" \/>\n<script type=\"application\/ld+json\" class=\"yoast-schema-graph\">{\"@context\":\"https:\/\/schema.org\",\"@graph\":[{\"@type\":\"Article\",\"@id\":\"https:\/\/footdavant.fr\/actualites\/eddie-howe-mecontent-du-tres-mauvais-tacle-de-moises-caicedo-sur-anthony-gordon\/#article\",\"isPartOf\":{\"@id\":\"https:\/\/footdavant.fr\/actualites\/eddie-howe-mecontent-du-tres-mauvais-tacle-de-moises-caicedo-sur-anthony-gordon\/\"},\"author\":{\"name\":\"Cl\u00e9ment\",\"@id\":\"https:\/\/footdavant.fr\/actualites\/#\/schema\/person\/bc222566d95871b37e597b3ed3ba5e1d\"},\"headline\":\"Eddie Howe m\u00e9content du \u00ab tr\u00e8s mauvais tacle \u00bb de Moises Caicedo sur Anthony Gordon\",\"datePublished\":\"2023-12-24T03:55:23+00:00\",\"dateModified\":\"2023-12-24T03:55:24+00:00\",\"mainEntityOfPage\":{\"@id\":\"https:\/\/footdavant.fr\/actualites\/eddie-howe-mecontent-du-tres-mauvais-tacle-de-moises-caicedo-sur-anthony-gordon\/\"},\"wordCount\":781,\"publisher\":{\"@id\":\"https:\/\/footdavant.fr\/actualites\/#organization\"},\"keywords\":[\"Anthony\",\"Caicedo\",\"Eddie\",\"Gordon\",\"Howe\",\"mauvais\",\"m\u00e9content\",\"Moises\",\"sur\",\"tacle\",\"tr\u00e8s\"],\"articleSection\":[\"Premier League\"],\"inLanguage\":\"fr-FR\"},{\"@type\":\"WebPage\",\"@id\":\"https:\/\/footdavant.fr\/actualites\/eddie-howe-mecontent-du-tres-mauvais-tacle-de-moises-caicedo-sur-anthony-gordon\/\",\"url\":\"https:\/\/footdavant.fr\/actualites\/eddie-howe-mecontent-du-tres-mauvais-tacle-de-moises-caicedo-sur-anthony-gordon\/\",\"name\":\"Eddie Howe m\u00e9content du \u00ab tr\u00e8s mauvais tacle \u00bb de Moises Caicedo sur Anthony Gordon\",\"isPartOf\":{\"@id\":\"https:\/\/footdavant.fr\/actualites\/#website\"},\"datePublished\":\"2023-12-24T03:55:23+00:00\",\"dateModified\":\"2023-12-24T03:55:24+00:00\",\"breadcrumb\":{\"@id\":\"https:\/\/footdavant.fr\/actualites\/eddie-howe-mecontent-du-tres-mauvais-tacle-de-moises-caicedo-sur-anthony-gordon\/#breadcrumb\"},\"inLanguage\":\"fr-FR\",\"potentialAction\":[{\"@type\":\"ReadAction\",\"target\":[\"https:\/\/footdavant.fr\/actualites\/eddie-howe-mecontent-du-tres-mauvais-tacle-de-moises-caicedo-sur-anthony-gordon\/\"]}]},{\"@type\":\"BreadcrumbList\",\"@id\":\"https:\/\/footdavant.fr\/actualites\/eddie-howe-mecontent-du-tres-mauvais-tacle-de-moises-caicedo-sur-anthony-gordon\/#breadcrumb\",\"itemListElement\":[{\"@type\":\"ListItem\",\"position\":1,\"name\":\"Accueil\",\"item\":\"https:\/\/footdavant.fr\/actualites\/\"},{\"@type\":\"ListItem\",\"position\":2,\"name\":\"Eddie Howe m\u00e9content du \u00ab tr\u00e8s mauvais tacle \u00bb de Moises Caicedo sur Anthony Gordon\"}]},{\"@type\":\"WebSite\",\"@id\":\"https:\/\/footdavant.fr\/actualites\/#website\",\"url\":\"https:\/\/footdavant.fr\/actualites\/\",\"name\":\"Foot d'avant\",\"description\":\"\",\"publisher\":{\"@id\":\"https:\/\/footdavant.fr\/actualites\/#organization\"},\"potentialAction\":[{\"@type\":\"SearchAction\",\"target\":{\"@type\":\"EntryPoint\",\"urlTemplate\":\"https:\/\/footdavant.fr\/actualites\/?s={search_term_string}\"},\"query-input\":\"required name=search_term_string\"}],\"inLanguage\":\"fr-FR\"},{\"@type\":\"Organization\",\"@id\":\"https:\/\/footdavant.fr\/actualites\/#organization\",\"name\":\"Foot d'avant\",\"url\":\"https:\/\/footdavant.fr\/actualites\/\",\"logo\":{\"@type\":\"ImageObject\",\"inLanguage\":\"fr-FR\",\"@id\":\"https:\/\/footdavant.fr\/actualites\/#\/schema\/logo\/image\/\",\"url\":\"https:\/\/footdavant.fr\/actualites\/wp-content\/uploads\/2023\/09\/Copy-of-FootDavant-Logo.png\",\"contentUrl\":\"https:\/\/footdavant.fr\/actualites\/wp-content\/uploads\/2023\/09\/Copy-of-FootDavant-Logo.png\",\"width\":936,\"height\":549,\"caption\":\"Foot d'avant\"},\"image\":{\"@id\":\"https:\/\/footdavant.fr\/actualites\/#\/schema\/logo\/image\/\"},\"sameAs\":[\"https:\/\/www.facebook.com\/Footdavant\/\",\"https:\/\/twitter.com\/FootdavantFr\",\"https:\/\/www.instagram.com\/footdavant.fr\/\"]},{\"@type\":\"Person\",\"@id\":\"https:\/\/footdavant.fr\/actualites\/#\/schema\/person\/bc222566d95871b37e597b3ed3ba5e1d\",\"name\":\"Cl\u00e9ment\",\"image\":{\"@type\":\"ImageObject\",\"inLanguage\":\"fr-FR\",\"@id\":\"https:\/\/footdavant.fr\/actualites\/#\/schema\/person\/image\/\",\"url\":\"https:\/\/secure.gravatar.com\/avatar\/7728b29aac2719421e1a9159b2254c44?s=96&d=mm&r=g\",\"contentUrl\":\"https:\/\/secure.gravatar.com\/avatar\/7728b29aac2719421e1a9159b2254c44?s=96&d=mm&r=g\",\"caption\":\"Cl\u00e9ment\"},\"sameAs\":[\"https:\/\/footdavant.fr\/\"]}]}<\/script>\n<!-- \/ Yoast SEO plugin. -->","yoast_head_json":{"title":"Eddie Howe m\u00e9content du \u00ab tr\u00e8s mauvais tacle \u00bb de Moises Caicedo sur Anthony Gordon","robots":{"index":"index","follow":"follow","max-snippet":"max-snippet:-1","max-image-preview":"max-image-preview:large","max-video-preview":"max-video-preview:-1"},"canonical":"https:\/\/footdavant.fr\/actualites\/eddie-howe-mecontent-du-tres-mauvais-tacle-de-moises-caicedo-sur-anthony-gordon\/","og_locale":"fr_FR","og_type":"article","og_title":"Eddie Howe m\u00e9content du \u00ab tr\u00e8s mauvais tacle \u00bb de Moises Caicedo sur Anthony Gordon","og_description":"Eddie Howe n&rsquo;est pas impressionn\u00e9 par le \u00ab\u00a0tacle vraiment m\u00e9diocre\u00a0\u00bb de Moises Caicedo de Chelsea sur Anthony Gordon de Newcastle qui a forc\u00e9 l&rsquo;attaquant \u00e0","og_url":"https:\/\/footdavant.fr\/actualites\/eddie-howe-mecontent-du-tres-mauvais-tacle-de-moises-caicedo-sur-anthony-gordon\/","og_site_name":"Foot d&#039;avant","article_publisher":"https:\/\/www.facebook.com\/Footdavant\/","article_published_time":"2023-12-24T03:55:23+00:00","article_modified_time":"2023-12-24T03:55:24+00:00","og_image":[{"width":640,"height":480,"url":"https:\/\/footdavant.fr\/actualites\/wp-content\/uploads\/2023\/12\/Eddie-Howe-mecontent-du-tres-mauvais-tacle-de.jpg","type":"image\/jpeg"}],"author":"Cl\u00e9ment","twitter_card":"summary_large_image","twitter_creator":"@FootdavantFr","twitter_site":"@FootdavantFr","twitter_misc":{"\u00c9crit par":"Cl\u00e9ment","Dur\u00e9e de lecture estim\u00e9e":"4 minutes"},"schema":{"@context":"https:\/\/schema.org","@graph":[{"@type":"Article","@id":"https:\/\/footdavant.fr\/actualites\/eddie-howe-mecontent-du-tres-mauvais-tacle-de-moises-caicedo-sur-anthony-gordon\/#article","isPartOf":{"@id":"https:\/\/footdavant.fr\/actualites\/eddie-howe-mecontent-du-tres-mauvais-tacle-de-moises-caicedo-sur-anthony-gordon\/"},"author":{"name":"Cl\u00e9ment","@id":"https:\/\/footdavant.fr\/actualites\/#\/schema\/person\/bc222566d95871b37e597b3ed3ba5e1d"},"headline":"Eddie Howe m\u00e9content du \u00ab tr\u00e8s mauvais tacle \u00bb de Moises Caicedo sur Anthony Gordon","datePublished":"2023-12-24T03:55:23+00:00","dateModified":"2023-12-24T03:55:24+00:00","mainEntityOfPage":{"@id":"https:\/\/footdavant.fr\/actualites\/eddie-howe-mecontent-du-tres-mauvais-tacle-de-moises-caicedo-sur-anthony-gordon\/"},"wordCount":781,"publisher":{"@id":"https:\/\/footdavant.fr\/actualites\/#organization"},"keywords":["Anthony","Caicedo","Eddie","Gordon","Howe","mauvais","m\u00e9content","Moises","sur","tacle","tr\u00e8s"],"articleSection":["Premier League"],"inLanguage":"fr-FR"},{"@type":"WebPage","@id":"https:\/\/footdavant.fr\/actualites\/eddie-howe-mecontent-du-tres-mauvais-tacle-de-moises-caicedo-sur-anthony-gordon\/","url":"https:\/\/footdavant.fr\/actualites\/eddie-howe-mecontent-du-tres-mauvais-tacle-de-moises-caicedo-sur-anthony-gordon\/","name":"Eddie Howe m\u00e9content du \u00ab tr\u00e8s mauvais tacle \u00bb de Moises Caicedo sur Anthony Gordon","isPartOf":{"@id":"https:\/\/footdavant.fr\/actualites\/#website"},"datePublished":"2023-12-24T03:55:23+00:00","dateModified":"2023-12-24T03:55:24+00:00","breadcrumb":{"@id":"https:\/\/footdavant.fr\/actualites\/eddie-howe-mecontent-du-tres-mauvais-tacle-de-moises-caicedo-sur-anthony-gordon\/#breadcrumb"},"inLanguage":"fr-FR","potentialAction":[{"@type":"ReadAction","target":["https:\/\/footdavant.fr\/actualites\/eddie-howe-mecontent-du-tres-mauvais-tacle-de-moises-caicedo-sur-anthony-gordon\/"]}]},{"@type":"BreadcrumbList","@id":"https:\/\/footdavant.fr\/actualites\/eddie-howe-mecontent-du-tres-mauvais-tacle-de-moises-caicedo-sur-anthony-gordon\/#breadcrumb","itemListElement":[{"@type":"ListItem","position":1,"name":"Accueil","item":"https:\/\/footdavant.fr\/actualites\/"},{"@type":"ListItem","position":2,"name":"Eddie Howe m\u00e9content du \u00ab tr\u00e8s mauvais tacle \u00bb de Moises Caicedo sur Anthony Gordon"}]},{"@type":"WebSite","@id":"https:\/\/footdavant.fr\/actualites\/#website","url":"https:\/\/footdavant.fr\/actualites\/","name":"Foot d'avant","description":"","publisher":{"@id":"https:\/\/footdavant.fr\/actualites\/#organization"},"potentialAction":[{"@type":"SearchAction","target":{"@type":"EntryPoint","urlTemplate":"https:\/\/footdavant.fr\/actualites\/?s={search_term_string}"},"query-input":"required name=search_term_string"}],"inLanguage":"fr-FR"},{"@type":"Organization","@id":"https:\/\/footdavant.fr\/actualites\/#organization","name":"Foot d'avant","url":"https:\/\/footdavant.fr\/actualites\/","logo":{"@type":"ImageObject","inLanguage":"fr-FR","@id":"https:\/\/footdavant.fr\/actualites\/#\/schema\/logo\/image\/","url":"https:\/\/footdavant.fr\/actualites\/wp-content\/uploads\/2023\/09\/Copy-of-FootDavant-Logo.png","contentUrl":"https:\/\/footdavant.fr\/actualites\/wp-content\/uploads\/2023\/09\/Copy-of-FootDavant-Logo.png","width":936,"height":549,"caption":"Foot d'avant"},"image":{"@id":"https:\/\/footdavant.fr\/actualites\/#\/schema\/logo\/image\/"},"sameAs":["https:\/\/www.facebook.com\/Footdavant\/","https:\/\/twitter.com\/FootdavantFr","https:\/\/www.instagram.com\/footdavant.fr\/"]},{"@type":"Person","@id":"https:\/\/footdavant.fr\/actualites\/#\/schema\/person\/bc222566d95871b37e597b3ed3ba5e1d","name":"Cl\u00e9ment","image":{"@type":"ImageObject","inLanguage":"fr-FR","@id":"https:\/\/footdavant.fr\/actualites\/#\/schema\/person\/image\/","url":"https:\/\/secure.gravatar.com\/avatar\/7728b29aac2719421e1a9159b2254c44?s=96&d=mm&r=g","contentUrl":"https:\/\/secure.gravatar.com\/avatar\/7728b29aac2719421e1a9159b2254c44?s=96&d=mm&r=g","caption":"Cl\u00e9ment"},"sameAs":["https:\/\/footdavant.fr\/"]}]}},"_links":{"self":[{"href":"https:\/\/footdavant.fr\/actualites\/wp-json\/wp\/v2\/posts\/2949"}],"collection":[{"href":"https:\/\/footdavant.fr\/actualites\/wp-json\/wp\/v2\/posts"}],"about":[{"href":"https:\/\/footdavant.fr\/actualites\/wp-json\/wp\/v2\/types\/post"}],"author":[{"embeddable":true,"href":"https:\/\/footdavant.fr\/actualites\/wp-json\/wp\/v2\/users\/1"}],"replies":[{"embeddable":true,"href":"https:\/\/footdavant.fr\/actualites\/wp-json\/wp\/v2\/comments?post=2949"}],"version-history":[{"count":1,"href":"https:\/\/footdavant.fr\/actualites\/wp-json\/wp\/v2\/posts\/2949\/revisions"}],"predecessor-version":[{"id":2951,"href":"https:\/\/footdavant.fr\/actualites\/wp-json\/wp\/v2\/posts\/2949\/revisions\/2951"}],"wp:featuredmedia":[{"embeddable":true,"href":"https:\/\/footdavant.fr\/actualites\/wp-json\/wp\/v2\/media\/2950"}],"wp:attachment":[{"href":"https:\/\/footdavant.fr\/actualites\/wp-json\/wp\/v2\/media?parent=2949"}],"wp:term":[{"taxonomy":"category","embeddable":true,"href":"https:\/\/footdavant.fr\/actualites\/wp-json\/wp\/v2\/categories?post=2949"},{"taxonomy":"post_tag","embeddable":true,"href":"https:\/\/footdavant.fr\/actualites\/wp-json\/wp\/v2\/tags?post=2949"}],"curies":[{"name":"wp","href":"https:\/\/api.w.org\/{rel}","templated":true}]}}