{"id":2955,"date":"2023-12-24T07:48:02","date_gmt":"2023-12-24T06:48:02","guid":{"rendered":"https:\/\/footdavant.fr\/actualites\/actualites-de-lequipe-darsenal-blessure-liste-de-suspension-contre-liverpool\/"},"modified":"2023-12-24T07:48:03","modified_gmt":"2023-12-24T06:48:03","slug":"actualites-de-lequipe-darsenal-blessure-liste-de-suspension-contre-liverpool","status":"publish","type":"post","link":"https:\/\/footdavant.fr\/actualites\/actualites-de-lequipe-darsenal-blessure-liste-de-suspension-contre-liverpool\/","title":{"rendered":"Actualit\u00e9s de l\u2019\u00e9quipe d\u2019Arsenal : Blessure, liste de suspension contre Liverpool"},"content":{"rendered":"<p>Sports Mole rassemble toutes les derni\u00e8res nouvelles sur les blessures et les suspensions d&rsquo;Arsenal avant le choc de samedi en Premier League avec Liverpool.<\/p>\n<div id=\"article_body\" itemprop=\"articleBody\">\n<p class=\"firstPara\">Le premier se rendra au deuxi\u00e8me rang de la Premier League samedi soir, avec <strong class=\"autotag\">Arsenal<\/strong> en direction de <strong class=\"autotag\">Liverpool<\/strong> pour un \u00e9norme concours dans l&rsquo;\u00e9lite anglaise.<\/p>\n<p>Les Gunners ont r\u00e9ussi \u00e0 rebondir apr\u00e8s leur d\u00e9faite 1-0 \u00e0 Aston Villa le 9 d\u00e9cembre en enregistrant une victoire 2-0 contre Brighton &#038; Hove Albion dimanche apr\u00e8s-midi.<\/p>\n<p><strong class=\"autotag\">Mikel Arteta<\/strong>L&rsquo;\u00e9quipe de Liverpool est actuellement en t\u00eate du classement de la Premier League, avec un point d&rsquo;avance sur Liverpool, deuxi\u00e8me, qui a fait match nul 0-0 contre Manchester United la derni\u00e8re fois.<\/p>\n<p>Ici, <strong>Taupe de sport<\/strong> fait le point sur les blessures et les suspensions d&rsquo;Arsenal avant le choc avec Liverpool \u00e0 Anfield.<\/p>\n<hr>\n<p class=\"imgI\">\n<p><strong>Statut:<\/strong> Dehors<br \/><strong>Type de blessure :<\/strong> Tendon<br \/><strong>Date de retour possible :<\/strong> Inconnu<\/p>\n<p>La r\u00e9cente blessure d&rsquo;Elneny aux ischio-jambiers le mettra \u00e0 nouveau hors de combat samedi, mais l&rsquo;international \u00e9gyptien ne devrait pas rester trop longtemps sur le banc de touche.<\/p>\n<hr>\n<p class=\"imgI\"><img decoding=\"async\" loading=\"lazy\" class=\"l\" src=\"https:\/\/footdavant.fr\/actualites\/wp-content\/uploads\/2023\/12\/1703400481_437_Actualites-de-lequipe-dArsenal-Blessure-liste-de-suspension-contre.JPG\" title=\"Takehiro Tomiyasu d'Arsenal quitte le terrain apr\u00e8s avoir \u00e9t\u00e9 expuls\u00e9 le 21 ao\u00fbt 2023\" alt=\"Takehiro Tomiyasu d'Arsenal quitte le terrain apr\u00e8s avoir \u00e9t\u00e9 expuls\u00e9 le 21 ao\u00fbt 2023\" width=\"640\" height=\"480\"><\/p>\n<p><strong>Statut:<\/strong> Dehors<br \/><strong>Type de blessure :<\/strong> Veau<br \/><strong>Date de retour possible :<\/strong> Inconnu<\/p>\n<p>Tomiyasu a souffert d&rsquo;un probl\u00e8me au mollet lors du r\u00e9cent affrontement avec Wolverhampton Wanderers, ce qui le maintiendra \u00e0 l&rsquo;\u00e9cart au moins jusqu&rsquo;au milieu du mois prochain.<\/p>\n<hr>\n<p class=\"imgI\"><img decoding=\"async\" loading=\"lazy\" class=\"l\" src=\"https:\/\/footdavant.fr\/actualites\/wp-content\/uploads\/2023\/12\/1703400482_363_Actualites-de-lequipe-dArsenal-Blessure-liste-de-suspension-contre.jpg\" title=\"Jurrien Timber d'Arsenal sort bless\u00e9 le 12 ao\u00fbt 2023\" alt=\"Jurrien Timber d'Arsenal sort bless\u00e9 le 12 ao\u00fbt 2023\" width=\"640\" height=\"480\"><\/p>\n<p><strong>Statut:<\/strong> Dehors<br \/><strong>Type de blessure :<\/strong> Genou<br \/><strong>Date de retour possible :<\/strong> Inconnu<\/p>\n<p>Les d\u00e9buts de Timber en Premier League contre Nottingham Forest en ao\u00fbt se sont termin\u00e9s pr\u00e9matur\u00e9ment lorsqu&rsquo;il a subi une blessure au LCA, et il doit se battre pour revenir avant la fin de la campagne.<\/p>\n<hr>\n<p class=\"imgI\"><img decoding=\"async\" loading=\"lazy\" class=\"l\" src=\"https:\/\/footdavant.fr\/actualites\/wp-content\/uploads\/2023\/12\/1703400482_444_Actualites-de-lequipe-dArsenal-Blessure-liste-de-suspension-contre.jpeg\" title=\"Thomas Partey en action pour Arsenal le 20 octobre 2022\" alt=\"Thomas Partey en action pour Arsenal le 20 octobre 2022\" width=\"640\" height=\"480\"><\/p>\n<p><strong>Statut:<\/strong> Dehors<br \/><strong>Type de blessure :<\/strong> Cuisse<br \/><strong>Date de retour possible :<\/strong> 28 d\u00e9cembre (contre West Ham United)<\/p>\n<p>Partey est dans les derni\u00e8res \u00e9tapes de sa convalescence apr\u00e8s une blessure \u00e0 la cuisse, et bien qu&rsquo;il soit \u00e0 nouveau absent ce week-end, un retour avant la fin de l&rsquo;ann\u00e9e ne peut \u00eatre exclu.<\/p>\n<hr>\n<p class=\"imgI\"><img decoding=\"async\" loading=\"lazy\" class=\"l\" src=\"https:\/\/footdavant.fr\/actualites\/wp-content\/uploads\/2023\/12\/1703400482_258_Actualites-de-lequipe-dArsenal-Blessure-liste-de-suspension-contre.jpeg\" title=\"Fabio Vieira d'Arsenal tombe bless\u00e9 le 6 octobre 2022\" alt=\"Fabio Vieira d'Arsenal tombe bless\u00e9 le 6 octobre 2022\" width=\"640\" height=\"480\"><\/p>\n<p><strong>Statut:<\/strong> Dehors<br \/><strong>Type de blessure :<\/strong> Aine<br \/><strong>Date de retour possible :<\/strong> Inconnu<\/p>\n<p>Vieira a r\u00e9cemment subi une op\u00e9ration \u00e0 un probl\u00e8me \u00e0 l&rsquo;aine et le milieu de terrain doit se battre pour revenir pour les Gunners avant la fin du mois prochain.<\/p>\n<hr>\n<p class=\"imgI\"><img decoding=\"async\" loading=\"lazy\" class=\"l\" src=\"https:\/\/footdavant.fr\/actualites\/wp-content\/uploads\/2023\/12\/1703400482_993_Actualites-de-lequipe-dArsenal-Blessure-liste-de-suspension-contre.jpg\" title=\"Jorginho d'Arsenal photographi\u00e9 le 4 novembre 2023\" alt=\"Jorginho d'Arsenal photographi\u00e9 le 4 novembre 2023\" width=\"640\" height=\"480\"><\/p>\n<p><strong>Statut:<\/strong> Petit doute<br \/><strong>Type de blessure :<\/strong> Pied<br \/><strong>Date de retour possible :<\/strong> 23 d\u00e9cembre (contre Liverpool)<\/p>\n<p>Jorginho a rat\u00e9 Brighton en raison d&rsquo;un probl\u00e8me mineur au pied, mais le milieu de terrain exp\u00e9riment\u00e9 devrait \u00eatre de retour dans l&rsquo;\u00e9quipe pour le match de ce week-end.<\/p>\n<hr>\n<p><strong><\/p>\n<h2>LISTE DE SUSPENSION D&rsquo;ARSENAL<\/h2>\n<p><\/strong><\/p>\n<p>Arsenal n&rsquo;a aucun joueur banni pour ce match.<\/p>\n<\/div>\n","protected":false},"excerpt":{"rendered":"<p>Sports Mole rassemble toutes les derni\u00e8res nouvelles sur les blessures et les suspensions d&rsquo;Arsenal avant le choc de samedi en Premier League avec Liverpool. Le<\/p>\n","protected":false},"author":1,"featured_media":2956,"comment_status":"closed","ping_status":"","sticky":false,"template":"","format":"standard","meta":{"footnotes":""},"categories":[5],"tags":[7,15,20,59,9,17,53,18],"yoast_head":"<!-- This site is optimized with the Yoast SEO plugin v21.0 - https:\/\/yoast.com\/wordpress\/plugins\/seo\/ -->\n<title>Actualit\u00e9s de l\u2019\u00e9quipe d\u2019Arsenal : Blessure, liste de suspension contre Liverpool<\/title>\n<meta name=\"robots\" content=\"index, follow, max-snippet:-1, max-image-preview:large, max-video-preview:-1\" \/>\n<link rel=\"canonical\" href=\"https:\/\/footdavant.fr\/actualites\/actualites-de-lequipe-darsenal-blessure-liste-de-suspension-contre-liverpool\/\" \/>\n<meta property=\"og:locale\" content=\"fr_FR\" \/>\n<meta property=\"og:type\" content=\"article\" \/>\n<meta property=\"og:title\" content=\"Actualit\u00e9s de l\u2019\u00e9quipe d\u2019Arsenal : Blessure, liste de suspension contre Liverpool\" \/>\n<meta property=\"og:description\" content=\"Sports Mole rassemble toutes les derni\u00e8res nouvelles sur les blessures et les suspensions d&rsquo;Arsenal avant le choc de samedi en Premier League avec Liverpool. Le\" \/>\n<meta property=\"og:url\" content=\"https:\/\/footdavant.fr\/actualites\/actualites-de-lequipe-darsenal-blessure-liste-de-suspension-contre-liverpool\/\" \/>\n<meta property=\"og:site_name\" content=\"Foot d&#039;avant\" \/>\n<meta property=\"article:publisher\" content=\"https:\/\/www.facebook.com\/Footdavant\/\" \/>\n<meta property=\"article:published_time\" content=\"2023-12-24T06:48:02+00:00\" \/>\n<meta property=\"article:modified_time\" content=\"2023-12-24T06:48:03+00:00\" \/>\n<meta property=\"og:image\" content=\"https:\/\/footdavant.fr\/actualites\/wp-content\/uploads\/2023\/12\/1703400483_Actualites-de-lequipe-dArsenal-Blessure-liste-de-suspension-contre.jpg\" \/>\n\t<meta property=\"og:image:width\" content=\"640\" \/>\n\t<meta property=\"og:image:height\" content=\"480\" \/>\n\t<meta property=\"og:image:type\" content=\"image\/jpeg\" \/>\n<meta name=\"author\" content=\"Cl\u00e9ment\" \/>\n<meta name=\"twitter:card\" content=\"summary_large_image\" \/>\n<meta name=\"twitter:creator\" content=\"@FootdavantFr\" \/>\n<meta name=\"twitter:site\" content=\"@FootdavantFr\" \/>\n<meta name=\"twitter:label1\" content=\"\u00c9crit par\" \/>\n\t<meta name=\"twitter:data1\" content=\"Cl\u00e9ment\" \/>\n\t<meta name=\"twitter:label2\" content=\"Dur\u00e9e de lecture estim\u00e9e\" \/>\n\t<meta name=\"twitter:data2\" content=\"2 minutes\" \/>\n<script type=\"application\/ld+json\" class=\"yoast-schema-graph\">{\"@context\":\"https:\/\/schema.org\",\"@graph\":[{\"@type\":\"Article\",\"@id\":\"https:\/\/footdavant.fr\/actualites\/actualites-de-lequipe-darsenal-blessure-liste-de-suspension-contre-liverpool\/#article\",\"isPartOf\":{\"@id\":\"https:\/\/footdavant.fr\/actualites\/actualites-de-lequipe-darsenal-blessure-liste-de-suspension-contre-liverpool\/\"},\"author\":{\"name\":\"Cl\u00e9ment\",\"@id\":\"https:\/\/footdavant.fr\/actualites\/#\/schema\/person\/bc222566d95871b37e597b3ed3ba5e1d\"},\"headline\":\"Actualit\u00e9s de l\u2019\u00e9quipe d\u2019Arsenal : Blessure, liste de suspension contre Liverpool\",\"datePublished\":\"2023-12-24T06:48:02+00:00\",\"dateModified\":\"2023-12-24T06:48:03+00:00\",\"mainEntityOfPage\":{\"@id\":\"https:\/\/footdavant.fr\/actualites\/actualites-de-lequipe-darsenal-blessure-liste-de-suspension-contre-liverpool\/\"},\"wordCount\":436,\"publisher\":{\"@id\":\"https:\/\/footdavant.fr\/actualites\/#organization\"},\"keywords\":[\"Actualit\u00e9s\",\"Blessure\",\"contre\",\"dArsenal\",\"l\u00e9quipe\",\"liste\",\"Liverpool\",\"suspension\"],\"articleSection\":[\"Premier League\"],\"inLanguage\":\"fr-FR\"},{\"@type\":\"WebPage\",\"@id\":\"https:\/\/footdavant.fr\/actualites\/actualites-de-lequipe-darsenal-blessure-liste-de-suspension-contre-liverpool\/\",\"url\":\"https:\/\/footdavant.fr\/actualites\/actualites-de-lequipe-darsenal-blessure-liste-de-suspension-contre-liverpool\/\",\"name\":\"Actualit\u00e9s de l\u2019\u00e9quipe d\u2019Arsenal : Blessure, liste de suspension contre Liverpool\",\"isPartOf\":{\"@id\":\"https:\/\/footdavant.fr\/actualites\/#website\"},\"datePublished\":\"2023-12-24T06:48:02+00:00\",\"dateModified\":\"2023-12-24T06:48:03+00:00\",\"breadcrumb\":{\"@id\":\"https:\/\/footdavant.fr\/actualites\/actualites-de-lequipe-darsenal-blessure-liste-de-suspension-contre-liverpool\/#breadcrumb\"},\"inLanguage\":\"fr-FR\",\"potentialAction\":[{\"@type\":\"ReadAction\",\"target\":[\"https:\/\/footdavant.fr\/actualites\/actualites-de-lequipe-darsenal-blessure-liste-de-suspension-contre-liverpool\/\"]}]},{\"@type\":\"BreadcrumbList\",\"@id\":\"https:\/\/footdavant.fr\/actualites\/actualites-de-lequipe-darsenal-blessure-liste-de-suspension-contre-liverpool\/#breadcrumb\",\"itemListElement\":[{\"@type\":\"ListItem\",\"position\":1,\"name\":\"Accueil\",\"item\":\"https:\/\/footdavant.fr\/actualites\/\"},{\"@type\":\"ListItem\",\"position\":2,\"name\":\"Actualit\u00e9s de l\u2019\u00e9quipe d\u2019Arsenal : Blessure, liste de suspension contre Liverpool\"}]},{\"@type\":\"WebSite\",\"@id\":\"https:\/\/footdavant.fr\/actualites\/#website\",\"url\":\"https:\/\/footdavant.fr\/actualites\/\",\"name\":\"Foot d'avant\",\"description\":\"\",\"publisher\":{\"@id\":\"https:\/\/footdavant.fr\/actualites\/#organization\"},\"potentialAction\":[{\"@type\":\"SearchAction\",\"target\":{\"@type\":\"EntryPoint\",\"urlTemplate\":\"https:\/\/footdavant.fr\/actualites\/?s={search_term_string}\"},\"query-input\":\"required name=search_term_string\"}],\"inLanguage\":\"fr-FR\"},{\"@type\":\"Organization\",\"@id\":\"https:\/\/footdavant.fr\/actualites\/#organization\",\"name\":\"Foot d'avant\",\"url\":\"https:\/\/footdavant.fr\/actualites\/\",\"logo\":{\"@type\":\"ImageObject\",\"inLanguage\":\"fr-FR\",\"@id\":\"https:\/\/footdavant.fr\/actualites\/#\/schema\/logo\/image\/\",\"url\":\"https:\/\/footdavant.fr\/actualites\/wp-content\/uploads\/2023\/09\/Copy-of-FootDavant-Logo.png\",\"contentUrl\":\"https:\/\/footdavant.fr\/actualites\/wp-content\/uploads\/2023\/09\/Copy-of-FootDavant-Logo.png\",\"width\":936,\"height\":549,\"caption\":\"Foot d'avant\"},\"image\":{\"@id\":\"https:\/\/footdavant.fr\/actualites\/#\/schema\/logo\/image\/\"},\"sameAs\":[\"https:\/\/www.facebook.com\/Footdavant\/\",\"https:\/\/twitter.com\/FootdavantFr\",\"https:\/\/www.instagram.com\/footdavant.fr\/\"]},{\"@type\":\"Person\",\"@id\":\"https:\/\/footdavant.fr\/actualites\/#\/schema\/person\/bc222566d95871b37e597b3ed3ba5e1d\",\"name\":\"Cl\u00e9ment\",\"image\":{\"@type\":\"ImageObject\",\"inLanguage\":\"fr-FR\",\"@id\":\"https:\/\/footdavant.fr\/actualites\/#\/schema\/person\/image\/\",\"url\":\"https:\/\/secure.gravatar.com\/avatar\/7728b29aac2719421e1a9159b2254c44?s=96&d=mm&r=g\",\"contentUrl\":\"https:\/\/secure.gravatar.com\/avatar\/7728b29aac2719421e1a9159b2254c44?s=96&d=mm&r=g\",\"caption\":\"Cl\u00e9ment\"},\"sameAs\":[\"https:\/\/footdavant.fr\/\"]}]}<\/script>\n<!-- \/ Yoast SEO plugin. -->","yoast_head_json":{"title":"Actualit\u00e9s de l\u2019\u00e9quipe d\u2019Arsenal : Blessure, liste de suspension contre Liverpool","robots":{"index":"index","follow":"follow","max-snippet":"max-snippet:-1","max-image-preview":"max-image-preview:large","max-video-preview":"max-video-preview:-1"},"canonical":"https:\/\/footdavant.fr\/actualites\/actualites-de-lequipe-darsenal-blessure-liste-de-suspension-contre-liverpool\/","og_locale":"fr_FR","og_type":"article","og_title":"Actualit\u00e9s de l\u2019\u00e9quipe d\u2019Arsenal : Blessure, liste de suspension contre Liverpool","og_description":"Sports Mole rassemble toutes les derni\u00e8res nouvelles sur les blessures et les suspensions d&rsquo;Arsenal avant le choc de samedi en Premier League avec Liverpool. Le","og_url":"https:\/\/footdavant.fr\/actualites\/actualites-de-lequipe-darsenal-blessure-liste-de-suspension-contre-liverpool\/","og_site_name":"Foot d&#039;avant","article_publisher":"https:\/\/www.facebook.com\/Footdavant\/","article_published_time":"2023-12-24T06:48:02+00:00","article_modified_time":"2023-12-24T06:48:03+00:00","og_image":[{"width":640,"height":480,"url":"https:\/\/footdavant.fr\/actualites\/wp-content\/uploads\/2023\/12\/1703400483_Actualites-de-lequipe-dArsenal-Blessure-liste-de-suspension-contre.jpg","type":"image\/jpeg"}],"author":"Cl\u00e9ment","twitter_card":"summary_large_image","twitter_creator":"@FootdavantFr","twitter_site":"@FootdavantFr","twitter_misc":{"\u00c9crit par":"Cl\u00e9ment","Dur\u00e9e de lecture estim\u00e9e":"2 minutes"},"schema":{"@context":"https:\/\/schema.org","@graph":[{"@type":"Article","@id":"https:\/\/footdavant.fr\/actualites\/actualites-de-lequipe-darsenal-blessure-liste-de-suspension-contre-liverpool\/#article","isPartOf":{"@id":"https:\/\/footdavant.fr\/actualites\/actualites-de-lequipe-darsenal-blessure-liste-de-suspension-contre-liverpool\/"},"author":{"name":"Cl\u00e9ment","@id":"https:\/\/footdavant.fr\/actualites\/#\/schema\/person\/bc222566d95871b37e597b3ed3ba5e1d"},"headline":"Actualit\u00e9s de l\u2019\u00e9quipe d\u2019Arsenal : Blessure, liste de suspension contre Liverpool","datePublished":"2023-12-24T06:48:02+00:00","dateModified":"2023-12-24T06:48:03+00:00","mainEntityOfPage":{"@id":"https:\/\/footdavant.fr\/actualites\/actualites-de-lequipe-darsenal-blessure-liste-de-suspension-contre-liverpool\/"},"wordCount":436,"publisher":{"@id":"https:\/\/footdavant.fr\/actualites\/#organization"},"keywords":["Actualit\u00e9s","Blessure","contre","dArsenal","l\u00e9quipe","liste","Liverpool","suspension"],"articleSection":["Premier League"],"inLanguage":"fr-FR"},{"@type":"WebPage","@id":"https:\/\/footdavant.fr\/actualites\/actualites-de-lequipe-darsenal-blessure-liste-de-suspension-contre-liverpool\/","url":"https:\/\/footdavant.fr\/actualites\/actualites-de-lequipe-darsenal-blessure-liste-de-suspension-contre-liverpool\/","name":"Actualit\u00e9s de l\u2019\u00e9quipe d\u2019Arsenal : Blessure, liste de suspension contre Liverpool","isPartOf":{"@id":"https:\/\/footdavant.fr\/actualites\/#website"},"datePublished":"2023-12-24T06:48:02+00:00","dateModified":"2023-12-24T06:48:03+00:00","breadcrumb":{"@id":"https:\/\/footdavant.fr\/actualites\/actualites-de-lequipe-darsenal-blessure-liste-de-suspension-contre-liverpool\/#breadcrumb"},"inLanguage":"fr-FR","potentialAction":[{"@type":"ReadAction","target":["https:\/\/footdavant.fr\/actualites\/actualites-de-lequipe-darsenal-blessure-liste-de-suspension-contre-liverpool\/"]}]},{"@type":"BreadcrumbList","@id":"https:\/\/footdavant.fr\/actualites\/actualites-de-lequipe-darsenal-blessure-liste-de-suspension-contre-liverpool\/#breadcrumb","itemListElement":[{"@type":"ListItem","position":1,"name":"Accueil","item":"https:\/\/footdavant.fr\/actualites\/"},{"@type":"ListItem","position":2,"name":"Actualit\u00e9s de l\u2019\u00e9quipe d\u2019Arsenal : Blessure, liste de suspension contre Liverpool"}]},{"@type":"WebSite","@id":"https:\/\/footdavant.fr\/actualites\/#website","url":"https:\/\/footdavant.fr\/actualites\/","name":"Foot d'avant","description":"","publisher":{"@id":"https:\/\/footdavant.fr\/actualites\/#organization"},"potentialAction":[{"@type":"SearchAction","target":{"@type":"EntryPoint","urlTemplate":"https:\/\/footdavant.fr\/actualites\/?s={search_term_string}"},"query-input":"required name=search_term_string"}],"inLanguage":"fr-FR"},{"@type":"Organization","@id":"https:\/\/footdavant.fr\/actualites\/#organization","name":"Foot d'avant","url":"https:\/\/footdavant.fr\/actualites\/","logo":{"@type":"ImageObject","inLanguage":"fr-FR","@id":"https:\/\/footdavant.fr\/actualites\/#\/schema\/logo\/image\/","url":"https:\/\/footdavant.fr\/actualites\/wp-content\/uploads\/2023\/09\/Copy-of-FootDavant-Logo.png","contentUrl":"https:\/\/footdavant.fr\/actualites\/wp-content\/uploads\/2023\/09\/Copy-of-FootDavant-Logo.png","width":936,"height":549,"caption":"Foot d'avant"},"image":{"@id":"https:\/\/footdavant.fr\/actualites\/#\/schema\/logo\/image\/"},"sameAs":["https:\/\/www.facebook.com\/Footdavant\/","https:\/\/twitter.com\/FootdavantFr","https:\/\/www.instagram.com\/footdavant.fr\/"]},{"@type":"Person","@id":"https:\/\/footdavant.fr\/actualites\/#\/schema\/person\/bc222566d95871b37e597b3ed3ba5e1d","name":"Cl\u00e9ment","image":{"@type":"ImageObject","inLanguage":"fr-FR","@id":"https:\/\/footdavant.fr\/actualites\/#\/schema\/person\/image\/","url":"https:\/\/secure.gravatar.com\/avatar\/7728b29aac2719421e1a9159b2254c44?s=96&d=mm&r=g","contentUrl":"https:\/\/secure.gravatar.com\/avatar\/7728b29aac2719421e1a9159b2254c44?s=96&d=mm&r=g","caption":"Cl\u00e9ment"},"sameAs":["https:\/\/footdavant.fr\/"]}]}},"_links":{"self":[{"href":"https:\/\/footdavant.fr\/actualites\/wp-json\/wp\/v2\/posts\/2955"}],"collection":[{"href":"https:\/\/footdavant.fr\/actualites\/wp-json\/wp\/v2\/posts"}],"about":[{"href":"https:\/\/footdavant.fr\/actualites\/wp-json\/wp\/v2\/types\/post"}],"author":[{"embeddable":true,"href":"https:\/\/footdavant.fr\/actualites\/wp-json\/wp\/v2\/users\/1"}],"replies":[{"embeddable":true,"href":"https:\/\/footdavant.fr\/actualites\/wp-json\/wp\/v2\/comments?post=2955"}],"version-history":[{"count":1,"href":"https:\/\/footdavant.fr\/actualites\/wp-json\/wp\/v2\/posts\/2955\/revisions"}],"predecessor-version":[{"id":2957,"href":"https:\/\/footdavant.fr\/actualites\/wp-json\/wp\/v2\/posts\/2955\/revisions\/2957"}],"wp:featuredmedia":[{"embeddable":true,"href":"https:\/\/footdavant.fr\/actualites\/wp-json\/wp\/v2\/media\/2956"}],"wp:attachment":[{"href":"https:\/\/footdavant.fr\/actualites\/wp-json\/wp\/v2\/media?parent=2955"}],"wp:term":[{"taxonomy":"category","embeddable":true,"href":"https:\/\/footdavant.fr\/actualites\/wp-json\/wp\/v2\/categories?post=2955"},{"taxonomy":"post_tag","embeddable":true,"href":"https:\/\/footdavant.fr\/actualites\/wp-json\/wp\/v2\/tags?post=2955"}],"curies":[{"name":"wp","href":"https:\/\/api.w.org\/{rel}","templated":true}]}}