{"id":29579,"date":"2025-10-07T18:48:02","date_gmt":"2025-10-07T16:48:02","guid":{"rendered":"https:\/\/footdavant.fr\/actualites\/nouvelles-du-transfert-du-bayern-munich-dernieres-nouvelles-sur-le-contrat-en-cours-de-harry-kane-confortable-au-milieu-des-liens-avec-tottenham-hotspur\/"},"modified":"2025-10-07T18:48:03","modified_gmt":"2025-10-07T16:48:03","slug":"nouvelles-du-transfert-du-bayern-munich-dernieres-nouvelles-sur-le-contrat-en-cours-de-harry-kane-confortable-au-milieu-des-liens-avec-tottenham-hotspur","status":"publish","type":"post","link":"https:\/\/footdavant.fr\/actualites\/nouvelles-du-transfert-du-bayern-munich-dernieres-nouvelles-sur-le-contrat-en-cours-de-harry-kane-confortable-au-milieu-des-liens-avec-tottenham-hotspur\/","title":{"rendered":"Nouvelles du transfert du Bayern Munich : derni\u00e8res nouvelles sur le \u00ab contrat en cours \u00bb de Harry Kane, \u00ab confortable \u00bb au milieu des liens avec Tottenham Hotspur"},"content":{"rendered":"<p>Le neuf du Bayern Munich, Harry Kane, est li\u00e9 \u00e0 un d\u00e9part de l&#39;Allemagne dans les saisons \u00e0 venir, et le chef bavarois Christoph Freund aborde sa situation contractuelle.<\/p>\n<div id=\"article_body\" itemprop=\"articleBody\">\n<h3 class=\"firstPara\"><\/h3>\n<p><strong class=\"autotag\">Le directeur du Bayern Munich, Christoph Freund, a affirm\u00e9 que <strong class=\"autotag\">Harry Kane peut s&#39;imaginer rester au-del\u00e0 de son contrat actuel malgr\u00e9 ses liens avec <strong class=\"autotag\">Tottenham Hotspur.<\/p>\n<p>L&#39;attaquant anglais a connu un d\u00e9but de saison 2025-26 remarquable, marquant 18 buts et d\u00e9livrant trois passes d\u00e9cisives en seulement 10 matchs.<\/p>\n<p>Beaucoup ont fait valoir que Kane \u00e9tait l&#39;un des premiers favoris pour le Ballon d&#39;Or, et il est difficile de ne pas \u00eatre d&#39;accord compte tenu de sa forme exceptionnelle.<\/p>\n<p>L&#39;homme du Bayern n&#39;est sous contrat avec le club que jusqu&#39;\u00e0 l&#39;\u00e9t\u00e9 2027, et des rumeurs ont fait \u00e9tat d&#39;une clause lib\u00e9ratoire dans son contrat.<\/p>\n<p>Parler \u00e0 <em>Ciel Allemagne<\/em>Freund a insist\u00e9 sur le fait que l&#39;attaquant pourrait rester au-del\u00e0 de ses termes actuels, d\u00e9clarant : \u00ab\u00a0Nous et l&#39;\u00e9quipe de Harry Kane pouvons facilement imaginer continuer ensemble au-del\u00e0 de la fin du contrat actuel.<\/p>\n<p>\u00ab\u00a0Harry se sent tr\u00e8s \u00e0 l&#39;aise \u00e0 Munich. C&#39;est pourquoi nous esp\u00e9rons qu&#39;il restera \u00e0 Munich encore quelques ann\u00e9es.\u00a0\u00bb<\/p>\n<p>Le joueur de 32 ans a \u00e9t\u00e9 li\u00e9 \u00e0 un retour dans l&#39;ancien club de Tottenham Hotspur, tandis que des joueurs comme Manchester United ont \u00e9galement \u00e9t\u00e9 cr\u00e9dit\u00e9s d&#39;un int\u00e9r\u00eat provisoire.<\/p>\n<p class=\"imgI\">\n<h2>Pourquoi Harry Kane devrait rester en Bundesliga<\/h2>\n<p>Kane s&#39;est facilement adapt\u00e9 \u00e0 la vie en Bundesliga et il est m\u00eame devenu le joueur le plus rapide \u00e0 marquer 100 buts pour un seul club dans les cinq meilleures ligues europ\u00e9ennes, r\u00e9alisant l&#39;exploit en 104 matchs.<\/p>\n<p>Si l&#39;Anglais reste en Allemagne et continue \u00e0 performer \u00e0 un niveau \u00e9lev\u00e9, il pourrait alors s&#39;inscrire davantage dans les livres d&#39;histoire des Bavarois, renfor\u00e7ant ainsi son profil de l\u00e9gende du jeu.<\/p>\n<p>Doit-il d\u00e9cider de rester avec son patron actuel <strong class=\"autotag\">Vincent Kompany aura probablement de nombreuses occasions de remporter la Ligue des champions \u00e9tant donn\u00e9 que le Bayern est g\u00e9n\u00e9ralement consid\u00e9r\u00e9 comme l&#39;un des favoris pour remporter la comp\u00e9tition.<\/p>\n<p>\u00c9tant donn\u00e9 que le titre de Bundesliga remport\u00e9 par l&#39;\u00e9quipe allemande la saison derni\u00e8re \u00e9tait la premi\u00e8re pi\u00e8ce d&#39;argenterie de la carri\u00e8re de Kane, l&#39;attaquant peut consid\u00e9rer que rester l\u00e0 o\u00f9 il est est le meilleur moyen de r\u00e9colter autant de m\u00e9dailles que possible avant de mettre un terme \u00e0 sa carri\u00e8re.<\/p>\n<p class=\"imgI\"><img decoding=\"async\" alt=\"Harry Kane du Bayern Munich photographi\u00e9 en juillet 2025\" class=\"vanilla-lazyload article-image\" src=\"https:\/\/footdavant.fr\/actualites\/wp-content\/uploads\/2025\/09\/Barcelone-Transfer-News-Harry-Kane-pourrait-il-rejoindre-les-geants-catalans.jpg\"><\/p>\n<h2>Pourquoi Harry Kane devrait revenir en Premier League<\/h2>\n<p>Kane est actuellement le deuxi\u00e8me meilleur buteur de l&#39;histoire de la Premier League, seul Alan Shearer (260) am\u00e9liorant son total de 213 buts.<\/p>\n<p>Consid\u00e9rant que l&#39;homme du Bayern a marqu\u00e9 au moins 21 buts en championnat au cours de huit des 11 derni\u00e8res saisons, ainsi qu&#39;au moins 25 lors de six de ses 10 derni\u00e8res campagnes, il ne serait pas surprenant qu&#39;il parvienne \u00e0 battre le record de Shearer s&#39;il revenait en Angleterre.<\/p>\n<p><strong class=\"autotag\">Thomas Frank s&#39;est r\u00e9v\u00e9l\u00e9 \u00eatre un excellent manager en Premier League, et peut-\u00eatre qu&#39;il permettra aux Spurs d&#39;\u00eatre en mesure de se battre pour des honneurs majeurs d&#39;ici l&#39;expiration du contrat de Kane.<\/p>\n<p>Gagner la Premier League avec Tottenham \u2013 ou n\u2019importe quel troph\u00e9e majeur \u2013 contribuerait \u00e9galement \u00e0 cl\u00f4turer l\u2019histoire de sa carri\u00e8re avec le club sur une note cat\u00e9gorique.<\/p>\n<div class=\"author_box\">\n<div class=\"author_box_banner\"> <img decoding=\"async\" class=\"author_img\" src=\"https:\/\/footdavant.fr\/actualites\/wp-content\/uploads\/2025\/06\/1750629048_353_Nico-Williams-le-plus-tard-en-tant-qu39Arsenal-prend-la.jpg\"><\/div>\n<\/div>\n<\/div>\n","protected":false},"excerpt":{"rendered":"<p>Le neuf du Bayern Munich, Harry Kane, est li\u00e9 \u00e0 un d\u00e9part de l&#39;Allemagne dans les saisons \u00e0 venir, et le chef bavarois Christoph Freund<\/p>\n","protected":false},"author":1,"featured_media":28646,"comment_status":"closed","ping_status":"","sticky":false,"template":"","format":"standard","meta":{"footnotes":""},"categories":[5],"tags":[91,340,374,1218,2427,4434,12,32,69,862,1560,441,341,461,103,68,700],"yoast_head":"<!-- This site is optimized with the Yoast SEO plugin v21.0 - https:\/\/yoast.com\/wordpress\/plugins\/seo\/ -->\n<title>Nouvelles du transfert du Bayern Munich : derni\u00e8res nouvelles sur le \u00ab contrat en cours \u00bb de Harry Kane, \u00ab confortable \u00bb au milieu des liens avec Tottenham Hotspur<\/title>\n<meta name=\"robots\" content=\"index, follow, max-snippet:-1, max-image-preview:large, max-video-preview:-1\" \/>\n<link rel=\"canonical\" href=\"https:\/\/footdavant.fr\/actualites\/nouvelles-du-transfert-du-bayern-munich-dernieres-nouvelles-sur-le-contrat-en-cours-de-harry-kane-confortable-au-milieu-des-liens-avec-tottenham-hotspur\/\" \/>\n<meta property=\"og:locale\" content=\"fr_FR\" \/>\n<meta property=\"og:type\" content=\"article\" \/>\n<meta property=\"og:title\" content=\"Nouvelles du transfert du Bayern Munich : derni\u00e8res nouvelles sur le \u00ab contrat en cours \u00bb de Harry Kane, \u00ab confortable \u00bb au milieu des liens avec Tottenham Hotspur\" \/>\n<meta property=\"og:description\" content=\"Le neuf du Bayern Munich, Harry Kane, est li\u00e9 \u00e0 un d\u00e9part de l&#039;Allemagne dans les saisons \u00e0 venir, et le chef bavarois Christoph Freund\" \/>\n<meta property=\"og:url\" content=\"https:\/\/footdavant.fr\/actualites\/nouvelles-du-transfert-du-bayern-munich-dernieres-nouvelles-sur-le-contrat-en-cours-de-harry-kane-confortable-au-milieu-des-liens-avec-tottenham-hotspur\/\" \/>\n<meta property=\"og:site_name\" content=\"Foot d&#039;avant\" \/>\n<meta property=\"article:publisher\" content=\"https:\/\/www.facebook.com\/Footdavant\/\" \/>\n<meta property=\"article:published_time\" content=\"2025-10-07T16:48:02+00:00\" \/>\n<meta property=\"article:modified_time\" content=\"2025-10-07T16:48:03+00:00\" \/>\n<meta property=\"og:image\" content=\"https:\/\/footdavant.fr\/actualites\/wp-content\/uploads\/2025\/09\/Bayern-Munich-contre-Chelsea-record-en-tete-a-tete-et-reunions-passees.jpg\" \/>\n\t<meta property=\"og:image:width\" content=\"640\" \/>\n\t<meta property=\"og:image:height\" content=\"480\" \/>\n\t<meta property=\"og:image:type\" content=\"image\/jpeg\" \/>\n<meta name=\"author\" content=\"Cl\u00e9ment\" \/>\n<meta name=\"twitter:card\" content=\"summary_large_image\" \/>\n<meta name=\"twitter:creator\" content=\"@FootdavantFr\" \/>\n<meta name=\"twitter:site\" content=\"@FootdavantFr\" \/>\n<meta name=\"twitter:label1\" content=\"\u00c9crit par\" \/>\n\t<meta name=\"twitter:data1\" content=\"Cl\u00e9ment\" \/>\n\t<meta name=\"twitter:label2\" content=\"Dur\u00e9e de lecture estim\u00e9e\" \/>\n\t<meta name=\"twitter:data2\" content=\"3 minutes\" \/>\n<script type=\"application\/ld+json\" class=\"yoast-schema-graph\">{\"@context\":\"https:\/\/schema.org\",\"@graph\":[{\"@type\":\"Article\",\"@id\":\"https:\/\/footdavant.fr\/actualites\/nouvelles-du-transfert-du-bayern-munich-dernieres-nouvelles-sur-le-contrat-en-cours-de-harry-kane-confortable-au-milieu-des-liens-avec-tottenham-hotspur\/#article\",\"isPartOf\":{\"@id\":\"https:\/\/footdavant.fr\/actualites\/nouvelles-du-transfert-du-bayern-munich-dernieres-nouvelles-sur-le-contrat-en-cours-de-harry-kane-confortable-au-milieu-des-liens-avec-tottenham-hotspur\/\"},\"author\":{\"name\":\"Cl\u00e9ment\",\"@id\":\"https:\/\/footdavant.fr\/actualites\/#\/schema\/person\/bc222566d95871b37e597b3ed3ba5e1d\"},\"headline\":\"Nouvelles du transfert du Bayern Munich : derni\u00e8res nouvelles sur le \u00ab contrat en cours \u00bb de Harry Kane, \u00ab confortable \u00bb au milieu des liens avec Tottenham Hotspur\",\"datePublished\":\"2025-10-07T16:48:02+00:00\",\"dateModified\":\"2025-10-07T16:48:03+00:00\",\"mainEntityOfPage\":{\"@id\":\"https:\/\/footdavant.fr\/actualites\/nouvelles-du-transfert-du-bayern-munich-dernieres-nouvelles-sur-le-contrat-en-cours-de-harry-kane-confortable-au-milieu-des-liens-avec-tottenham-hotspur\/\"},\"wordCount\":605,\"publisher\":{\"@id\":\"https:\/\/footdavant.fr\/actualites\/#organization\"},\"keywords\":[\"avec\",\"Bayern\",\"confortable\",\"contrat\",\"cours\",\"derni\u00e8res\",\"des\",\"Harry\",\"Hotspur\",\"Kane\",\"liens\",\"milieu\",\"Munich\",\"Nouvelles\",\"sur\",\"Tottenham\",\"transfert\"],\"articleSection\":[\"Premier League\"],\"inLanguage\":\"fr-FR\"},{\"@type\":\"WebPage\",\"@id\":\"https:\/\/footdavant.fr\/actualites\/nouvelles-du-transfert-du-bayern-munich-dernieres-nouvelles-sur-le-contrat-en-cours-de-harry-kane-confortable-au-milieu-des-liens-avec-tottenham-hotspur\/\",\"url\":\"https:\/\/footdavant.fr\/actualites\/nouvelles-du-transfert-du-bayern-munich-dernieres-nouvelles-sur-le-contrat-en-cours-de-harry-kane-confortable-au-milieu-des-liens-avec-tottenham-hotspur\/\",\"name\":\"Nouvelles du transfert du Bayern Munich : derni\u00e8res nouvelles sur le \u00ab contrat en cours \u00bb de Harry Kane, \u00ab confortable \u00bb au milieu des liens avec Tottenham Hotspur\",\"isPartOf\":{\"@id\":\"https:\/\/footdavant.fr\/actualites\/#website\"},\"datePublished\":\"2025-10-07T16:48:02+00:00\",\"dateModified\":\"2025-10-07T16:48:03+00:00\",\"breadcrumb\":{\"@id\":\"https:\/\/footdavant.fr\/actualites\/nouvelles-du-transfert-du-bayern-munich-dernieres-nouvelles-sur-le-contrat-en-cours-de-harry-kane-confortable-au-milieu-des-liens-avec-tottenham-hotspur\/#breadcrumb\"},\"inLanguage\":\"fr-FR\",\"potentialAction\":[{\"@type\":\"ReadAction\",\"target\":[\"https:\/\/footdavant.fr\/actualites\/nouvelles-du-transfert-du-bayern-munich-dernieres-nouvelles-sur-le-contrat-en-cours-de-harry-kane-confortable-au-milieu-des-liens-avec-tottenham-hotspur\/\"]}]},{\"@type\":\"BreadcrumbList\",\"@id\":\"https:\/\/footdavant.fr\/actualites\/nouvelles-du-transfert-du-bayern-munich-dernieres-nouvelles-sur-le-contrat-en-cours-de-harry-kane-confortable-au-milieu-des-liens-avec-tottenham-hotspur\/#breadcrumb\",\"itemListElement\":[{\"@type\":\"ListItem\",\"position\":1,\"name\":\"Accueil\",\"item\":\"https:\/\/footdavant.fr\/actualites\/\"},{\"@type\":\"ListItem\",\"position\":2,\"name\":\"Nouvelles du transfert du Bayern Munich : derni\u00e8res nouvelles sur le \u00ab contrat en cours \u00bb de Harry Kane, \u00ab confortable \u00bb au milieu des liens avec Tottenham Hotspur\"}]},{\"@type\":\"WebSite\",\"@id\":\"https:\/\/footdavant.fr\/actualites\/#website\",\"url\":\"https:\/\/footdavant.fr\/actualites\/\",\"name\":\"Foot d'avant\",\"description\":\"\",\"publisher\":{\"@id\":\"https:\/\/footdavant.fr\/actualites\/#organization\"},\"potentialAction\":[{\"@type\":\"SearchAction\",\"target\":{\"@type\":\"EntryPoint\",\"urlTemplate\":\"https:\/\/footdavant.fr\/actualites\/?s={search_term_string}\"},\"query-input\":\"required name=search_term_string\"}],\"inLanguage\":\"fr-FR\"},{\"@type\":\"Organization\",\"@id\":\"https:\/\/footdavant.fr\/actualites\/#organization\",\"name\":\"Foot d'avant\",\"url\":\"https:\/\/footdavant.fr\/actualites\/\",\"logo\":{\"@type\":\"ImageObject\",\"inLanguage\":\"fr-FR\",\"@id\":\"https:\/\/footdavant.fr\/actualites\/#\/schema\/logo\/image\/\",\"url\":\"https:\/\/footdavant.fr\/actualites\/wp-content\/uploads\/2023\/09\/Copy-of-FootDavant-Logo.png\",\"contentUrl\":\"https:\/\/footdavant.fr\/actualites\/wp-content\/uploads\/2023\/09\/Copy-of-FootDavant-Logo.png\",\"width\":936,\"height\":549,\"caption\":\"Foot d'avant\"},\"image\":{\"@id\":\"https:\/\/footdavant.fr\/actualites\/#\/schema\/logo\/image\/\"},\"sameAs\":[\"https:\/\/www.facebook.com\/Footdavant\/\",\"https:\/\/twitter.com\/FootdavantFr\",\"https:\/\/www.instagram.com\/footdavant.fr\/\"]},{\"@type\":\"Person\",\"@id\":\"https:\/\/footdavant.fr\/actualites\/#\/schema\/person\/bc222566d95871b37e597b3ed3ba5e1d\",\"name\":\"Cl\u00e9ment\",\"image\":{\"@type\":\"ImageObject\",\"inLanguage\":\"fr-FR\",\"@id\":\"https:\/\/footdavant.fr\/actualites\/#\/schema\/person\/image\/\",\"url\":\"https:\/\/secure.gravatar.com\/avatar\/7728b29aac2719421e1a9159b2254c44?s=96&d=mm&r=g\",\"contentUrl\":\"https:\/\/secure.gravatar.com\/avatar\/7728b29aac2719421e1a9159b2254c44?s=96&d=mm&r=g\",\"caption\":\"Cl\u00e9ment\"},\"sameAs\":[\"https:\/\/footdavant.fr\/\"]}]}<\/script>\n<!-- \/ Yoast SEO plugin. -->","yoast_head_json":{"title":"Nouvelles du transfert du Bayern Munich : derni\u00e8res nouvelles sur le \u00ab contrat en cours \u00bb de Harry Kane, \u00ab confortable \u00bb au milieu des liens avec Tottenham Hotspur","robots":{"index":"index","follow":"follow","max-snippet":"max-snippet:-1","max-image-preview":"max-image-preview:large","max-video-preview":"max-video-preview:-1"},"canonical":"https:\/\/footdavant.fr\/actualites\/nouvelles-du-transfert-du-bayern-munich-dernieres-nouvelles-sur-le-contrat-en-cours-de-harry-kane-confortable-au-milieu-des-liens-avec-tottenham-hotspur\/","og_locale":"fr_FR","og_type":"article","og_title":"Nouvelles du transfert du Bayern Munich : derni\u00e8res nouvelles sur le \u00ab contrat en cours \u00bb de Harry Kane, \u00ab confortable \u00bb au milieu des liens avec Tottenham Hotspur","og_description":"Le neuf du Bayern Munich, Harry Kane, est li\u00e9 \u00e0 un d\u00e9part de l&#39;Allemagne dans les saisons \u00e0 venir, et le chef bavarois Christoph Freund","og_url":"https:\/\/footdavant.fr\/actualites\/nouvelles-du-transfert-du-bayern-munich-dernieres-nouvelles-sur-le-contrat-en-cours-de-harry-kane-confortable-au-milieu-des-liens-avec-tottenham-hotspur\/","og_site_name":"Foot d&#039;avant","article_publisher":"https:\/\/www.facebook.com\/Footdavant\/","article_published_time":"2025-10-07T16:48:02+00:00","article_modified_time":"2025-10-07T16:48:03+00:00","og_image":[{"width":640,"height":480,"url":"https:\/\/footdavant.fr\/actualites\/wp-content\/uploads\/2025\/09\/Bayern-Munich-contre-Chelsea-record-en-tete-a-tete-et-reunions-passees.jpg","type":"image\/jpeg"}],"author":"Cl\u00e9ment","twitter_card":"summary_large_image","twitter_creator":"@FootdavantFr","twitter_site":"@FootdavantFr","twitter_misc":{"\u00c9crit par":"Cl\u00e9ment","Dur\u00e9e de lecture estim\u00e9e":"3 minutes"},"schema":{"@context":"https:\/\/schema.org","@graph":[{"@type":"Article","@id":"https:\/\/footdavant.fr\/actualites\/nouvelles-du-transfert-du-bayern-munich-dernieres-nouvelles-sur-le-contrat-en-cours-de-harry-kane-confortable-au-milieu-des-liens-avec-tottenham-hotspur\/#article","isPartOf":{"@id":"https:\/\/footdavant.fr\/actualites\/nouvelles-du-transfert-du-bayern-munich-dernieres-nouvelles-sur-le-contrat-en-cours-de-harry-kane-confortable-au-milieu-des-liens-avec-tottenham-hotspur\/"},"author":{"name":"Cl\u00e9ment","@id":"https:\/\/footdavant.fr\/actualites\/#\/schema\/person\/bc222566d95871b37e597b3ed3ba5e1d"},"headline":"Nouvelles du transfert du Bayern Munich : derni\u00e8res nouvelles sur le \u00ab contrat en cours \u00bb de Harry Kane, \u00ab confortable \u00bb au milieu des liens avec Tottenham Hotspur","datePublished":"2025-10-07T16:48:02+00:00","dateModified":"2025-10-07T16:48:03+00:00","mainEntityOfPage":{"@id":"https:\/\/footdavant.fr\/actualites\/nouvelles-du-transfert-du-bayern-munich-dernieres-nouvelles-sur-le-contrat-en-cours-de-harry-kane-confortable-au-milieu-des-liens-avec-tottenham-hotspur\/"},"wordCount":605,"publisher":{"@id":"https:\/\/footdavant.fr\/actualites\/#organization"},"keywords":["avec","Bayern","confortable","contrat","cours","derni\u00e8res","des","Harry","Hotspur","Kane","liens","milieu","Munich","Nouvelles","sur","Tottenham","transfert"],"articleSection":["Premier League"],"inLanguage":"fr-FR"},{"@type":"WebPage","@id":"https:\/\/footdavant.fr\/actualites\/nouvelles-du-transfert-du-bayern-munich-dernieres-nouvelles-sur-le-contrat-en-cours-de-harry-kane-confortable-au-milieu-des-liens-avec-tottenham-hotspur\/","url":"https:\/\/footdavant.fr\/actualites\/nouvelles-du-transfert-du-bayern-munich-dernieres-nouvelles-sur-le-contrat-en-cours-de-harry-kane-confortable-au-milieu-des-liens-avec-tottenham-hotspur\/","name":"Nouvelles du transfert du Bayern Munich : derni\u00e8res nouvelles sur le \u00ab contrat en cours \u00bb de Harry Kane, \u00ab confortable \u00bb au milieu des liens avec Tottenham Hotspur","isPartOf":{"@id":"https:\/\/footdavant.fr\/actualites\/#website"},"datePublished":"2025-10-07T16:48:02+00:00","dateModified":"2025-10-07T16:48:03+00:00","breadcrumb":{"@id":"https:\/\/footdavant.fr\/actualites\/nouvelles-du-transfert-du-bayern-munich-dernieres-nouvelles-sur-le-contrat-en-cours-de-harry-kane-confortable-au-milieu-des-liens-avec-tottenham-hotspur\/#breadcrumb"},"inLanguage":"fr-FR","potentialAction":[{"@type":"ReadAction","target":["https:\/\/footdavant.fr\/actualites\/nouvelles-du-transfert-du-bayern-munich-dernieres-nouvelles-sur-le-contrat-en-cours-de-harry-kane-confortable-au-milieu-des-liens-avec-tottenham-hotspur\/"]}]},{"@type":"BreadcrumbList","@id":"https:\/\/footdavant.fr\/actualites\/nouvelles-du-transfert-du-bayern-munich-dernieres-nouvelles-sur-le-contrat-en-cours-de-harry-kane-confortable-au-milieu-des-liens-avec-tottenham-hotspur\/#breadcrumb","itemListElement":[{"@type":"ListItem","position":1,"name":"Accueil","item":"https:\/\/footdavant.fr\/actualites\/"},{"@type":"ListItem","position":2,"name":"Nouvelles du transfert du Bayern Munich : derni\u00e8res nouvelles sur le \u00ab contrat en cours \u00bb de Harry Kane, \u00ab confortable \u00bb au milieu des liens avec Tottenham Hotspur"}]},{"@type":"WebSite","@id":"https:\/\/footdavant.fr\/actualites\/#website","url":"https:\/\/footdavant.fr\/actualites\/","name":"Foot d'avant","description":"","publisher":{"@id":"https:\/\/footdavant.fr\/actualites\/#organization"},"potentialAction":[{"@type":"SearchAction","target":{"@type":"EntryPoint","urlTemplate":"https:\/\/footdavant.fr\/actualites\/?s={search_term_string}"},"query-input":"required name=search_term_string"}],"inLanguage":"fr-FR"},{"@type":"Organization","@id":"https:\/\/footdavant.fr\/actualites\/#organization","name":"Foot d'avant","url":"https:\/\/footdavant.fr\/actualites\/","logo":{"@type":"ImageObject","inLanguage":"fr-FR","@id":"https:\/\/footdavant.fr\/actualites\/#\/schema\/logo\/image\/","url":"https:\/\/footdavant.fr\/actualites\/wp-content\/uploads\/2023\/09\/Copy-of-FootDavant-Logo.png","contentUrl":"https:\/\/footdavant.fr\/actualites\/wp-content\/uploads\/2023\/09\/Copy-of-FootDavant-Logo.png","width":936,"height":549,"caption":"Foot d'avant"},"image":{"@id":"https:\/\/footdavant.fr\/actualites\/#\/schema\/logo\/image\/"},"sameAs":["https:\/\/www.facebook.com\/Footdavant\/","https:\/\/twitter.com\/FootdavantFr","https:\/\/www.instagram.com\/footdavant.fr\/"]},{"@type":"Person","@id":"https:\/\/footdavant.fr\/actualites\/#\/schema\/person\/bc222566d95871b37e597b3ed3ba5e1d","name":"Cl\u00e9ment","image":{"@type":"ImageObject","inLanguage":"fr-FR","@id":"https:\/\/footdavant.fr\/actualites\/#\/schema\/person\/image\/","url":"https:\/\/secure.gravatar.com\/avatar\/7728b29aac2719421e1a9159b2254c44?s=96&d=mm&r=g","contentUrl":"https:\/\/secure.gravatar.com\/avatar\/7728b29aac2719421e1a9159b2254c44?s=96&d=mm&r=g","caption":"Cl\u00e9ment"},"sameAs":["https:\/\/footdavant.fr\/"]}]}},"_links":{"self":[{"href":"https:\/\/footdavant.fr\/actualites\/wp-json\/wp\/v2\/posts\/29579"}],"collection":[{"href":"https:\/\/footdavant.fr\/actualites\/wp-json\/wp\/v2\/posts"}],"about":[{"href":"https:\/\/footdavant.fr\/actualites\/wp-json\/wp\/v2\/types\/post"}],"author":[{"embeddable":true,"href":"https:\/\/footdavant.fr\/actualites\/wp-json\/wp\/v2\/users\/1"}],"replies":[{"embeddable":true,"href":"https:\/\/footdavant.fr\/actualites\/wp-json\/wp\/v2\/comments?post=29579"}],"version-history":[{"count":1,"href":"https:\/\/footdavant.fr\/actualites\/wp-json\/wp\/v2\/posts\/29579\/revisions"}],"predecessor-version":[{"id":29580,"href":"https:\/\/footdavant.fr\/actualites\/wp-json\/wp\/v2\/posts\/29579\/revisions\/29580"}],"wp:featuredmedia":[{"embeddable":true,"href":"https:\/\/footdavant.fr\/actualites\/wp-json\/wp\/v2\/media\/28646"}],"wp:attachment":[{"href":"https:\/\/footdavant.fr\/actualites\/wp-json\/wp\/v2\/media?parent=29579"}],"wp:term":[{"taxonomy":"category","embeddable":true,"href":"https:\/\/footdavant.fr\/actualites\/wp-json\/wp\/v2\/categories?post=29579"},{"taxonomy":"post_tag","embeddable":true,"href":"https:\/\/footdavant.fr\/actualites\/wp-json\/wp\/v2\/tags?post=29579"}],"curies":[{"name":"wp","href":"https:\/\/api.w.org\/{rel}","templated":true}]}}