{"id":29586,"date":"2025-10-07T22:48:16","date_gmt":"2025-10-07T20:48:16","guid":{"rendered":"https:\/\/footdavant.fr\/actualites\/liverpool-transfer-news-la-star-liee-au-real-madrid-locked-in-contract-talks-au-milieu-des-craintes-de-la-sortie-des-joueurs-cles\/"},"modified":"2025-10-07T22:48:17","modified_gmt":"2025-10-07T20:48:17","slug":"liverpool-transfer-news-la-star-liee-au-real-madrid-locked-in-contract-talks-au-milieu-des-craintes-de-la-sortie-des-joueurs-cles","status":"publish","type":"post","link":"https:\/\/footdavant.fr\/actualites\/liverpool-transfer-news-la-star-liee-au-real-madrid-locked-in-contract-talks-au-milieu-des-craintes-de-la-sortie-des-joueurs-cles\/","title":{"rendered":"Liverpool Transfer News: la star li\u00e9e au Real Madrid \u00ab\u00a0 Locked in Contract Talks &#39;&#39; au milieu des craintes de la sortie des \u00abjoueurs cl\u00e9s\u00bb"},"content":{"rendered":"<p>Liverpool serait dans des discussions sur les contrats actifs avec un acteur cl\u00e9 malgr\u00e9 l&#39;int\u00e9r\u00eat continu du Real Madrid dans sa signature dans la fen\u00eatre de transfert d&#39;\u00e9t\u00e9.<\/p>\n<div id=\"article_body\" itemprop=\"articleBody\">\n<h3 class=\"firstPara\"><\/h3>\n<p><strong class=\"autotag\">Liverpool serait enferm\u00e9 dans des discussions contractuelles avec <strong class=\"autotag\">Ibrahima Konate et sont confiants de le garder au club malgr\u00e9 <strong class=\"autotag\">Le Real Madrid ayant manifest\u00e9 son int\u00e9r\u00eat pour lui.<\/p>\n<p>Les Reds ont endur\u00e9 un week-end torride de football, avec leur d\u00e9faite 2-1 contre Chelsea, les voyant tomber \u00e0 la deuxi\u00e8me place en Premier League derri\u00e8re Arsenal.<\/p>\n<p>Le d\u00e9fenseur central Ibrahima Konate a \u00e9t\u00e9 critique pour sa performance contre les Blues, et certains observateurs ont fait valoir que les Fran\u00e7ais pouvaient \u00eatre distraits par les rumeurs en cours sur l&#39;int\u00e9r\u00eat du Real Madrid pour lui.<\/p>\n<p>Le joueur de 26 ans est hors contrat \u00e0 la fin de la saison, et il pourrait faire le m\u00eame mouvement que <strong class=\"autotag\">Trent Alexander-Arnold \u00e0 la fin de 2025-2026.<\/p>\n<p>Cependant, <em>Initi\u00e9 de football<\/em> Signalez que Liverpool esp\u00e8re le garder li\u00e9 au club au-del\u00e0 de cette campagne, ajoutant que leur d\u00e9sir de prolonger son contrat fait partie d&#39;une strat\u00e9gie pour emp\u00eacher les joueurs vedettes de quitter le club.<\/p>\n<p class=\"imgI\">\n<h2>Pourquoi Ibrahima Konate a-t-elle \u00e9t\u00e9 si pauvre en Premier League?<\/h2>\n<p>Experts tels que <strong class=\"autotag\">Jamie Carragher a fustig\u00e9 la forme de konate au d\u00e9but de la saison, le d\u00e9fenseur ne se comportant que bien contre Arsenal et Burnley jusqu&#39;\u00e0 pr\u00e9sent.<\/p>\n<p>L&#39;une des raisons de ses difficult\u00e9s a \u00e9t\u00e9 l&#39;absence de l&#39;arri\u00e8re droit Alexander-Arnold, qui a pu prendre la majeure partie de la responsabilit\u00e9 de l&#39;accumulation du bon c\u00f4t\u00e9 de la d\u00e9fense.<\/p>\n<p><strong class=\"autotag\">Conor Bradley et <strong class=\"autotag\">Jeremie Frimpong est beaucoup de passants du ballon que l&#39;Anglais, et leurs lacunes ont expos\u00e9 certains des d\u00e9fauts de Konate en possession.<\/p>\n<p>Le Fran\u00e7ais est \u00e9galement normalement un excellent duelliste, mais il a trop souvent lutt\u00e9, contrairement \u00e0 son partenaire <strong class=\"autotag\">Virgil van Dijk.<\/p>\n<p class=\"imgI\"><img decoding=\"async\" alt=\"Ryan Gravenberch de Liverpool avec Ibrahima Konate le 24 juillet 2025\" class=\"vanilla-lazyload article-image\" src=\"https:\/\/footdavant.fr\/actualites\/wp-content\/uploads\/2025\/10\/1759870096_615_Liverpool-Transfer-News-la-star-liee-au-Real-Madrid.webp\"><\/p>\n<h2>Quels joueurs Liverpool pourraient-ils perdre au cours des prochaines saisons?<\/h2>\n<p>Les fans de Liverpool pensaient qu&#39;ils avaient \u00e9chapp\u00e9 aux sp\u00e9culations concernant l&#39;avenir des joueurs cl\u00e9s \u00e0 la suite des extensions de Virgil van Dijk et <strong class=\"autotag\">Mohamed Salah \u00e0 la fin de la campagne pr\u00e9c\u00e9dente, mais le club sera confront\u00e9 \u00e0 des d\u00e9cisions difficiles au cours des saisons \u00e0 venir.<\/p>\n<p>Van Dijk et Salah sont contract\u00e9s aux rouges jusqu&#39;en 2027, un \u00e9t\u00e9 au cours de laquelle <strong class=\"autotag\">L&#39;accord d&#39;Alisson Becker expirera \u00e9galement, et il pourrait \u00eatre risqu\u00e9 de permettre \u00e0 tous les trois de se diriger vers la derni\u00e8re ann\u00e9e de leurs contrats.<\/p>\n<p><strong class=\"autotag\">Andrew Robertson, Konate, <strong class=\"autotag\">Joe Gomez, <strong class=\"autotag\">Curtis Jones et <strong class=\"autotag\">Les transactions de Kostas Tsimikas expireront toutes d&#39;ici 2027, et perdre tant de joueurs en si peu de temps pourrait provoquer des perturbations.<\/p>\n<p>Consid\u00e9rant que Liverpool a sembl\u00e9 d\u00e9cousu cette saison apr\u00e8s un \u00e9t\u00e9 de turbulence, Boss <strong class=\"autotag\">ARNE SLOT souhaite \u00e9viter des quantit\u00e9s similaires de chiffre d&#39;affaires dans les fen\u00eatres de transfert \u00e0 venir.<\/p>\n<div class=\"author_box\">\n<div class=\"author_box_banner\"> <img decoding=\"async\" class=\"author_img\" src=\"https:\/\/footdavant.fr\/actualites\/wp-content\/uploads\/2025\/06\/1750629048_353_Nico-Williams-le-plus-tard-en-tant-qu39Arsenal-prend-la.jpg\"><\/div>\n<\/div>\n<\/div>\n","protected":false},"excerpt":{"rendered":"<p>Liverpool serait dans des discussions sur les contrats actifs avec un acteur cl\u00e9 malgr\u00e9 l&#39;int\u00e9r\u00eat continu du Real Madrid dans sa signature dans la fen\u00eatre<\/p>\n","protected":false},"author":1,"featured_media":29587,"comment_status":"closed","ping_status":"","sticky":false,"template":"","format":"standard","meta":{"footnotes":""},"categories":[5],"tags":[2142,8398,1473,12,220,3482,53,10719,303,441,409,302,1263,1621,7375,2732],"yoast_head":"<!-- This site is optimized with the Yoast SEO plugin v21.0 - https:\/\/yoast.com\/wordpress\/plugins\/seo\/ -->\n<title>Liverpool Transfer News: la star li\u00e9e au Real Madrid `` Locked in Contract Talks &#039;&#039; au milieu des craintes de la sortie des \u00abjoueurs cl\u00e9s\u00bb<\/title>\n<meta name=\"robots\" content=\"index, follow, max-snippet:-1, max-image-preview:large, max-video-preview:-1\" \/>\n<link rel=\"canonical\" href=\"https:\/\/footdavant.fr\/actualites\/liverpool-transfer-news-la-star-liee-au-real-madrid-locked-in-contract-talks-au-milieu-des-craintes-de-la-sortie-des-joueurs-cles\/\" \/>\n<meta property=\"og:locale\" content=\"fr_FR\" \/>\n<meta property=\"og:type\" content=\"article\" \/>\n<meta property=\"og:title\" content=\"Liverpool Transfer News: la star li\u00e9e au Real Madrid `` Locked in Contract Talks &#039;&#039; au milieu des craintes de la sortie des \u00abjoueurs cl\u00e9s\u00bb\" \/>\n<meta property=\"og:description\" content=\"Liverpool serait dans des discussions sur les contrats actifs avec un acteur cl\u00e9 malgr\u00e9 l&#039;int\u00e9r\u00eat continu du Real Madrid dans sa signature dans la fen\u00eatre\" \/>\n<meta property=\"og:url\" content=\"https:\/\/footdavant.fr\/actualites\/liverpool-transfer-news-la-star-liee-au-real-madrid-locked-in-contract-talks-au-milieu-des-craintes-de-la-sortie-des-joueurs-cles\/\" \/>\n<meta property=\"og:site_name\" content=\"Foot d&#039;avant\" \/>\n<meta property=\"article:publisher\" content=\"https:\/\/www.facebook.com\/Footdavant\/\" \/>\n<meta property=\"article:published_time\" content=\"2025-10-07T20:48:16+00:00\" \/>\n<meta property=\"article:modified_time\" content=\"2025-10-07T20:48:17+00:00\" \/>\n<meta property=\"og:image\" content=\"https:\/\/footdavant.fr\/actualites\/wp-content\/uploads\/2025\/10\/Liverpool-Transfer-News-la-star-liee-au-Real-Madrid.jpg\" \/>\n\t<meta property=\"og:image:width\" content=\"640\" \/>\n\t<meta property=\"og:image:height\" content=\"480\" \/>\n\t<meta property=\"og:image:type\" content=\"image\/jpeg\" \/>\n<meta name=\"author\" content=\"Cl\u00e9ment\" \/>\n<meta name=\"twitter:card\" content=\"summary_large_image\" \/>\n<meta name=\"twitter:creator\" content=\"@FootdavantFr\" \/>\n<meta name=\"twitter:site\" content=\"@FootdavantFr\" \/>\n<meta name=\"twitter:label1\" content=\"\u00c9crit par\" \/>\n\t<meta name=\"twitter:data1\" content=\"Cl\u00e9ment\" \/>\n\t<meta name=\"twitter:label2\" content=\"Dur\u00e9e de lecture estim\u00e9e\" \/>\n\t<meta name=\"twitter:data2\" content=\"3 minutes\" \/>\n<script type=\"application\/ld+json\" class=\"yoast-schema-graph\">{\"@context\":\"https:\/\/schema.org\",\"@graph\":[{\"@type\":\"Article\",\"@id\":\"https:\/\/footdavant.fr\/actualites\/liverpool-transfer-news-la-star-liee-au-real-madrid-locked-in-contract-talks-au-milieu-des-craintes-de-la-sortie-des-joueurs-cles\/#article\",\"isPartOf\":{\"@id\":\"https:\/\/footdavant.fr\/actualites\/liverpool-transfer-news-la-star-liee-au-real-madrid-locked-in-contract-talks-au-milieu-des-craintes-de-la-sortie-des-joueurs-cles\/\"},\"author\":{\"name\":\"Cl\u00e9ment\",\"@id\":\"https:\/\/footdavant.fr\/actualites\/#\/schema\/person\/bc222566d95871b37e597b3ed3ba5e1d\"},\"headline\":\"Liverpool Transfer News: la star li\u00e9e au Real Madrid \u00ab\u00a0 Locked in Contract Talks &#39;&#39; au milieu des craintes de la sortie des \u00abjoueurs cl\u00e9s\u00bb\",\"datePublished\":\"2025-10-07T20:48:16+00:00\",\"dateModified\":\"2025-10-07T20:48:17+00:00\",\"mainEntityOfPage\":{\"@id\":\"https:\/\/footdavant.fr\/actualites\/liverpool-transfer-news-la-star-liee-au-real-madrid-locked-in-contract-talks-au-milieu-des-craintes-de-la-sortie-des-joueurs-cles\/\"},\"wordCount\":534,\"publisher\":{\"@id\":\"https:\/\/footdavant.fr\/actualites\/#organization\"},\"keywords\":[\"cl\u00e9s\",\"contract\",\"craintes\",\"des\",\"joueurs\",\"li\u00e9e\",\"Liverpool\",\"Locked\",\"Madrid\",\"milieu\",\"News\",\"Real\",\"sortie\",\"Star\",\"Talks\",\"Transfer\"],\"articleSection\":[\"Premier League\"],\"inLanguage\":\"fr-FR\"},{\"@type\":\"WebPage\",\"@id\":\"https:\/\/footdavant.fr\/actualites\/liverpool-transfer-news-la-star-liee-au-real-madrid-locked-in-contract-talks-au-milieu-des-craintes-de-la-sortie-des-joueurs-cles\/\",\"url\":\"https:\/\/footdavant.fr\/actualites\/liverpool-transfer-news-la-star-liee-au-real-madrid-locked-in-contract-talks-au-milieu-des-craintes-de-la-sortie-des-joueurs-cles\/\",\"name\":\"Liverpool Transfer News: la star li\u00e9e au Real Madrid `` Locked in Contract Talks &#39;&#39; au milieu des craintes de la sortie des \u00abjoueurs cl\u00e9s\u00bb\",\"isPartOf\":{\"@id\":\"https:\/\/footdavant.fr\/actualites\/#website\"},\"datePublished\":\"2025-10-07T20:48:16+00:00\",\"dateModified\":\"2025-10-07T20:48:17+00:00\",\"breadcrumb\":{\"@id\":\"https:\/\/footdavant.fr\/actualites\/liverpool-transfer-news-la-star-liee-au-real-madrid-locked-in-contract-talks-au-milieu-des-craintes-de-la-sortie-des-joueurs-cles\/#breadcrumb\"},\"inLanguage\":\"fr-FR\",\"potentialAction\":[{\"@type\":\"ReadAction\",\"target\":[\"https:\/\/footdavant.fr\/actualites\/liverpool-transfer-news-la-star-liee-au-real-madrid-locked-in-contract-talks-au-milieu-des-craintes-de-la-sortie-des-joueurs-cles\/\"]}]},{\"@type\":\"BreadcrumbList\",\"@id\":\"https:\/\/footdavant.fr\/actualites\/liverpool-transfer-news-la-star-liee-au-real-madrid-locked-in-contract-talks-au-milieu-des-craintes-de-la-sortie-des-joueurs-cles\/#breadcrumb\",\"itemListElement\":[{\"@type\":\"ListItem\",\"position\":1,\"name\":\"Accueil\",\"item\":\"https:\/\/footdavant.fr\/actualites\/\"},{\"@type\":\"ListItem\",\"position\":2,\"name\":\"Liverpool Transfer News: la star li\u00e9e au Real Madrid \u00ab\u00a0 Locked in Contract Talks &#39;&#39; au milieu des craintes de la sortie des \u00abjoueurs cl\u00e9s\u00bb\"}]},{\"@type\":\"WebSite\",\"@id\":\"https:\/\/footdavant.fr\/actualites\/#website\",\"url\":\"https:\/\/footdavant.fr\/actualites\/\",\"name\":\"Foot d'avant\",\"description\":\"\",\"publisher\":{\"@id\":\"https:\/\/footdavant.fr\/actualites\/#organization\"},\"potentialAction\":[{\"@type\":\"SearchAction\",\"target\":{\"@type\":\"EntryPoint\",\"urlTemplate\":\"https:\/\/footdavant.fr\/actualites\/?s={search_term_string}\"},\"query-input\":\"required name=search_term_string\"}],\"inLanguage\":\"fr-FR\"},{\"@type\":\"Organization\",\"@id\":\"https:\/\/footdavant.fr\/actualites\/#organization\",\"name\":\"Foot d'avant\",\"url\":\"https:\/\/footdavant.fr\/actualites\/\",\"logo\":{\"@type\":\"ImageObject\",\"inLanguage\":\"fr-FR\",\"@id\":\"https:\/\/footdavant.fr\/actualites\/#\/schema\/logo\/image\/\",\"url\":\"https:\/\/footdavant.fr\/actualites\/wp-content\/uploads\/2023\/09\/Copy-of-FootDavant-Logo.png\",\"contentUrl\":\"https:\/\/footdavant.fr\/actualites\/wp-content\/uploads\/2023\/09\/Copy-of-FootDavant-Logo.png\",\"width\":936,\"height\":549,\"caption\":\"Foot d'avant\"},\"image\":{\"@id\":\"https:\/\/footdavant.fr\/actualites\/#\/schema\/logo\/image\/\"},\"sameAs\":[\"https:\/\/www.facebook.com\/Footdavant\/\",\"https:\/\/twitter.com\/FootdavantFr\",\"https:\/\/www.instagram.com\/footdavant.fr\/\"]},{\"@type\":\"Person\",\"@id\":\"https:\/\/footdavant.fr\/actualites\/#\/schema\/person\/bc222566d95871b37e597b3ed3ba5e1d\",\"name\":\"Cl\u00e9ment\",\"image\":{\"@type\":\"ImageObject\",\"inLanguage\":\"fr-FR\",\"@id\":\"https:\/\/footdavant.fr\/actualites\/#\/schema\/person\/image\/\",\"url\":\"https:\/\/secure.gravatar.com\/avatar\/7728b29aac2719421e1a9159b2254c44?s=96&d=mm&r=g\",\"contentUrl\":\"https:\/\/secure.gravatar.com\/avatar\/7728b29aac2719421e1a9159b2254c44?s=96&d=mm&r=g\",\"caption\":\"Cl\u00e9ment\"},\"sameAs\":[\"https:\/\/footdavant.fr\/\"]}]}<\/script>\n<!-- \/ Yoast SEO plugin. -->","yoast_head_json":{"title":"Liverpool Transfer News: la star li\u00e9e au Real Madrid `` Locked in Contract Talks &#39;&#39; au milieu des craintes de la sortie des \u00abjoueurs cl\u00e9s\u00bb","robots":{"index":"index","follow":"follow","max-snippet":"max-snippet:-1","max-image-preview":"max-image-preview:large","max-video-preview":"max-video-preview:-1"},"canonical":"https:\/\/footdavant.fr\/actualites\/liverpool-transfer-news-la-star-liee-au-real-madrid-locked-in-contract-talks-au-milieu-des-craintes-de-la-sortie-des-joueurs-cles\/","og_locale":"fr_FR","og_type":"article","og_title":"Liverpool Transfer News: la star li\u00e9e au Real Madrid `` Locked in Contract Talks &#39;&#39; au milieu des craintes de la sortie des \u00abjoueurs cl\u00e9s\u00bb","og_description":"Liverpool serait dans des discussions sur les contrats actifs avec un acteur cl\u00e9 malgr\u00e9 l&#39;int\u00e9r\u00eat continu du Real Madrid dans sa signature dans la fen\u00eatre","og_url":"https:\/\/footdavant.fr\/actualites\/liverpool-transfer-news-la-star-liee-au-real-madrid-locked-in-contract-talks-au-milieu-des-craintes-de-la-sortie-des-joueurs-cles\/","og_site_name":"Foot d&#039;avant","article_publisher":"https:\/\/www.facebook.com\/Footdavant\/","article_published_time":"2025-10-07T20:48:16+00:00","article_modified_time":"2025-10-07T20:48:17+00:00","og_image":[{"width":640,"height":480,"url":"https:\/\/footdavant.fr\/actualites\/wp-content\/uploads\/2025\/10\/Liverpool-Transfer-News-la-star-liee-au-Real-Madrid.jpg","type":"image\/jpeg"}],"author":"Cl\u00e9ment","twitter_card":"summary_large_image","twitter_creator":"@FootdavantFr","twitter_site":"@FootdavantFr","twitter_misc":{"\u00c9crit par":"Cl\u00e9ment","Dur\u00e9e de lecture estim\u00e9e":"3 minutes"},"schema":{"@context":"https:\/\/schema.org","@graph":[{"@type":"Article","@id":"https:\/\/footdavant.fr\/actualites\/liverpool-transfer-news-la-star-liee-au-real-madrid-locked-in-contract-talks-au-milieu-des-craintes-de-la-sortie-des-joueurs-cles\/#article","isPartOf":{"@id":"https:\/\/footdavant.fr\/actualites\/liverpool-transfer-news-la-star-liee-au-real-madrid-locked-in-contract-talks-au-milieu-des-craintes-de-la-sortie-des-joueurs-cles\/"},"author":{"name":"Cl\u00e9ment","@id":"https:\/\/footdavant.fr\/actualites\/#\/schema\/person\/bc222566d95871b37e597b3ed3ba5e1d"},"headline":"Liverpool Transfer News: la star li\u00e9e au Real Madrid \u00ab\u00a0 Locked in Contract Talks &#39;&#39; au milieu des craintes de la sortie des \u00abjoueurs cl\u00e9s\u00bb","datePublished":"2025-10-07T20:48:16+00:00","dateModified":"2025-10-07T20:48:17+00:00","mainEntityOfPage":{"@id":"https:\/\/footdavant.fr\/actualites\/liverpool-transfer-news-la-star-liee-au-real-madrid-locked-in-contract-talks-au-milieu-des-craintes-de-la-sortie-des-joueurs-cles\/"},"wordCount":534,"publisher":{"@id":"https:\/\/footdavant.fr\/actualites\/#organization"},"keywords":["cl\u00e9s","contract","craintes","des","joueurs","li\u00e9e","Liverpool","Locked","Madrid","milieu","News","Real","sortie","Star","Talks","Transfer"],"articleSection":["Premier League"],"inLanguage":"fr-FR"},{"@type":"WebPage","@id":"https:\/\/footdavant.fr\/actualites\/liverpool-transfer-news-la-star-liee-au-real-madrid-locked-in-contract-talks-au-milieu-des-craintes-de-la-sortie-des-joueurs-cles\/","url":"https:\/\/footdavant.fr\/actualites\/liverpool-transfer-news-la-star-liee-au-real-madrid-locked-in-contract-talks-au-milieu-des-craintes-de-la-sortie-des-joueurs-cles\/","name":"Liverpool Transfer News: la star li\u00e9e au Real Madrid `` Locked in Contract Talks &#39;&#39; au milieu des craintes de la sortie des \u00abjoueurs cl\u00e9s\u00bb","isPartOf":{"@id":"https:\/\/footdavant.fr\/actualites\/#website"},"datePublished":"2025-10-07T20:48:16+00:00","dateModified":"2025-10-07T20:48:17+00:00","breadcrumb":{"@id":"https:\/\/footdavant.fr\/actualites\/liverpool-transfer-news-la-star-liee-au-real-madrid-locked-in-contract-talks-au-milieu-des-craintes-de-la-sortie-des-joueurs-cles\/#breadcrumb"},"inLanguage":"fr-FR","potentialAction":[{"@type":"ReadAction","target":["https:\/\/footdavant.fr\/actualites\/liverpool-transfer-news-la-star-liee-au-real-madrid-locked-in-contract-talks-au-milieu-des-craintes-de-la-sortie-des-joueurs-cles\/"]}]},{"@type":"BreadcrumbList","@id":"https:\/\/footdavant.fr\/actualites\/liverpool-transfer-news-la-star-liee-au-real-madrid-locked-in-contract-talks-au-milieu-des-craintes-de-la-sortie-des-joueurs-cles\/#breadcrumb","itemListElement":[{"@type":"ListItem","position":1,"name":"Accueil","item":"https:\/\/footdavant.fr\/actualites\/"},{"@type":"ListItem","position":2,"name":"Liverpool Transfer News: la star li\u00e9e au Real Madrid \u00ab\u00a0 Locked in Contract Talks &#39;&#39; au milieu des craintes de la sortie des \u00abjoueurs cl\u00e9s\u00bb"}]},{"@type":"WebSite","@id":"https:\/\/footdavant.fr\/actualites\/#website","url":"https:\/\/footdavant.fr\/actualites\/","name":"Foot d'avant","description":"","publisher":{"@id":"https:\/\/footdavant.fr\/actualites\/#organization"},"potentialAction":[{"@type":"SearchAction","target":{"@type":"EntryPoint","urlTemplate":"https:\/\/footdavant.fr\/actualites\/?s={search_term_string}"},"query-input":"required name=search_term_string"}],"inLanguage":"fr-FR"},{"@type":"Organization","@id":"https:\/\/footdavant.fr\/actualites\/#organization","name":"Foot d'avant","url":"https:\/\/footdavant.fr\/actualites\/","logo":{"@type":"ImageObject","inLanguage":"fr-FR","@id":"https:\/\/footdavant.fr\/actualites\/#\/schema\/logo\/image\/","url":"https:\/\/footdavant.fr\/actualites\/wp-content\/uploads\/2023\/09\/Copy-of-FootDavant-Logo.png","contentUrl":"https:\/\/footdavant.fr\/actualites\/wp-content\/uploads\/2023\/09\/Copy-of-FootDavant-Logo.png","width":936,"height":549,"caption":"Foot d'avant"},"image":{"@id":"https:\/\/footdavant.fr\/actualites\/#\/schema\/logo\/image\/"},"sameAs":["https:\/\/www.facebook.com\/Footdavant\/","https:\/\/twitter.com\/FootdavantFr","https:\/\/www.instagram.com\/footdavant.fr\/"]},{"@type":"Person","@id":"https:\/\/footdavant.fr\/actualites\/#\/schema\/person\/bc222566d95871b37e597b3ed3ba5e1d","name":"Cl\u00e9ment","image":{"@type":"ImageObject","inLanguage":"fr-FR","@id":"https:\/\/footdavant.fr\/actualites\/#\/schema\/person\/image\/","url":"https:\/\/secure.gravatar.com\/avatar\/7728b29aac2719421e1a9159b2254c44?s=96&d=mm&r=g","contentUrl":"https:\/\/secure.gravatar.com\/avatar\/7728b29aac2719421e1a9159b2254c44?s=96&d=mm&r=g","caption":"Cl\u00e9ment"},"sameAs":["https:\/\/footdavant.fr\/"]}]}},"_links":{"self":[{"href":"https:\/\/footdavant.fr\/actualites\/wp-json\/wp\/v2\/posts\/29586"}],"collection":[{"href":"https:\/\/footdavant.fr\/actualites\/wp-json\/wp\/v2\/posts"}],"about":[{"href":"https:\/\/footdavant.fr\/actualites\/wp-json\/wp\/v2\/types\/post"}],"author":[{"embeddable":true,"href":"https:\/\/footdavant.fr\/actualites\/wp-json\/wp\/v2\/users\/1"}],"replies":[{"embeddable":true,"href":"https:\/\/footdavant.fr\/actualites\/wp-json\/wp\/v2\/comments?post=29586"}],"version-history":[{"count":1,"href":"https:\/\/footdavant.fr\/actualites\/wp-json\/wp\/v2\/posts\/29586\/revisions"}],"predecessor-version":[{"id":29588,"href":"https:\/\/footdavant.fr\/actualites\/wp-json\/wp\/v2\/posts\/29586\/revisions\/29588"}],"wp:featuredmedia":[{"embeddable":true,"href":"https:\/\/footdavant.fr\/actualites\/wp-json\/wp\/v2\/media\/29587"}],"wp:attachment":[{"href":"https:\/\/footdavant.fr\/actualites\/wp-json\/wp\/v2\/media?parent=29586"}],"wp:term":[{"taxonomy":"category","embeddable":true,"href":"https:\/\/footdavant.fr\/actualites\/wp-json\/wp\/v2\/categories?post=29586"},{"taxonomy":"post_tag","embeddable":true,"href":"https:\/\/footdavant.fr\/actualites\/wp-json\/wp\/v2\/tags?post=29586"}],"curies":[{"name":"wp","href":"https:\/\/api.w.org\/{rel}","templated":true}]}}