{"id":29650,"date":"2025-10-09T06:48:12","date_gmt":"2025-10-09T04:48:12","guid":{"rendered":"https:\/\/footdavant.fr\/actualites\/les-matchs-darsenal-que-martin-odegaard-pourrait-manquer-alors-que-les-gunners-publient-un-communique-officiel-sur-les-blessures\/"},"modified":"2025-10-09T06:48:14","modified_gmt":"2025-10-09T04:48:14","slug":"les-matchs-darsenal-que-martin-odegaard-pourrait-manquer-alors-que-les-gunners-publient-un-communique-officiel-sur-les-blessures","status":"publish","type":"post","link":"https:\/\/footdavant.fr\/actualites\/les-matchs-darsenal-que-martin-odegaard-pourrait-manquer-alors-que-les-gunners-publient-un-communique-officiel-sur-les-blessures\/","title":{"rendered":"Les matchs d&#39;Arsenal que Martin Odegaard pourrait manquer alors que les Gunners publient un communiqu\u00e9 officiel sur les blessures"},"content":{"rendered":"<p>Arsenal publie une d\u00e9claration officielle sur la blessure de Martin Odegaard suite au remplacement pr\u00e9coce record du Norv\u00e9gien contre West Ham United.<\/p>\n<div id=\"article_body\" itemprop=\"articleBody\">\n<h3 class=\"firstPara\"><\/h3>\n<p><strong class=\"autotag\">Arsenal a publi\u00e9 une d\u00e9claration officielle sur <strong class=\"autotag\">Blessure de Martin Odegaard suite au remplacement pr\u00e9coce record du Norv\u00e9gien contre West Ham United.<\/p>\n<p>Le skipper des Gunners a \u00e9t\u00e9 expuls\u00e9 \u00e0 seulement 30 minutes de la victoire 2-0 de <strong class=\"autotag\">L&#39;\u00e9quipe de Mikel Arteta, apr\u00e8s s&#39;\u00eatre moins bien comport\u00e9e lors d&#39;un choc \u00e0 genoux avec Crysencio Summerville.<\/p>\n<p>Odegaard a tent\u00e9 de surmonter la douleur avant d&#39;arr\u00eater et de remplacer Martin Zubimendi, ce qui a vu l&#39;ancienne starlette du Real Madrid \u00e9tablir un record unique et ind\u00e9sirable en Premier League.<\/p>\n<p>Le joueur de 26 ans est d\u00e9sormais le premier joueur \u00e0 \u00eatre remplac\u00e9 lors de la premi\u00e8re mi-temps de trois titularisations cons\u00e9cutives en Premier League, apr\u00e8s avoir \u00e9galement \u00e9t\u00e9 forfait contre Leeds United et Nottingham Forest en raison de probl\u00e8mes \u00e0 l&#39;\u00e9paule.<\/p>\n<p>il a \u00e9t\u00e9 rapport\u00e9 plus t\u00f4t dimanche qu&#39;Odegaard avait report\u00e9 son vol pr\u00e9vu pour rejoindre l&#39;\u00e9quipe nationale de Norv\u00e8ge samedi soir, afin de rester \u00e0 Londres pour une \u00e9valuation plus approfondie de son probl\u00e8me au genou.<\/p>\n<h2>Arsenal confirme la blessure MCL d&#39;Odegaard<\/h2>\n<p class=\"imgI\">\n<p>Les Gunners craignaient apparemment que leur skipper n&#39;ait subi des blessures au genou, et le club a maintenant confirm\u00e9 qu&#39;il avait re\u00e7u un diagnostic de blessure au MCL.<\/p>\n<p>Odegaard s&#39;est donc retir\u00e9 du <strong class=\"autotag\">\u00e9quipe de Norv\u00e8ge, mais \u00e0 ce stade, on ignore la gravit\u00e9 de l&#39;inqui\u00e9tude du milieu de terrain.<\/p>\n<p>\u00ab\u00a0Martin Odegaard a \u00e9t\u00e9 retir\u00e9 de l&#39;\u00e9quipe nationale de Norv\u00e8ge pour ses prochains matches contre Isra\u00ebl et la Nouvelle-Z\u00e9lande apr\u00e8s avoir subi une blessure au ligament collat\u00e9ral m\u00e9dial du genou gauche au cours de la premi\u00e8re mi-temps lors de la victoire de samedi contre West Ham United\u00a0\u00bb, indique un communiqu\u00e9.<\/p>\n<p>\u00ab\u00a0Martin continuera d&#39;\u00eatre \u00e9valu\u00e9 et trait\u00e9 par notre \u00e9quipe m\u00e9dicale du Sobha Realty Training Center pendant la fen\u00eatre internationale, dans le but de revenir \u00e0 l&#39;action le plus rapidement possible.\u00a0\u00bb<\/p>\n<h2>Combien de matchs d\u2019Arsenal Odegaard pourrait-il rater en raison d\u2019une blessure au genou ?<\/h2>\n<p class=\"imgI\"><img decoding=\"async\" alt=\"Martin Odegaard d&#39;Arsenal tombe bless\u00e9 le 13 septembre 2025\" class=\"vanilla-lazyload article-image\" src=\"https:\/\/footdavant.fr\/actualites\/wp-content\/uploads\/2025\/09\/1757951287_Arsenal-blessure-liste-de-suspension-et-dates-de-retour-pour.jpg\"><\/p>\n<p>Arsenal \u2013 et Mikel Arteta \u2013 aiment garder leurs cartes pr\u00e8s de leur poitrine en ce qui concerne les blessures, alors ne vous attendez pas \u00e0 ce que ce dernier donne un calendrier ferme m\u00eame lorsque la gravit\u00e9 de son probl\u00e8me est \u00e9tablie.<\/p>\n<p>Cependant, le retrait d&#39;Odegaard de l&#39;\u00e9quipe nationale norv\u00e9gienne sugg\u00e8re que le milieu de terrain n&#39;a pas subi d&#39;entorse l\u00e9g\u00e8re de grade 1, ce qui ne l&#39;a peut-\u00eatre exclu que quelques jours.<\/p>\n<p>Si le capitaine d&#39;Arsenal a subi une blessure de grade 2, il pourrait \u00eatre absent pendant quelques semaines, ce qui pourrait l&#39;exclure de sept matchs d&#39;Arsenal avant la tr\u00eave internationale de novembre.<\/p>\n<p>Fulham (18 octobre), Atletico Madrid (21 octobre), Crystal Palace (26 octobre), Brighton &#038; Hove Albion (29 octobre), Burnley (1er novembre), Slavia Prague (4 novembre) et Sunderland (8 novembre) pourraient tous arriver trop t\u00f4t pour l&#39;ancien prodige du Real Madrid.<\/p>\n<p>Dans le pire des cas, Odegaard pourrait rater jusqu&#39;\u00e0 12 semaines en raison d&#39;une blessure de grade 3, mais le fait qu&#39;il ait pu continuer \u00e0 jouer momentan\u00e9ment sugg\u00e8re qu&#39;il a \u00e9vit\u00e9 un tel sort.<\/p>\n<div class=\"author_box\">\n<div class=\"author_box_banner\"> <img decoding=\"async\" class=\"author_img\" src=\"https:\/\/footdavant.fr\/actualites\/wp-content\/uploads\/2025\/06\/1749127685_316_Equipe-de-la-Ligue-des-champions-du-tournoi-Lamine-Yamal.jpg\"><\/div>\n<\/div>\n<\/div>\n","protected":false},"excerpt":{"rendered":"<p>Arsenal publie une d\u00e9claration officielle sur la blessure de Martin Odegaard suite au remplacement pr\u00e9coce record du Norv\u00e9gien contre West Ham United. Arsenal a publi\u00e9<\/p>\n","protected":false},"author":1,"featured_media":29651,"comment_status":"closed","ping_status":"","sticky":false,"template":"","format":"standard","meta":{"footnotes":""},"categories":[5],"tags":[318,155,5272,4221,997,93,1128,892,688,186,2692,269,10732,103],"yoast_head":"<!-- This site is optimized with the Yoast SEO plugin v21.0 - https:\/\/yoast.com\/wordpress\/plugins\/seo\/ -->\n<title>Les matchs d&#039;Arsenal que Martin Odegaard pourrait manquer alors que les Gunners publient un communiqu\u00e9 officiel sur les blessures<\/title>\n<meta name=\"robots\" content=\"index, follow, max-snippet:-1, max-image-preview:large, max-video-preview:-1\" \/>\n<link rel=\"canonical\" href=\"https:\/\/footdavant.fr\/actualites\/les-matchs-darsenal-que-martin-odegaard-pourrait-manquer-alors-que-les-gunners-publient-un-communique-officiel-sur-les-blessures\/\" \/>\n<meta property=\"og:locale\" content=\"fr_FR\" \/>\n<meta property=\"og:type\" content=\"article\" \/>\n<meta property=\"og:title\" content=\"Les matchs d&#039;Arsenal que Martin Odegaard pourrait manquer alors que les Gunners publient un communiqu\u00e9 officiel sur les blessures\" \/>\n<meta property=\"og:description\" content=\"Arsenal publie une d\u00e9claration officielle sur la blessure de Martin Odegaard suite au remplacement pr\u00e9coce record du Norv\u00e9gien contre West Ham United. Arsenal a publi\u00e9\" \/>\n<meta property=\"og:url\" content=\"https:\/\/footdavant.fr\/actualites\/les-matchs-darsenal-que-martin-odegaard-pourrait-manquer-alors-que-les-gunners-publient-un-communique-officiel-sur-les-blessures\/\" \/>\n<meta property=\"og:site_name\" content=\"Foot d&#039;avant\" \/>\n<meta property=\"article:publisher\" content=\"https:\/\/www.facebook.com\/Footdavant\/\" \/>\n<meta property=\"article:published_time\" content=\"2025-10-09T04:48:12+00:00\" \/>\n<meta property=\"article:modified_time\" content=\"2025-10-09T04:48:14+00:00\" \/>\n<meta property=\"og:image\" content=\"https:\/\/footdavant.fr\/actualites\/wp-content\/uploads\/2025\/10\/Les-matchs-d39Arsenal-que-Martin-Odegaard-pourrait-manquer-alors-que.jpg\" \/>\n\t<meta property=\"og:image:width\" content=\"640\" \/>\n\t<meta property=\"og:image:height\" content=\"480\" \/>\n\t<meta property=\"og:image:type\" content=\"image\/jpeg\" \/>\n<meta name=\"author\" content=\"Cl\u00e9ment\" \/>\n<meta name=\"twitter:card\" content=\"summary_large_image\" \/>\n<meta name=\"twitter:creator\" content=\"@FootdavantFr\" \/>\n<meta name=\"twitter:site\" content=\"@FootdavantFr\" \/>\n<meta name=\"twitter:label1\" content=\"\u00c9crit par\" \/>\n\t<meta name=\"twitter:data1\" content=\"Cl\u00e9ment\" \/>\n\t<meta name=\"twitter:label2\" content=\"Dur\u00e9e de lecture estim\u00e9e\" \/>\n\t<meta name=\"twitter:data2\" content=\"3 minutes\" \/>\n<script type=\"application\/ld+json\" class=\"yoast-schema-graph\">{\"@context\":\"https:\/\/schema.org\",\"@graph\":[{\"@type\":\"Article\",\"@id\":\"https:\/\/footdavant.fr\/actualites\/les-matchs-darsenal-que-martin-odegaard-pourrait-manquer-alors-que-les-gunners-publient-un-communique-officiel-sur-les-blessures\/#article\",\"isPartOf\":{\"@id\":\"https:\/\/footdavant.fr\/actualites\/les-matchs-darsenal-que-martin-odegaard-pourrait-manquer-alors-que-les-gunners-publient-un-communique-officiel-sur-les-blessures\/\"},\"author\":{\"name\":\"Cl\u00e9ment\",\"@id\":\"https:\/\/footdavant.fr\/actualites\/#\/schema\/person\/bc222566d95871b37e597b3ed3ba5e1d\"},\"headline\":\"Les matchs d&#39;Arsenal que Martin Odegaard pourrait manquer alors que les Gunners publient un communiqu\u00e9 officiel sur les blessures\",\"datePublished\":\"2025-10-09T04:48:12+00:00\",\"dateModified\":\"2025-10-09T04:48:14+00:00\",\"mainEntityOfPage\":{\"@id\":\"https:\/\/footdavant.fr\/actualites\/les-matchs-darsenal-que-martin-odegaard-pourrait-manquer-alors-que-les-gunners-publient-un-communique-officiel-sur-les-blessures\/\"},\"wordCount\":585,\"publisher\":{\"@id\":\"https:\/\/footdavant.fr\/actualites\/#organization\"},\"keywords\":[\"alors\",\"blessures\",\"communiqu\u00e9\",\"d39Arsenal\",\"Gunners\",\"les\",\"manquer\",\"Martin\",\"matchs\",\"Odegaard\",\"Officiel\",\"pourrait\",\"publient\",\"sur\"],\"articleSection\":[\"Premier League\"],\"inLanguage\":\"fr-FR\"},{\"@type\":\"WebPage\",\"@id\":\"https:\/\/footdavant.fr\/actualites\/les-matchs-darsenal-que-martin-odegaard-pourrait-manquer-alors-que-les-gunners-publient-un-communique-officiel-sur-les-blessures\/\",\"url\":\"https:\/\/footdavant.fr\/actualites\/les-matchs-darsenal-que-martin-odegaard-pourrait-manquer-alors-que-les-gunners-publient-un-communique-officiel-sur-les-blessures\/\",\"name\":\"Les matchs d&#39;Arsenal que Martin Odegaard pourrait manquer alors que les Gunners publient un communiqu\u00e9 officiel sur les blessures\",\"isPartOf\":{\"@id\":\"https:\/\/footdavant.fr\/actualites\/#website\"},\"datePublished\":\"2025-10-09T04:48:12+00:00\",\"dateModified\":\"2025-10-09T04:48:14+00:00\",\"breadcrumb\":{\"@id\":\"https:\/\/footdavant.fr\/actualites\/les-matchs-darsenal-que-martin-odegaard-pourrait-manquer-alors-que-les-gunners-publient-un-communique-officiel-sur-les-blessures\/#breadcrumb\"},\"inLanguage\":\"fr-FR\",\"potentialAction\":[{\"@type\":\"ReadAction\",\"target\":[\"https:\/\/footdavant.fr\/actualites\/les-matchs-darsenal-que-martin-odegaard-pourrait-manquer-alors-que-les-gunners-publient-un-communique-officiel-sur-les-blessures\/\"]}]},{\"@type\":\"BreadcrumbList\",\"@id\":\"https:\/\/footdavant.fr\/actualites\/les-matchs-darsenal-que-martin-odegaard-pourrait-manquer-alors-que-les-gunners-publient-un-communique-officiel-sur-les-blessures\/#breadcrumb\",\"itemListElement\":[{\"@type\":\"ListItem\",\"position\":1,\"name\":\"Accueil\",\"item\":\"https:\/\/footdavant.fr\/actualites\/\"},{\"@type\":\"ListItem\",\"position\":2,\"name\":\"Les matchs d&#39;Arsenal que Martin Odegaard pourrait manquer alors que les Gunners publient un communiqu\u00e9 officiel sur les blessures\"}]},{\"@type\":\"WebSite\",\"@id\":\"https:\/\/footdavant.fr\/actualites\/#website\",\"url\":\"https:\/\/footdavant.fr\/actualites\/\",\"name\":\"Foot d'avant\",\"description\":\"\",\"publisher\":{\"@id\":\"https:\/\/footdavant.fr\/actualites\/#organization\"},\"potentialAction\":[{\"@type\":\"SearchAction\",\"target\":{\"@type\":\"EntryPoint\",\"urlTemplate\":\"https:\/\/footdavant.fr\/actualites\/?s={search_term_string}\"},\"query-input\":\"required name=search_term_string\"}],\"inLanguage\":\"fr-FR\"},{\"@type\":\"Organization\",\"@id\":\"https:\/\/footdavant.fr\/actualites\/#organization\",\"name\":\"Foot d'avant\",\"url\":\"https:\/\/footdavant.fr\/actualites\/\",\"logo\":{\"@type\":\"ImageObject\",\"inLanguage\":\"fr-FR\",\"@id\":\"https:\/\/footdavant.fr\/actualites\/#\/schema\/logo\/image\/\",\"url\":\"https:\/\/footdavant.fr\/actualites\/wp-content\/uploads\/2023\/09\/Copy-of-FootDavant-Logo.png\",\"contentUrl\":\"https:\/\/footdavant.fr\/actualites\/wp-content\/uploads\/2023\/09\/Copy-of-FootDavant-Logo.png\",\"width\":936,\"height\":549,\"caption\":\"Foot d'avant\"},\"image\":{\"@id\":\"https:\/\/footdavant.fr\/actualites\/#\/schema\/logo\/image\/\"},\"sameAs\":[\"https:\/\/www.facebook.com\/Footdavant\/\",\"https:\/\/twitter.com\/FootdavantFr\",\"https:\/\/www.instagram.com\/footdavant.fr\/\"]},{\"@type\":\"Person\",\"@id\":\"https:\/\/footdavant.fr\/actualites\/#\/schema\/person\/bc222566d95871b37e597b3ed3ba5e1d\",\"name\":\"Cl\u00e9ment\",\"image\":{\"@type\":\"ImageObject\",\"inLanguage\":\"fr-FR\",\"@id\":\"https:\/\/footdavant.fr\/actualites\/#\/schema\/person\/image\/\",\"url\":\"https:\/\/secure.gravatar.com\/avatar\/7728b29aac2719421e1a9159b2254c44?s=96&d=mm&r=g\",\"contentUrl\":\"https:\/\/secure.gravatar.com\/avatar\/7728b29aac2719421e1a9159b2254c44?s=96&d=mm&r=g\",\"caption\":\"Cl\u00e9ment\"},\"sameAs\":[\"https:\/\/footdavant.fr\/\"]}]}<\/script>\n<!-- \/ Yoast SEO plugin. -->","yoast_head_json":{"title":"Les matchs d&#39;Arsenal que Martin Odegaard pourrait manquer alors que les Gunners publient un communiqu\u00e9 officiel sur les blessures","robots":{"index":"index","follow":"follow","max-snippet":"max-snippet:-1","max-image-preview":"max-image-preview:large","max-video-preview":"max-video-preview:-1"},"canonical":"https:\/\/footdavant.fr\/actualites\/les-matchs-darsenal-que-martin-odegaard-pourrait-manquer-alors-que-les-gunners-publient-un-communique-officiel-sur-les-blessures\/","og_locale":"fr_FR","og_type":"article","og_title":"Les matchs d&#39;Arsenal que Martin Odegaard pourrait manquer alors que les Gunners publient un communiqu\u00e9 officiel sur les blessures","og_description":"Arsenal publie une d\u00e9claration officielle sur la blessure de Martin Odegaard suite au remplacement pr\u00e9coce record du Norv\u00e9gien contre West Ham United. Arsenal a publi\u00e9","og_url":"https:\/\/footdavant.fr\/actualites\/les-matchs-darsenal-que-martin-odegaard-pourrait-manquer-alors-que-les-gunners-publient-un-communique-officiel-sur-les-blessures\/","og_site_name":"Foot d&#039;avant","article_publisher":"https:\/\/www.facebook.com\/Footdavant\/","article_published_time":"2025-10-09T04:48:12+00:00","article_modified_time":"2025-10-09T04:48:14+00:00","og_image":[{"width":640,"height":480,"url":"https:\/\/footdavant.fr\/actualites\/wp-content\/uploads\/2025\/10\/Les-matchs-d39Arsenal-que-Martin-Odegaard-pourrait-manquer-alors-que.jpg","type":"image\/jpeg"}],"author":"Cl\u00e9ment","twitter_card":"summary_large_image","twitter_creator":"@FootdavantFr","twitter_site":"@FootdavantFr","twitter_misc":{"\u00c9crit par":"Cl\u00e9ment","Dur\u00e9e de lecture estim\u00e9e":"3 minutes"},"schema":{"@context":"https:\/\/schema.org","@graph":[{"@type":"Article","@id":"https:\/\/footdavant.fr\/actualites\/les-matchs-darsenal-que-martin-odegaard-pourrait-manquer-alors-que-les-gunners-publient-un-communique-officiel-sur-les-blessures\/#article","isPartOf":{"@id":"https:\/\/footdavant.fr\/actualites\/les-matchs-darsenal-que-martin-odegaard-pourrait-manquer-alors-que-les-gunners-publient-un-communique-officiel-sur-les-blessures\/"},"author":{"name":"Cl\u00e9ment","@id":"https:\/\/footdavant.fr\/actualites\/#\/schema\/person\/bc222566d95871b37e597b3ed3ba5e1d"},"headline":"Les matchs d&#39;Arsenal que Martin Odegaard pourrait manquer alors que les Gunners publient un communiqu\u00e9 officiel sur les blessures","datePublished":"2025-10-09T04:48:12+00:00","dateModified":"2025-10-09T04:48:14+00:00","mainEntityOfPage":{"@id":"https:\/\/footdavant.fr\/actualites\/les-matchs-darsenal-que-martin-odegaard-pourrait-manquer-alors-que-les-gunners-publient-un-communique-officiel-sur-les-blessures\/"},"wordCount":585,"publisher":{"@id":"https:\/\/footdavant.fr\/actualites\/#organization"},"keywords":["alors","blessures","communiqu\u00e9","d39Arsenal","Gunners","les","manquer","Martin","matchs","Odegaard","Officiel","pourrait","publient","sur"],"articleSection":["Premier League"],"inLanguage":"fr-FR"},{"@type":"WebPage","@id":"https:\/\/footdavant.fr\/actualites\/les-matchs-darsenal-que-martin-odegaard-pourrait-manquer-alors-que-les-gunners-publient-un-communique-officiel-sur-les-blessures\/","url":"https:\/\/footdavant.fr\/actualites\/les-matchs-darsenal-que-martin-odegaard-pourrait-manquer-alors-que-les-gunners-publient-un-communique-officiel-sur-les-blessures\/","name":"Les matchs d&#39;Arsenal que Martin Odegaard pourrait manquer alors que les Gunners publient un communiqu\u00e9 officiel sur les blessures","isPartOf":{"@id":"https:\/\/footdavant.fr\/actualites\/#website"},"datePublished":"2025-10-09T04:48:12+00:00","dateModified":"2025-10-09T04:48:14+00:00","breadcrumb":{"@id":"https:\/\/footdavant.fr\/actualites\/les-matchs-darsenal-que-martin-odegaard-pourrait-manquer-alors-que-les-gunners-publient-un-communique-officiel-sur-les-blessures\/#breadcrumb"},"inLanguage":"fr-FR","potentialAction":[{"@type":"ReadAction","target":["https:\/\/footdavant.fr\/actualites\/les-matchs-darsenal-que-martin-odegaard-pourrait-manquer-alors-que-les-gunners-publient-un-communique-officiel-sur-les-blessures\/"]}]},{"@type":"BreadcrumbList","@id":"https:\/\/footdavant.fr\/actualites\/les-matchs-darsenal-que-martin-odegaard-pourrait-manquer-alors-que-les-gunners-publient-un-communique-officiel-sur-les-blessures\/#breadcrumb","itemListElement":[{"@type":"ListItem","position":1,"name":"Accueil","item":"https:\/\/footdavant.fr\/actualites\/"},{"@type":"ListItem","position":2,"name":"Les matchs d&#39;Arsenal que Martin Odegaard pourrait manquer alors que les Gunners publient un communiqu\u00e9 officiel sur les blessures"}]},{"@type":"WebSite","@id":"https:\/\/footdavant.fr\/actualites\/#website","url":"https:\/\/footdavant.fr\/actualites\/","name":"Foot d'avant","description":"","publisher":{"@id":"https:\/\/footdavant.fr\/actualites\/#organization"},"potentialAction":[{"@type":"SearchAction","target":{"@type":"EntryPoint","urlTemplate":"https:\/\/footdavant.fr\/actualites\/?s={search_term_string}"},"query-input":"required name=search_term_string"}],"inLanguage":"fr-FR"},{"@type":"Organization","@id":"https:\/\/footdavant.fr\/actualites\/#organization","name":"Foot d'avant","url":"https:\/\/footdavant.fr\/actualites\/","logo":{"@type":"ImageObject","inLanguage":"fr-FR","@id":"https:\/\/footdavant.fr\/actualites\/#\/schema\/logo\/image\/","url":"https:\/\/footdavant.fr\/actualites\/wp-content\/uploads\/2023\/09\/Copy-of-FootDavant-Logo.png","contentUrl":"https:\/\/footdavant.fr\/actualites\/wp-content\/uploads\/2023\/09\/Copy-of-FootDavant-Logo.png","width":936,"height":549,"caption":"Foot d'avant"},"image":{"@id":"https:\/\/footdavant.fr\/actualites\/#\/schema\/logo\/image\/"},"sameAs":["https:\/\/www.facebook.com\/Footdavant\/","https:\/\/twitter.com\/FootdavantFr","https:\/\/www.instagram.com\/footdavant.fr\/"]},{"@type":"Person","@id":"https:\/\/footdavant.fr\/actualites\/#\/schema\/person\/bc222566d95871b37e597b3ed3ba5e1d","name":"Cl\u00e9ment","image":{"@type":"ImageObject","inLanguage":"fr-FR","@id":"https:\/\/footdavant.fr\/actualites\/#\/schema\/person\/image\/","url":"https:\/\/secure.gravatar.com\/avatar\/7728b29aac2719421e1a9159b2254c44?s=96&d=mm&r=g","contentUrl":"https:\/\/secure.gravatar.com\/avatar\/7728b29aac2719421e1a9159b2254c44?s=96&d=mm&r=g","caption":"Cl\u00e9ment"},"sameAs":["https:\/\/footdavant.fr\/"]}]}},"_links":{"self":[{"href":"https:\/\/footdavant.fr\/actualites\/wp-json\/wp\/v2\/posts\/29650"}],"collection":[{"href":"https:\/\/footdavant.fr\/actualites\/wp-json\/wp\/v2\/posts"}],"about":[{"href":"https:\/\/footdavant.fr\/actualites\/wp-json\/wp\/v2\/types\/post"}],"author":[{"embeddable":true,"href":"https:\/\/footdavant.fr\/actualites\/wp-json\/wp\/v2\/users\/1"}],"replies":[{"embeddable":true,"href":"https:\/\/footdavant.fr\/actualites\/wp-json\/wp\/v2\/comments?post=29650"}],"version-history":[{"count":1,"href":"https:\/\/footdavant.fr\/actualites\/wp-json\/wp\/v2\/posts\/29650\/revisions"}],"predecessor-version":[{"id":29652,"href":"https:\/\/footdavant.fr\/actualites\/wp-json\/wp\/v2\/posts\/29650\/revisions\/29652"}],"wp:featuredmedia":[{"embeddable":true,"href":"https:\/\/footdavant.fr\/actualites\/wp-json\/wp\/v2\/media\/29651"}],"wp:attachment":[{"href":"https:\/\/footdavant.fr\/actualites\/wp-json\/wp\/v2\/media?parent=29650"}],"wp:term":[{"taxonomy":"category","embeddable":true,"href":"https:\/\/footdavant.fr\/actualites\/wp-json\/wp\/v2\/categories?post=29650"},{"taxonomy":"post_tag","embeddable":true,"href":"https:\/\/footdavant.fr\/actualites\/wp-json\/wp\/v2\/tags?post=29650"}],"curies":[{"name":"wp","href":"https:\/\/api.w.org\/{rel}","templated":true}]}}