{"id":29670,"date":"2025-10-09T20:48:17","date_gmt":"2025-10-09T18:48:17","guid":{"rendered":"https:\/\/footdavant.fr\/actualites\/viktor-y-a-travers-lharmonie-un-blog-darsenal\/"},"modified":"2025-10-09T20:48:28","modified_gmt":"2025-10-09T18:48:28","slug":"viktor-y-a-travers-lharmonie-un-blog-darsenal","status":"publish","type":"post","link":"https:\/\/footdavant.fr\/actualites\/viktor-y-a-travers-lharmonie-un-blog-darsenal\/","title":{"rendered":"Viktor-y \u00e0 travers l&#39;harmonie |  &#8230;un blog d&#39;Arsenal"},"content":{"rendered":"<div>\n<p>Viktor Gyokeres a \u00e9t\u00e9 achet\u00e9 pour r\u00e9soudre des probl\u00e8mes tr\u00e8s simples pour Arsenal. D\u2019une part, l\u2019\u00e9quipe avait besoin d\u2019augmenter ses effectifs en attaque. La blessure de Gabriel Jesus a laiss\u00e9 Mikel Arteta avec un avant-centre reconnu \u00e0 Kai Havertz et Arsenal a d\u00fb en acheter un autre simplement pour \u00e9viter le sc\u00e9nario o\u00f9 ils reconvertiraient les milieux de terrain centraux en attaquants pendant trois mois de la saison.<\/p>\n<p>Jesus et Havertz sont des buteurs mod\u00e9r\u00e9s (et l&#39;un d&#39;eux est bless\u00e9 de toute fa\u00e7on) et Arsenal avait simplement besoin de plus de joueurs capables de mettre le ballon dans le sac \u00e0 oignons, ils ont fait match nul 14 matchs de championnat la saison derni\u00e8re et il faut penser qu&#39;une autre option d&#39;avant-centre aurait transform\u00e9 certains de ces nuls en victoires.<\/p>\n<p>Arsenal avait \u00e9galement besoin de diff\u00e9rents attributs dans la zone avant-centre. De mani\u00e8res tr\u00e8s diff\u00e9rentes, Jesus et Havertz aiment se rapprocher du milieu de terrain et\/ou des zones larges et jouer. J\u00e9sus n&#39;a jou\u00e9 comme avant-centre qu&#39;\u00e0 l&#39;\u00e2ge de 19 ans, il est naturellement ailier et joue comme tel. Havertz est plut\u00f4t un milieu de terrain avanc\u00e9 et joue \u00e9galement comme tel lorsqu\u2019il est jou\u00e9 en attaque.<\/p>\n<p>Viktor Gyokeres n&#39;a pas \u00e9t\u00e9 reprogramm\u00e9 ou remis \u00e0 neuf en tant qu&#39;attaquant. \u00catre attaquant est fermement ancr\u00e9 dans son logiciel. Il veut courir derri\u00e8re, occuper les d\u00e9fenseurs et il veut que Hulk \u00e9crase le ballon au but \u00e0 chaque occasion. Il y a peu de sophistication dans son jeu et Arsenal \u00e9tait une \u00e9quipe qui, parfois la saison derni\u00e8re, s&#39;est trop tourn\u00e9e vers les caresses du menton lorsqu&#39;elle a mis les \u00e9quipes sous pression.<\/p>\n<p>Cependant, recruter ce type d\u2019attaquant est rarement simple. Tr\u00e8s souvent, vous perdez quelque chose dans le m\u00e9lange, leur menace de but s&#39;accompagne souvent d&#39;un tarif sur votre jeu d&#39;approche. Lorsqu&#39;Ars\u00e8ne Wenger a c\u00e9d\u00e9 \u00e0 la pression publique de Thierry Henry pour acheter un \u00ab\u00a0renard dans la bo\u00eete\u00a0\u00bb et a achet\u00e9 Francis Jeffers d&#39;Everton en 2001, il a d\u00e9clar\u00e9, de mani\u00e8re peu convaincante, \u00ab\u00a0nous avons achet\u00e9 Jeffers pour ces matchs difficiles \u00e0 l&#39;ext\u00e9rieur \u00e0 Newcastle et Southampton\u00a0\u00bb.<\/p>\n<p>Je pense que vous pouvez dire que Wenger n&#39;a jamais \u00e9t\u00e9 totalement convaincu par l&#39;id\u00e9e d&#39;un \u00ab\u00a0renard dans la bo\u00eete\u00a0\u00bb, mais il l&#39;a quand m\u00eame essay\u00e9, peut-\u00eatre par d\u00e9f\u00e9rence pour l&#39;un des g\u00e9missements les plus po\u00e9tiques de son joueur vedette. Newcastle a failli remporter le championnat en 1995-96 et a sign\u00e9 Alan Shearer pour un contrat record du monde \u00e0 l&#39;\u00e9t\u00e9 1996.<\/p>\n<p>Shearer a marqu\u00e9 \u00e9norm\u00e9ment de buts et est devenu une l\u00e9gende du club, mais Newcastle ne s&#39;est plus battu pour le titre. De m\u00eame, lorsqu\u2019Arsenal a sign\u00e9 Ian Wright en 1991\u00a0; ils \u00e9taient champions en titre et ne concourirent \u00e0 nouveau pour le titre de champion qu&#39;en 1997-98, lorsque Nicolas Anelka commen\u00e7a \u00e0 prendre la rel\u00e8ve.<\/p>\n<p>Manchester United a remport\u00e9 un titre de champion au cours du s\u00e9jour de cinq ans de Ruud van Nistelrooy \u00e0 Old Trafford. D\u00e8s son d\u00e9part, ils ont remport\u00e9 trois titres de champion d&#39;affil\u00e9e et une Ligue des champions avec un carrousel de Ronaldo, Rooney et Tevez en t\u00eate. Il y a un \u00e9quilibre tr\u00e8s complexe entre un attaquant qui sert une \u00e9quipe et une \u00e9quipe qui sert un attaquant.<\/p>\n<p>La fa\u00e7on dont Arsenal suivra cette ligne avec Gyokeres sera fascinante. Ma propre opinion a toujours \u00e9t\u00e9 que Gyokeres et Havertz assumeraient le r\u00f4le de num\u00e9ro 9 en tandem (et je soup\u00e7onne toujours qu&#39;un Havertz en pleine forme commencerait l\u00e0-bas plus souvent que Gyokeres). Tout simplement, Arsenal aurait probablement pu acheter le Su\u00e9dois plus t\u00f4t s\u2019il l\u2019avait voulu. Alexandre Isak aurait \u00e9t\u00e9 l&#39;attaquant \u00ab\u00a0de franchise\u00a0\u00bb et je ne pense pas que ce soit ce que soit Gyokeres.<\/p>\n<p>Je pense que l\u2019intention est probablement qu\u2019il soit une option tr\u00e8s fiable, peut-\u00eatre m\u00eame un \u00e9quivalent avant-centre de Leo Trossard. La blessure au genou de Havertz en d\u00e9but de saison a oblig\u00e9 Gyokeres \u00e0 jouer et il a d\u00fb jouer beaucoup aussi. Zubimendi et Gabriel sont les seuls joueurs de champ \u00e0 avoir jou\u00e9 plus de minutes que Gyokeres pour Arsenal cette saison.<\/p>\n<p>D&#39;une certaine mani\u00e8re, c&#39;est tr\u00e8s bien pour Gyokeres \u00e0 long terme, cela devrait acc\u00e9l\u00e9rer son acclimatation et celle de l&#39;\u00e9quipe \u00e0 son \u00e9gard. \u00c0 27 ans, c\u2019est simplement une d\u00e9cision qui doit fonctionner \u00e0 un bon niveau pour Arsenal car il n\u2019y aura pas de revente ici. Il compte actuellement trois buts en 3.9XG cette saison (ou deux buts sans p\u00e9nalit\u00e9 en 3.1 NPXG).<\/p>\n<p>Il peut certainement para\u00eetre maladroit en possession et sa premi\u00e8re touche n&#39;est pas toujours de la soie. Parfois, il ajoute une r\u00e9elle valeur en tant que b\u00e9lier, attirant les radars ennemis vers lui et laissant de l&#39;espace aux joueurs lat\u00e9raux et aux milieux offensifs pour trouver les lacunes autour de lui. Tout aussi souvent, il a l\u2019air un peu perdu et anonyme.<\/p>\n<p>La fatigue sera un facteur, tout comme l&#39;adaptation. Arsenal accueille un grand nombre de nouveaux joueurs autour de lui, comme Eze, Madueke et Zubimendi, donc l&#39;automatisation n&#39;automatise pas vraiment l&#39;attaque. Cependant, je soup\u00e7onne qu\u2019il est tr\u00e8s peu probable que ses d\u00e9fauts techniques soient r\u00e9solus. Il a 27 ans, il ne va pas beaucoup changer, l&#39;espoir est qu&#39;au fur et \u00e0 mesure que l&#39;alchimie se construit ; il peut \u00e9lever son niveau.<\/p>\n<p>Je soup\u00e7onne que Gyokeres n&#39;\u00e9tait pas vraiment destin\u00e9 \u00e0 \u00eatre l&#39;attaquant \u00ab tous temps \u00bb qu&#39;il a d\u00fb \u00eatre en l&#39;absence de Havertz, je pense qu&#39;il \u00e9tait cens\u00e9 \u00eatre davantage un outil dans la bo\u00eete \u00e0 outils. Ne vous m\u00e9prenez pas, un outil utile et polyvalent, comme un marteau ou une scie. Mais en l\u2019absence de l\u2019attaquant de Boucle d\u2019or, Arteta tentera d\u2019op\u00e9rer avec les deux faces de la m\u00e9daille de l\u2019attaquant \u00e0 Havertz et Gyokeres, d\u00e9ployant leurs comp\u00e9tences sp\u00e9cifiques en fonction de la situation.<\/p>\n<p>Au fond de moi, je soup\u00e7onne qu&#39;Arteta ne voit pas un joueur comme Gyokeres dans son \u00e9quipe parfaite jouer son football parfait. Mais la perfection est rare et au cours d\u2019une saison, il y aura de nombreux moments o\u00f9 vous devrez pointer et travailler. Vos pinceaux ne seront pas d\u2019une grande utilit\u00e9 en cas de fuite sur le toit.<\/p>\n<p>L&#39;habilet\u00e9 de l&#39;entra\u00eeneur sera de d\u00e9ployer les qualit\u00e9s de Gyokeres lorsque cela sera n\u00e9cessaire sans qu&#39;il devienne un autre Francis Jeffers \u2013 un \u00e9chec de concept. Je ne pense pas que Gyokeres sera Erling Haaland ou Thierry Henry et je soup\u00e7onne qu&#39;Arteta ne pense pas non plus qu&#39;il le sera. S\u2019il peut \u00eatre utile dans un \u00e9ventail suffisamment large de sc\u00e9narios, je pense que cela m\u00e8nera au succ\u00e8s compte tenu des autres qualit\u00e9s et talents d\u2019Arsenal en attaque.<\/p>\n<\/div>\n","protected":false},"excerpt":{"rendered":"<p>Viktor Gyokeres a \u00e9t\u00e9 achet\u00e9 pour r\u00e9soudre des probl\u00e8mes tr\u00e8s simples pour Arsenal. D\u2019une part, l\u2019\u00e9quipe avait besoin d\u2019augmenter ses effectifs en attaque. La blessure<\/p>\n","protected":false},"author":1,"featured_media":26822,"comment_status":"closed","ping_status":"","sticky":false,"template":"","format":"standard","meta":{"footnotes":""},"categories":[3],"tags":[57,58,4221,10734,4553,10733],"yoast_head":"<!-- This site is optimized with the Yoast SEO plugin v21.0 - https:\/\/yoast.com\/wordpress\/plugins\/seo\/ -->\n<title>Viktor-y \u00e0 travers l&#039;harmonie | ...un blog d&#039;Arsenal<\/title>\n<meta name=\"robots\" content=\"index, follow, max-snippet:-1, max-image-preview:large, max-video-preview:-1\" \/>\n<link rel=\"canonical\" href=\"https:\/\/footdavant.fr\/actualites\/viktor-y-a-travers-lharmonie-un-blog-darsenal\/\" \/>\n<meta property=\"og:locale\" content=\"fr_FR\" \/>\n<meta property=\"og:type\" content=\"article\" \/>\n<meta property=\"og:title\" content=\"Viktor-y \u00e0 travers l&#039;harmonie | ...un blog d&#039;Arsenal\" \/>\n<meta property=\"og:description\" content=\"Viktor Gyokeres a \u00e9t\u00e9 achet\u00e9 pour r\u00e9soudre des probl\u00e8mes tr\u00e8s simples pour Arsenal. D\u2019une part, l\u2019\u00e9quipe avait besoin d\u2019augmenter ses effectifs en attaque. La blessure\" \/>\n<meta property=\"og:url\" content=\"https:\/\/footdavant.fr\/actualites\/viktor-y-a-travers-lharmonie-un-blog-darsenal\/\" \/>\n<meta property=\"og:site_name\" content=\"Foot d&#039;avant\" \/>\n<meta property=\"article:publisher\" content=\"https:\/\/www.facebook.com\/Footdavant\/\" \/>\n<meta property=\"article:published_time\" content=\"2025-10-09T18:48:17+00:00\" \/>\n<meta property=\"article:modified_time\" content=\"2025-10-09T18:48:28+00:00\" \/>\n<meta property=\"og:image\" content=\"https:\/\/footdavant.fr\/actualites\/wp-content\/uploads\/2025\/07\/1753991296_HK-NLD-Big-Vik-sera-t-il-sorti.jpg\" \/>\n\t<meta property=\"og:image:width\" content=\"1500\" \/>\n\t<meta property=\"og:image:height\" content=\"750\" \/>\n\t<meta property=\"og:image:type\" content=\"image\/jpeg\" \/>\n<meta name=\"author\" content=\"Cl\u00e9ment\" \/>\n<meta name=\"twitter:card\" content=\"summary_large_image\" \/>\n<meta name=\"twitter:creator\" content=\"@FootdavantFr\" \/>\n<meta name=\"twitter:site\" content=\"@FootdavantFr\" \/>\n<meta name=\"twitter:label1\" content=\"\u00c9crit par\" \/>\n\t<meta name=\"twitter:data1\" content=\"Cl\u00e9ment\" \/>\n\t<meta name=\"twitter:label2\" content=\"Dur\u00e9e de lecture estim\u00e9e\" \/>\n\t<meta name=\"twitter:data2\" content=\"6 minutes\" \/>\n<script type=\"application\/ld+json\" class=\"yoast-schema-graph\">{\"@context\":\"https:\/\/schema.org\",\"@graph\":[{\"@type\":\"Article\",\"@id\":\"https:\/\/footdavant.fr\/actualites\/viktor-y-a-travers-lharmonie-un-blog-darsenal\/#article\",\"isPartOf\":{\"@id\":\"https:\/\/footdavant.fr\/actualites\/viktor-y-a-travers-lharmonie-un-blog-darsenal\/\"},\"author\":{\"name\":\"Cl\u00e9ment\",\"@id\":\"https:\/\/footdavant.fr\/actualites\/#\/schema\/person\/bc222566d95871b37e597b3ed3ba5e1d\"},\"headline\":\"Viktor-y \u00e0 travers l&#39;harmonie | &#8230;un blog d&#39;Arsenal\",\"datePublished\":\"2025-10-09T18:48:17+00:00\",\"dateModified\":\"2025-10-09T18:48:28+00:00\",\"mainEntityOfPage\":{\"@id\":\"https:\/\/footdavant.fr\/actualites\/viktor-y-a-travers-lharmonie-un-blog-darsenal\/\"},\"wordCount\":1231,\"publisher\":{\"@id\":\"https:\/\/footdavant.fr\/actualites\/#organization\"},\"keywords\":[\"...un\",\"blog\",\"d39Arsenal\",\"l39harmonie\",\"travers\",\"Viktory\"],\"articleSection\":[\"Football\"],\"inLanguage\":\"fr-FR\"},{\"@type\":\"WebPage\",\"@id\":\"https:\/\/footdavant.fr\/actualites\/viktor-y-a-travers-lharmonie-un-blog-darsenal\/\",\"url\":\"https:\/\/footdavant.fr\/actualites\/viktor-y-a-travers-lharmonie-un-blog-darsenal\/\",\"name\":\"Viktor-y \u00e0 travers l&#39;harmonie | ...un blog d&#39;Arsenal\",\"isPartOf\":{\"@id\":\"https:\/\/footdavant.fr\/actualites\/#website\"},\"datePublished\":\"2025-10-09T18:48:17+00:00\",\"dateModified\":\"2025-10-09T18:48:28+00:00\",\"breadcrumb\":{\"@id\":\"https:\/\/footdavant.fr\/actualites\/viktor-y-a-travers-lharmonie-un-blog-darsenal\/#breadcrumb\"},\"inLanguage\":\"fr-FR\",\"potentialAction\":[{\"@type\":\"ReadAction\",\"target\":[\"https:\/\/footdavant.fr\/actualites\/viktor-y-a-travers-lharmonie-un-blog-darsenal\/\"]}]},{\"@type\":\"BreadcrumbList\",\"@id\":\"https:\/\/footdavant.fr\/actualites\/viktor-y-a-travers-lharmonie-un-blog-darsenal\/#breadcrumb\",\"itemListElement\":[{\"@type\":\"ListItem\",\"position\":1,\"name\":\"Accueil\",\"item\":\"https:\/\/footdavant.fr\/actualites\/\"},{\"@type\":\"ListItem\",\"position\":2,\"name\":\"Viktor-y \u00e0 travers l&#39;harmonie | &#8230;un blog d&#39;Arsenal\"}]},{\"@type\":\"WebSite\",\"@id\":\"https:\/\/footdavant.fr\/actualites\/#website\",\"url\":\"https:\/\/footdavant.fr\/actualites\/\",\"name\":\"Foot d'avant\",\"description\":\"\",\"publisher\":{\"@id\":\"https:\/\/footdavant.fr\/actualites\/#organization\"},\"potentialAction\":[{\"@type\":\"SearchAction\",\"target\":{\"@type\":\"EntryPoint\",\"urlTemplate\":\"https:\/\/footdavant.fr\/actualites\/?s={search_term_string}\"},\"query-input\":\"required name=search_term_string\"}],\"inLanguage\":\"fr-FR\"},{\"@type\":\"Organization\",\"@id\":\"https:\/\/footdavant.fr\/actualites\/#organization\",\"name\":\"Foot d'avant\",\"url\":\"https:\/\/footdavant.fr\/actualites\/\",\"logo\":{\"@type\":\"ImageObject\",\"inLanguage\":\"fr-FR\",\"@id\":\"https:\/\/footdavant.fr\/actualites\/#\/schema\/logo\/image\/\",\"url\":\"https:\/\/footdavant.fr\/actualites\/wp-content\/uploads\/2023\/09\/Copy-of-FootDavant-Logo.png\",\"contentUrl\":\"https:\/\/footdavant.fr\/actualites\/wp-content\/uploads\/2023\/09\/Copy-of-FootDavant-Logo.png\",\"width\":936,\"height\":549,\"caption\":\"Foot d'avant\"},\"image\":{\"@id\":\"https:\/\/footdavant.fr\/actualites\/#\/schema\/logo\/image\/\"},\"sameAs\":[\"https:\/\/www.facebook.com\/Footdavant\/\",\"https:\/\/twitter.com\/FootdavantFr\",\"https:\/\/www.instagram.com\/footdavant.fr\/\"]},{\"@type\":\"Person\",\"@id\":\"https:\/\/footdavant.fr\/actualites\/#\/schema\/person\/bc222566d95871b37e597b3ed3ba5e1d\",\"name\":\"Cl\u00e9ment\",\"image\":{\"@type\":\"ImageObject\",\"inLanguage\":\"fr-FR\",\"@id\":\"https:\/\/footdavant.fr\/actualites\/#\/schema\/person\/image\/\",\"url\":\"https:\/\/secure.gravatar.com\/avatar\/7728b29aac2719421e1a9159b2254c44?s=96&d=mm&r=g\",\"contentUrl\":\"https:\/\/secure.gravatar.com\/avatar\/7728b29aac2719421e1a9159b2254c44?s=96&d=mm&r=g\",\"caption\":\"Cl\u00e9ment\"},\"sameAs\":[\"https:\/\/footdavant.fr\/\"]}]}<\/script>\n<!-- \/ Yoast SEO plugin. -->","yoast_head_json":{"title":"Viktor-y \u00e0 travers l&#39;harmonie | ...un blog d&#39;Arsenal","robots":{"index":"index","follow":"follow","max-snippet":"max-snippet:-1","max-image-preview":"max-image-preview:large","max-video-preview":"max-video-preview:-1"},"canonical":"https:\/\/footdavant.fr\/actualites\/viktor-y-a-travers-lharmonie-un-blog-darsenal\/","og_locale":"fr_FR","og_type":"article","og_title":"Viktor-y \u00e0 travers l&#39;harmonie | ...un blog d&#39;Arsenal","og_description":"Viktor Gyokeres a \u00e9t\u00e9 achet\u00e9 pour r\u00e9soudre des probl\u00e8mes tr\u00e8s simples pour Arsenal. D\u2019une part, l\u2019\u00e9quipe avait besoin d\u2019augmenter ses effectifs en attaque. La blessure","og_url":"https:\/\/footdavant.fr\/actualites\/viktor-y-a-travers-lharmonie-un-blog-darsenal\/","og_site_name":"Foot d&#039;avant","article_publisher":"https:\/\/www.facebook.com\/Footdavant\/","article_published_time":"2025-10-09T18:48:17+00:00","article_modified_time":"2025-10-09T18:48:28+00:00","og_image":[{"width":1500,"height":750,"url":"https:\/\/footdavant.fr\/actualites\/wp-content\/uploads\/2025\/07\/1753991296_HK-NLD-Big-Vik-sera-t-il-sorti.jpg","type":"image\/jpeg"}],"author":"Cl\u00e9ment","twitter_card":"summary_large_image","twitter_creator":"@FootdavantFr","twitter_site":"@FootdavantFr","twitter_misc":{"\u00c9crit par":"Cl\u00e9ment","Dur\u00e9e de lecture estim\u00e9e":"6 minutes"},"schema":{"@context":"https:\/\/schema.org","@graph":[{"@type":"Article","@id":"https:\/\/footdavant.fr\/actualites\/viktor-y-a-travers-lharmonie-un-blog-darsenal\/#article","isPartOf":{"@id":"https:\/\/footdavant.fr\/actualites\/viktor-y-a-travers-lharmonie-un-blog-darsenal\/"},"author":{"name":"Cl\u00e9ment","@id":"https:\/\/footdavant.fr\/actualites\/#\/schema\/person\/bc222566d95871b37e597b3ed3ba5e1d"},"headline":"Viktor-y \u00e0 travers l&#39;harmonie | &#8230;un blog d&#39;Arsenal","datePublished":"2025-10-09T18:48:17+00:00","dateModified":"2025-10-09T18:48:28+00:00","mainEntityOfPage":{"@id":"https:\/\/footdavant.fr\/actualites\/viktor-y-a-travers-lharmonie-un-blog-darsenal\/"},"wordCount":1231,"publisher":{"@id":"https:\/\/footdavant.fr\/actualites\/#organization"},"keywords":["...un","blog","d39Arsenal","l39harmonie","travers","Viktory"],"articleSection":["Football"],"inLanguage":"fr-FR"},{"@type":"WebPage","@id":"https:\/\/footdavant.fr\/actualites\/viktor-y-a-travers-lharmonie-un-blog-darsenal\/","url":"https:\/\/footdavant.fr\/actualites\/viktor-y-a-travers-lharmonie-un-blog-darsenal\/","name":"Viktor-y \u00e0 travers l&#39;harmonie | ...un blog d&#39;Arsenal","isPartOf":{"@id":"https:\/\/footdavant.fr\/actualites\/#website"},"datePublished":"2025-10-09T18:48:17+00:00","dateModified":"2025-10-09T18:48:28+00:00","breadcrumb":{"@id":"https:\/\/footdavant.fr\/actualites\/viktor-y-a-travers-lharmonie-un-blog-darsenal\/#breadcrumb"},"inLanguage":"fr-FR","potentialAction":[{"@type":"ReadAction","target":["https:\/\/footdavant.fr\/actualites\/viktor-y-a-travers-lharmonie-un-blog-darsenal\/"]}]},{"@type":"BreadcrumbList","@id":"https:\/\/footdavant.fr\/actualites\/viktor-y-a-travers-lharmonie-un-blog-darsenal\/#breadcrumb","itemListElement":[{"@type":"ListItem","position":1,"name":"Accueil","item":"https:\/\/footdavant.fr\/actualites\/"},{"@type":"ListItem","position":2,"name":"Viktor-y \u00e0 travers l&#39;harmonie | &#8230;un blog d&#39;Arsenal"}]},{"@type":"WebSite","@id":"https:\/\/footdavant.fr\/actualites\/#website","url":"https:\/\/footdavant.fr\/actualites\/","name":"Foot d'avant","description":"","publisher":{"@id":"https:\/\/footdavant.fr\/actualites\/#organization"},"potentialAction":[{"@type":"SearchAction","target":{"@type":"EntryPoint","urlTemplate":"https:\/\/footdavant.fr\/actualites\/?s={search_term_string}"},"query-input":"required name=search_term_string"}],"inLanguage":"fr-FR"},{"@type":"Organization","@id":"https:\/\/footdavant.fr\/actualites\/#organization","name":"Foot d'avant","url":"https:\/\/footdavant.fr\/actualites\/","logo":{"@type":"ImageObject","inLanguage":"fr-FR","@id":"https:\/\/footdavant.fr\/actualites\/#\/schema\/logo\/image\/","url":"https:\/\/footdavant.fr\/actualites\/wp-content\/uploads\/2023\/09\/Copy-of-FootDavant-Logo.png","contentUrl":"https:\/\/footdavant.fr\/actualites\/wp-content\/uploads\/2023\/09\/Copy-of-FootDavant-Logo.png","width":936,"height":549,"caption":"Foot d'avant"},"image":{"@id":"https:\/\/footdavant.fr\/actualites\/#\/schema\/logo\/image\/"},"sameAs":["https:\/\/www.facebook.com\/Footdavant\/","https:\/\/twitter.com\/FootdavantFr","https:\/\/www.instagram.com\/footdavant.fr\/"]},{"@type":"Person","@id":"https:\/\/footdavant.fr\/actualites\/#\/schema\/person\/bc222566d95871b37e597b3ed3ba5e1d","name":"Cl\u00e9ment","image":{"@type":"ImageObject","inLanguage":"fr-FR","@id":"https:\/\/footdavant.fr\/actualites\/#\/schema\/person\/image\/","url":"https:\/\/secure.gravatar.com\/avatar\/7728b29aac2719421e1a9159b2254c44?s=96&d=mm&r=g","contentUrl":"https:\/\/secure.gravatar.com\/avatar\/7728b29aac2719421e1a9159b2254c44?s=96&d=mm&r=g","caption":"Cl\u00e9ment"},"sameAs":["https:\/\/footdavant.fr\/"]}]}},"_links":{"self":[{"href":"https:\/\/footdavant.fr\/actualites\/wp-json\/wp\/v2\/posts\/29670"}],"collection":[{"href":"https:\/\/footdavant.fr\/actualites\/wp-json\/wp\/v2\/posts"}],"about":[{"href":"https:\/\/footdavant.fr\/actualites\/wp-json\/wp\/v2\/types\/post"}],"author":[{"embeddable":true,"href":"https:\/\/footdavant.fr\/actualites\/wp-json\/wp\/v2\/users\/1"}],"replies":[{"embeddable":true,"href":"https:\/\/footdavant.fr\/actualites\/wp-json\/wp\/v2\/comments?post=29670"}],"version-history":[{"count":1,"href":"https:\/\/footdavant.fr\/actualites\/wp-json\/wp\/v2\/posts\/29670\/revisions"}],"predecessor-version":[{"id":29671,"href":"https:\/\/footdavant.fr\/actualites\/wp-json\/wp\/v2\/posts\/29670\/revisions\/29671"}],"wp:featuredmedia":[{"embeddable":true,"href":"https:\/\/footdavant.fr\/actualites\/wp-json\/wp\/v2\/media\/26822"}],"wp:attachment":[{"href":"https:\/\/footdavant.fr\/actualites\/wp-json\/wp\/v2\/media?parent=29670"}],"wp:term":[{"taxonomy":"category","embeddable":true,"href":"https:\/\/footdavant.fr\/actualites\/wp-json\/wp\/v2\/categories?post=29670"},{"taxonomy":"post_tag","embeddable":true,"href":"https:\/\/footdavant.fr\/actualites\/wp-json\/wp\/v2\/tags?post=29670"}],"curies":[{"name":"wp","href":"https:\/\/api.w.org\/{rel}","templated":true}]}}