{"id":29682,"date":"2025-10-10T06:48:07","date_gmt":"2025-10-10T04:48:07","guid":{"rendered":"https:\/\/footdavant.fr\/actualites\/wolverhampton-wanderers-1-1-brighton-hove-albion-faits-saillants-homme-du-match-statistiques-alors-que-la-tete-de-van-hecke-dement-les-wolves\/"},"modified":"2025-10-10T06:48:08","modified_gmt":"2025-10-10T04:48:08","slug":"wolverhampton-wanderers-1-1-brighton-hove-albion-faits-saillants-homme-du-match-statistiques-alors-que-la-tete-de-van-hecke-dement-les-wolves","status":"publish","type":"post","link":"https:\/\/footdavant.fr\/actualites\/wolverhampton-wanderers-1-1-brighton-hove-albion-faits-saillants-homme-du-match-statistiques-alors-que-la-tete-de-van-hecke-dement-les-wolves\/","title":{"rendered":"Wolverhampton Wanderers 1-1 Brighton &#038; Hove Albion: faits saillants, homme du match, statistiques alors que la t\u00eate de Van Hecke d\u00e9ment les Wolves"},"content":{"rendered":"<p>Un but tardif a permis aux Wolverhampton Wanderers de Vitor Pereira de faire match nul 1-1 contre Brighton &#038; Hove Albion en Premier League lorsque les deux \u00e9quipes se sont rencontr\u00e9es \u00e0 Molineux dimanche.<\/p>\n<div id=\"article_body\" itemprop=\"articleBody\">\n<p><strong class=\"autotag\">Les Wolverhampton Wanderers attendent toujours leur premi\u00e8re victoire de la saison en Premier League apr\u00e8s qu&#39;un \u00e9galiseur tardif ait permis \u00e0 Brighton et Hove Albion d&#39;arracher un point lors d&#39;un match nul 1-1 au stade Molineux dimanche.<\/p>\n<p>Dans une premi\u00e8re mi-temps avec peu d&#39;occasions, le match a livr\u00e9 deux minutes d\u00e9cisives qui ont d\u00e9but\u00e9 par <strong class=\"autotag\">Expulsion de Vitor Pereira par l&#39;arbitre <strong class=\"autotag\">Jarred Gillett apr\u00e8s que le manager du Old Gold ait exprim\u00e9 sa frustration face \u00e0 certaines d\u00e9cisions des officiels.<\/p>\n<p>Imm\u00e9diatement apr\u00e8s l&#39;expulsion de Pereira, les Wolves ont pris les devants avec une certaine chance lorsque <strong class=\"autotag\">La vol\u00e9e de Marshall Munetsi a \u00e9t\u00e9 d\u00e9vi\u00e9e sur la barre transversale par le gardien des Seagulls. <strong class=\"autotag\">Bart Verbruggen, seulement pour que le ricochet lui touche le dos et finisse dans le filet malgr\u00e9 ses efforts.<\/p>\n<p>A l&#39;intervalle, <strong class=\"autotag\">Fabian Hurzeler a fait un remplacement offensif, faisant entrer <strong class=\"autotag\">Georginio Rutter pour le milieu de terrain <strong class=\"autotag\">Carlos Baleba, m\u00eame si ce dernier a \u00e9cop\u00e9 d&#39;un carton jaune pr\u00e9coce pour une faute sur <strong class=\"autotag\">Hugo Bueno.<\/p>\n<p>Bien que le changement d\u2019esprit offensif ait \u00e9t\u00e9 louable et ait permis \u00e0 Brighton de d\u00e9passer sa moyenne de tirs dans un match cette saison, il serait juste de dire que la ligne de front visiteuse est rest\u00e9e \u00e9tonnamment brutale.<\/p>\n<p>Cependant, avec un seul instant de qualit\u00e9 de <strong class=\"autotag\">Stefanos Tzimas et une t\u00eate de <strong class=\"autotag\">Jan Paul van Hecke, les Seagulls ont trouv\u00e9 un \u00e9galiseur tardivement, refusant aux h\u00f4tes ce qui aurait \u00e9t\u00e9 trois points vitaux.<\/p>\n<p><\/p>\n<h2>VERDICT DE LA MOLE DU SPORT<\/h2>\n<p class=\"imgI\">\n<p>Les loups ont perdu leurs cinq premiers matchs de haut niveau en 2025-26, et m\u00eame si cette impasse sera d\u00e9cevante pour le Old Gold, ils en sont d\u00e9sormais \u00e0 trois matches sans d\u00e9faite toutes comp\u00e9titions confondues \u2013 une am\u00e9lioration drastique.<\/p>\n<p>Les h\u00f4tes menaient \u00e0 la mi-temps de la Premier League pour la premi\u00e8re fois depuis leur victoire 3-0 contre Leicester City en avril, et en conc\u00e9dant tardivement, ils ont mis fin \u00e0 une s\u00e9rie de sept victoires en menant \u00e0 la pause.<\/p>\n<p>R\u00e9sultat mis \u00e0 part, les hommes de Pereira peuvent se r\u00e9jouir de leur performance de dimanche, et si <strong class=\"autotag\">Jorgen Strand Larsen peut rester en forme apr\u00e8s son retour r\u00e9cent dans la formation de d\u00e9part, alors ils ont toutes les chances de rester en place \u00e9tant donn\u00e9 qu&#39;ils ne restent qu&#39;\u00e0 trois points de Nottingham Forest, 17e.<\/p>\n<p>Quant \u00e0 Brighton, ils ont marqu\u00e9 15 buts lors des cinq matches pr\u00e9c\u00e9dant ce week-end, et l&#39;entra\u00eeneur s&#39;inqui\u00e9tera du fait que son \u00e9quipe ait \u00e9t\u00e9 si brutale contre le dernier club de la division.<\/p>\n<p>D&#39;un autre c\u00f4t\u00e9, alors que l&#39;\u00e9quipe de Hurzeler vise la qualification europ\u00e9enne cette saison, l&#39;entra\u00eeneur sera satisfait de la capacit\u00e9 de ses joueurs \u00e0 marquer en fin de match, les Seagulls ayant d\u00e9sormais inscrit cinq buts dans les 15 derni\u00e8res minutes des matches cette saison &#8211; seul Liverpool, avec six, en a marqu\u00e9 plus.<\/p>\n<p><\/p>\n<h2>WOLVERHAMPTON WANDERERS CONTRE. POINTS FORTS DE BRIGHTON ET HOVE ALBION<\/h2>\n<p>20e minute : Vitor Pereira (Wolverhampton Wanderers) carton rouge<\/p>\n<blockquote class=\"twitter-tweet\">\n<p dir=\"ltr\" lang=\"en\">Qu&#39;a dit Vitor Pereira ici ?!<\/p>\n<p>Le patron des Wolves voit rouge apr\u00e8s que Carlos Baleba ait re\u00e7u un carton jaune pour ce d\u00e9fi ? <a rel=\"nofollow\" href=\"https:\/\/t.co\/sZXwcDZjM6\">pic.twitter.com\/sZXwcDZjM6<\/a><\/p>\n<p>\u2013 Sky Sports Premier League (@SkySportsPL) <a rel=\"nofollow\" href=\"https:\/\/twitter.com\/SkySportsPL\/status\/1974827809030701198?ref_src=twsrc%5Etfw\">5 octobre 2025<\/a><\/p><\/blockquote>\n<p>L&#39;entra\u00eeneur des Wolves r\u00e9agit avec frustration \u00e0 une faute de Baleba sur Bueno et, apr\u00e8s avoir dit quelque chose aux officiels, re\u00e7oit un carton rouge.<\/p>\n<p>On ne sait pas exactement ce qui a \u00e9t\u00e9 dit, mais le patron a \u00e9galement lanc\u00e9 un ballon dans l&#39;abri quelques instants plus t\u00f4t, et son licenciement pourrait avoir \u00e9t\u00e9 li\u00e9 \u00e0 cet incident.<\/p>\n<h3><strong class=\"autotag\">But contre son camp de Bart Verbruggen contre Brighton (21e minute, Wolverhampton Wanderers 1-0 Brighton &#038; Hove Albion)<\/h3>\n<blockquote class=\"twitter-tweet\">\n<p dir=\"ltr\" lang=\"en\">Les loups prennent les devants contre Brighton apr\u00e8s que le ballon ait ricoch\u00e9 dans le dos de Bart Verbruggen ! ? <a rel=\"nofollow\" href=\"https:\/\/t.co\/9XGgicFtfc\">pic.twitter.com\/9XGgicFtfc<\/a><\/p>\n<p>\u2013 Sky Sports Premier League (@SkySportsPL) <a rel=\"nofollow\" href=\"https:\/\/twitter.com\/SkySportsPL\/status\/1974828011246559464?ref_src=twsrc%5Etfw\">5 octobre 2025<\/a><\/p><\/blockquote>\n<p>Les loups <strong class=\"autotag\">Jhon Arias lance un coup franc dans la surface depuis le fond du flanc gauche, mais la d\u00e9fense visiteuse ne parvient pas \u00e0 d\u00e9gager le ballon correctement, et Munetsi se jette sur une t\u00eate faible de Brighton pour tirer une roquette de vol\u00e9e vers le but de Verbruggen.<\/p>\n<p>Le gardien de but met la main sur la frappe et la fait basculer sur la barre transversale, mais celle-ci rebondit sur son dos et dans son propre but.<\/p>\n<p>56e minute : Jhon Arias (Wolverhampton Wanderers) grande chance manqu\u00e9e<\/p>\n<p>The Old Gold transmet le ballon \u00e0 Strand Larsen, qui le retient, et apr\u00e8s que Bueno en ait pris possession, il s\u00e9lectionne Arias au bord de la surface de r\u00e9paration, mais l&#39;attaquant frappe \u00e0 bout portant.<\/p>\n<p>76e minute : Jorgen Strand Larsen (Wolverhampton Wanderers) frappe le poteau<\/p>\n<p>L&#39;avant-centre des Wolves a \u00e9t\u00e9 bless\u00e9 cette saison, mais il montre sa qualit\u00e9 avec une belle course avant de frapper les bois avec sa tentative de finition pr\u00e8s du poteau.<\/p>\n<h3>But de Jan Paul van Hecke contre les Wolves (86e minute, Wolverhampton Wanderers 1-1 Brighton &#038; Hove Albion)<\/h3>\n<blockquote class=\"twitter-tweet\">\n<p dir=\"ltr\" lang=\"en\">Le corner court s&#39;av\u00e8re payant pour Brighton et Jan Paul van Hecke trouve l&#39;\u00e9galisation face aux Wolves ! ? <a rel=\"nofollow\" href=\"https:\/\/t.co\/wN49CvSWZm\">pic.twitter.com\/wN49CvSWZm<\/a><\/p>\n<p>\u2013 Sky Sports Premier League (@SkySportsPL) <a rel=\"nofollow\" href=\"https:\/\/twitter.com\/SkySportsPL\/status\/1974849322739994939?ref_src=twsrc%5Etfw\">5 octobre 2025<\/a><\/p><\/blockquote>\n<p><strong class=\"autotag\">Yankuba Minteh tire un corner rapide sur le c\u00f4t\u00e9 gauche, passe court \u00e0 Tzimas, qui rep\u00e8re Van Hecke avec un excellent centre, et l&#39;arri\u00e8re central propulse sa t\u00eate au-del\u00e0. <strong class=\"autotag\">Sam Johnstone et dans le coin inf\u00e9rieur gauche \u00e0 huit m\u00e8tres.<\/p>\n<p><\/p>\n<h2>HOMME DU MATCH &#8211; JAN PAUL VAN HECKE<\/h2>\n<p class=\"imgI\"><img decoding=\"async\" alt=\"Jan Paul van Hecke de Brighton &#038; Hove Albion c\u00e9l\u00e8bre son objectif de porter le score \u00e0 1-1 le 5 octobre 2025\" class=\"vanilla-lazyload article-image\" src=\"https:\/\/footdavant.fr\/actualites\/wp-content\/uploads\/2025\/10\/1760071686_299_Wolverhampton-Wanderers-1-1-Brighton-Hove-Albion-faits-saillants-homme.webp\"><\/p>\n<p>En quelques instants, le d\u00e9fenseur central a \u00e9t\u00e9 solidement pr\u00e9sent en d\u00e9fense pour Brighton et a remport\u00e9 le plus de duels (10), avant d&#39;inscrire l&#39;\u00e9galisation qui a valu un point \u00e0 son \u00e9quipe en fin de match.<\/p>\n<p><\/p>\n<h2>WOLVERHAMPTON WANDERERS CONTRE. STATISTIQUES DU MATCH BRIGHTON &#038; HOVE ALBION<\/h2>\n<p>Possession : Wolverhampton Wanderers 42%-58% Brighton &#038; Hove Albion<\/p>\n<p>Tirs : Wolverhampton Wanderers 6-17 Brighton &#038; Hove Albion<\/p>\n<p>Tirs cadr\u00e9s : Wolverhampton Wanderers 3-6 Brighton &#038; Hove Albion<\/p>\n<p>Corners : Wolverhampton Wanderers 2-8 Brighton &#038; Hove Albion<\/p>\n<p>Fautes : Wolverhampton Wanderers 13-9 Brighton &#038; Hove Albion<\/p>\n<p><\/p>\n<h2>MEILLEURES STATISTIQUES<\/h2>\n<blockquote class=\"twitter-tweet\">\n<p dir=\"ltr\" lang=\"en\">Brighton a mis le ballon dans ses propres filets plus que toute autre \u00e9quipe des cinq meilleures ligues europ\u00e9ennes.<\/p>\n<p>Ils ont marqu\u00e9 12 buts contre leur camp en Premier League depuis le d\u00e9but de la saison 2022\/23. ? https:\/\/t.co\/6SU8fasYdX<\/p>\n<p>\u2013 Squawka (@Squawka) <a rel=\"nofollow\" href=\"https:\/\/twitter.com\/Squawka\/status\/1974830585878073762?ref_src=twsrc%5Etfw\">5 octobre 2025<\/a><\/p><\/blockquote>\n<p><\/p>\n<blockquote class=\"twitter-tweet\">\n<p dir=\"ltr\" lang=\"en\">25 \u2013 Les Wolves ont d\u00e9j\u00e0 apport\u00e9 25 changements \u00e0 leur onze de d\u00e9part en Premier League cette saison ; Au cours des sept premiers matchs d&#39;une m\u00eame campagne, seules deux \u00e9quipes en ont fait plus (29 pour Man Utd en 2001-02 et 26 pour Man City en 2012-13). Bricoler. <a rel=\"nofollow\" href=\"https:\/\/t.co\/ytErC5Bi6i\">pic.twitter.com\/ytErC5Bi6i<\/a><\/p>\n<p>\u2013 OptaJoe (@OptaJoe) <a rel=\"nofollow\" href=\"https:\/\/twitter.com\/OptaJoe\/status\/1974818492340670820?ref_src=twsrc%5Etfw\">5 octobre 2025<\/a><\/p><\/blockquote>\n<h2>ET EN SUIVANT ?<\/h2>\n<p>Apr\u00e8s la tr\u00eave internationale, les Wolves se rendront au Stadium of Light pour affronter Sunderland en Premier League le 18 octobre, tandis que Brighton devrait accueillir Newcastle United \u00e0 l&#39;Amex le m\u00eame jour.<\/div>\n<p><script async src=\"https:\/\/platform.twitter.com\/widgets.js\" charset=\"utf-8\"><\/script><\/p>\n","protected":false},"excerpt":{"rendered":"<p>Un but tardif a permis aux Wolverhampton Wanderers de Vitor Pereira de faire match nul 1-1 contre Brighton &#038; Hove Albion en Premier League lorsque<\/p>\n","protected":false},"author":1,"featured_media":29683,"comment_status":"closed","ping_status":"","sticky":false,"template":"","format":"standard","meta":{"footnotes":""},"categories":[5],"tags":[351,318,349,2845,119,10736,1245,350,93,257,4919,4115,568,783,745,744,1454],"yoast_head":"<!-- This site is optimized with the Yoast SEO plugin v21.0 - https:\/\/yoast.com\/wordpress\/plugins\/seo\/ -->\n<title>Wolverhampton Wanderers 1-1 Brighton &amp; Hove Albion: faits saillants, homme du match, statistiques alors que la t\u00eate de Van Hecke d\u00e9ment les Wolves<\/title>\n<meta name=\"robots\" content=\"index, follow, max-snippet:-1, max-image-preview:large, max-video-preview:-1\" \/>\n<link rel=\"canonical\" href=\"https:\/\/footdavant.fr\/actualites\/wolverhampton-wanderers-1-1-brighton-hove-albion-faits-saillants-homme-du-match-statistiques-alors-que-la-tete-de-van-hecke-dement-les-wolves\/\" \/>\n<meta property=\"og:locale\" content=\"fr_FR\" \/>\n<meta property=\"og:type\" content=\"article\" \/>\n<meta property=\"og:title\" content=\"Wolverhampton Wanderers 1-1 Brighton &amp; Hove Albion: faits saillants, homme du match, statistiques alors que la t\u00eate de Van Hecke d\u00e9ment les Wolves\" \/>\n<meta property=\"og:description\" content=\"Un but tardif a permis aux Wolverhampton Wanderers de Vitor Pereira de faire match nul 1-1 contre Brighton &#038; Hove Albion en Premier League lorsque\" \/>\n<meta property=\"og:url\" content=\"https:\/\/footdavant.fr\/actualites\/wolverhampton-wanderers-1-1-brighton-hove-albion-faits-saillants-homme-du-match-statistiques-alors-que-la-tete-de-van-hecke-dement-les-wolves\/\" \/>\n<meta property=\"og:site_name\" content=\"Foot d&#039;avant\" \/>\n<meta property=\"article:publisher\" content=\"https:\/\/www.facebook.com\/Footdavant\/\" \/>\n<meta property=\"article:published_time\" content=\"2025-10-10T04:48:07+00:00\" \/>\n<meta property=\"article:modified_time\" content=\"2025-10-10T04:48:08+00:00\" \/>\n<meta property=\"og:image\" content=\"https:\/\/footdavant.fr\/actualites\/wp-content\/uploads\/2025\/10\/Wolverhampton-Wanderers-1-1-Brighton-Hove-Albion-faits-saillants-homme.jpg\" \/>\n\t<meta property=\"og:image:width\" content=\"640\" \/>\n\t<meta property=\"og:image:height\" content=\"480\" \/>\n\t<meta property=\"og:image:type\" content=\"image\/jpeg\" \/>\n<meta name=\"author\" content=\"Cl\u00e9ment\" \/>\n<meta name=\"twitter:card\" content=\"summary_large_image\" \/>\n<meta name=\"twitter:creator\" content=\"@FootdavantFr\" \/>\n<meta name=\"twitter:site\" content=\"@FootdavantFr\" \/>\n<meta name=\"twitter:label1\" content=\"\u00c9crit par\" \/>\n\t<meta name=\"twitter:data1\" content=\"Cl\u00e9ment\" \/>\n\t<meta name=\"twitter:label2\" content=\"Dur\u00e9e de lecture estim\u00e9e\" \/>\n\t<meta name=\"twitter:data2\" content=\"6 minutes\" \/>\n<script type=\"application\/ld+json\" class=\"yoast-schema-graph\">{\"@context\":\"https:\/\/schema.org\",\"@graph\":[{\"@type\":\"Article\",\"@id\":\"https:\/\/footdavant.fr\/actualites\/wolverhampton-wanderers-1-1-brighton-hove-albion-faits-saillants-homme-du-match-statistiques-alors-que-la-tete-de-van-hecke-dement-les-wolves\/#article\",\"isPartOf\":{\"@id\":\"https:\/\/footdavant.fr\/actualites\/wolverhampton-wanderers-1-1-brighton-hove-albion-faits-saillants-homme-du-match-statistiques-alors-que-la-tete-de-van-hecke-dement-les-wolves\/\"},\"author\":{\"name\":\"Cl\u00e9ment\",\"@id\":\"https:\/\/footdavant.fr\/actualites\/#\/schema\/person\/bc222566d95871b37e597b3ed3ba5e1d\"},\"headline\":\"Wolverhampton Wanderers 1-1 Brighton &#038; Hove Albion: faits saillants, homme du match, statistiques alors que la t\u00eate de Van Hecke d\u00e9ment les Wolves\",\"datePublished\":\"2025-10-10T04:48:07+00:00\",\"dateModified\":\"2025-10-10T04:48:08+00:00\",\"mainEntityOfPage\":{\"@id\":\"https:\/\/footdavant.fr\/actualites\/wolverhampton-wanderers-1-1-brighton-hove-albion-faits-saillants-homme-du-match-statistiques-alors-que-la-tete-de-van-hecke-dement-les-wolves\/\"},\"wordCount\":1242,\"publisher\":{\"@id\":\"https:\/\/footdavant.fr\/actualites\/#organization\"},\"keywords\":[\"Albion\",\"alors\",\"Brighton\",\"d\u00e9ment\",\"faits\",\"Hecke\",\"homme\",\"Hove\",\"les\",\"match\",\"saillants\",\"statistiques\",\"t\u00eate\",\"van\",\"Wanderers\",\"Wolverhampton\",\"Wolves\"],\"articleSection\":[\"Premier League\"],\"inLanguage\":\"fr-FR\"},{\"@type\":\"WebPage\",\"@id\":\"https:\/\/footdavant.fr\/actualites\/wolverhampton-wanderers-1-1-brighton-hove-albion-faits-saillants-homme-du-match-statistiques-alors-que-la-tete-de-van-hecke-dement-les-wolves\/\",\"url\":\"https:\/\/footdavant.fr\/actualites\/wolverhampton-wanderers-1-1-brighton-hove-albion-faits-saillants-homme-du-match-statistiques-alors-que-la-tete-de-van-hecke-dement-les-wolves\/\",\"name\":\"Wolverhampton Wanderers 1-1 Brighton & Hove Albion: faits saillants, homme du match, statistiques alors que la t\u00eate de Van Hecke d\u00e9ment les Wolves\",\"isPartOf\":{\"@id\":\"https:\/\/footdavant.fr\/actualites\/#website\"},\"datePublished\":\"2025-10-10T04:48:07+00:00\",\"dateModified\":\"2025-10-10T04:48:08+00:00\",\"breadcrumb\":{\"@id\":\"https:\/\/footdavant.fr\/actualites\/wolverhampton-wanderers-1-1-brighton-hove-albion-faits-saillants-homme-du-match-statistiques-alors-que-la-tete-de-van-hecke-dement-les-wolves\/#breadcrumb\"},\"inLanguage\":\"fr-FR\",\"potentialAction\":[{\"@type\":\"ReadAction\",\"target\":[\"https:\/\/footdavant.fr\/actualites\/wolverhampton-wanderers-1-1-brighton-hove-albion-faits-saillants-homme-du-match-statistiques-alors-que-la-tete-de-van-hecke-dement-les-wolves\/\"]}]},{\"@type\":\"BreadcrumbList\",\"@id\":\"https:\/\/footdavant.fr\/actualites\/wolverhampton-wanderers-1-1-brighton-hove-albion-faits-saillants-homme-du-match-statistiques-alors-que-la-tete-de-van-hecke-dement-les-wolves\/#breadcrumb\",\"itemListElement\":[{\"@type\":\"ListItem\",\"position\":1,\"name\":\"Accueil\",\"item\":\"https:\/\/footdavant.fr\/actualites\/\"},{\"@type\":\"ListItem\",\"position\":2,\"name\":\"Wolverhampton Wanderers 1-1 Brighton &#038; Hove Albion: faits saillants, homme du match, statistiques alors que la t\u00eate de Van Hecke d\u00e9ment les Wolves\"}]},{\"@type\":\"WebSite\",\"@id\":\"https:\/\/footdavant.fr\/actualites\/#website\",\"url\":\"https:\/\/footdavant.fr\/actualites\/\",\"name\":\"Foot d'avant\",\"description\":\"\",\"publisher\":{\"@id\":\"https:\/\/footdavant.fr\/actualites\/#organization\"},\"potentialAction\":[{\"@type\":\"SearchAction\",\"target\":{\"@type\":\"EntryPoint\",\"urlTemplate\":\"https:\/\/footdavant.fr\/actualites\/?s={search_term_string}\"},\"query-input\":\"required name=search_term_string\"}],\"inLanguage\":\"fr-FR\"},{\"@type\":\"Organization\",\"@id\":\"https:\/\/footdavant.fr\/actualites\/#organization\",\"name\":\"Foot d'avant\",\"url\":\"https:\/\/footdavant.fr\/actualites\/\",\"logo\":{\"@type\":\"ImageObject\",\"inLanguage\":\"fr-FR\",\"@id\":\"https:\/\/footdavant.fr\/actualites\/#\/schema\/logo\/image\/\",\"url\":\"https:\/\/footdavant.fr\/actualites\/wp-content\/uploads\/2023\/09\/Copy-of-FootDavant-Logo.png\",\"contentUrl\":\"https:\/\/footdavant.fr\/actualites\/wp-content\/uploads\/2023\/09\/Copy-of-FootDavant-Logo.png\",\"width\":936,\"height\":549,\"caption\":\"Foot d'avant\"},\"image\":{\"@id\":\"https:\/\/footdavant.fr\/actualites\/#\/schema\/logo\/image\/\"},\"sameAs\":[\"https:\/\/www.facebook.com\/Footdavant\/\",\"https:\/\/twitter.com\/FootdavantFr\",\"https:\/\/www.instagram.com\/footdavant.fr\/\"]},{\"@type\":\"Person\",\"@id\":\"https:\/\/footdavant.fr\/actualites\/#\/schema\/person\/bc222566d95871b37e597b3ed3ba5e1d\",\"name\":\"Cl\u00e9ment\",\"image\":{\"@type\":\"ImageObject\",\"inLanguage\":\"fr-FR\",\"@id\":\"https:\/\/footdavant.fr\/actualites\/#\/schema\/person\/image\/\",\"url\":\"https:\/\/secure.gravatar.com\/avatar\/7728b29aac2719421e1a9159b2254c44?s=96&d=mm&r=g\",\"contentUrl\":\"https:\/\/secure.gravatar.com\/avatar\/7728b29aac2719421e1a9159b2254c44?s=96&d=mm&r=g\",\"caption\":\"Cl\u00e9ment\"},\"sameAs\":[\"https:\/\/footdavant.fr\/\"]}]}<\/script>\n<!-- \/ Yoast SEO plugin. -->","yoast_head_json":{"title":"Wolverhampton Wanderers 1-1 Brighton & Hove Albion: faits saillants, homme du match, statistiques alors que la t\u00eate de Van Hecke d\u00e9ment les Wolves","robots":{"index":"index","follow":"follow","max-snippet":"max-snippet:-1","max-image-preview":"max-image-preview:large","max-video-preview":"max-video-preview:-1"},"canonical":"https:\/\/footdavant.fr\/actualites\/wolverhampton-wanderers-1-1-brighton-hove-albion-faits-saillants-homme-du-match-statistiques-alors-que-la-tete-de-van-hecke-dement-les-wolves\/","og_locale":"fr_FR","og_type":"article","og_title":"Wolverhampton Wanderers 1-1 Brighton & Hove Albion: faits saillants, homme du match, statistiques alors que la t\u00eate de Van Hecke d\u00e9ment les Wolves","og_description":"Un but tardif a permis aux Wolverhampton Wanderers de Vitor Pereira de faire match nul 1-1 contre Brighton &#038; Hove Albion en Premier League lorsque","og_url":"https:\/\/footdavant.fr\/actualites\/wolverhampton-wanderers-1-1-brighton-hove-albion-faits-saillants-homme-du-match-statistiques-alors-que-la-tete-de-van-hecke-dement-les-wolves\/","og_site_name":"Foot d&#039;avant","article_publisher":"https:\/\/www.facebook.com\/Footdavant\/","article_published_time":"2025-10-10T04:48:07+00:00","article_modified_time":"2025-10-10T04:48:08+00:00","og_image":[{"width":640,"height":480,"url":"https:\/\/footdavant.fr\/actualites\/wp-content\/uploads\/2025\/10\/Wolverhampton-Wanderers-1-1-Brighton-Hove-Albion-faits-saillants-homme.jpg","type":"image\/jpeg"}],"author":"Cl\u00e9ment","twitter_card":"summary_large_image","twitter_creator":"@FootdavantFr","twitter_site":"@FootdavantFr","twitter_misc":{"\u00c9crit par":"Cl\u00e9ment","Dur\u00e9e de lecture estim\u00e9e":"6 minutes"},"schema":{"@context":"https:\/\/schema.org","@graph":[{"@type":"Article","@id":"https:\/\/footdavant.fr\/actualites\/wolverhampton-wanderers-1-1-brighton-hove-albion-faits-saillants-homme-du-match-statistiques-alors-que-la-tete-de-van-hecke-dement-les-wolves\/#article","isPartOf":{"@id":"https:\/\/footdavant.fr\/actualites\/wolverhampton-wanderers-1-1-brighton-hove-albion-faits-saillants-homme-du-match-statistiques-alors-que-la-tete-de-van-hecke-dement-les-wolves\/"},"author":{"name":"Cl\u00e9ment","@id":"https:\/\/footdavant.fr\/actualites\/#\/schema\/person\/bc222566d95871b37e597b3ed3ba5e1d"},"headline":"Wolverhampton Wanderers 1-1 Brighton &#038; Hove Albion: faits saillants, homme du match, statistiques alors que la t\u00eate de Van Hecke d\u00e9ment les Wolves","datePublished":"2025-10-10T04:48:07+00:00","dateModified":"2025-10-10T04:48:08+00:00","mainEntityOfPage":{"@id":"https:\/\/footdavant.fr\/actualites\/wolverhampton-wanderers-1-1-brighton-hove-albion-faits-saillants-homme-du-match-statistiques-alors-que-la-tete-de-van-hecke-dement-les-wolves\/"},"wordCount":1242,"publisher":{"@id":"https:\/\/footdavant.fr\/actualites\/#organization"},"keywords":["Albion","alors","Brighton","d\u00e9ment","faits","Hecke","homme","Hove","les","match","saillants","statistiques","t\u00eate","van","Wanderers","Wolverhampton","Wolves"],"articleSection":["Premier League"],"inLanguage":"fr-FR"},{"@type":"WebPage","@id":"https:\/\/footdavant.fr\/actualites\/wolverhampton-wanderers-1-1-brighton-hove-albion-faits-saillants-homme-du-match-statistiques-alors-que-la-tete-de-van-hecke-dement-les-wolves\/","url":"https:\/\/footdavant.fr\/actualites\/wolverhampton-wanderers-1-1-brighton-hove-albion-faits-saillants-homme-du-match-statistiques-alors-que-la-tete-de-van-hecke-dement-les-wolves\/","name":"Wolverhampton Wanderers 1-1 Brighton & Hove Albion: faits saillants, homme du match, statistiques alors que la t\u00eate de Van Hecke d\u00e9ment les Wolves","isPartOf":{"@id":"https:\/\/footdavant.fr\/actualites\/#website"},"datePublished":"2025-10-10T04:48:07+00:00","dateModified":"2025-10-10T04:48:08+00:00","breadcrumb":{"@id":"https:\/\/footdavant.fr\/actualites\/wolverhampton-wanderers-1-1-brighton-hove-albion-faits-saillants-homme-du-match-statistiques-alors-que-la-tete-de-van-hecke-dement-les-wolves\/#breadcrumb"},"inLanguage":"fr-FR","potentialAction":[{"@type":"ReadAction","target":["https:\/\/footdavant.fr\/actualites\/wolverhampton-wanderers-1-1-brighton-hove-albion-faits-saillants-homme-du-match-statistiques-alors-que-la-tete-de-van-hecke-dement-les-wolves\/"]}]},{"@type":"BreadcrumbList","@id":"https:\/\/footdavant.fr\/actualites\/wolverhampton-wanderers-1-1-brighton-hove-albion-faits-saillants-homme-du-match-statistiques-alors-que-la-tete-de-van-hecke-dement-les-wolves\/#breadcrumb","itemListElement":[{"@type":"ListItem","position":1,"name":"Accueil","item":"https:\/\/footdavant.fr\/actualites\/"},{"@type":"ListItem","position":2,"name":"Wolverhampton Wanderers 1-1 Brighton &#038; Hove Albion: faits saillants, homme du match, statistiques alors que la t\u00eate de Van Hecke d\u00e9ment les Wolves"}]},{"@type":"WebSite","@id":"https:\/\/footdavant.fr\/actualites\/#website","url":"https:\/\/footdavant.fr\/actualites\/","name":"Foot d'avant","description":"","publisher":{"@id":"https:\/\/footdavant.fr\/actualites\/#organization"},"potentialAction":[{"@type":"SearchAction","target":{"@type":"EntryPoint","urlTemplate":"https:\/\/footdavant.fr\/actualites\/?s={search_term_string}"},"query-input":"required name=search_term_string"}],"inLanguage":"fr-FR"},{"@type":"Organization","@id":"https:\/\/footdavant.fr\/actualites\/#organization","name":"Foot d'avant","url":"https:\/\/footdavant.fr\/actualites\/","logo":{"@type":"ImageObject","inLanguage":"fr-FR","@id":"https:\/\/footdavant.fr\/actualites\/#\/schema\/logo\/image\/","url":"https:\/\/footdavant.fr\/actualites\/wp-content\/uploads\/2023\/09\/Copy-of-FootDavant-Logo.png","contentUrl":"https:\/\/footdavant.fr\/actualites\/wp-content\/uploads\/2023\/09\/Copy-of-FootDavant-Logo.png","width":936,"height":549,"caption":"Foot d'avant"},"image":{"@id":"https:\/\/footdavant.fr\/actualites\/#\/schema\/logo\/image\/"},"sameAs":["https:\/\/www.facebook.com\/Footdavant\/","https:\/\/twitter.com\/FootdavantFr","https:\/\/www.instagram.com\/footdavant.fr\/"]},{"@type":"Person","@id":"https:\/\/footdavant.fr\/actualites\/#\/schema\/person\/bc222566d95871b37e597b3ed3ba5e1d","name":"Cl\u00e9ment","image":{"@type":"ImageObject","inLanguage":"fr-FR","@id":"https:\/\/footdavant.fr\/actualites\/#\/schema\/person\/image\/","url":"https:\/\/secure.gravatar.com\/avatar\/7728b29aac2719421e1a9159b2254c44?s=96&d=mm&r=g","contentUrl":"https:\/\/secure.gravatar.com\/avatar\/7728b29aac2719421e1a9159b2254c44?s=96&d=mm&r=g","caption":"Cl\u00e9ment"},"sameAs":["https:\/\/footdavant.fr\/"]}]}},"_links":{"self":[{"href":"https:\/\/footdavant.fr\/actualites\/wp-json\/wp\/v2\/posts\/29682"}],"collection":[{"href":"https:\/\/footdavant.fr\/actualites\/wp-json\/wp\/v2\/posts"}],"about":[{"href":"https:\/\/footdavant.fr\/actualites\/wp-json\/wp\/v2\/types\/post"}],"author":[{"embeddable":true,"href":"https:\/\/footdavant.fr\/actualites\/wp-json\/wp\/v2\/users\/1"}],"replies":[{"embeddable":true,"href":"https:\/\/footdavant.fr\/actualites\/wp-json\/wp\/v2\/comments?post=29682"}],"version-history":[{"count":1,"href":"https:\/\/footdavant.fr\/actualites\/wp-json\/wp\/v2\/posts\/29682\/revisions"}],"predecessor-version":[{"id":29684,"href":"https:\/\/footdavant.fr\/actualites\/wp-json\/wp\/v2\/posts\/29682\/revisions\/29684"}],"wp:featuredmedia":[{"embeddable":true,"href":"https:\/\/footdavant.fr\/actualites\/wp-json\/wp\/v2\/media\/29683"}],"wp:attachment":[{"href":"https:\/\/footdavant.fr\/actualites\/wp-json\/wp\/v2\/media?parent=29682"}],"wp:term":[{"taxonomy":"category","embeddable":true,"href":"https:\/\/footdavant.fr\/actualites\/wp-json\/wp\/v2\/categories?post=29682"},{"taxonomy":"post_tag","embeddable":true,"href":"https:\/\/footdavant.fr\/actualites\/wp-json\/wp\/v2\/tags?post=29682"}],"curies":[{"name":"wp","href":"https:\/\/api.w.org\/{rel}","templated":true}]}}