{"id":29685,"date":"2025-10-10T08:48:03","date_gmt":"2025-10-10T06:48:03","guid":{"rendered":"https:\/\/footdavant.fr\/actualites\/lecosse-ne-sait-jamais-quand-elle-est-battue\/"},"modified":"2025-10-10T08:48:04","modified_gmt":"2025-10-10T06:48:04","slug":"lecosse-ne-sait-jamais-quand-elle-est-battue","status":"publish","type":"post","link":"https:\/\/footdavant.fr\/actualites\/lecosse-ne-sait-jamais-quand-elle-est-battue\/","title":{"rendered":"L&#39;\u00c9cosse \u00ab\u00a0ne sait jamais quand elle est battue\u00a0\u00bb"},"content":{"rendered":"<div>\n<p>Le s\u00e9lectionneur \u00e9cossais Steve Clarke a salu\u00e9 le caract\u00e8re de son \u00e9quipe apr\u00e8s une remarquable victoire 3-1 contre la Gr\u00e8ce \u00e0 Hampden Park.<\/p>\n<p>L&#39;\u00c9cosse aurait d\u00fb \u00eatre men\u00e9e trois ou quatre buts apr\u00e8s une mauvaise premi\u00e8re mi-temps.<\/p>\n<p>Mais les buts de Ryan Christie, Lewis Ferguson et du rempla\u00e7ant Lyndon Dykes ont renvers\u00e9 la situation et ont permis \u00e0 l&#39;\u00c9cosse de prendre sept points en trois matches du Groupe C, derri\u00e8re le leader danois \u00e0 la diff\u00e9rence de buts, avant la visite de la Bi\u00e9lorussie dimanche.<\/p>\n<figure class=\"wp-block-embed is-type-rich is-provider-twitter wp-block-embed-twitter\"><\/figure>\n<p>La Gr\u00e8ce a battu l&#39;\u00c9cosse 3-0 lors des barrages de la Ligue des Nations en mars pour rel\u00e9guer les \u00c9cossais en Ligue B \u2013 mais cette victoire a plac\u00e9 les h\u00f4tes dans une position de force pour se qualifier pour la finale de la Coupe du monde l&#39;\u00e9t\u00e9 prochain.<\/p>\n<p>\u00ab\u00a0J&#39;ai d\u00e9j\u00e0 parl\u00e9 du caract\u00e8re de ce groupe\u00a0\u00bb, a d\u00e9clar\u00e9 Clarke.<\/p>\n<p>\u00ab\u00a0Le public \u00e9cossais devrait adorer les avoir. Ils ne savent jamais quand ils sont battus.<\/p>\n<p>\u00ab Ils veulent qu&#39;on se souvienne d&#39;eux comme d&#39;un groupe de joueurs qui ont vraiment r\u00e9ussi et j&#39;esp\u00e8re qu&#39;ils sont sur la bonne voie pour y parvenir en participant \u00e0 un autre tournoi.<\/p>\n<p>\u00ab\u00a0Mais c&#39;est trois points et nous avons un autre match dimanche et nous devons nous assurer d&#39;y marquer \u00e9galement trois points.<\/p>\n<p>\u00ab\u00a0Nous sommes toujours concentr\u00e9s sur l&#39;endroit o\u00f9 nous essayons d&#39;arriver. D\u00e9fensivement, ce fut une soir\u00e9e difficile pour nous car les Grecs \u00e9taient tr\u00e8s bons en possession.<\/p>\n<p>\u00ab\u00a0Ils \u00e9taient habiles dans leurs mouvements et leur vitesse de passe. Nous n&#39;avons pas eu assez de pression haute.<\/p>\n<p>\u00ab\u00a0Mais les cha\u00eenes se sont lev\u00e9es lorsqu&#39;ils ont marqu\u00e9 \u2013 et cela vient de la d\u00e9termination au sein du groupe de s&#39;assurer que ce ne serait pas une autre soir\u00e9e d\u00e9cevante ici \u00e0 Hampden.<\/p>\n<p>\u00ab\u00a0Parfois, dans le football, vous n&#39;obtenez pas ce que vous m\u00e9ritez et parfois vous obtenez un peu plus que ce que vous m\u00e9ritez, mais ne sous-estimez pas le travail que les joueurs ont fourni dans la premi\u00e8re partie du match.\u00a0\u00bb<\/p>\n<\/p><\/div>\n","protected":false},"excerpt":{"rendered":"<p>Le s\u00e9lectionneur \u00e9cossais Steve Clarke a salu\u00e9 le caract\u00e8re de son \u00e9quipe apr\u00e8s une remarquable victoire 3-1 contre la Gr\u00e8ce \u00e0 Hampden Park. L&#39;\u00c9cosse aurait<\/p>\n","protected":false},"author":1,"featured_media":29686,"comment_status":"closed","ping_status":"","sticky":false,"template":"","format":"standard","meta":{"footnotes":""},"categories":[3],"tags":[5484,10737,217,222,4235,561,3851],"yoast_head":"<!-- This site is optimized with the Yoast SEO plugin v21.0 - https:\/\/yoast.com\/wordpress\/plugins\/seo\/ -->\n<title>L&#039;\u00c9cosse &quot;ne sait jamais quand elle est battue&quot;<\/title>\n<meta name=\"robots\" content=\"index, follow, max-snippet:-1, max-image-preview:large, max-video-preview:-1\" \/>\n<link rel=\"canonical\" href=\"https:\/\/footdavant.fr\/actualites\/lecosse-ne-sait-jamais-quand-elle-est-battue\/\" \/>\n<meta property=\"og:locale\" content=\"fr_FR\" \/>\n<meta property=\"og:type\" content=\"article\" \/>\n<meta property=\"og:title\" content=\"L&#039;\u00c9cosse &quot;ne sait jamais quand elle est battue&quot;\" \/>\n<meta property=\"og:description\" content=\"Le s\u00e9lectionneur \u00e9cossais Steve Clarke a salu\u00e9 le caract\u00e8re de son \u00e9quipe apr\u00e8s une remarquable victoire 3-1 contre la Gr\u00e8ce \u00e0 Hampden Park. L&#039;\u00c9cosse aurait\" \/>\n<meta property=\"og:url\" content=\"https:\/\/footdavant.fr\/actualites\/lecosse-ne-sait-jamais-quand-elle-est-battue\/\" \/>\n<meta property=\"og:site_name\" content=\"Foot d&#039;avant\" \/>\n<meta property=\"article:publisher\" content=\"https:\/\/www.facebook.com\/Footdavant\/\" \/>\n<meta property=\"article:published_time\" content=\"2025-10-10T06:48:03+00:00\" \/>\n<meta property=\"article:modified_time\" content=\"2025-10-10T06:48:04+00:00\" \/>\n<meta property=\"og:image\" content=\"https:\/\/footdavant.fr\/actualites\/wp-content\/uploads\/2025\/10\/L39Ecosse-ne-sait-jamais-quand-elle-est-battue.jpg\" \/>\n\t<meta property=\"og:image:width\" content=\"1200\" \/>\n\t<meta property=\"og:image:height\" content=\"800\" \/>\n\t<meta property=\"og:image:type\" content=\"image\/jpeg\" \/>\n<meta name=\"author\" content=\"Cl\u00e9ment\" \/>\n<meta name=\"twitter:card\" content=\"summary_large_image\" \/>\n<meta name=\"twitter:creator\" content=\"@FootdavantFr\" \/>\n<meta name=\"twitter:site\" content=\"@FootdavantFr\" \/>\n<meta name=\"twitter:label1\" content=\"\u00c9crit par\" \/>\n\t<meta name=\"twitter:data1\" content=\"Cl\u00e9ment\" \/>\n\t<meta name=\"twitter:label2\" content=\"Dur\u00e9e de lecture estim\u00e9e\" \/>\n\t<meta name=\"twitter:data2\" content=\"2 minutes\" \/>\n<script type=\"application\/ld+json\" class=\"yoast-schema-graph\">{\"@context\":\"https:\/\/schema.org\",\"@graph\":[{\"@type\":\"Article\",\"@id\":\"https:\/\/footdavant.fr\/actualites\/lecosse-ne-sait-jamais-quand-elle-est-battue\/#article\",\"isPartOf\":{\"@id\":\"https:\/\/footdavant.fr\/actualites\/lecosse-ne-sait-jamais-quand-elle-est-battue\/\"},\"author\":{\"name\":\"Cl\u00e9ment\",\"@id\":\"https:\/\/footdavant.fr\/actualites\/#\/schema\/person\/bc222566d95871b37e597b3ed3ba5e1d\"},\"headline\":\"L&#39;\u00c9cosse \u00ab\u00a0ne sait jamais quand elle est battue\u00a0\u00bb\",\"datePublished\":\"2025-10-10T06:48:03+00:00\",\"dateModified\":\"2025-10-10T06:48:04+00:00\",\"mainEntityOfPage\":{\"@id\":\"https:\/\/footdavant.fr\/actualites\/lecosse-ne-sait-jamais-quand-elle-est-battue\/\"},\"wordCount\":383,\"publisher\":{\"@id\":\"https:\/\/footdavant.fr\/actualites\/#organization\"},\"keywords\":[\"battue\",\"elle\",\"est\",\"jamais\",\"l39\u00c9cosse\",\"quand\",\"sait\"],\"articleSection\":[\"Football\"],\"inLanguage\":\"fr-FR\"},{\"@type\":\"WebPage\",\"@id\":\"https:\/\/footdavant.fr\/actualites\/lecosse-ne-sait-jamais-quand-elle-est-battue\/\",\"url\":\"https:\/\/footdavant.fr\/actualites\/lecosse-ne-sait-jamais-quand-elle-est-battue\/\",\"name\":\"L&#39;\u00c9cosse \\\"ne sait jamais quand elle est battue\\\"\",\"isPartOf\":{\"@id\":\"https:\/\/footdavant.fr\/actualites\/#website\"},\"datePublished\":\"2025-10-10T06:48:03+00:00\",\"dateModified\":\"2025-10-10T06:48:04+00:00\",\"breadcrumb\":{\"@id\":\"https:\/\/footdavant.fr\/actualites\/lecosse-ne-sait-jamais-quand-elle-est-battue\/#breadcrumb\"},\"inLanguage\":\"fr-FR\",\"potentialAction\":[{\"@type\":\"ReadAction\",\"target\":[\"https:\/\/footdavant.fr\/actualites\/lecosse-ne-sait-jamais-quand-elle-est-battue\/\"]}]},{\"@type\":\"BreadcrumbList\",\"@id\":\"https:\/\/footdavant.fr\/actualites\/lecosse-ne-sait-jamais-quand-elle-est-battue\/#breadcrumb\",\"itemListElement\":[{\"@type\":\"ListItem\",\"position\":1,\"name\":\"Accueil\",\"item\":\"https:\/\/footdavant.fr\/actualites\/\"},{\"@type\":\"ListItem\",\"position\":2,\"name\":\"L&#39;\u00c9cosse \u00ab\u00a0ne sait jamais quand elle est battue\u00a0\u00bb\"}]},{\"@type\":\"WebSite\",\"@id\":\"https:\/\/footdavant.fr\/actualites\/#website\",\"url\":\"https:\/\/footdavant.fr\/actualites\/\",\"name\":\"Foot d'avant\",\"description\":\"\",\"publisher\":{\"@id\":\"https:\/\/footdavant.fr\/actualites\/#organization\"},\"potentialAction\":[{\"@type\":\"SearchAction\",\"target\":{\"@type\":\"EntryPoint\",\"urlTemplate\":\"https:\/\/footdavant.fr\/actualites\/?s={search_term_string}\"},\"query-input\":\"required name=search_term_string\"}],\"inLanguage\":\"fr-FR\"},{\"@type\":\"Organization\",\"@id\":\"https:\/\/footdavant.fr\/actualites\/#organization\",\"name\":\"Foot d'avant\",\"url\":\"https:\/\/footdavant.fr\/actualites\/\",\"logo\":{\"@type\":\"ImageObject\",\"inLanguage\":\"fr-FR\",\"@id\":\"https:\/\/footdavant.fr\/actualites\/#\/schema\/logo\/image\/\",\"url\":\"https:\/\/footdavant.fr\/actualites\/wp-content\/uploads\/2023\/09\/Copy-of-FootDavant-Logo.png\",\"contentUrl\":\"https:\/\/footdavant.fr\/actualites\/wp-content\/uploads\/2023\/09\/Copy-of-FootDavant-Logo.png\",\"width\":936,\"height\":549,\"caption\":\"Foot d'avant\"},\"image\":{\"@id\":\"https:\/\/footdavant.fr\/actualites\/#\/schema\/logo\/image\/\"},\"sameAs\":[\"https:\/\/www.facebook.com\/Footdavant\/\",\"https:\/\/twitter.com\/FootdavantFr\",\"https:\/\/www.instagram.com\/footdavant.fr\/\"]},{\"@type\":\"Person\",\"@id\":\"https:\/\/footdavant.fr\/actualites\/#\/schema\/person\/bc222566d95871b37e597b3ed3ba5e1d\",\"name\":\"Cl\u00e9ment\",\"image\":{\"@type\":\"ImageObject\",\"inLanguage\":\"fr-FR\",\"@id\":\"https:\/\/footdavant.fr\/actualites\/#\/schema\/person\/image\/\",\"url\":\"https:\/\/secure.gravatar.com\/avatar\/7728b29aac2719421e1a9159b2254c44?s=96&d=mm&r=g\",\"contentUrl\":\"https:\/\/secure.gravatar.com\/avatar\/7728b29aac2719421e1a9159b2254c44?s=96&d=mm&r=g\",\"caption\":\"Cl\u00e9ment\"},\"sameAs\":[\"https:\/\/footdavant.fr\/\"]}]}<\/script>\n<!-- \/ Yoast SEO plugin. -->","yoast_head_json":{"title":"L&#39;\u00c9cosse \"ne sait jamais quand elle est battue\"","robots":{"index":"index","follow":"follow","max-snippet":"max-snippet:-1","max-image-preview":"max-image-preview:large","max-video-preview":"max-video-preview:-1"},"canonical":"https:\/\/footdavant.fr\/actualites\/lecosse-ne-sait-jamais-quand-elle-est-battue\/","og_locale":"fr_FR","og_type":"article","og_title":"L&#39;\u00c9cosse \"ne sait jamais quand elle est battue\"","og_description":"Le s\u00e9lectionneur \u00e9cossais Steve Clarke a salu\u00e9 le caract\u00e8re de son \u00e9quipe apr\u00e8s une remarquable victoire 3-1 contre la Gr\u00e8ce \u00e0 Hampden Park. L&#39;\u00c9cosse aurait","og_url":"https:\/\/footdavant.fr\/actualites\/lecosse-ne-sait-jamais-quand-elle-est-battue\/","og_site_name":"Foot d&#039;avant","article_publisher":"https:\/\/www.facebook.com\/Footdavant\/","article_published_time":"2025-10-10T06:48:03+00:00","article_modified_time":"2025-10-10T06:48:04+00:00","og_image":[{"width":1200,"height":800,"url":"https:\/\/footdavant.fr\/actualites\/wp-content\/uploads\/2025\/10\/L39Ecosse-ne-sait-jamais-quand-elle-est-battue.jpg","type":"image\/jpeg"}],"author":"Cl\u00e9ment","twitter_card":"summary_large_image","twitter_creator":"@FootdavantFr","twitter_site":"@FootdavantFr","twitter_misc":{"\u00c9crit par":"Cl\u00e9ment","Dur\u00e9e de lecture estim\u00e9e":"2 minutes"},"schema":{"@context":"https:\/\/schema.org","@graph":[{"@type":"Article","@id":"https:\/\/footdavant.fr\/actualites\/lecosse-ne-sait-jamais-quand-elle-est-battue\/#article","isPartOf":{"@id":"https:\/\/footdavant.fr\/actualites\/lecosse-ne-sait-jamais-quand-elle-est-battue\/"},"author":{"name":"Cl\u00e9ment","@id":"https:\/\/footdavant.fr\/actualites\/#\/schema\/person\/bc222566d95871b37e597b3ed3ba5e1d"},"headline":"L&#39;\u00c9cosse \u00ab\u00a0ne sait jamais quand elle est battue\u00a0\u00bb","datePublished":"2025-10-10T06:48:03+00:00","dateModified":"2025-10-10T06:48:04+00:00","mainEntityOfPage":{"@id":"https:\/\/footdavant.fr\/actualites\/lecosse-ne-sait-jamais-quand-elle-est-battue\/"},"wordCount":383,"publisher":{"@id":"https:\/\/footdavant.fr\/actualites\/#organization"},"keywords":["battue","elle","est","jamais","l39\u00c9cosse","quand","sait"],"articleSection":["Football"],"inLanguage":"fr-FR"},{"@type":"WebPage","@id":"https:\/\/footdavant.fr\/actualites\/lecosse-ne-sait-jamais-quand-elle-est-battue\/","url":"https:\/\/footdavant.fr\/actualites\/lecosse-ne-sait-jamais-quand-elle-est-battue\/","name":"L&#39;\u00c9cosse \"ne sait jamais quand elle est battue\"","isPartOf":{"@id":"https:\/\/footdavant.fr\/actualites\/#website"},"datePublished":"2025-10-10T06:48:03+00:00","dateModified":"2025-10-10T06:48:04+00:00","breadcrumb":{"@id":"https:\/\/footdavant.fr\/actualites\/lecosse-ne-sait-jamais-quand-elle-est-battue\/#breadcrumb"},"inLanguage":"fr-FR","potentialAction":[{"@type":"ReadAction","target":["https:\/\/footdavant.fr\/actualites\/lecosse-ne-sait-jamais-quand-elle-est-battue\/"]}]},{"@type":"BreadcrumbList","@id":"https:\/\/footdavant.fr\/actualites\/lecosse-ne-sait-jamais-quand-elle-est-battue\/#breadcrumb","itemListElement":[{"@type":"ListItem","position":1,"name":"Accueil","item":"https:\/\/footdavant.fr\/actualites\/"},{"@type":"ListItem","position":2,"name":"L&#39;\u00c9cosse \u00ab\u00a0ne sait jamais quand elle est battue\u00a0\u00bb"}]},{"@type":"WebSite","@id":"https:\/\/footdavant.fr\/actualites\/#website","url":"https:\/\/footdavant.fr\/actualites\/","name":"Foot d'avant","description":"","publisher":{"@id":"https:\/\/footdavant.fr\/actualites\/#organization"},"potentialAction":[{"@type":"SearchAction","target":{"@type":"EntryPoint","urlTemplate":"https:\/\/footdavant.fr\/actualites\/?s={search_term_string}"},"query-input":"required name=search_term_string"}],"inLanguage":"fr-FR"},{"@type":"Organization","@id":"https:\/\/footdavant.fr\/actualites\/#organization","name":"Foot d'avant","url":"https:\/\/footdavant.fr\/actualites\/","logo":{"@type":"ImageObject","inLanguage":"fr-FR","@id":"https:\/\/footdavant.fr\/actualites\/#\/schema\/logo\/image\/","url":"https:\/\/footdavant.fr\/actualites\/wp-content\/uploads\/2023\/09\/Copy-of-FootDavant-Logo.png","contentUrl":"https:\/\/footdavant.fr\/actualites\/wp-content\/uploads\/2023\/09\/Copy-of-FootDavant-Logo.png","width":936,"height":549,"caption":"Foot d'avant"},"image":{"@id":"https:\/\/footdavant.fr\/actualites\/#\/schema\/logo\/image\/"},"sameAs":["https:\/\/www.facebook.com\/Footdavant\/","https:\/\/twitter.com\/FootdavantFr","https:\/\/www.instagram.com\/footdavant.fr\/"]},{"@type":"Person","@id":"https:\/\/footdavant.fr\/actualites\/#\/schema\/person\/bc222566d95871b37e597b3ed3ba5e1d","name":"Cl\u00e9ment","image":{"@type":"ImageObject","inLanguage":"fr-FR","@id":"https:\/\/footdavant.fr\/actualites\/#\/schema\/person\/image\/","url":"https:\/\/secure.gravatar.com\/avatar\/7728b29aac2719421e1a9159b2254c44?s=96&d=mm&r=g","contentUrl":"https:\/\/secure.gravatar.com\/avatar\/7728b29aac2719421e1a9159b2254c44?s=96&d=mm&r=g","caption":"Cl\u00e9ment"},"sameAs":["https:\/\/footdavant.fr\/"]}]}},"_links":{"self":[{"href":"https:\/\/footdavant.fr\/actualites\/wp-json\/wp\/v2\/posts\/29685"}],"collection":[{"href":"https:\/\/footdavant.fr\/actualites\/wp-json\/wp\/v2\/posts"}],"about":[{"href":"https:\/\/footdavant.fr\/actualites\/wp-json\/wp\/v2\/types\/post"}],"author":[{"embeddable":true,"href":"https:\/\/footdavant.fr\/actualites\/wp-json\/wp\/v2\/users\/1"}],"replies":[{"embeddable":true,"href":"https:\/\/footdavant.fr\/actualites\/wp-json\/wp\/v2\/comments?post=29685"}],"version-history":[{"count":1,"href":"https:\/\/footdavant.fr\/actualites\/wp-json\/wp\/v2\/posts\/29685\/revisions"}],"predecessor-version":[{"id":29687,"href":"https:\/\/footdavant.fr\/actualites\/wp-json\/wp\/v2\/posts\/29685\/revisions\/29687"}],"wp:featuredmedia":[{"embeddable":true,"href":"https:\/\/footdavant.fr\/actualites\/wp-json\/wp\/v2\/media\/29686"}],"wp:attachment":[{"href":"https:\/\/footdavant.fr\/actualites\/wp-json\/wp\/v2\/media?parent=29685"}],"wp:term":[{"taxonomy":"category","embeddable":true,"href":"https:\/\/footdavant.fr\/actualites\/wp-json\/wp\/v2\/categories?post=29685"},{"taxonomy":"post_tag","embeddable":true,"href":"https:\/\/footdavant.fr\/actualites\/wp-json\/wp\/v2\/tags?post=29685"}],"curies":[{"name":"wp","href":"https:\/\/api.w.org\/{rel}","templated":true}]}}