{"id":29697,"date":"2025-10-10T16:48:09","date_gmt":"2025-10-10T14:48:09","guid":{"rendered":"https:\/\/footdavant.fr\/actualites\/resume-dinterlull-saka-marque-un-cracka\/"},"modified":"2025-10-10T16:48:10","modified_gmt":"2025-10-10T14:48:10","slug":"resume-dinterlull-saka-marque-un-cracka","status":"publish","type":"post","link":"https:\/\/footdavant.fr\/actualites\/resume-dinterlull-saka-marque-un-cracka\/","title":{"rendered":"R\u00e9sum\u00e9 d&#39;Interlull\u00a0: Saka marque un cracka"},"content":{"rendered":"<div>\n<p>Matin.<\/p>\n<p>Bon vendredi \u00e0 tous. Cela va \u00eatre un blog tr\u00e8s rapide avant de g\u00e2cher une belle promenade en essayant de frapper une petite balle dans un trou tr\u00e8s loin. Commen\u00e7ons par Bukayo Saka qui a marqu\u00e9 un but \u00e9clatant pour l&#39;Angleterre en battant le Pays de Galles 3-0 lors d&#39;un match amical hier soir.<\/p>\n<p>C&#39;est une frappe classique de Saka, sur son pied gauche juste \u00e0 l&#39;int\u00e9rieur de la surface, et il l&#39;a plac\u00e9 assez pr\u00e8s de la lucarne, ne laissant aucune chance au gardien. Regardez ici. J&#39;ai l&#39;impression que cela fait un moment qu&#39;il n&#39;en a pas marqu\u00e9 pour nous, mais c&#39;est un bon rappel que c&#39;est ce qu&#39;il a dans son casier, et je suis presque s\u00fbr que nous le reverrons en rouge et blanc le plus t\u00f4t possible.<\/p>\n<p>Il est facile d&#39;oublier qu&#39;il n&#39;a encore que 24 ans, et m\u00eame si le d\u00e9but de cette saison a \u00e9t\u00e9 un peu stop\/start, en plus d&#39;une grosse absence la saison derni\u00e8re, lorsqu&#39;il est en forme et joue r\u00e9guli\u00e8rement, il ne s&#39;int\u00e9resse qu&#39;aux buts et aux passes d\u00e9cisives. L&#39;Angleterre disputera mardi un match de qualification pour la Coupe du monde en Lettonie et il ne fait aucun doute qu&#39;il y participera. Esp\u00e9rons qu\u2019ils pourront gagner confortablement afin qu\u2019il n\u2019ait pas \u00e0 jouer 90 minutes avant d\u2019affronter Fulham lorsque les vraies choses reviendront.<\/p>\n<p>Declan Rice a \u00e9t\u00e9 capitaine de l&#39;Angleterre hier soir et a jou\u00e9 70 minutes, tandis que Myles Lewis-Skelly est entr\u00e9 en jeu pendant environ 10 minutes. Eberechi Eze n&#39;est pas sorti du banc. Par la suite, Thomas Tuchel a critiqu\u00e9 le manque de soutien de son \u00e9quipe, d\u00e9clarant :<\/p>\n<blockquote>\n<p>Nous aurions pu mener 5-0 \u00e0 la mi-temps. Nous n&#39;avons pas r\u00e9ussi \u00e0 marquer les quatri\u00e8me et cinqui\u00e8me buts. Le stade \u00e9tait silencieux. Nous n&#39;avons pas r\u00e9cup\u00e9r\u00e9 d&#39;\u00e9nergie des tribunes. J&#39;aurais souhait\u00e9 un peu plus de soutien dans les phases o\u00f9 \u00e7a devient difficile. En seconde p\u00e9riode, pour \u00eatre derri\u00e8re nous, il y avait un peu trop de soutien en faveur du Pays de Galles. Cela aurait pu nous aider \u00e0 retrouver de l&#39;\u00e9nergie, mais c&#39;est comme \u00e7a et c&#39;est tout.<\/p>\n<\/blockquote>\n<p>C&#39;est une voie int\u00e9ressante \u00e0 suivre, car il semble \u2013 du moins de l&#39;ext\u00e9rieur \u2013 que sa relation avec les supporters anglais n&#39;est pas particuli\u00e8rement bonne. Je sais que nous sommes tous habitu\u00e9s \u00e0 l&#39;id\u00e9e de managers \u00ab \u00e9trangers \u00bb prenant en charge d&#39;autres pays, mais un Allemand occupant ce poste sera toujours sous la surveillance \u00e9troite de certaines sections du soutien. Cela dit, j\u2019aime bien que Tuchel ne semble pas s\u2019en soucier et dira ce qu\u2019il pense, mais je me demande aussi si l\u2019atmosph\u00e8re n\u2019est simplement pas un sous-produit de la sursaturation compl\u00e8te du football de nos jours.<\/p>\n<p>Il n\u2019y a \u00e0 aucun moment d\u2019\u00e9chappatoire au jeu, donc tout semble plut\u00f4t routinier ou banal. Plus rien n&#39;est sp\u00e9cial. C&#39;est juste du football, tout le temps, et je pense qu&#39;\u00e0 terme, cela aura un impact sur la fa\u00e7on dont les gens r\u00e9agissent et se comportent. Soit dit en passant, je ne pense pas que ce soit un probl\u00e8me uniquement pour les jeux internationaux. Vous pourriez tout aussi bien appliquer cela \u00e0 la Premier League \u00e0 certains moments. Quoi qu&#39;il en soit, le travail de Tuchel est de gagner des matchs, pas n\u00e9cessairement le c\u0153ur et l&#39;esprit des supporters avec ses conf\u00e9rences de presse d&#39;apr\u00e8s-match. Et s\u2019il opte pour la premi\u00e8re solution, il r\u00e9duira au minimum la plupart des plaintes.<\/p>\n<p>Pendant ce temps, en Bi\u00e9lorussie, Christian Norgaard a obtenu quelques minutes en seconde p\u00e9riode alors que le Danemark s&#39;imposait 6-0 lors de son match de qualification pour la Coupe du monde. Et \u00e0 Malte, Jurrien Timber a jou\u00e9 en d\u00e9fense centrale aux c\u00f4t\u00e9s de Virgil van Dijk alors que les Pays-Bas se sont impos\u00e9s 4-0 dans ce match.<\/p>\n<p>Quant \u00e0 l&#39;implication d&#39;Arsenal ce soir, William Saliba pourrait jouer pour la France alors qu&#39;elle affrontera l&#39;Azerba\u00efdjan \u00e0 domicile ; Gabriel et Gabriel Martinelli pourraient repr\u00e9senter le Br\u00e9sil lors d&#39;un match amical contre la Cor\u00e9e du Sud ; La Su\u00e8de de Viktor Gyokeres affronte la Suisse lors d&#39;un match de qualification pour la Coupe du monde ; Leandro Trossard et la Belgique affrontent la Mac\u00e9doine du Nord ; tandis que Tommy Setford et Ethan Nwaneri font respectivement partie des \u00e9quipes anglaises U20 et U21, et Cristhian Mosquera sera probablement en action pour les U21 espagnols \u00e0 domicile contre la Norv\u00e8ge.<\/p>\n<p>Donc, beaucoup de nos gars en action, et esp\u00e9rons que tout le monde soit en bonne sant\u00e9. Bon, je vais le laisser l\u00e0 pour ce matin. Si vous n&#39;avez pas encore eu l&#39;occasion d&#39;\u00e9couter, il y a une bonne conversation Interlull avec Clive Palmer dans le dernier Arsecast ci-dessous. Passez un bon vendredi les amis.<\/p>\n<p><iframe loading=\"lazy\" src=\"https:\/\/embed.acast.com\/a1a58121-6fb4-43cf-8156-8d6df6fc312f\/68e7a640d57d8f2afe22671f\" width=\"100%\" height=\"300px\" frameborder=\"0\"><span style=\"display: inline-block; width: 0px; overflow: hidden; line-height: 0;\" data-mce-type=\"bookmark\" class=\"mce_SELRES_start\">\ufeff<\/span><\/iframe><\/p>\n<\/div>\n","protected":false},"excerpt":{"rendered":"<p>Matin. Bon vendredi \u00e0 tous. Cela va \u00eatre un blog tr\u00e8s rapide avant de g\u00e2cher une belle promenade en essayant de frapper une petite balle<\/p>\n","protected":false},"author":1,"featured_media":29698,"comment_status":"closed","ping_status":"","sticky":false,"template":"","format":"standard","meta":{"footnotes":""},"categories":[3],"tags":[10738,6742,274,1405,185],"yoast_head":"<!-- This site is optimized with the Yoast SEO plugin v21.0 - https:\/\/yoast.com\/wordpress\/plugins\/seo\/ -->\n<title>R\u00e9sum\u00e9 d&#039;Interlull\u00a0: Saka marque un cracka<\/title>\n<meta name=\"robots\" content=\"index, follow, max-snippet:-1, max-image-preview:large, max-video-preview:-1\" \/>\n<link rel=\"canonical\" href=\"https:\/\/footdavant.fr\/actualites\/resume-dinterlull-saka-marque-un-cracka\/\" \/>\n<meta property=\"og:locale\" content=\"fr_FR\" \/>\n<meta property=\"og:type\" content=\"article\" \/>\n<meta property=\"og:title\" content=\"R\u00e9sum\u00e9 d&#039;Interlull\u00a0: Saka marque un cracka\" \/>\n<meta property=\"og:description\" content=\"Matin. Bon vendredi \u00e0 tous. Cela va \u00eatre un blog tr\u00e8s rapide avant de g\u00e2cher une belle promenade en essayant de frapper une petite balle\" \/>\n<meta property=\"og:url\" content=\"https:\/\/footdavant.fr\/actualites\/resume-dinterlull-saka-marque-un-cracka\/\" \/>\n<meta property=\"og:site_name\" content=\"Foot d&#039;avant\" \/>\n<meta property=\"article:publisher\" content=\"https:\/\/www.facebook.com\/Footdavant\/\" \/>\n<meta property=\"article:published_time\" content=\"2025-10-10T14:48:09+00:00\" \/>\n<meta property=\"article:modified_time\" content=\"2025-10-10T14:48:10+00:00\" \/>\n<meta property=\"og:image\" content=\"https:\/\/footdavant.fr\/actualites\/wp-content\/uploads\/2025\/10\/Resume-d39Interlull-Saka-marque-un-cracka.jpg\" \/>\n\t<meta property=\"og:image:width\" content=\"1500\" \/>\n\t<meta property=\"og:image:height\" content=\"750\" \/>\n\t<meta property=\"og:image:type\" content=\"image\/jpeg\" \/>\n<meta name=\"author\" content=\"Cl\u00e9ment\" \/>\n<meta name=\"twitter:card\" content=\"summary_large_image\" \/>\n<meta name=\"twitter:creator\" content=\"@FootdavantFr\" \/>\n<meta name=\"twitter:site\" content=\"@FootdavantFr\" \/>\n<meta name=\"twitter:label1\" content=\"\u00c9crit par\" \/>\n\t<meta name=\"twitter:data1\" content=\"Cl\u00e9ment\" \/>\n\t<meta name=\"twitter:label2\" content=\"Dur\u00e9e de lecture estim\u00e9e\" \/>\n\t<meta name=\"twitter:data2\" content=\"4 minutes\" \/>\n<script type=\"application\/ld+json\" class=\"yoast-schema-graph\">{\"@context\":\"https:\/\/schema.org\",\"@graph\":[{\"@type\":\"Article\",\"@id\":\"https:\/\/footdavant.fr\/actualites\/resume-dinterlull-saka-marque-un-cracka\/#article\",\"isPartOf\":{\"@id\":\"https:\/\/footdavant.fr\/actualites\/resume-dinterlull-saka-marque-un-cracka\/\"},\"author\":{\"name\":\"Cl\u00e9ment\",\"@id\":\"https:\/\/footdavant.fr\/actualites\/#\/schema\/person\/bc222566d95871b37e597b3ed3ba5e1d\"},\"headline\":\"R\u00e9sum\u00e9 d&#39;Interlull\u00a0: Saka marque un cracka\",\"datePublished\":\"2025-10-10T14:48:09+00:00\",\"dateModified\":\"2025-10-10T14:48:10+00:00\",\"mainEntityOfPage\":{\"@id\":\"https:\/\/footdavant.fr\/actualites\/resume-dinterlull-saka-marque-un-cracka\/\"},\"wordCount\":884,\"publisher\":{\"@id\":\"https:\/\/footdavant.fr\/actualites\/#organization\"},\"keywords\":[\"cracka\",\"d39Interlull\",\"marqu\u00e9\",\"R\u00e9sum\u00e9\",\"Saka\"],\"articleSection\":[\"Football\"],\"inLanguage\":\"fr-FR\"},{\"@type\":\"WebPage\",\"@id\":\"https:\/\/footdavant.fr\/actualites\/resume-dinterlull-saka-marque-un-cracka\/\",\"url\":\"https:\/\/footdavant.fr\/actualites\/resume-dinterlull-saka-marque-un-cracka\/\",\"name\":\"R\u00e9sum\u00e9 d&#39;Interlull\u00a0: Saka marque un cracka\",\"isPartOf\":{\"@id\":\"https:\/\/footdavant.fr\/actualites\/#website\"},\"datePublished\":\"2025-10-10T14:48:09+00:00\",\"dateModified\":\"2025-10-10T14:48:10+00:00\",\"breadcrumb\":{\"@id\":\"https:\/\/footdavant.fr\/actualites\/resume-dinterlull-saka-marque-un-cracka\/#breadcrumb\"},\"inLanguage\":\"fr-FR\",\"potentialAction\":[{\"@type\":\"ReadAction\",\"target\":[\"https:\/\/footdavant.fr\/actualites\/resume-dinterlull-saka-marque-un-cracka\/\"]}]},{\"@type\":\"BreadcrumbList\",\"@id\":\"https:\/\/footdavant.fr\/actualites\/resume-dinterlull-saka-marque-un-cracka\/#breadcrumb\",\"itemListElement\":[{\"@type\":\"ListItem\",\"position\":1,\"name\":\"Accueil\",\"item\":\"https:\/\/footdavant.fr\/actualites\/\"},{\"@type\":\"ListItem\",\"position\":2,\"name\":\"R\u00e9sum\u00e9 d&#39;Interlull\u00a0: Saka marque un cracka\"}]},{\"@type\":\"WebSite\",\"@id\":\"https:\/\/footdavant.fr\/actualites\/#website\",\"url\":\"https:\/\/footdavant.fr\/actualites\/\",\"name\":\"Foot d'avant\",\"description\":\"\",\"publisher\":{\"@id\":\"https:\/\/footdavant.fr\/actualites\/#organization\"},\"potentialAction\":[{\"@type\":\"SearchAction\",\"target\":{\"@type\":\"EntryPoint\",\"urlTemplate\":\"https:\/\/footdavant.fr\/actualites\/?s={search_term_string}\"},\"query-input\":\"required name=search_term_string\"}],\"inLanguage\":\"fr-FR\"},{\"@type\":\"Organization\",\"@id\":\"https:\/\/footdavant.fr\/actualites\/#organization\",\"name\":\"Foot d'avant\",\"url\":\"https:\/\/footdavant.fr\/actualites\/\",\"logo\":{\"@type\":\"ImageObject\",\"inLanguage\":\"fr-FR\",\"@id\":\"https:\/\/footdavant.fr\/actualites\/#\/schema\/logo\/image\/\",\"url\":\"https:\/\/footdavant.fr\/actualites\/wp-content\/uploads\/2023\/09\/Copy-of-FootDavant-Logo.png\",\"contentUrl\":\"https:\/\/footdavant.fr\/actualites\/wp-content\/uploads\/2023\/09\/Copy-of-FootDavant-Logo.png\",\"width\":936,\"height\":549,\"caption\":\"Foot d'avant\"},\"image\":{\"@id\":\"https:\/\/footdavant.fr\/actualites\/#\/schema\/logo\/image\/\"},\"sameAs\":[\"https:\/\/www.facebook.com\/Footdavant\/\",\"https:\/\/twitter.com\/FootdavantFr\",\"https:\/\/www.instagram.com\/footdavant.fr\/\"]},{\"@type\":\"Person\",\"@id\":\"https:\/\/footdavant.fr\/actualites\/#\/schema\/person\/bc222566d95871b37e597b3ed3ba5e1d\",\"name\":\"Cl\u00e9ment\",\"image\":{\"@type\":\"ImageObject\",\"inLanguage\":\"fr-FR\",\"@id\":\"https:\/\/footdavant.fr\/actualites\/#\/schema\/person\/image\/\",\"url\":\"https:\/\/secure.gravatar.com\/avatar\/7728b29aac2719421e1a9159b2254c44?s=96&d=mm&r=g\",\"contentUrl\":\"https:\/\/secure.gravatar.com\/avatar\/7728b29aac2719421e1a9159b2254c44?s=96&d=mm&r=g\",\"caption\":\"Cl\u00e9ment\"},\"sameAs\":[\"https:\/\/footdavant.fr\/\"]}]}<\/script>\n<!-- \/ Yoast SEO plugin. -->","yoast_head_json":{"title":"R\u00e9sum\u00e9 d&#39;Interlull\u00a0: Saka marque un cracka","robots":{"index":"index","follow":"follow","max-snippet":"max-snippet:-1","max-image-preview":"max-image-preview:large","max-video-preview":"max-video-preview:-1"},"canonical":"https:\/\/footdavant.fr\/actualites\/resume-dinterlull-saka-marque-un-cracka\/","og_locale":"fr_FR","og_type":"article","og_title":"R\u00e9sum\u00e9 d&#39;Interlull\u00a0: Saka marque un cracka","og_description":"Matin. Bon vendredi \u00e0 tous. Cela va \u00eatre un blog tr\u00e8s rapide avant de g\u00e2cher une belle promenade en essayant de frapper une petite balle","og_url":"https:\/\/footdavant.fr\/actualites\/resume-dinterlull-saka-marque-un-cracka\/","og_site_name":"Foot d&#039;avant","article_publisher":"https:\/\/www.facebook.com\/Footdavant\/","article_published_time":"2025-10-10T14:48:09+00:00","article_modified_time":"2025-10-10T14:48:10+00:00","og_image":[{"width":1500,"height":750,"url":"https:\/\/footdavant.fr\/actualites\/wp-content\/uploads\/2025\/10\/Resume-d39Interlull-Saka-marque-un-cracka.jpg","type":"image\/jpeg"}],"author":"Cl\u00e9ment","twitter_card":"summary_large_image","twitter_creator":"@FootdavantFr","twitter_site":"@FootdavantFr","twitter_misc":{"\u00c9crit par":"Cl\u00e9ment","Dur\u00e9e de lecture estim\u00e9e":"4 minutes"},"schema":{"@context":"https:\/\/schema.org","@graph":[{"@type":"Article","@id":"https:\/\/footdavant.fr\/actualites\/resume-dinterlull-saka-marque-un-cracka\/#article","isPartOf":{"@id":"https:\/\/footdavant.fr\/actualites\/resume-dinterlull-saka-marque-un-cracka\/"},"author":{"name":"Cl\u00e9ment","@id":"https:\/\/footdavant.fr\/actualites\/#\/schema\/person\/bc222566d95871b37e597b3ed3ba5e1d"},"headline":"R\u00e9sum\u00e9 d&#39;Interlull\u00a0: Saka marque un cracka","datePublished":"2025-10-10T14:48:09+00:00","dateModified":"2025-10-10T14:48:10+00:00","mainEntityOfPage":{"@id":"https:\/\/footdavant.fr\/actualites\/resume-dinterlull-saka-marque-un-cracka\/"},"wordCount":884,"publisher":{"@id":"https:\/\/footdavant.fr\/actualites\/#organization"},"keywords":["cracka","d39Interlull","marqu\u00e9","R\u00e9sum\u00e9","Saka"],"articleSection":["Football"],"inLanguage":"fr-FR"},{"@type":"WebPage","@id":"https:\/\/footdavant.fr\/actualites\/resume-dinterlull-saka-marque-un-cracka\/","url":"https:\/\/footdavant.fr\/actualites\/resume-dinterlull-saka-marque-un-cracka\/","name":"R\u00e9sum\u00e9 d&#39;Interlull\u00a0: Saka marque un cracka","isPartOf":{"@id":"https:\/\/footdavant.fr\/actualites\/#website"},"datePublished":"2025-10-10T14:48:09+00:00","dateModified":"2025-10-10T14:48:10+00:00","breadcrumb":{"@id":"https:\/\/footdavant.fr\/actualites\/resume-dinterlull-saka-marque-un-cracka\/#breadcrumb"},"inLanguage":"fr-FR","potentialAction":[{"@type":"ReadAction","target":["https:\/\/footdavant.fr\/actualites\/resume-dinterlull-saka-marque-un-cracka\/"]}]},{"@type":"BreadcrumbList","@id":"https:\/\/footdavant.fr\/actualites\/resume-dinterlull-saka-marque-un-cracka\/#breadcrumb","itemListElement":[{"@type":"ListItem","position":1,"name":"Accueil","item":"https:\/\/footdavant.fr\/actualites\/"},{"@type":"ListItem","position":2,"name":"R\u00e9sum\u00e9 d&#39;Interlull\u00a0: Saka marque un cracka"}]},{"@type":"WebSite","@id":"https:\/\/footdavant.fr\/actualites\/#website","url":"https:\/\/footdavant.fr\/actualites\/","name":"Foot d'avant","description":"","publisher":{"@id":"https:\/\/footdavant.fr\/actualites\/#organization"},"potentialAction":[{"@type":"SearchAction","target":{"@type":"EntryPoint","urlTemplate":"https:\/\/footdavant.fr\/actualites\/?s={search_term_string}"},"query-input":"required name=search_term_string"}],"inLanguage":"fr-FR"},{"@type":"Organization","@id":"https:\/\/footdavant.fr\/actualites\/#organization","name":"Foot d'avant","url":"https:\/\/footdavant.fr\/actualites\/","logo":{"@type":"ImageObject","inLanguage":"fr-FR","@id":"https:\/\/footdavant.fr\/actualites\/#\/schema\/logo\/image\/","url":"https:\/\/footdavant.fr\/actualites\/wp-content\/uploads\/2023\/09\/Copy-of-FootDavant-Logo.png","contentUrl":"https:\/\/footdavant.fr\/actualites\/wp-content\/uploads\/2023\/09\/Copy-of-FootDavant-Logo.png","width":936,"height":549,"caption":"Foot d'avant"},"image":{"@id":"https:\/\/footdavant.fr\/actualites\/#\/schema\/logo\/image\/"},"sameAs":["https:\/\/www.facebook.com\/Footdavant\/","https:\/\/twitter.com\/FootdavantFr","https:\/\/www.instagram.com\/footdavant.fr\/"]},{"@type":"Person","@id":"https:\/\/footdavant.fr\/actualites\/#\/schema\/person\/bc222566d95871b37e597b3ed3ba5e1d","name":"Cl\u00e9ment","image":{"@type":"ImageObject","inLanguage":"fr-FR","@id":"https:\/\/footdavant.fr\/actualites\/#\/schema\/person\/image\/","url":"https:\/\/secure.gravatar.com\/avatar\/7728b29aac2719421e1a9159b2254c44?s=96&d=mm&r=g","contentUrl":"https:\/\/secure.gravatar.com\/avatar\/7728b29aac2719421e1a9159b2254c44?s=96&d=mm&r=g","caption":"Cl\u00e9ment"},"sameAs":["https:\/\/footdavant.fr\/"]}]}},"_links":{"self":[{"href":"https:\/\/footdavant.fr\/actualites\/wp-json\/wp\/v2\/posts\/29697"}],"collection":[{"href":"https:\/\/footdavant.fr\/actualites\/wp-json\/wp\/v2\/posts"}],"about":[{"href":"https:\/\/footdavant.fr\/actualites\/wp-json\/wp\/v2\/types\/post"}],"author":[{"embeddable":true,"href":"https:\/\/footdavant.fr\/actualites\/wp-json\/wp\/v2\/users\/1"}],"replies":[{"embeddable":true,"href":"https:\/\/footdavant.fr\/actualites\/wp-json\/wp\/v2\/comments?post=29697"}],"version-history":[{"count":1,"href":"https:\/\/footdavant.fr\/actualites\/wp-json\/wp\/v2\/posts\/29697\/revisions"}],"predecessor-version":[{"id":29699,"href":"https:\/\/footdavant.fr\/actualites\/wp-json\/wp\/v2\/posts\/29697\/revisions\/29699"}],"wp:featuredmedia":[{"embeddable":true,"href":"https:\/\/footdavant.fr\/actualites\/wp-json\/wp\/v2\/media\/29698"}],"wp:attachment":[{"href":"https:\/\/footdavant.fr\/actualites\/wp-json\/wp\/v2\/media?parent=29697"}],"wp:term":[{"taxonomy":"category","embeddable":true,"href":"https:\/\/footdavant.fr\/actualites\/wp-json\/wp\/v2\/categories?post=29697"},{"taxonomy":"post_tag","embeddable":true,"href":"https:\/\/footdavant.fr\/actualites\/wp-json\/wp\/v2\/tags?post=29697"}],"curies":[{"name":"wp","href":"https:\/\/api.w.org\/{rel}","templated":true}]}}