{"id":29824,"date":"2025-10-14T14:48:45","date_gmt":"2025-10-14T12:48:45","guid":{"rendered":"https:\/\/footdavant.fr\/actualites\/la-star-du-milieu-de-terrain-darsenal-martin-zubimendi-explique-le-rejet-du-transfert-de-liverpool-en-2024\/"},"modified":"2025-10-14T14:48:47","modified_gmt":"2025-10-14T12:48:47","slug":"la-star-du-milieu-de-terrain-darsenal-martin-zubimendi-explique-le-rejet-du-transfert-de-liverpool-en-2024","status":"publish","type":"post","link":"https:\/\/footdavant.fr\/actualites\/la-star-du-milieu-de-terrain-darsenal-martin-zubimendi-explique-le-rejet-du-transfert-de-liverpool-en-2024\/","title":{"rendered":"La star du milieu de terrain d\u2019Arsenal, Martin Zubimendi, explique le rejet du transfert de Liverpool en 2024"},"content":{"rendered":"<p>Aujourd&#39;hui, le milieu de terrain d&#39;Arsenal, Martin Zubimendi, d\u00e9clare que \u00ab\u00a0ce n&#39;\u00e9tait pas le bon moment\u00a0\u00bb pour partir lorsqu&#39;on l&#39;interroge sur sa d\u00e9cision de refuser un transfert \u00e0 Liverpool l&#39;ann\u00e9e derni\u00e8re.<\/p>\n<div id=\"article_body\" itemprop=\"articleBody\">\n<h3 class=\"firstPara\"><\/h3>\n<p>Milieu de terrain espagnol <strong class=\"autotag\">Martin Zubimendi a d\u00e9clar\u00e9 que \u00ab\u00a0ce n&#39;\u00e9tait pas le bon moment\u00a0\u00bb pour partir lorsqu&#39;on l&#39;a interrog\u00e9 sur sa d\u00e9cision de refuser un transfert vers <strong class=\"autotag\">Liverpool \u00e0 l\u2019\u00e9t\u00e9 2024.<\/p>\n<p>Liverpool a conclu un accord avec la Real Sociedad pour la signature de Zubimendi lors du mercato d&#39;\u00e9t\u00e9 avant la campagne 2024-25, mais l&#39;international espagnol a rejet\u00e9 la possibilit\u00e9 de d\u00e9m\u00e9nager \u00e0 Anfield.<\/p>\n<p>Douze mois plus tard, Zubimendi rejoint <strong class=\"autotag\">Arsenal, et le joueur de 26 ans a \u00e9t\u00e9 un artiste remarquable pour l&#39;\u00e9quipe de Mikel Arteta cette saison, avec ses performances au milieu faisant une \u00e9norme impression.<\/p>\n<p>Le milieu de terrain a fait neuf apparitions pour les Gunners, marquant deux fois, et il a d\u00e9clar\u00e9 que d\u00e9m\u00e9nager \u00e0 l&#39;Emirates Stadium \u00ab\u00a0semblait bien\u00a0\u00bb apr\u00e8s avoir rejet\u00e9 un transfert en Angleterre un an plus t\u00f4t.<\/p>\n<p class=\"imgI\">\n<h2>Zubimendi : \u00ab\u00a0L&#39;int\u00e9r\u00eat de Liverpool est arriv\u00e9 au mauvais moment\u00a0\u00bb<\/h2>\n<p>\u00ab\u00a0Quand une proposition arrive, la premi\u00e8re question doit \u00eatre de savoir s&#39;il faut rester \u00e0 La Real\u00a0\u00bb, a-t-il d\u00e9clar\u00e9. <em>Le Gardien<\/em>. \u00ab\u00a0Et ce n&#39;\u00e9tait pas le bon moment (pour partir). Je suis rest\u00e9 et ce fut une saison difficile mais j&#39;ai beaucoup appris.<\/p>\n<p>\u00ab\u00a0Je voulais avancer, prendre ce poids apr\u00e8s que d&#39;autres soient partis. Mais j&#39;ai toujours essay\u00e9 de choisir le bon moment et je suis content de la fa\u00e7on dont cela s&#39;est pass\u00e9 au final.<\/p>\n<p>\u00ab\u00a0J&#39;avais regard\u00e9 Arsenal et j&#39;ai aim\u00e9 tout ce que j&#39;ai vu, en termes de passion, de jeunesse, le sentiment qu&#39;on a en les regardant. Et quand Mikel Arteta m&#39;a appel\u00e9&#8230; Eh bien, si vous lui avez d\u00e9j\u00e0 parl\u00e9, vous saurez qu&#39;il peut \u00eatre tr\u00e8s convaincant.<\/p>\n<p>\u00ab\u00a0Il est fou de football, fou de tout contr\u00f4ler, d&#39;essayer de tirer quelque chose de chaque petit d\u00e9tail. Il est tr\u00e8s clair sur tout et la proposition qu&#39;il a eue \u00e9tait la meilleure pour moi.\u00a0\u00bb<\/p>\n<p>Zubimendi a marqu\u00e9 10 buts et enregistr\u00e9 neuf passes d\u00e9cisives en 236 apparitions pour la Real Sociedad avant de rejoindre Arsenal, les Gunners payant 60 millions de livres sterling pour sa signature.<\/p>\n<p class=\"imgI\"><img decoding=\"async\" alt=\"Martin Zubimendi d&#39;Arsenal c\u00e9l\u00e8bre son but le 13 septembre 2025\" class=\"vanilla-lazyload article-image\" src=\"https:\/\/footdavant.fr\/actualites\/wp-content\/uploads\/2025\/09\/Apercu-Athletic-Bilbao-vs-Arsenal-Prediction-equipes-d39equipe-alignements.jpg\"><\/p>\n<h2>Zubimendi a \u00e9t\u00e9 la signature estivale la plus marquante d&#39;Arsenal<\/h2>\n<p>Comme discut\u00e9 par Sports Mole, Zubimendi a \u00e9t\u00e9 la signature la plus marquante d&#39;Arsenal sur le march\u00e9 d&#39;\u00e9t\u00e9.<\/p>\n<p>Il y avait des points d&#39;interrogation quant \u00e0 l&#39;aptitude de Zubimendi \u00e0 la Premier League avant de d\u00e9m\u00e9nager \u00e0 l&#39;Emirates Stadium, mais il serait juste de dire que le milieu de terrain a maintenant fait ses preuves.<\/p>\n<p>Arsenal est en t\u00eate du classement de la Premier League, avec 16 points lors de ses sept premiers matches de la saison, et Zubimendi esp\u00e8re aider l&#39;\u00e9quipe d&#39;Arteta \u00e0 remporter le troph\u00e9e de la ligue cette saison.<\/p>\n<div class=\"author_box\">\n<div class=\"author_box_banner\"> <img decoding=\"async\" class=\"author_img\" src=\"https:\/\/footdavant.fr\/actualites\/wp-content\/uploads\/2025\/06\/1749851283_714_Man-United-Transfer-News-Antony-Dernier-revele-apres-le-spectaculaire.jpg\"><\/div>\n<\/div>\n<\/div>\n","protected":false},"excerpt":{"rendered":"<p>Aujourd&#39;hui, le milieu de terrain d&#39;Arsenal, Martin Zubimendi, d\u00e9clare que \u00ab\u00a0ce n&#39;\u00e9tait pas le bon moment\u00a0\u00bb pour partir lorsqu&#39;on l&#39;interroge sur sa d\u00e9cision de refuser<\/p>\n","protected":false},"author":1,"featured_media":28501,"comment_status":"closed","ping_status":"","sticky":false,"template":"","format":"standard","meta":{"footnotes":""},"categories":[5],"tags":[59,577,53,892,441,5654,1621,442,700,893],"yoast_head":"<!-- This site is optimized with the Yoast SEO plugin v21.0 - https:\/\/yoast.com\/wordpress\/plugins\/seo\/ -->\n<title>La star du milieu de terrain d\u2019Arsenal, Martin Zubimendi, explique le rejet du transfert de Liverpool en 2024<\/title>\n<meta name=\"robots\" content=\"index, follow, max-snippet:-1, max-image-preview:large, max-video-preview:-1\" \/>\n<link rel=\"canonical\" href=\"https:\/\/footdavant.fr\/actualites\/la-star-du-milieu-de-terrain-darsenal-martin-zubimendi-explique-le-rejet-du-transfert-de-liverpool-en-2024\/\" \/>\n<meta property=\"og:locale\" content=\"fr_FR\" \/>\n<meta property=\"og:type\" content=\"article\" \/>\n<meta property=\"og:title\" content=\"La star du milieu de terrain d\u2019Arsenal, Martin Zubimendi, explique le rejet du transfert de Liverpool en 2024\" \/>\n<meta property=\"og:description\" content=\"Aujourd&#039;hui, le milieu de terrain d&#039;Arsenal, Martin Zubimendi, d\u00e9clare que \u00ab\u00a0ce n&#039;\u00e9tait pas le bon moment\u00a0\u00bb pour partir lorsqu&#039;on l&#039;interroge sur sa d\u00e9cision de refuser\" \/>\n<meta property=\"og:url\" content=\"https:\/\/footdavant.fr\/actualites\/la-star-du-milieu-de-terrain-darsenal-martin-zubimendi-explique-le-rejet-du-transfert-de-liverpool-en-2024\/\" \/>\n<meta property=\"og:site_name\" content=\"Foot d&#039;avant\" \/>\n<meta property=\"article:publisher\" content=\"https:\/\/www.facebook.com\/Footdavant\/\" \/>\n<meta property=\"article:published_time\" content=\"2025-10-14T12:48:45+00:00\" \/>\n<meta property=\"article:modified_time\" content=\"2025-10-14T12:48:47+00:00\" \/>\n<meta property=\"og:image\" content=\"https:\/\/footdavant.fr\/actualites\/wp-content\/uploads\/2025\/09\/Arsenal-Transfer-News-Barcelone-star-de-Mikel-Arteta-surveillant-etroitement.webp\" \/>\n\t<meta property=\"og:image:width\" content=\"640\" \/>\n\t<meta property=\"og:image:height\" content=\"480\" \/>\n\t<meta property=\"og:image:type\" content=\"image\/jpeg\" \/>\n<meta name=\"author\" content=\"Cl\u00e9ment\" \/>\n<meta name=\"twitter:card\" content=\"summary_large_image\" \/>\n<meta name=\"twitter:creator\" content=\"@FootdavantFr\" \/>\n<meta name=\"twitter:site\" content=\"@FootdavantFr\" \/>\n<meta name=\"twitter:label1\" content=\"\u00c9crit par\" \/>\n\t<meta name=\"twitter:data1\" content=\"Cl\u00e9ment\" \/>\n\t<meta name=\"twitter:label2\" content=\"Dur\u00e9e de lecture estim\u00e9e\" \/>\n\t<meta name=\"twitter:data2\" content=\"3 minutes\" \/>\n<script type=\"application\/ld+json\" class=\"yoast-schema-graph\">{\"@context\":\"https:\/\/schema.org\",\"@graph\":[{\"@type\":\"Article\",\"@id\":\"https:\/\/footdavant.fr\/actualites\/la-star-du-milieu-de-terrain-darsenal-martin-zubimendi-explique-le-rejet-du-transfert-de-liverpool-en-2024\/#article\",\"isPartOf\":{\"@id\":\"https:\/\/footdavant.fr\/actualites\/la-star-du-milieu-de-terrain-darsenal-martin-zubimendi-explique-le-rejet-du-transfert-de-liverpool-en-2024\/\"},\"author\":{\"name\":\"Cl\u00e9ment\",\"@id\":\"https:\/\/footdavant.fr\/actualites\/#\/schema\/person\/bc222566d95871b37e597b3ed3ba5e1d\"},\"headline\":\"La star du milieu de terrain d\u2019Arsenal, Martin Zubimendi, explique le rejet du transfert de Liverpool en 2024\",\"datePublished\":\"2025-10-14T12:48:45+00:00\",\"dateModified\":\"2025-10-14T12:48:47+00:00\",\"mainEntityOfPage\":{\"@id\":\"https:\/\/footdavant.fr\/actualites\/la-star-du-milieu-de-terrain-darsenal-martin-zubimendi-explique-le-rejet-du-transfert-de-liverpool-en-2024\/\"},\"wordCount\":535,\"publisher\":{\"@id\":\"https:\/\/footdavant.fr\/actualites\/#organization\"},\"keywords\":[\"dArsenal\",\"explique\",\"Liverpool\",\"Martin\",\"milieu\",\"rejet\",\"Star\",\"terrain\",\"transfert\",\"Zubimendi\"],\"articleSection\":[\"Premier League\"],\"inLanguage\":\"fr-FR\"},{\"@type\":\"WebPage\",\"@id\":\"https:\/\/footdavant.fr\/actualites\/la-star-du-milieu-de-terrain-darsenal-martin-zubimendi-explique-le-rejet-du-transfert-de-liverpool-en-2024\/\",\"url\":\"https:\/\/footdavant.fr\/actualites\/la-star-du-milieu-de-terrain-darsenal-martin-zubimendi-explique-le-rejet-du-transfert-de-liverpool-en-2024\/\",\"name\":\"La star du milieu de terrain d\u2019Arsenal, Martin Zubimendi, explique le rejet du transfert de Liverpool en 2024\",\"isPartOf\":{\"@id\":\"https:\/\/footdavant.fr\/actualites\/#website\"},\"datePublished\":\"2025-10-14T12:48:45+00:00\",\"dateModified\":\"2025-10-14T12:48:47+00:00\",\"breadcrumb\":{\"@id\":\"https:\/\/footdavant.fr\/actualites\/la-star-du-milieu-de-terrain-darsenal-martin-zubimendi-explique-le-rejet-du-transfert-de-liverpool-en-2024\/#breadcrumb\"},\"inLanguage\":\"fr-FR\",\"potentialAction\":[{\"@type\":\"ReadAction\",\"target\":[\"https:\/\/footdavant.fr\/actualites\/la-star-du-milieu-de-terrain-darsenal-martin-zubimendi-explique-le-rejet-du-transfert-de-liverpool-en-2024\/\"]}]},{\"@type\":\"BreadcrumbList\",\"@id\":\"https:\/\/footdavant.fr\/actualites\/la-star-du-milieu-de-terrain-darsenal-martin-zubimendi-explique-le-rejet-du-transfert-de-liverpool-en-2024\/#breadcrumb\",\"itemListElement\":[{\"@type\":\"ListItem\",\"position\":1,\"name\":\"Accueil\",\"item\":\"https:\/\/footdavant.fr\/actualites\/\"},{\"@type\":\"ListItem\",\"position\":2,\"name\":\"La star du milieu de terrain d\u2019Arsenal, Martin Zubimendi, explique le rejet du transfert de Liverpool en 2024\"}]},{\"@type\":\"WebSite\",\"@id\":\"https:\/\/footdavant.fr\/actualites\/#website\",\"url\":\"https:\/\/footdavant.fr\/actualites\/\",\"name\":\"Foot d'avant\",\"description\":\"\",\"publisher\":{\"@id\":\"https:\/\/footdavant.fr\/actualites\/#organization\"},\"potentialAction\":[{\"@type\":\"SearchAction\",\"target\":{\"@type\":\"EntryPoint\",\"urlTemplate\":\"https:\/\/footdavant.fr\/actualites\/?s={search_term_string}\"},\"query-input\":\"required name=search_term_string\"}],\"inLanguage\":\"fr-FR\"},{\"@type\":\"Organization\",\"@id\":\"https:\/\/footdavant.fr\/actualites\/#organization\",\"name\":\"Foot d'avant\",\"url\":\"https:\/\/footdavant.fr\/actualites\/\",\"logo\":{\"@type\":\"ImageObject\",\"inLanguage\":\"fr-FR\",\"@id\":\"https:\/\/footdavant.fr\/actualites\/#\/schema\/logo\/image\/\",\"url\":\"https:\/\/footdavant.fr\/actualites\/wp-content\/uploads\/2023\/09\/Copy-of-FootDavant-Logo.png\",\"contentUrl\":\"https:\/\/footdavant.fr\/actualites\/wp-content\/uploads\/2023\/09\/Copy-of-FootDavant-Logo.png\",\"width\":936,\"height\":549,\"caption\":\"Foot d'avant\"},\"image\":{\"@id\":\"https:\/\/footdavant.fr\/actualites\/#\/schema\/logo\/image\/\"},\"sameAs\":[\"https:\/\/www.facebook.com\/Footdavant\/\",\"https:\/\/twitter.com\/FootdavantFr\",\"https:\/\/www.instagram.com\/footdavant.fr\/\"]},{\"@type\":\"Person\",\"@id\":\"https:\/\/footdavant.fr\/actualites\/#\/schema\/person\/bc222566d95871b37e597b3ed3ba5e1d\",\"name\":\"Cl\u00e9ment\",\"image\":{\"@type\":\"ImageObject\",\"inLanguage\":\"fr-FR\",\"@id\":\"https:\/\/footdavant.fr\/actualites\/#\/schema\/person\/image\/\",\"url\":\"https:\/\/secure.gravatar.com\/avatar\/7728b29aac2719421e1a9159b2254c44?s=96&d=mm&r=g\",\"contentUrl\":\"https:\/\/secure.gravatar.com\/avatar\/7728b29aac2719421e1a9159b2254c44?s=96&d=mm&r=g\",\"caption\":\"Cl\u00e9ment\"},\"sameAs\":[\"https:\/\/footdavant.fr\/\"]}]}<\/script>\n<!-- \/ Yoast SEO plugin. -->","yoast_head_json":{"title":"La star du milieu de terrain d\u2019Arsenal, Martin Zubimendi, explique le rejet du transfert de Liverpool en 2024","robots":{"index":"index","follow":"follow","max-snippet":"max-snippet:-1","max-image-preview":"max-image-preview:large","max-video-preview":"max-video-preview:-1"},"canonical":"https:\/\/footdavant.fr\/actualites\/la-star-du-milieu-de-terrain-darsenal-martin-zubimendi-explique-le-rejet-du-transfert-de-liverpool-en-2024\/","og_locale":"fr_FR","og_type":"article","og_title":"La star du milieu de terrain d\u2019Arsenal, Martin Zubimendi, explique le rejet du transfert de Liverpool en 2024","og_description":"Aujourd&#39;hui, le milieu de terrain d&#39;Arsenal, Martin Zubimendi, d\u00e9clare que \u00ab\u00a0ce n&#39;\u00e9tait pas le bon moment\u00a0\u00bb pour partir lorsqu&#39;on l&#39;interroge sur sa d\u00e9cision de refuser","og_url":"https:\/\/footdavant.fr\/actualites\/la-star-du-milieu-de-terrain-darsenal-martin-zubimendi-explique-le-rejet-du-transfert-de-liverpool-en-2024\/","og_site_name":"Foot d&#039;avant","article_publisher":"https:\/\/www.facebook.com\/Footdavant\/","article_published_time":"2025-10-14T12:48:45+00:00","article_modified_time":"2025-10-14T12:48:47+00:00","og_image":[{"width":640,"height":480,"url":"https:\/\/footdavant.fr\/actualites\/wp-content\/uploads\/2025\/09\/Arsenal-Transfer-News-Barcelone-star-de-Mikel-Arteta-surveillant-etroitement.webp","type":"image\/jpeg"}],"author":"Cl\u00e9ment","twitter_card":"summary_large_image","twitter_creator":"@FootdavantFr","twitter_site":"@FootdavantFr","twitter_misc":{"\u00c9crit par":"Cl\u00e9ment","Dur\u00e9e de lecture estim\u00e9e":"3 minutes"},"schema":{"@context":"https:\/\/schema.org","@graph":[{"@type":"Article","@id":"https:\/\/footdavant.fr\/actualites\/la-star-du-milieu-de-terrain-darsenal-martin-zubimendi-explique-le-rejet-du-transfert-de-liverpool-en-2024\/#article","isPartOf":{"@id":"https:\/\/footdavant.fr\/actualites\/la-star-du-milieu-de-terrain-darsenal-martin-zubimendi-explique-le-rejet-du-transfert-de-liverpool-en-2024\/"},"author":{"name":"Cl\u00e9ment","@id":"https:\/\/footdavant.fr\/actualites\/#\/schema\/person\/bc222566d95871b37e597b3ed3ba5e1d"},"headline":"La star du milieu de terrain d\u2019Arsenal, Martin Zubimendi, explique le rejet du transfert de Liverpool en 2024","datePublished":"2025-10-14T12:48:45+00:00","dateModified":"2025-10-14T12:48:47+00:00","mainEntityOfPage":{"@id":"https:\/\/footdavant.fr\/actualites\/la-star-du-milieu-de-terrain-darsenal-martin-zubimendi-explique-le-rejet-du-transfert-de-liverpool-en-2024\/"},"wordCount":535,"publisher":{"@id":"https:\/\/footdavant.fr\/actualites\/#organization"},"keywords":["dArsenal","explique","Liverpool","Martin","milieu","rejet","Star","terrain","transfert","Zubimendi"],"articleSection":["Premier League"],"inLanguage":"fr-FR"},{"@type":"WebPage","@id":"https:\/\/footdavant.fr\/actualites\/la-star-du-milieu-de-terrain-darsenal-martin-zubimendi-explique-le-rejet-du-transfert-de-liverpool-en-2024\/","url":"https:\/\/footdavant.fr\/actualites\/la-star-du-milieu-de-terrain-darsenal-martin-zubimendi-explique-le-rejet-du-transfert-de-liverpool-en-2024\/","name":"La star du milieu de terrain d\u2019Arsenal, Martin Zubimendi, explique le rejet du transfert de Liverpool en 2024","isPartOf":{"@id":"https:\/\/footdavant.fr\/actualites\/#website"},"datePublished":"2025-10-14T12:48:45+00:00","dateModified":"2025-10-14T12:48:47+00:00","breadcrumb":{"@id":"https:\/\/footdavant.fr\/actualites\/la-star-du-milieu-de-terrain-darsenal-martin-zubimendi-explique-le-rejet-du-transfert-de-liverpool-en-2024\/#breadcrumb"},"inLanguage":"fr-FR","potentialAction":[{"@type":"ReadAction","target":["https:\/\/footdavant.fr\/actualites\/la-star-du-milieu-de-terrain-darsenal-martin-zubimendi-explique-le-rejet-du-transfert-de-liverpool-en-2024\/"]}]},{"@type":"BreadcrumbList","@id":"https:\/\/footdavant.fr\/actualites\/la-star-du-milieu-de-terrain-darsenal-martin-zubimendi-explique-le-rejet-du-transfert-de-liverpool-en-2024\/#breadcrumb","itemListElement":[{"@type":"ListItem","position":1,"name":"Accueil","item":"https:\/\/footdavant.fr\/actualites\/"},{"@type":"ListItem","position":2,"name":"La star du milieu de terrain d\u2019Arsenal, Martin Zubimendi, explique le rejet du transfert de Liverpool en 2024"}]},{"@type":"WebSite","@id":"https:\/\/footdavant.fr\/actualites\/#website","url":"https:\/\/footdavant.fr\/actualites\/","name":"Foot d'avant","description":"","publisher":{"@id":"https:\/\/footdavant.fr\/actualites\/#organization"},"potentialAction":[{"@type":"SearchAction","target":{"@type":"EntryPoint","urlTemplate":"https:\/\/footdavant.fr\/actualites\/?s={search_term_string}"},"query-input":"required name=search_term_string"}],"inLanguage":"fr-FR"},{"@type":"Organization","@id":"https:\/\/footdavant.fr\/actualites\/#organization","name":"Foot d'avant","url":"https:\/\/footdavant.fr\/actualites\/","logo":{"@type":"ImageObject","inLanguage":"fr-FR","@id":"https:\/\/footdavant.fr\/actualites\/#\/schema\/logo\/image\/","url":"https:\/\/footdavant.fr\/actualites\/wp-content\/uploads\/2023\/09\/Copy-of-FootDavant-Logo.png","contentUrl":"https:\/\/footdavant.fr\/actualites\/wp-content\/uploads\/2023\/09\/Copy-of-FootDavant-Logo.png","width":936,"height":549,"caption":"Foot d'avant"},"image":{"@id":"https:\/\/footdavant.fr\/actualites\/#\/schema\/logo\/image\/"},"sameAs":["https:\/\/www.facebook.com\/Footdavant\/","https:\/\/twitter.com\/FootdavantFr","https:\/\/www.instagram.com\/footdavant.fr\/"]},{"@type":"Person","@id":"https:\/\/footdavant.fr\/actualites\/#\/schema\/person\/bc222566d95871b37e597b3ed3ba5e1d","name":"Cl\u00e9ment","image":{"@type":"ImageObject","inLanguage":"fr-FR","@id":"https:\/\/footdavant.fr\/actualites\/#\/schema\/person\/image\/","url":"https:\/\/secure.gravatar.com\/avatar\/7728b29aac2719421e1a9159b2254c44?s=96&d=mm&r=g","contentUrl":"https:\/\/secure.gravatar.com\/avatar\/7728b29aac2719421e1a9159b2254c44?s=96&d=mm&r=g","caption":"Cl\u00e9ment"},"sameAs":["https:\/\/footdavant.fr\/"]}]}},"_links":{"self":[{"href":"https:\/\/footdavant.fr\/actualites\/wp-json\/wp\/v2\/posts\/29824"}],"collection":[{"href":"https:\/\/footdavant.fr\/actualites\/wp-json\/wp\/v2\/posts"}],"about":[{"href":"https:\/\/footdavant.fr\/actualites\/wp-json\/wp\/v2\/types\/post"}],"author":[{"embeddable":true,"href":"https:\/\/footdavant.fr\/actualites\/wp-json\/wp\/v2\/users\/1"}],"replies":[{"embeddable":true,"href":"https:\/\/footdavant.fr\/actualites\/wp-json\/wp\/v2\/comments?post=29824"}],"version-history":[{"count":1,"href":"https:\/\/footdavant.fr\/actualites\/wp-json\/wp\/v2\/posts\/29824\/revisions"}],"predecessor-version":[{"id":29825,"href":"https:\/\/footdavant.fr\/actualites\/wp-json\/wp\/v2\/posts\/29824\/revisions\/29825"}],"wp:featuredmedia":[{"embeddable":true,"href":"https:\/\/footdavant.fr\/actualites\/wp-json\/wp\/v2\/media\/28501"}],"wp:attachment":[{"href":"https:\/\/footdavant.fr\/actualites\/wp-json\/wp\/v2\/media?parent=29824"}],"wp:term":[{"taxonomy":"category","embeddable":true,"href":"https:\/\/footdavant.fr\/actualites\/wp-json\/wp\/v2\/categories?post=29824"},{"taxonomy":"post_tag","embeddable":true,"href":"https:\/\/footdavant.fr\/actualites\/wp-json\/wp\/v2\/tags?post=29824"}],"curies":[{"name":"wp","href":"https:\/\/api.w.org\/{rel}","templated":true}]}}