{"id":29888,"date":"2025-10-16T10:48:04","date_gmt":"2025-10-16T08:48:04","guid":{"rendered":"https:\/\/footdavant.fr\/actualites\/florian-wirtz-blanchit-a-nouveau-mais-lhomme-de-liverpool-respire-la-promesse-lors-de-la-victoire-des-qualifications-pour-la-coupe-du-monde-en-allemagne\/"},"modified":"2025-10-16T10:48:06","modified_gmt":"2025-10-16T08:48:06","slug":"florian-wirtz-blanchit-a-nouveau-mais-lhomme-de-liverpool-respire-la-promesse-lors-de-la-victoire-des-qualifications-pour-la-coupe-du-monde-en-allemagne","status":"publish","type":"post","link":"https:\/\/footdavant.fr\/actualites\/florian-wirtz-blanchit-a-nouveau-mais-lhomme-de-liverpool-respire-la-promesse-lors-de-la-victoire-des-qualifications-pour-la-coupe-du-monde-en-allemagne\/","title":{"rendered":"Florian Wirtz blanchit \u00e0 nouveau mais l&#39;homme de Liverpool respire la promesse lors de la victoire des qualifications pour la Coupe du monde en Allemagne"},"content":{"rendered":"<p>Le meneur de jeu de Liverpool, Florian Wirtz, ne parvient une fois de plus \u00e0 marquer ou \u00e0 aider alors que l&#39;Allemagne s&#39;est impos\u00e9e 4-0 contre le Luxembourg lors des qualifications pour la Coupe du monde 2026 vendredi, mais le joueur de 22 ans peut se consid\u00e9rer comme malchanceux.<\/p>\n<div id=\"article_body\" itemprop=\"articleBody\">\n<h3 class=\"firstPara\"><\/h3>\n<p><strong class=\"autotag\">Meneur de jeu de Liverpool <strong class=\"autotag\">Florian Wirtz n&#39;a une nouvelle fois pas r\u00e9ussi \u00e0 marquer ou \u00e0 aider. <strong class=\"autotag\">L&#39;Allemagne s&#39;est impos\u00e9e 4-0 contre le Luxembourg vendredi <strong class=\"autotag\">Qualification pour la Coupe du Monde 2026, mais le joueur de 22 ans pourrait s&#39;estimer malchanceux.<\/p>\n<p>Depuis la mise en place <strong class=\"autotag\">Hugo Ekitike lors de la d\u00e9faite des Reds au Community Shield contre Crystal Palace, l&#39;homme de 116 millions de livres sterling n&#39;a pas r\u00e9ussi \u00e0 contribuer directement \u00e0 un but lors d&#39;aucune de ses neuf derni\u00e8res apparitions pour les champions en titre de Premier League.<\/p>\n<p>Wirtz se retrouve d\u00e9j\u00e0 deuxi\u00e8me en partant du bas dans le classement des recrues estivales de Liverpool, m\u00eame si le joueur de 22 ans a n\u00e9anmoins montr\u00e9 un aper\u00e7u de ce dont il est capable.<\/p>\n<p>En effet, seuls six joueurs de Premier League ont r\u00e9alis\u00e9 en moyenne plus d&#39;actions cr\u00e9atrices de tirs toutes les 90 minutes que l&#39;Invincible du Bayer Leverkusen, qui en a enregistr\u00e9 4,48 au d\u00e9but de la saison en cours.<\/p>\n<p>Cependant, ce nombre n&#39;a pas encore conduit \u00e0 une contribution directe dans l&#39;\u00e9lite anglaise, et Wirtz ne peut pas non plus revendiquer une implication directe dans la victoire 4-0 de son pays contre le Luxembourg vendredi, bien qu&#39;il ait \u00e9t\u00e9 malheureux dans deux moments cl\u00e9s.<\/p>\n<h2>La performance de Florian Wirtz en Allemagne analys\u00e9e au milieu des difficult\u00e9s de Liverpool<\/h2>\n<p class=\"imgI\">\n<p>\u00c0 la 32e minute du match, Wirtz a roul\u00e9 dans le champ depuis la gauche et a fait une jolie passe \u00e0 travers plusieurs corps vers Newcastle United. <strong class=\"autotag\">Nick Woltemade, qui s&#39;est vu offrir une glorieuse opportunit\u00e9 dans la surface.<\/p>\n<p>Cependant, le tireur d&#39;\u00e9lite des Magpies a compl\u00e8tement rat\u00e9 sa deuxi\u00e8me touche et l&#39;occasion s&#39;est av\u00e9r\u00e9e mendiante, puisque Wirtz s&#39;est vu refuser une aide potentielle pour Die Mannschaft.<\/p>\n<p>L&#39;homme de Liverpool a ensuite surmont\u00e9 un coup franc de 20 m\u00e8tres en seconde p\u00e9riode, et sa frappe a franchi le mur mais a coup\u00e9 l&#39;ext\u00e9rieur du poteau avec le gardien luxembourgeois Anthony Moris pris au d\u00e9pourvu.<\/p>\n<p>N\u00e9anmoins, Wirtz a quand m\u00eame obtenu une excellente note de 8,7 par <em>Score du canap\u00e9 <\/em>&#8211; le deuxi\u00e8me meilleur joueur sur le terrain &#8211; apr\u00e8s avoir cr\u00e9\u00e9 quatre occasions et tir\u00e9 cinq tirs, dont trois ont \u00e9t\u00e9 bloqu\u00e9s.<\/p>\n<p>L&#39;Allemagne s&#39;est confortablement impos\u00e9e vendredi gr\u00e2ce \u00e0 deux buts de Joshua Kimmich et un de chacun de David Raum et Serge Gnabry, alors qu&#39;ils passaient \u00e0 six points lors de leurs trois premiers matchs dans le groupe A.<\/p>\n<p>Les hommes de Julian Nagelsmann sont au-dessus de l&#39;Irlande du Nord et de la Slovaquie \u00e0 la diff\u00e9rence de buts, et ils affronteront la premi\u00e8re lors de leur quatri\u00e8me match pr\u00e9liminaire \u00e0 Belfast lundi.<\/p>\n<h2>Comment les autres joueurs de Liverpool se sont-ils comport\u00e9s en mission internationale ?<\/h2>\n<p class=\"imgI\"><img decoding=\"async\" alt=\"Liverpool et Alexander Isak du Su\u00e8de photographi\u00e9s le 10 octobre 2025\" class=\"vanilla-lazyload article-image\" src=\"https:\/\/footdavant.fr\/actualites\/wp-content\/uploads\/2025\/10\/Viktor-Gyokeres-resigne-et-maladroit-face-a-la-defaite-contre.webp\"><\/p>\n<p>L&#39;Allemagne de Wirtz se heurtera <strong class=\"autotag\">L&#39;Irlande du Nord de Conor Bradley suivra, et l&#39;arri\u00e8re droit a compl\u00e9t\u00e9 89 minutes de la victoire 2-0 de son pays \u00e0 domicile contre la Slovaquie vendredi.<\/p>\n<p>Bradley a commis quatre fautes, tir\u00e9 deux tirs et effectu\u00e9 trois interceptions \u00e0 Windsor Park, mais il a \u00e9galement perdu la possession 31 fois et a \u00e9t\u00e9 averti ce soir-l\u00e0.<\/p>\n<p>Autre part, <strong class=\"autotag\">Alexander Isak a jou\u00e9 l&#39;int\u00e9gralit\u00e9 des 90 et a touch\u00e9 les boiseries alors que la Su\u00e8de s&#39;inclinait 2-0 \u00e0 domicile contre la Suisse, mais son rival attaquant Ekitike a connu une meilleure soir\u00e9e pour la France.<\/p>\n<p>L&#39;ancien attaquant de l&#39;Eintracht Francfort a fourni une passe d\u00e9cisive \u00e0 Kylian Mbappe lors d&#39;une victoire 3-0 contre l&#39;Azerba\u00efdjan, mais n&#39;a pas non plus r\u00e9ussi \u00e0 marquer avec huit tirs, frappant une fois le cadre du but et voyant quatre tentatives bloqu\u00e9es.<\/p>\n<div class=\"author_box\">\n<div class=\"author_box_banner\"> <img decoding=\"async\" class=\"author_img\" src=\"https:\/\/footdavant.fr\/actualites\/wp-content\/uploads\/2025\/06\/1749127685_316_Equipe-de-la-Ligue-des-champions-du-tournoi-Lamine-Yamal.jpg\"><\/div>\n<\/div>\n<\/div>\n","protected":false},"excerpt":{"rendered":"<p>Le meneur de jeu de Liverpool, Florian Wirtz, ne parvient une fois de plus \u00e0 marquer ou \u00e0 aider alors que l&#39;Allemagne s&#39;est impos\u00e9e 4-0<\/p>\n","protected":false},"author":1,"featured_media":29889,"comment_status":"closed","ping_status":"","sticky":false,"template":"","format":"standard","meta":{"footnotes":""},"categories":[5],"tags":[5328,10784,1946,12,718,4674,53,64,365,562,199,51,6465,2070,7431,26,719],"yoast_head":"<!-- This site is optimized with the Yoast SEO plugin v21.0 - https:\/\/yoast.com\/wordpress\/plugins\/seo\/ -->\n<title>Florian Wirtz blanchit \u00e0 nouveau mais l&#039;homme de Liverpool respire la promesse lors de la victoire des qualifications pour la Coupe du monde en Allemagne<\/title>\n<meta name=\"robots\" content=\"index, follow, max-snippet:-1, max-image-preview:large, max-video-preview:-1\" \/>\n<link rel=\"canonical\" href=\"https:\/\/footdavant.fr\/actualites\/florian-wirtz-blanchit-a-nouveau-mais-lhomme-de-liverpool-respire-la-promesse-lors-de-la-victoire-des-qualifications-pour-la-coupe-du-monde-en-allemagne\/\" \/>\n<meta property=\"og:locale\" content=\"fr_FR\" \/>\n<meta property=\"og:type\" content=\"article\" \/>\n<meta property=\"og:title\" content=\"Florian Wirtz blanchit \u00e0 nouveau mais l&#039;homme de Liverpool respire la promesse lors de la victoire des qualifications pour la Coupe du monde en Allemagne\" \/>\n<meta property=\"og:description\" content=\"Le meneur de jeu de Liverpool, Florian Wirtz, ne parvient une fois de plus \u00e0 marquer ou \u00e0 aider alors que l&#039;Allemagne s&#039;est impos\u00e9e 4-0\" \/>\n<meta property=\"og:url\" content=\"https:\/\/footdavant.fr\/actualites\/florian-wirtz-blanchit-a-nouveau-mais-lhomme-de-liverpool-respire-la-promesse-lors-de-la-victoire-des-qualifications-pour-la-coupe-du-monde-en-allemagne\/\" \/>\n<meta property=\"og:site_name\" content=\"Foot d&#039;avant\" \/>\n<meta property=\"article:publisher\" content=\"https:\/\/www.facebook.com\/Footdavant\/\" \/>\n<meta property=\"article:published_time\" content=\"2025-10-16T08:48:04+00:00\" \/>\n<meta property=\"article:modified_time\" content=\"2025-10-16T08:48:06+00:00\" \/>\n<meta property=\"og:image\" content=\"https:\/\/footdavant.fr\/actualites\/wp-content\/uploads\/2025\/10\/Florian-Wirtz-blanchit-a-nouveau-mais-l39homme-de-Liverpool-respire.jpg\" \/>\n\t<meta property=\"og:image:width\" content=\"640\" \/>\n\t<meta property=\"og:image:height\" content=\"480\" \/>\n\t<meta property=\"og:image:type\" content=\"image\/jpeg\" \/>\n<meta name=\"author\" content=\"Cl\u00e9ment\" \/>\n<meta name=\"twitter:card\" content=\"summary_large_image\" \/>\n<meta name=\"twitter:creator\" content=\"@FootdavantFr\" \/>\n<meta name=\"twitter:site\" content=\"@FootdavantFr\" \/>\n<meta name=\"twitter:label1\" content=\"\u00c9crit par\" \/>\n\t<meta name=\"twitter:data1\" content=\"Cl\u00e9ment\" \/>\n\t<meta name=\"twitter:label2\" content=\"Dur\u00e9e de lecture estim\u00e9e\" \/>\n\t<meta name=\"twitter:data2\" content=\"3 minutes\" \/>\n<script type=\"application\/ld+json\" class=\"yoast-schema-graph\">{\"@context\":\"https:\/\/schema.org\",\"@graph\":[{\"@type\":\"Article\",\"@id\":\"https:\/\/footdavant.fr\/actualites\/florian-wirtz-blanchit-a-nouveau-mais-lhomme-de-liverpool-respire-la-promesse-lors-de-la-victoire-des-qualifications-pour-la-coupe-du-monde-en-allemagne\/#article\",\"isPartOf\":{\"@id\":\"https:\/\/footdavant.fr\/actualites\/florian-wirtz-blanchit-a-nouveau-mais-lhomme-de-liverpool-respire-la-promesse-lors-de-la-victoire-des-qualifications-pour-la-coupe-du-monde-en-allemagne\/\"},\"author\":{\"name\":\"Cl\u00e9ment\",\"@id\":\"https:\/\/footdavant.fr\/actualites\/#\/schema\/person\/bc222566d95871b37e597b3ed3ba5e1d\"},\"headline\":\"Florian Wirtz blanchit \u00e0 nouveau mais l&#39;homme de Liverpool respire la promesse lors de la victoire des qualifications pour la Coupe du monde en Allemagne\",\"datePublished\":\"2025-10-16T08:48:04+00:00\",\"dateModified\":\"2025-10-16T08:48:06+00:00\",\"mainEntityOfPage\":{\"@id\":\"https:\/\/footdavant.fr\/actualites\/florian-wirtz-blanchit-a-nouveau-mais-lhomme-de-liverpool-respire-la-promesse-lors-de-la-victoire-des-qualifications-pour-la-coupe-du-monde-en-allemagne\/\"},\"wordCount\":718,\"publisher\":{\"@id\":\"https:\/\/footdavant.fr\/actualites\/#organization\"},\"keywords\":[\"Allemagne\",\"blanchit\",\"Coupe\",\"des\",\"Florian\",\"L39homme\",\"Liverpool\",\"lors\",\"mais\",\"monde\",\"nouveau\",\"pour\",\"promesse\",\"qualifications\",\"respire\",\"victoire\",\"Wirtz\"],\"articleSection\":[\"Premier League\"],\"inLanguage\":\"fr-FR\"},{\"@type\":\"WebPage\",\"@id\":\"https:\/\/footdavant.fr\/actualites\/florian-wirtz-blanchit-a-nouveau-mais-lhomme-de-liverpool-respire-la-promesse-lors-de-la-victoire-des-qualifications-pour-la-coupe-du-monde-en-allemagne\/\",\"url\":\"https:\/\/footdavant.fr\/actualites\/florian-wirtz-blanchit-a-nouveau-mais-lhomme-de-liverpool-respire-la-promesse-lors-de-la-victoire-des-qualifications-pour-la-coupe-du-monde-en-allemagne\/\",\"name\":\"Florian Wirtz blanchit \u00e0 nouveau mais l&#39;homme de Liverpool respire la promesse lors de la victoire des qualifications pour la Coupe du monde en Allemagne\",\"isPartOf\":{\"@id\":\"https:\/\/footdavant.fr\/actualites\/#website\"},\"datePublished\":\"2025-10-16T08:48:04+00:00\",\"dateModified\":\"2025-10-16T08:48:06+00:00\",\"breadcrumb\":{\"@id\":\"https:\/\/footdavant.fr\/actualites\/florian-wirtz-blanchit-a-nouveau-mais-lhomme-de-liverpool-respire-la-promesse-lors-de-la-victoire-des-qualifications-pour-la-coupe-du-monde-en-allemagne\/#breadcrumb\"},\"inLanguage\":\"fr-FR\",\"potentialAction\":[{\"@type\":\"ReadAction\",\"target\":[\"https:\/\/footdavant.fr\/actualites\/florian-wirtz-blanchit-a-nouveau-mais-lhomme-de-liverpool-respire-la-promesse-lors-de-la-victoire-des-qualifications-pour-la-coupe-du-monde-en-allemagne\/\"]}]},{\"@type\":\"BreadcrumbList\",\"@id\":\"https:\/\/footdavant.fr\/actualites\/florian-wirtz-blanchit-a-nouveau-mais-lhomme-de-liverpool-respire-la-promesse-lors-de-la-victoire-des-qualifications-pour-la-coupe-du-monde-en-allemagne\/#breadcrumb\",\"itemListElement\":[{\"@type\":\"ListItem\",\"position\":1,\"name\":\"Accueil\",\"item\":\"https:\/\/footdavant.fr\/actualites\/\"},{\"@type\":\"ListItem\",\"position\":2,\"name\":\"Florian Wirtz blanchit \u00e0 nouveau mais l&#39;homme de Liverpool respire la promesse lors de la victoire des qualifications pour la Coupe du monde en Allemagne\"}]},{\"@type\":\"WebSite\",\"@id\":\"https:\/\/footdavant.fr\/actualites\/#website\",\"url\":\"https:\/\/footdavant.fr\/actualites\/\",\"name\":\"Foot d'avant\",\"description\":\"\",\"publisher\":{\"@id\":\"https:\/\/footdavant.fr\/actualites\/#organization\"},\"potentialAction\":[{\"@type\":\"SearchAction\",\"target\":{\"@type\":\"EntryPoint\",\"urlTemplate\":\"https:\/\/footdavant.fr\/actualites\/?s={search_term_string}\"},\"query-input\":\"required name=search_term_string\"}],\"inLanguage\":\"fr-FR\"},{\"@type\":\"Organization\",\"@id\":\"https:\/\/footdavant.fr\/actualites\/#organization\",\"name\":\"Foot d'avant\",\"url\":\"https:\/\/footdavant.fr\/actualites\/\",\"logo\":{\"@type\":\"ImageObject\",\"inLanguage\":\"fr-FR\",\"@id\":\"https:\/\/footdavant.fr\/actualites\/#\/schema\/logo\/image\/\",\"url\":\"https:\/\/footdavant.fr\/actualites\/wp-content\/uploads\/2023\/09\/Copy-of-FootDavant-Logo.png\",\"contentUrl\":\"https:\/\/footdavant.fr\/actualites\/wp-content\/uploads\/2023\/09\/Copy-of-FootDavant-Logo.png\",\"width\":936,\"height\":549,\"caption\":\"Foot d'avant\"},\"image\":{\"@id\":\"https:\/\/footdavant.fr\/actualites\/#\/schema\/logo\/image\/\"},\"sameAs\":[\"https:\/\/www.facebook.com\/Footdavant\/\",\"https:\/\/twitter.com\/FootdavantFr\",\"https:\/\/www.instagram.com\/footdavant.fr\/\"]},{\"@type\":\"Person\",\"@id\":\"https:\/\/footdavant.fr\/actualites\/#\/schema\/person\/bc222566d95871b37e597b3ed3ba5e1d\",\"name\":\"Cl\u00e9ment\",\"image\":{\"@type\":\"ImageObject\",\"inLanguage\":\"fr-FR\",\"@id\":\"https:\/\/footdavant.fr\/actualites\/#\/schema\/person\/image\/\",\"url\":\"https:\/\/secure.gravatar.com\/avatar\/7728b29aac2719421e1a9159b2254c44?s=96&d=mm&r=g\",\"contentUrl\":\"https:\/\/secure.gravatar.com\/avatar\/7728b29aac2719421e1a9159b2254c44?s=96&d=mm&r=g\",\"caption\":\"Cl\u00e9ment\"},\"sameAs\":[\"https:\/\/footdavant.fr\/\"]}]}<\/script>\n<!-- \/ Yoast SEO plugin. -->","yoast_head_json":{"title":"Florian Wirtz blanchit \u00e0 nouveau mais l&#39;homme de Liverpool respire la promesse lors de la victoire des qualifications pour la Coupe du monde en Allemagne","robots":{"index":"index","follow":"follow","max-snippet":"max-snippet:-1","max-image-preview":"max-image-preview:large","max-video-preview":"max-video-preview:-1"},"canonical":"https:\/\/footdavant.fr\/actualites\/florian-wirtz-blanchit-a-nouveau-mais-lhomme-de-liverpool-respire-la-promesse-lors-de-la-victoire-des-qualifications-pour-la-coupe-du-monde-en-allemagne\/","og_locale":"fr_FR","og_type":"article","og_title":"Florian Wirtz blanchit \u00e0 nouveau mais l&#39;homme de Liverpool respire la promesse lors de la victoire des qualifications pour la Coupe du monde en Allemagne","og_description":"Le meneur de jeu de Liverpool, Florian Wirtz, ne parvient une fois de plus \u00e0 marquer ou \u00e0 aider alors que l&#39;Allemagne s&#39;est impos\u00e9e 4-0","og_url":"https:\/\/footdavant.fr\/actualites\/florian-wirtz-blanchit-a-nouveau-mais-lhomme-de-liverpool-respire-la-promesse-lors-de-la-victoire-des-qualifications-pour-la-coupe-du-monde-en-allemagne\/","og_site_name":"Foot d&#039;avant","article_publisher":"https:\/\/www.facebook.com\/Footdavant\/","article_published_time":"2025-10-16T08:48:04+00:00","article_modified_time":"2025-10-16T08:48:06+00:00","og_image":[{"width":640,"height":480,"url":"https:\/\/footdavant.fr\/actualites\/wp-content\/uploads\/2025\/10\/Florian-Wirtz-blanchit-a-nouveau-mais-l39homme-de-Liverpool-respire.jpg","type":"image\/jpeg"}],"author":"Cl\u00e9ment","twitter_card":"summary_large_image","twitter_creator":"@FootdavantFr","twitter_site":"@FootdavantFr","twitter_misc":{"\u00c9crit par":"Cl\u00e9ment","Dur\u00e9e de lecture estim\u00e9e":"3 minutes"},"schema":{"@context":"https:\/\/schema.org","@graph":[{"@type":"Article","@id":"https:\/\/footdavant.fr\/actualites\/florian-wirtz-blanchit-a-nouveau-mais-lhomme-de-liverpool-respire-la-promesse-lors-de-la-victoire-des-qualifications-pour-la-coupe-du-monde-en-allemagne\/#article","isPartOf":{"@id":"https:\/\/footdavant.fr\/actualites\/florian-wirtz-blanchit-a-nouveau-mais-lhomme-de-liverpool-respire-la-promesse-lors-de-la-victoire-des-qualifications-pour-la-coupe-du-monde-en-allemagne\/"},"author":{"name":"Cl\u00e9ment","@id":"https:\/\/footdavant.fr\/actualites\/#\/schema\/person\/bc222566d95871b37e597b3ed3ba5e1d"},"headline":"Florian Wirtz blanchit \u00e0 nouveau mais l&#39;homme de Liverpool respire la promesse lors de la victoire des qualifications pour la Coupe du monde en Allemagne","datePublished":"2025-10-16T08:48:04+00:00","dateModified":"2025-10-16T08:48:06+00:00","mainEntityOfPage":{"@id":"https:\/\/footdavant.fr\/actualites\/florian-wirtz-blanchit-a-nouveau-mais-lhomme-de-liverpool-respire-la-promesse-lors-de-la-victoire-des-qualifications-pour-la-coupe-du-monde-en-allemagne\/"},"wordCount":718,"publisher":{"@id":"https:\/\/footdavant.fr\/actualites\/#organization"},"keywords":["Allemagne","blanchit","Coupe","des","Florian","L39homme","Liverpool","lors","mais","monde","nouveau","pour","promesse","qualifications","respire","victoire","Wirtz"],"articleSection":["Premier League"],"inLanguage":"fr-FR"},{"@type":"WebPage","@id":"https:\/\/footdavant.fr\/actualites\/florian-wirtz-blanchit-a-nouveau-mais-lhomme-de-liverpool-respire-la-promesse-lors-de-la-victoire-des-qualifications-pour-la-coupe-du-monde-en-allemagne\/","url":"https:\/\/footdavant.fr\/actualites\/florian-wirtz-blanchit-a-nouveau-mais-lhomme-de-liverpool-respire-la-promesse-lors-de-la-victoire-des-qualifications-pour-la-coupe-du-monde-en-allemagne\/","name":"Florian Wirtz blanchit \u00e0 nouveau mais l&#39;homme de Liverpool respire la promesse lors de la victoire des qualifications pour la Coupe du monde en Allemagne","isPartOf":{"@id":"https:\/\/footdavant.fr\/actualites\/#website"},"datePublished":"2025-10-16T08:48:04+00:00","dateModified":"2025-10-16T08:48:06+00:00","breadcrumb":{"@id":"https:\/\/footdavant.fr\/actualites\/florian-wirtz-blanchit-a-nouveau-mais-lhomme-de-liverpool-respire-la-promesse-lors-de-la-victoire-des-qualifications-pour-la-coupe-du-monde-en-allemagne\/#breadcrumb"},"inLanguage":"fr-FR","potentialAction":[{"@type":"ReadAction","target":["https:\/\/footdavant.fr\/actualites\/florian-wirtz-blanchit-a-nouveau-mais-lhomme-de-liverpool-respire-la-promesse-lors-de-la-victoire-des-qualifications-pour-la-coupe-du-monde-en-allemagne\/"]}]},{"@type":"BreadcrumbList","@id":"https:\/\/footdavant.fr\/actualites\/florian-wirtz-blanchit-a-nouveau-mais-lhomme-de-liverpool-respire-la-promesse-lors-de-la-victoire-des-qualifications-pour-la-coupe-du-monde-en-allemagne\/#breadcrumb","itemListElement":[{"@type":"ListItem","position":1,"name":"Accueil","item":"https:\/\/footdavant.fr\/actualites\/"},{"@type":"ListItem","position":2,"name":"Florian Wirtz blanchit \u00e0 nouveau mais l&#39;homme de Liverpool respire la promesse lors de la victoire des qualifications pour la Coupe du monde en Allemagne"}]},{"@type":"WebSite","@id":"https:\/\/footdavant.fr\/actualites\/#website","url":"https:\/\/footdavant.fr\/actualites\/","name":"Foot d'avant","description":"","publisher":{"@id":"https:\/\/footdavant.fr\/actualites\/#organization"},"potentialAction":[{"@type":"SearchAction","target":{"@type":"EntryPoint","urlTemplate":"https:\/\/footdavant.fr\/actualites\/?s={search_term_string}"},"query-input":"required name=search_term_string"}],"inLanguage":"fr-FR"},{"@type":"Organization","@id":"https:\/\/footdavant.fr\/actualites\/#organization","name":"Foot d'avant","url":"https:\/\/footdavant.fr\/actualites\/","logo":{"@type":"ImageObject","inLanguage":"fr-FR","@id":"https:\/\/footdavant.fr\/actualites\/#\/schema\/logo\/image\/","url":"https:\/\/footdavant.fr\/actualites\/wp-content\/uploads\/2023\/09\/Copy-of-FootDavant-Logo.png","contentUrl":"https:\/\/footdavant.fr\/actualites\/wp-content\/uploads\/2023\/09\/Copy-of-FootDavant-Logo.png","width":936,"height":549,"caption":"Foot d'avant"},"image":{"@id":"https:\/\/footdavant.fr\/actualites\/#\/schema\/logo\/image\/"},"sameAs":["https:\/\/www.facebook.com\/Footdavant\/","https:\/\/twitter.com\/FootdavantFr","https:\/\/www.instagram.com\/footdavant.fr\/"]},{"@type":"Person","@id":"https:\/\/footdavant.fr\/actualites\/#\/schema\/person\/bc222566d95871b37e597b3ed3ba5e1d","name":"Cl\u00e9ment","image":{"@type":"ImageObject","inLanguage":"fr-FR","@id":"https:\/\/footdavant.fr\/actualites\/#\/schema\/person\/image\/","url":"https:\/\/secure.gravatar.com\/avatar\/7728b29aac2719421e1a9159b2254c44?s=96&d=mm&r=g","contentUrl":"https:\/\/secure.gravatar.com\/avatar\/7728b29aac2719421e1a9159b2254c44?s=96&d=mm&r=g","caption":"Cl\u00e9ment"},"sameAs":["https:\/\/footdavant.fr\/"]}]}},"_links":{"self":[{"href":"https:\/\/footdavant.fr\/actualites\/wp-json\/wp\/v2\/posts\/29888"}],"collection":[{"href":"https:\/\/footdavant.fr\/actualites\/wp-json\/wp\/v2\/posts"}],"about":[{"href":"https:\/\/footdavant.fr\/actualites\/wp-json\/wp\/v2\/types\/post"}],"author":[{"embeddable":true,"href":"https:\/\/footdavant.fr\/actualites\/wp-json\/wp\/v2\/users\/1"}],"replies":[{"embeddable":true,"href":"https:\/\/footdavant.fr\/actualites\/wp-json\/wp\/v2\/comments?post=29888"}],"version-history":[{"count":1,"href":"https:\/\/footdavant.fr\/actualites\/wp-json\/wp\/v2\/posts\/29888\/revisions"}],"predecessor-version":[{"id":29890,"href":"https:\/\/footdavant.fr\/actualites\/wp-json\/wp\/v2\/posts\/29888\/revisions\/29890"}],"wp:featuredmedia":[{"embeddable":true,"href":"https:\/\/footdavant.fr\/actualites\/wp-json\/wp\/v2\/media\/29889"}],"wp:attachment":[{"href":"https:\/\/footdavant.fr\/actualites\/wp-json\/wp\/v2\/media?parent=29888"}],"wp:term":[{"taxonomy":"category","embeddable":true,"href":"https:\/\/footdavant.fr\/actualites\/wp-json\/wp\/v2\/categories?post=29888"},{"taxonomy":"post_tag","embeddable":true,"href":"https:\/\/footdavant.fr\/actualites\/wp-json\/wp\/v2\/tags?post=29888"}],"curies":[{"name":"wp","href":"https:\/\/api.w.org\/{rel}","templated":true}]}}