{"id":29994,"date":"2025-10-19T06:48:04","date_gmt":"2025-10-19T04:48:04","guid":{"rendered":"https:\/\/footdavant.fr\/actualites\/nouvelles-du-transfert-des-wolves-ladislav-krejci-suggere-que-la-plupart-de-ses-coequipiers-ont-des-ambitions-au-dela-du-sejour-de-molineux\/"},"modified":"2025-10-19T06:48:05","modified_gmt":"2025-10-19T04:48:05","slug":"nouvelles-du-transfert-des-wolves-ladislav-krejci-suggere-que-la-plupart-de-ses-coequipiers-ont-des-ambitions-au-dela-du-sejour-de-molineux","status":"publish","type":"post","link":"https:\/\/footdavant.fr\/actualites\/nouvelles-du-transfert-des-wolves-ladislav-krejci-suggere-que-la-plupart-de-ses-coequipiers-ont-des-ambitions-au-dela-du-sejour-de-molineux\/","title":{"rendered":"Nouvelles du transfert des Wolves : Ladislav Krejci sugg\u00e8re que la plupart de ses co\u00e9quipiers ont des ambitions au-del\u00e0 du s\u00e9jour de Molineux"},"content":{"rendered":"<p>Ladislav Krejci, nouveau signataire de Wolverhampton Wanderers, sugg\u00e8re que beaucoup de ses co\u00e9quipiers auront l&#39;ambition d&#39;\u00eatre transf\u00e9r\u00e9s dans un club plus grand que l&#39;\u00e9quipe la moins bien class\u00e9e de la Premier League.<\/p>\n<div id=\"article_body\" itemprop=\"articleBody\">\n<h3 class=\"firstPara\"><\/h3>\n<p>Nouveau <strong class=\"autotag\">Signature des Wolverhampton Wanderers <strong class=\"autotag\">Ladislav Krejci a laiss\u00e9 entendre qu&#39;il avait des ambitions au-del\u00e0 de Molineux.<\/p>\n<p>\u00c0 la fin du mercato estival, les Wolves ont conclu un accord avec G\u00e9rone pour pr\u00eater l\u2019international tch\u00e8que avec une option d\u2019achat susceptible d\u2019\u00eatre activ\u00e9e.<\/p>\n<p>Bien que les Wolves occupent le bas du classement de la Premier League avec seulement deux points en sept matches, Krejci est devenu le nouveau venu le plus performant.<\/p>\n<p>En plus d&#39;avoir marqu\u00e9 en tant que milieu de terrain contre Leeds United, Krejci a impressionn\u00e9 lors d&#39;une victoire en Coupe EFL contre Everton et fait match nul avec Tottenham Hotspur et Brighton &#038; Hove Albion.<\/p>\n<p>Cela a suscit\u00e9 de nombreux \u00e9loges de la part des fans des Wolves, mais il semble que le joueur de 26 ans ait l&#39;ambition de poursuivre sa carri\u00e8re.<\/p>\n<p class=\"imgI\">\n<h2>\u00ab\u00a0Wolverhampton ne devrait pas \u00eatre la derni\u00e8re \u00e9tape\u00a0\u00bb<\/h2>\n<p>S&#39;exprimant dans une interview avec <em>Dnes<\/em>Krejci mettait un point d&#39;honneur \u00e0 ce que l&#39;\u00e9quipe new-look soit un groupe uni de joueurs qui aspirent \u00e0 repr\u00e9senter de plus grands clubs \u00e0 l&#39;avenir.<\/p>\n<p>N\u00e9anmoins, Krejci a donn\u00e9 l&#39;impression qu&#39;il envisageait d\u00e9j\u00e0 un sort chez les Wolves, m\u00eame avec un accord permanent qui ne devrait \u00eatre activ\u00e9 qu&#39;en 2026.<\/p>\n<p>Il a d\u00e9clar\u00e9 : \u00ab\u00a0Nous ne sommes pas une \u00e9quipe d&#39;ego ou de solistes. Tout le monde r\u00e9alise ce que nous sommes. Wolverhampton ne devrait pas \u00eatre la derni\u00e8re \u00e9tape d&#39;aucune de nos carri\u00e8res, nous avons une grande chance de nous montrer et de grandir, mais bien s\u00fbr, la composition par \u00e2ge de l&#39;\u00e9quipe correspond \u00e9galement \u00e0 cela.<\/p>\n<p>\u00ab\u00a0C&#39;est agressif, personne ne se permet de manquer quoi que ce soit, mais malheureusement l&#39;exp\u00e9rience et le calme manquent dans certains passages de jeu.\u00a0\u00bb<\/p>\n<p>Krejci a ajout\u00e9 : \u00ab\u00a0Quand j&#39;aborde les prochains matches apr\u00e8s la pause de pr\u00e9-saison, peu importe ce qui s&#39;est pass\u00e9 en septembre. J&#39;ai construit une position, ce qui est formidable, mais le plus important, c&#39;est ce que vous faites ici et maintenant.<\/p>\n<p>\u00ab\u00a0C&#39;est pourquoi je ne m&#39;attarde pas sur des choses comme \u00e7a (prix du joueur Wolves du mois). Je les prends \u00e0 c\u0153ur comme motivation, mais je ne m&#39;y attarde pas trop longtemps. Tout finira par se terminer.\u00a0\u00bb<\/p>\n<p class=\"imgI\"><img decoding=\"async\" alt=\"Jorgen Strand Larsen de Wolverhampton Wanderers le 16 ao\u00fbt 2025\" class=\"vanilla-lazyload article-image\" src=\"https:\/\/footdavant.fr\/actualites\/wp-content\/uploads\/2025\/08\/Newcastle-Transfer-News-Jorgen-Strand-Larsen-La-position-devient-claire.jpg\"><\/p>\n<h2>Les mots de Krejci ne sont pas une surprise<\/h2>\n<p>Au cours des deux derni\u00e8res ann\u00e9es, des gens comme <strong class=\"autotag\">Max Kilman, <strong class=\"autotag\">Rayan A\u00eft-Nouri, <strong class=\"autotag\">Pedro Neto et <strong class=\"autotag\">Matheus Cunha a tous \u00e9t\u00e9 autoris\u00e9s \u00e0 quitter Molineux moyennant des frais importants.<\/p>\n<p><strong class=\"autotag\">Jorgen Strand Larsen s&#39;est vu refuser un transfert de 60 millions de livres sterling \u00e0 Newcastle United en ao\u00fbt, mais le num\u00e9ro neuf du club a d\u00e9j\u00e0 admis vouloir jouer au football en Ligue des champions \u00e0 un moment donn\u00e9 de sa carri\u00e8re.<\/p>\n<p>Alors que les Wolves souhaitent constituer l\u2019\u00e9quipe la plus forte possible, les propri\u00e9taires Fosun International ont cr\u00e9\u00e9 l\u2019impression que leurs joueurs vedettes seront \u00e9ventuellement autoris\u00e9s \u00e0 partir au juste prix.<\/p>\n<p>C&#39;est peut-\u00eatre quelque chose qui a contribu\u00e9 \u00e0 attirer Krejci \u00e0 Molineux, consid\u00e9rant les Wolves comme une voie d&#39;acc\u00e8s \u00e0 la Premier League et une chance de jouer sur une plateforme plus grande.<\/p>\n<div class=\"author_box\">\n<div class=\"author_box_banner\"> <img decoding=\"async\" class=\"author_img\" src=\"https:\/\/footdavant.fr\/actualites\/wp-content\/uploads\/2025\/06\/1749318502_545_Chelsea-Transfer-News-Andrey-Santos-donne-une-baisse-sur-Blues.jpg\"><\/div>\n<\/div>\n<\/div>\n","protected":false},"excerpt":{"rendered":"<p>Ladislav Krejci, nouveau signataire de Wolverhampton Wanderers, sugg\u00e8re que beaucoup de ses co\u00e9quipiers auront l&#39;ambition d&#39;\u00eatre transf\u00e9r\u00e9s dans un club plus grand que l&#39;\u00e9quipe la<\/p>\n","protected":false},"author":1,"featured_media":29995,"comment_status":"closed","ping_status":"","sticky":false,"template":"","format":"standard","meta":{"footnotes":""},"categories":[5],"tags":[3542,4094,2681,12,10798,10797,4506,461,244,4527,2932,154,1161,700,1454],"yoast_head":"<!-- This site is optimized with the Yoast SEO plugin v21.0 - https:\/\/yoast.com\/wordpress\/plugins\/seo\/ -->\n<title>Nouvelles du transfert des Wolves : Ladislav Krejci sugg\u00e8re que la plupart de ses co\u00e9quipiers ont des ambitions au-del\u00e0 du s\u00e9jour de Molineux<\/title>\n<meta name=\"robots\" content=\"index, follow, max-snippet:-1, max-image-preview:large, max-video-preview:-1\" \/>\n<link rel=\"canonical\" href=\"https:\/\/footdavant.fr\/actualites\/nouvelles-du-transfert-des-wolves-ladislav-krejci-suggere-que-la-plupart-de-ses-coequipiers-ont-des-ambitions-au-dela-du-sejour-de-molineux\/\" \/>\n<meta property=\"og:locale\" content=\"fr_FR\" \/>\n<meta property=\"og:type\" content=\"article\" \/>\n<meta property=\"og:title\" content=\"Nouvelles du transfert des Wolves : Ladislav Krejci sugg\u00e8re que la plupart de ses co\u00e9quipiers ont des ambitions au-del\u00e0 du s\u00e9jour de Molineux\" \/>\n<meta property=\"og:description\" content=\"Ladislav Krejci, nouveau signataire de Wolverhampton Wanderers, sugg\u00e8re que beaucoup de ses co\u00e9quipiers auront l&#039;ambition d&#039;\u00eatre transf\u00e9r\u00e9s dans un club plus grand que l&#039;\u00e9quipe la\" \/>\n<meta property=\"og:url\" content=\"https:\/\/footdavant.fr\/actualites\/nouvelles-du-transfert-des-wolves-ladislav-krejci-suggere-que-la-plupart-de-ses-coequipiers-ont-des-ambitions-au-dela-du-sejour-de-molineux\/\" \/>\n<meta property=\"og:site_name\" content=\"Foot d&#039;avant\" \/>\n<meta property=\"article:publisher\" content=\"https:\/\/www.facebook.com\/Footdavant\/\" \/>\n<meta property=\"article:published_time\" content=\"2025-10-19T04:48:04+00:00\" \/>\n<meta property=\"article:modified_time\" content=\"2025-10-19T04:48:05+00:00\" \/>\n<meta property=\"og:image\" content=\"https:\/\/footdavant.fr\/actualites\/wp-content\/uploads\/2025\/10\/Nouvelles-du-transfert-des-Wolves-Ladislav-Krejci-suggere-que.jpg\" \/>\n\t<meta property=\"og:image:width\" content=\"640\" \/>\n\t<meta property=\"og:image:height\" content=\"480\" \/>\n\t<meta property=\"og:image:type\" content=\"image\/jpeg\" \/>\n<meta name=\"author\" content=\"Cl\u00e9ment\" \/>\n<meta name=\"twitter:card\" content=\"summary_large_image\" \/>\n<meta name=\"twitter:creator\" content=\"@FootdavantFr\" \/>\n<meta name=\"twitter:site\" content=\"@FootdavantFr\" \/>\n<meta name=\"twitter:label1\" content=\"\u00c9crit par\" \/>\n\t<meta name=\"twitter:data1\" content=\"Cl\u00e9ment\" \/>\n\t<meta name=\"twitter:label2\" content=\"Dur\u00e9e de lecture estim\u00e9e\" \/>\n\t<meta name=\"twitter:data2\" content=\"3 minutes\" \/>\n<script type=\"application\/ld+json\" class=\"yoast-schema-graph\">{\"@context\":\"https:\/\/schema.org\",\"@graph\":[{\"@type\":\"Article\",\"@id\":\"https:\/\/footdavant.fr\/actualites\/nouvelles-du-transfert-des-wolves-ladislav-krejci-suggere-que-la-plupart-de-ses-coequipiers-ont-des-ambitions-au-dela-du-sejour-de-molineux\/#article\",\"isPartOf\":{\"@id\":\"https:\/\/footdavant.fr\/actualites\/nouvelles-du-transfert-des-wolves-ladislav-krejci-suggere-que-la-plupart-de-ses-coequipiers-ont-des-ambitions-au-dela-du-sejour-de-molineux\/\"},\"author\":{\"name\":\"Cl\u00e9ment\",\"@id\":\"https:\/\/footdavant.fr\/actualites\/#\/schema\/person\/bc222566d95871b37e597b3ed3ba5e1d\"},\"headline\":\"Nouvelles du transfert des Wolves : Ladislav Krejci sugg\u00e8re que la plupart de ses co\u00e9quipiers ont des ambitions au-del\u00e0 du s\u00e9jour de Molineux\",\"datePublished\":\"2025-10-19T04:48:04+00:00\",\"dateModified\":\"2025-10-19T04:48:05+00:00\",\"mainEntityOfPage\":{\"@id\":\"https:\/\/footdavant.fr\/actualites\/nouvelles-du-transfert-des-wolves-ladislav-krejci-suggere-que-la-plupart-de-ses-coequipiers-ont-des-ambitions-au-dela-du-sejour-de-molineux\/\"},\"wordCount\":613,\"publisher\":{\"@id\":\"https:\/\/footdavant.fr\/actualites\/#organization\"},\"keywords\":[\"ambitions..\",\"audel\u00e0\",\"co\u00e9quipiers\",\"des\",\"Krejci\",\"Ladislav\",\"Molineux\",\"Nouvelles\",\"ont\",\"plupart\",\"s\u00e9jour\",\"ses\",\"sugg\u00e8re\",\"transfert\",\"Wolves\"],\"articleSection\":[\"Premier League\"],\"inLanguage\":\"fr-FR\"},{\"@type\":\"WebPage\",\"@id\":\"https:\/\/footdavant.fr\/actualites\/nouvelles-du-transfert-des-wolves-ladislav-krejci-suggere-que-la-plupart-de-ses-coequipiers-ont-des-ambitions-au-dela-du-sejour-de-molineux\/\",\"url\":\"https:\/\/footdavant.fr\/actualites\/nouvelles-du-transfert-des-wolves-ladislav-krejci-suggere-que-la-plupart-de-ses-coequipiers-ont-des-ambitions-au-dela-du-sejour-de-molineux\/\",\"name\":\"Nouvelles du transfert des Wolves : Ladislav Krejci sugg\u00e8re que la plupart de ses co\u00e9quipiers ont des ambitions au-del\u00e0 du s\u00e9jour de Molineux\",\"isPartOf\":{\"@id\":\"https:\/\/footdavant.fr\/actualites\/#website\"},\"datePublished\":\"2025-10-19T04:48:04+00:00\",\"dateModified\":\"2025-10-19T04:48:05+00:00\",\"breadcrumb\":{\"@id\":\"https:\/\/footdavant.fr\/actualites\/nouvelles-du-transfert-des-wolves-ladislav-krejci-suggere-que-la-plupart-de-ses-coequipiers-ont-des-ambitions-au-dela-du-sejour-de-molineux\/#breadcrumb\"},\"inLanguage\":\"fr-FR\",\"potentialAction\":[{\"@type\":\"ReadAction\",\"target\":[\"https:\/\/footdavant.fr\/actualites\/nouvelles-du-transfert-des-wolves-ladislav-krejci-suggere-que-la-plupart-de-ses-coequipiers-ont-des-ambitions-au-dela-du-sejour-de-molineux\/\"]}]},{\"@type\":\"BreadcrumbList\",\"@id\":\"https:\/\/footdavant.fr\/actualites\/nouvelles-du-transfert-des-wolves-ladislav-krejci-suggere-que-la-plupart-de-ses-coequipiers-ont-des-ambitions-au-dela-du-sejour-de-molineux\/#breadcrumb\",\"itemListElement\":[{\"@type\":\"ListItem\",\"position\":1,\"name\":\"Accueil\",\"item\":\"https:\/\/footdavant.fr\/actualites\/\"},{\"@type\":\"ListItem\",\"position\":2,\"name\":\"Nouvelles du transfert des Wolves : Ladislav Krejci sugg\u00e8re que la plupart de ses co\u00e9quipiers ont des ambitions au-del\u00e0 du s\u00e9jour de Molineux\"}]},{\"@type\":\"WebSite\",\"@id\":\"https:\/\/footdavant.fr\/actualites\/#website\",\"url\":\"https:\/\/footdavant.fr\/actualites\/\",\"name\":\"Foot d'avant\",\"description\":\"\",\"publisher\":{\"@id\":\"https:\/\/footdavant.fr\/actualites\/#organization\"},\"potentialAction\":[{\"@type\":\"SearchAction\",\"target\":{\"@type\":\"EntryPoint\",\"urlTemplate\":\"https:\/\/footdavant.fr\/actualites\/?s={search_term_string}\"},\"query-input\":\"required name=search_term_string\"}],\"inLanguage\":\"fr-FR\"},{\"@type\":\"Organization\",\"@id\":\"https:\/\/footdavant.fr\/actualites\/#organization\",\"name\":\"Foot d'avant\",\"url\":\"https:\/\/footdavant.fr\/actualites\/\",\"logo\":{\"@type\":\"ImageObject\",\"inLanguage\":\"fr-FR\",\"@id\":\"https:\/\/footdavant.fr\/actualites\/#\/schema\/logo\/image\/\",\"url\":\"https:\/\/footdavant.fr\/actualites\/wp-content\/uploads\/2023\/09\/Copy-of-FootDavant-Logo.png\",\"contentUrl\":\"https:\/\/footdavant.fr\/actualites\/wp-content\/uploads\/2023\/09\/Copy-of-FootDavant-Logo.png\",\"width\":936,\"height\":549,\"caption\":\"Foot d'avant\"},\"image\":{\"@id\":\"https:\/\/footdavant.fr\/actualites\/#\/schema\/logo\/image\/\"},\"sameAs\":[\"https:\/\/www.facebook.com\/Footdavant\/\",\"https:\/\/twitter.com\/FootdavantFr\",\"https:\/\/www.instagram.com\/footdavant.fr\/\"]},{\"@type\":\"Person\",\"@id\":\"https:\/\/footdavant.fr\/actualites\/#\/schema\/person\/bc222566d95871b37e597b3ed3ba5e1d\",\"name\":\"Cl\u00e9ment\",\"image\":{\"@type\":\"ImageObject\",\"inLanguage\":\"fr-FR\",\"@id\":\"https:\/\/footdavant.fr\/actualites\/#\/schema\/person\/image\/\",\"url\":\"https:\/\/secure.gravatar.com\/avatar\/7728b29aac2719421e1a9159b2254c44?s=96&d=mm&r=g\",\"contentUrl\":\"https:\/\/secure.gravatar.com\/avatar\/7728b29aac2719421e1a9159b2254c44?s=96&d=mm&r=g\",\"caption\":\"Cl\u00e9ment\"},\"sameAs\":[\"https:\/\/footdavant.fr\/\"]}]}<\/script>\n<!-- \/ Yoast SEO plugin. -->","yoast_head_json":{"title":"Nouvelles du transfert des Wolves : Ladislav Krejci sugg\u00e8re que la plupart de ses co\u00e9quipiers ont des ambitions au-del\u00e0 du s\u00e9jour de Molineux","robots":{"index":"index","follow":"follow","max-snippet":"max-snippet:-1","max-image-preview":"max-image-preview:large","max-video-preview":"max-video-preview:-1"},"canonical":"https:\/\/footdavant.fr\/actualites\/nouvelles-du-transfert-des-wolves-ladislav-krejci-suggere-que-la-plupart-de-ses-coequipiers-ont-des-ambitions-au-dela-du-sejour-de-molineux\/","og_locale":"fr_FR","og_type":"article","og_title":"Nouvelles du transfert des Wolves : Ladislav Krejci sugg\u00e8re que la plupart de ses co\u00e9quipiers ont des ambitions au-del\u00e0 du s\u00e9jour de Molineux","og_description":"Ladislav Krejci, nouveau signataire de Wolverhampton Wanderers, sugg\u00e8re que beaucoup de ses co\u00e9quipiers auront l&#39;ambition d&#39;\u00eatre transf\u00e9r\u00e9s dans un club plus grand que l&#39;\u00e9quipe la","og_url":"https:\/\/footdavant.fr\/actualites\/nouvelles-du-transfert-des-wolves-ladislav-krejci-suggere-que-la-plupart-de-ses-coequipiers-ont-des-ambitions-au-dela-du-sejour-de-molineux\/","og_site_name":"Foot d&#039;avant","article_publisher":"https:\/\/www.facebook.com\/Footdavant\/","article_published_time":"2025-10-19T04:48:04+00:00","article_modified_time":"2025-10-19T04:48:05+00:00","og_image":[{"width":640,"height":480,"url":"https:\/\/footdavant.fr\/actualites\/wp-content\/uploads\/2025\/10\/Nouvelles-du-transfert-des-Wolves-Ladislav-Krejci-suggere-que.jpg","type":"image\/jpeg"}],"author":"Cl\u00e9ment","twitter_card":"summary_large_image","twitter_creator":"@FootdavantFr","twitter_site":"@FootdavantFr","twitter_misc":{"\u00c9crit par":"Cl\u00e9ment","Dur\u00e9e de lecture estim\u00e9e":"3 minutes"},"schema":{"@context":"https:\/\/schema.org","@graph":[{"@type":"Article","@id":"https:\/\/footdavant.fr\/actualites\/nouvelles-du-transfert-des-wolves-ladislav-krejci-suggere-que-la-plupart-de-ses-coequipiers-ont-des-ambitions-au-dela-du-sejour-de-molineux\/#article","isPartOf":{"@id":"https:\/\/footdavant.fr\/actualites\/nouvelles-du-transfert-des-wolves-ladislav-krejci-suggere-que-la-plupart-de-ses-coequipiers-ont-des-ambitions-au-dela-du-sejour-de-molineux\/"},"author":{"name":"Cl\u00e9ment","@id":"https:\/\/footdavant.fr\/actualites\/#\/schema\/person\/bc222566d95871b37e597b3ed3ba5e1d"},"headline":"Nouvelles du transfert des Wolves : Ladislav Krejci sugg\u00e8re que la plupart de ses co\u00e9quipiers ont des ambitions au-del\u00e0 du s\u00e9jour de Molineux","datePublished":"2025-10-19T04:48:04+00:00","dateModified":"2025-10-19T04:48:05+00:00","mainEntityOfPage":{"@id":"https:\/\/footdavant.fr\/actualites\/nouvelles-du-transfert-des-wolves-ladislav-krejci-suggere-que-la-plupart-de-ses-coequipiers-ont-des-ambitions-au-dela-du-sejour-de-molineux\/"},"wordCount":613,"publisher":{"@id":"https:\/\/footdavant.fr\/actualites\/#organization"},"keywords":["ambitions..","audel\u00e0","co\u00e9quipiers","des","Krejci","Ladislav","Molineux","Nouvelles","ont","plupart","s\u00e9jour","ses","sugg\u00e8re","transfert","Wolves"],"articleSection":["Premier League"],"inLanguage":"fr-FR"},{"@type":"WebPage","@id":"https:\/\/footdavant.fr\/actualites\/nouvelles-du-transfert-des-wolves-ladislav-krejci-suggere-que-la-plupart-de-ses-coequipiers-ont-des-ambitions-au-dela-du-sejour-de-molineux\/","url":"https:\/\/footdavant.fr\/actualites\/nouvelles-du-transfert-des-wolves-ladislav-krejci-suggere-que-la-plupart-de-ses-coequipiers-ont-des-ambitions-au-dela-du-sejour-de-molineux\/","name":"Nouvelles du transfert des Wolves : Ladislav Krejci sugg\u00e8re que la plupart de ses co\u00e9quipiers ont des ambitions au-del\u00e0 du s\u00e9jour de Molineux","isPartOf":{"@id":"https:\/\/footdavant.fr\/actualites\/#website"},"datePublished":"2025-10-19T04:48:04+00:00","dateModified":"2025-10-19T04:48:05+00:00","breadcrumb":{"@id":"https:\/\/footdavant.fr\/actualites\/nouvelles-du-transfert-des-wolves-ladislav-krejci-suggere-que-la-plupart-de-ses-coequipiers-ont-des-ambitions-au-dela-du-sejour-de-molineux\/#breadcrumb"},"inLanguage":"fr-FR","potentialAction":[{"@type":"ReadAction","target":["https:\/\/footdavant.fr\/actualites\/nouvelles-du-transfert-des-wolves-ladislav-krejci-suggere-que-la-plupart-de-ses-coequipiers-ont-des-ambitions-au-dela-du-sejour-de-molineux\/"]}]},{"@type":"BreadcrumbList","@id":"https:\/\/footdavant.fr\/actualites\/nouvelles-du-transfert-des-wolves-ladislav-krejci-suggere-que-la-plupart-de-ses-coequipiers-ont-des-ambitions-au-dela-du-sejour-de-molineux\/#breadcrumb","itemListElement":[{"@type":"ListItem","position":1,"name":"Accueil","item":"https:\/\/footdavant.fr\/actualites\/"},{"@type":"ListItem","position":2,"name":"Nouvelles du transfert des Wolves : Ladislav Krejci sugg\u00e8re que la plupart de ses co\u00e9quipiers ont des ambitions au-del\u00e0 du s\u00e9jour de Molineux"}]},{"@type":"WebSite","@id":"https:\/\/footdavant.fr\/actualites\/#website","url":"https:\/\/footdavant.fr\/actualites\/","name":"Foot d'avant","description":"","publisher":{"@id":"https:\/\/footdavant.fr\/actualites\/#organization"},"potentialAction":[{"@type":"SearchAction","target":{"@type":"EntryPoint","urlTemplate":"https:\/\/footdavant.fr\/actualites\/?s={search_term_string}"},"query-input":"required name=search_term_string"}],"inLanguage":"fr-FR"},{"@type":"Organization","@id":"https:\/\/footdavant.fr\/actualites\/#organization","name":"Foot d'avant","url":"https:\/\/footdavant.fr\/actualites\/","logo":{"@type":"ImageObject","inLanguage":"fr-FR","@id":"https:\/\/footdavant.fr\/actualites\/#\/schema\/logo\/image\/","url":"https:\/\/footdavant.fr\/actualites\/wp-content\/uploads\/2023\/09\/Copy-of-FootDavant-Logo.png","contentUrl":"https:\/\/footdavant.fr\/actualites\/wp-content\/uploads\/2023\/09\/Copy-of-FootDavant-Logo.png","width":936,"height":549,"caption":"Foot d'avant"},"image":{"@id":"https:\/\/footdavant.fr\/actualites\/#\/schema\/logo\/image\/"},"sameAs":["https:\/\/www.facebook.com\/Footdavant\/","https:\/\/twitter.com\/FootdavantFr","https:\/\/www.instagram.com\/footdavant.fr\/"]},{"@type":"Person","@id":"https:\/\/footdavant.fr\/actualites\/#\/schema\/person\/bc222566d95871b37e597b3ed3ba5e1d","name":"Cl\u00e9ment","image":{"@type":"ImageObject","inLanguage":"fr-FR","@id":"https:\/\/footdavant.fr\/actualites\/#\/schema\/person\/image\/","url":"https:\/\/secure.gravatar.com\/avatar\/7728b29aac2719421e1a9159b2254c44?s=96&d=mm&r=g","contentUrl":"https:\/\/secure.gravatar.com\/avatar\/7728b29aac2719421e1a9159b2254c44?s=96&d=mm&r=g","caption":"Cl\u00e9ment"},"sameAs":["https:\/\/footdavant.fr\/"]}]}},"_links":{"self":[{"href":"https:\/\/footdavant.fr\/actualites\/wp-json\/wp\/v2\/posts\/29994"}],"collection":[{"href":"https:\/\/footdavant.fr\/actualites\/wp-json\/wp\/v2\/posts"}],"about":[{"href":"https:\/\/footdavant.fr\/actualites\/wp-json\/wp\/v2\/types\/post"}],"author":[{"embeddable":true,"href":"https:\/\/footdavant.fr\/actualites\/wp-json\/wp\/v2\/users\/1"}],"replies":[{"embeddable":true,"href":"https:\/\/footdavant.fr\/actualites\/wp-json\/wp\/v2\/comments?post=29994"}],"version-history":[{"count":1,"href":"https:\/\/footdavant.fr\/actualites\/wp-json\/wp\/v2\/posts\/29994\/revisions"}],"predecessor-version":[{"id":29996,"href":"https:\/\/footdavant.fr\/actualites\/wp-json\/wp\/v2\/posts\/29994\/revisions\/29996"}],"wp:featuredmedia":[{"embeddable":true,"href":"https:\/\/footdavant.fr\/actualites\/wp-json\/wp\/v2\/media\/29995"}],"wp:attachment":[{"href":"https:\/\/footdavant.fr\/actualites\/wp-json\/wp\/v2\/media?parent=29994"}],"wp:term":[{"taxonomy":"category","embeddable":true,"href":"https:\/\/footdavant.fr\/actualites\/wp-json\/wp\/v2\/categories?post=29994"},{"taxonomy":"post_tag","embeddable":true,"href":"https:\/\/footdavant.fr\/actualites\/wp-json\/wp\/v2\/tags?post=29994"}],"curies":[{"name":"wp","href":"https:\/\/api.w.org\/{rel}","templated":true}]}}