{"id":29997,"date":"2025-10-19T08:48:05","date_gmt":"2025-10-19T06:48:05","guid":{"rendered":"https:\/\/footdavant.fr\/actualites\/james-garner-everton-repond-a-linteret-de-united-pour-lancien-prodige\/"},"modified":"2025-10-19T08:48:08","modified_gmt":"2025-10-19T06:48:08","slug":"james-garner-everton-repond-a-linteret-de-united-pour-lancien-prodige","status":"publish","type":"post","link":"https:\/\/footdavant.fr\/actualites\/james-garner-everton-repond-a-linteret-de-united-pour-lancien-prodige\/","title":{"rendered":"James Garner: Everton r\u00e9pond \u00e0 l&#39;int\u00e9r\u00eat de United pour l&#39;ancien prodige &#8211;"},"content":{"rendered":"<div id=\"penci-post-entry-inner\">\n<p>\t\t\t<i class=\"penci-post-countview-number-check\" style=\"display:none\">1<\/i><\/p>\n<p><!--Article Start--><br \/>Les lacunes de Manchester United au milieu de terrain ont \u00e9t\u00e9 exploit\u00e9es par toutes les \u00e9quipes adverses cette saison.<\/p>\n<p>Ruben Amorim savait que c&#39;\u00e9tait une possibilit\u00e9 et a donc demand\u00e9 \u00e0 INEOS de signer Carlos Baleba. Cependant, la valorisation de Brighton et Hove Albion signifie que cette d\u00e9cision ne s&#39;est jamais concr\u00e9tis\u00e9e.<\/p>\n<p>Le Camerounais sera probablement \u00e0 nouveau une cible en janvier, tandis qu&#39;Adam Wharton est un autre nom sur le radar du club. Les deux devraient co\u00fbter une somme consid\u00e9rable, quel que soit le moment o\u00f9 un accord pourra \u00eatre conclu.<\/p>\n<p>Les Diables Rouges ont identifi\u00e9 une alternative \u00e0 moindre co\u00fbt, un joueur que les supporters conna\u00eetront tr\u00e8s bien. James Garner, qui a gravi les \u00e9chelons \u00e0 Carrington, a explos\u00e9 depuis son arriv\u00e9e \u00e0 Everton.<\/p>\n<p>L&#39;ancien manager Erik ten Hag a d\u00e9cid\u00e9 de laisser partir le joueur de 24 ans lors de sa premi\u00e8re campagne, et l&#39;Anglais n&#39;a cess\u00e9 de se renforcer depuis son d\u00e9m\u00e9nagement dans le Merseyside.<\/p>\n<h5>James Garner brille depuis le d\u00e9m\u00e9nagement d&#39;Everton<\/h5>\n<p>\u00c0 tel point que le 20 fois champion de la ligue anglaise garde un \u0153il sur sa situation au stade Hill Dickinson.<\/p>\n<p>Le contrat actuel du milieu de terrain d\u00e9fensif expire l&#39;\u00e9t\u00e9 prochain, et la possibilit\u00e9 de signer \u00e0 nouveau leur ancien prodige gratuitement pourrait \u00eatre une trop belle opportunit\u00e9 pour la laisser partir.<\/p>\n<p>Cependant, selon TBR Football, les Toffees souhaitent convenir d&#39;une prolongation de contrat avec l&#39;international anglais U21 pour \u00e9viter de le perdre gratuitement.<\/p>\n<p>Le joueur est heureux \u00e0 Liverpool et appr\u00e9cie son football sous la direction de David Moyes et Everton est convaincu que le milieu de terrain mettra la plume sur un nouvel accord \u00e0 long terme.<\/p>\n<p>Fait int\u00e9ressant, outre l\u2019\u00e9quipe d\u2019Old Trafford, Tottenham, Aston Villa, Brighton, Brentford et Nottingham Forest le regardent tous.<\/p>\n<p>\u00ab\u00a0TBR Football comprend qu&#39;Everton travaille dur pour lier James Garner \u00e0 un nouveau contrat \u00e0 long terme. Des sources d&#39;Everton ont confirm\u00e9 \u00e0 TBR Football qu&#39;elles sont convaincues qu&#39;un nouvel accord sera finalis\u00e9.<\/p>\n<p>\u00ab\u00a0Parmi les clubs qui le surveillent de pr\u00e8s figurent Tottenham, Aston Villa, Brighton, Brentford et ses anciens clubs Nottingham Forest et Manchester United. Il y a \u00e9galement un int\u00e9r\u00eat de l&#39;Italie et de l&#39;Allemagne.<\/p>\n<h5>Nouvelle offre de contrat en pr\u00e9paration<\/h5>\n<p>\u00ab\u00a0James Garner est heureux \u00e0 Everton, il a vraiment aim\u00e9 jouer pour David Moyes depuis son arriv\u00e9e au club. Garner est une grande partie des plans de Moyes et il a clairement exprim\u00e9 son d\u00e9sir de le garder. Everton est convaincu que cela se produira.<\/p>\n<p>\u00ab\u00a0Mais ses gens sont conscients de l&#39;int\u00e9r\u00eat qu&#39;il porte \u00e0 lui, et pourquoi n&#39;y en aurait-il pas ? Un grand \u00e2ge, une bonne exp\u00e9rience et une polyvalence, mais Everton a plus que bon espoir de voir son avenir \u00e0 Hill Dickinson.\u00a0\u00bb<\/p>\n<p>James Garner apporte beaucoup d&#39;\u00e9nergie au milieu du parc, tandis que sa vision et sa capacit\u00e9 \u00e0 marquer \u00e0 distance auraient \u00e9t\u00e9 tr\u00e8s utiles pour United.<\/p>\n<p>Cependant, il s\u2019agit d\u2019une autre erreur de Ten Hag qui continuera de hanter le club. Dans l\u2019\u00e9tat actuel des choses, un retour \u00e0 Manchester semble peu probable.<\/p>\n<hr>\n<p>The Peoples Person est l&#39;un des principaux sites d&#39;information de Man United au monde depuis plus d&#39;une d\u00e9cennie. Suivez-nous sur Bluesky\u00a0: @peoplesperson.bsky.social<\/p>\n<\/p>\n<p><!-- CONTENT END 2 --><\/p><\/div>\n","protected":false},"excerpt":{"rendered":"<p>1 Les lacunes de Manchester United au milieu de terrain ont \u00e9t\u00e9 exploit\u00e9es par toutes les \u00e9quipes adverses cette saison. Ruben Amorim savait que c&#39;\u00e9tait<\/p>\n","protected":false},"author":1,"featured_media":29998,"comment_status":"closed","ping_status":"","sticky":false,"template":"","format":"standard","meta":{"footnotes":""},"categories":[3],"tags":[310,10799,111,4404,4310,51,4217,304,13],"yoast_head":"<!-- This site is optimized with the Yoast SEO plugin v21.0 - https:\/\/yoast.com\/wordpress\/plugins\/seo\/ -->\n<title>James Garner: Everton r\u00e9pond \u00e0 l&#039;int\u00e9r\u00eat de United pour l&#039;ancien prodige -<\/title>\n<meta name=\"robots\" content=\"index, follow, max-snippet:-1, max-image-preview:large, max-video-preview:-1\" \/>\n<link rel=\"canonical\" href=\"https:\/\/footdavant.fr\/actualites\/james-garner-everton-repond-a-linteret-de-united-pour-lancien-prodige\/\" \/>\n<meta property=\"og:locale\" content=\"fr_FR\" \/>\n<meta property=\"og:type\" content=\"article\" \/>\n<meta property=\"og:title\" content=\"James Garner: Everton r\u00e9pond \u00e0 l&#039;int\u00e9r\u00eat de United pour l&#039;ancien prodige -\" \/>\n<meta property=\"og:description\" content=\"1 Les lacunes de Manchester United au milieu de terrain ont \u00e9t\u00e9 exploit\u00e9es par toutes les \u00e9quipes adverses cette saison. Ruben Amorim savait que c&#039;\u00e9tait\" \/>\n<meta property=\"og:url\" content=\"https:\/\/footdavant.fr\/actualites\/james-garner-everton-repond-a-linteret-de-united-pour-lancien-prodige\/\" \/>\n<meta property=\"og:site_name\" content=\"Foot d&#039;avant\" \/>\n<meta property=\"article:publisher\" content=\"https:\/\/www.facebook.com\/Footdavant\/\" \/>\n<meta property=\"article:published_time\" content=\"2025-10-19T06:48:05+00:00\" \/>\n<meta property=\"article:modified_time\" content=\"2025-10-19T06:48:08+00:00\" \/>\n<meta property=\"og:image\" content=\"https:\/\/footdavant.fr\/actualites\/wp-content\/uploads\/2025\/10\/James-Garner-Everton-repond-a-l39interet-de-United-pour-l39ancien.jpg\" \/>\n\t<meta property=\"og:image:width\" content=\"1600\" \/>\n\t<meta property=\"og:image:height\" content=\"703\" \/>\n\t<meta property=\"og:image:type\" content=\"image\/jpeg\" \/>\n<meta name=\"author\" content=\"Cl\u00e9ment\" \/>\n<meta name=\"twitter:card\" content=\"summary_large_image\" \/>\n<meta name=\"twitter:creator\" content=\"@FootdavantFr\" \/>\n<meta name=\"twitter:site\" content=\"@FootdavantFr\" \/>\n<meta name=\"twitter:label1\" content=\"\u00c9crit par\" \/>\n\t<meta name=\"twitter:data1\" content=\"Cl\u00e9ment\" \/>\n\t<meta name=\"twitter:label2\" content=\"Dur\u00e9e de lecture estim\u00e9e\" \/>\n\t<meta name=\"twitter:data2\" content=\"3 minutes\" \/>\n<script type=\"application\/ld+json\" class=\"yoast-schema-graph\">{\"@context\":\"https:\/\/schema.org\",\"@graph\":[{\"@type\":\"Article\",\"@id\":\"https:\/\/footdavant.fr\/actualites\/james-garner-everton-repond-a-linteret-de-united-pour-lancien-prodige\/#article\",\"isPartOf\":{\"@id\":\"https:\/\/footdavant.fr\/actualites\/james-garner-everton-repond-a-linteret-de-united-pour-lancien-prodige\/\"},\"author\":{\"name\":\"Cl\u00e9ment\",\"@id\":\"https:\/\/footdavant.fr\/actualites\/#\/schema\/person\/bc222566d95871b37e597b3ed3ba5e1d\"},\"headline\":\"James Garner: Everton r\u00e9pond \u00e0 l&#39;int\u00e9r\u00eat de United pour l&#39;ancien prodige &#8211;\",\"datePublished\":\"2025-10-19T06:48:05+00:00\",\"dateModified\":\"2025-10-19T06:48:08+00:00\",\"mainEntityOfPage\":{\"@id\":\"https:\/\/footdavant.fr\/actualites\/james-garner-everton-repond-a-linteret-de-united-pour-lancien-prodige\/\"},\"wordCount\":583,\"publisher\":{\"@id\":\"https:\/\/footdavant.fr\/actualites\/#organization\"},\"keywords\":[\"Everton\",\"Garner\",\"James\",\"l39ancien\",\"l39int\u00e9r\u00eat\",\"pour\",\"prodige\",\"r\u00e9pond\",\"United\"],\"articleSection\":[\"Football\"],\"inLanguage\":\"fr-FR\"},{\"@type\":\"WebPage\",\"@id\":\"https:\/\/footdavant.fr\/actualites\/james-garner-everton-repond-a-linteret-de-united-pour-lancien-prodige\/\",\"url\":\"https:\/\/footdavant.fr\/actualites\/james-garner-everton-repond-a-linteret-de-united-pour-lancien-prodige\/\",\"name\":\"James Garner: Everton r\u00e9pond \u00e0 l&#39;int\u00e9r\u00eat de United pour l&#39;ancien prodige -\",\"isPartOf\":{\"@id\":\"https:\/\/footdavant.fr\/actualites\/#website\"},\"datePublished\":\"2025-10-19T06:48:05+00:00\",\"dateModified\":\"2025-10-19T06:48:08+00:00\",\"breadcrumb\":{\"@id\":\"https:\/\/footdavant.fr\/actualites\/james-garner-everton-repond-a-linteret-de-united-pour-lancien-prodige\/#breadcrumb\"},\"inLanguage\":\"fr-FR\",\"potentialAction\":[{\"@type\":\"ReadAction\",\"target\":[\"https:\/\/footdavant.fr\/actualites\/james-garner-everton-repond-a-linteret-de-united-pour-lancien-prodige\/\"]}]},{\"@type\":\"BreadcrumbList\",\"@id\":\"https:\/\/footdavant.fr\/actualites\/james-garner-everton-repond-a-linteret-de-united-pour-lancien-prodige\/#breadcrumb\",\"itemListElement\":[{\"@type\":\"ListItem\",\"position\":1,\"name\":\"Accueil\",\"item\":\"https:\/\/footdavant.fr\/actualites\/\"},{\"@type\":\"ListItem\",\"position\":2,\"name\":\"James Garner: Everton r\u00e9pond \u00e0 l&#39;int\u00e9r\u00eat de United pour l&#39;ancien prodige &#8211;\"}]},{\"@type\":\"WebSite\",\"@id\":\"https:\/\/footdavant.fr\/actualites\/#website\",\"url\":\"https:\/\/footdavant.fr\/actualites\/\",\"name\":\"Foot d'avant\",\"description\":\"\",\"publisher\":{\"@id\":\"https:\/\/footdavant.fr\/actualites\/#organization\"},\"potentialAction\":[{\"@type\":\"SearchAction\",\"target\":{\"@type\":\"EntryPoint\",\"urlTemplate\":\"https:\/\/footdavant.fr\/actualites\/?s={search_term_string}\"},\"query-input\":\"required name=search_term_string\"}],\"inLanguage\":\"fr-FR\"},{\"@type\":\"Organization\",\"@id\":\"https:\/\/footdavant.fr\/actualites\/#organization\",\"name\":\"Foot d'avant\",\"url\":\"https:\/\/footdavant.fr\/actualites\/\",\"logo\":{\"@type\":\"ImageObject\",\"inLanguage\":\"fr-FR\",\"@id\":\"https:\/\/footdavant.fr\/actualites\/#\/schema\/logo\/image\/\",\"url\":\"https:\/\/footdavant.fr\/actualites\/wp-content\/uploads\/2023\/09\/Copy-of-FootDavant-Logo.png\",\"contentUrl\":\"https:\/\/footdavant.fr\/actualites\/wp-content\/uploads\/2023\/09\/Copy-of-FootDavant-Logo.png\",\"width\":936,\"height\":549,\"caption\":\"Foot d'avant\"},\"image\":{\"@id\":\"https:\/\/footdavant.fr\/actualites\/#\/schema\/logo\/image\/\"},\"sameAs\":[\"https:\/\/www.facebook.com\/Footdavant\/\",\"https:\/\/twitter.com\/FootdavantFr\",\"https:\/\/www.instagram.com\/footdavant.fr\/\"]},{\"@type\":\"Person\",\"@id\":\"https:\/\/footdavant.fr\/actualites\/#\/schema\/person\/bc222566d95871b37e597b3ed3ba5e1d\",\"name\":\"Cl\u00e9ment\",\"image\":{\"@type\":\"ImageObject\",\"inLanguage\":\"fr-FR\",\"@id\":\"https:\/\/footdavant.fr\/actualites\/#\/schema\/person\/image\/\",\"url\":\"https:\/\/secure.gravatar.com\/avatar\/7728b29aac2719421e1a9159b2254c44?s=96&d=mm&r=g\",\"contentUrl\":\"https:\/\/secure.gravatar.com\/avatar\/7728b29aac2719421e1a9159b2254c44?s=96&d=mm&r=g\",\"caption\":\"Cl\u00e9ment\"},\"sameAs\":[\"https:\/\/footdavant.fr\/\"]}]}<\/script>\n<!-- \/ Yoast SEO plugin. -->","yoast_head_json":{"title":"James Garner: Everton r\u00e9pond \u00e0 l&#39;int\u00e9r\u00eat de United pour l&#39;ancien prodige -","robots":{"index":"index","follow":"follow","max-snippet":"max-snippet:-1","max-image-preview":"max-image-preview:large","max-video-preview":"max-video-preview:-1"},"canonical":"https:\/\/footdavant.fr\/actualites\/james-garner-everton-repond-a-linteret-de-united-pour-lancien-prodige\/","og_locale":"fr_FR","og_type":"article","og_title":"James Garner: Everton r\u00e9pond \u00e0 l&#39;int\u00e9r\u00eat de United pour l&#39;ancien prodige -","og_description":"1 Les lacunes de Manchester United au milieu de terrain ont \u00e9t\u00e9 exploit\u00e9es par toutes les \u00e9quipes adverses cette saison. Ruben Amorim savait que c&#39;\u00e9tait","og_url":"https:\/\/footdavant.fr\/actualites\/james-garner-everton-repond-a-linteret-de-united-pour-lancien-prodige\/","og_site_name":"Foot d&#039;avant","article_publisher":"https:\/\/www.facebook.com\/Footdavant\/","article_published_time":"2025-10-19T06:48:05+00:00","article_modified_time":"2025-10-19T06:48:08+00:00","og_image":[{"width":1600,"height":703,"url":"https:\/\/footdavant.fr\/actualites\/wp-content\/uploads\/2025\/10\/James-Garner-Everton-repond-a-l39interet-de-United-pour-l39ancien.jpg","type":"image\/jpeg"}],"author":"Cl\u00e9ment","twitter_card":"summary_large_image","twitter_creator":"@FootdavantFr","twitter_site":"@FootdavantFr","twitter_misc":{"\u00c9crit par":"Cl\u00e9ment","Dur\u00e9e de lecture estim\u00e9e":"3 minutes"},"schema":{"@context":"https:\/\/schema.org","@graph":[{"@type":"Article","@id":"https:\/\/footdavant.fr\/actualites\/james-garner-everton-repond-a-linteret-de-united-pour-lancien-prodige\/#article","isPartOf":{"@id":"https:\/\/footdavant.fr\/actualites\/james-garner-everton-repond-a-linteret-de-united-pour-lancien-prodige\/"},"author":{"name":"Cl\u00e9ment","@id":"https:\/\/footdavant.fr\/actualites\/#\/schema\/person\/bc222566d95871b37e597b3ed3ba5e1d"},"headline":"James Garner: Everton r\u00e9pond \u00e0 l&#39;int\u00e9r\u00eat de United pour l&#39;ancien prodige &#8211;","datePublished":"2025-10-19T06:48:05+00:00","dateModified":"2025-10-19T06:48:08+00:00","mainEntityOfPage":{"@id":"https:\/\/footdavant.fr\/actualites\/james-garner-everton-repond-a-linteret-de-united-pour-lancien-prodige\/"},"wordCount":583,"publisher":{"@id":"https:\/\/footdavant.fr\/actualites\/#organization"},"keywords":["Everton","Garner","James","l39ancien","l39int\u00e9r\u00eat","pour","prodige","r\u00e9pond","United"],"articleSection":["Football"],"inLanguage":"fr-FR"},{"@type":"WebPage","@id":"https:\/\/footdavant.fr\/actualites\/james-garner-everton-repond-a-linteret-de-united-pour-lancien-prodige\/","url":"https:\/\/footdavant.fr\/actualites\/james-garner-everton-repond-a-linteret-de-united-pour-lancien-prodige\/","name":"James Garner: Everton r\u00e9pond \u00e0 l&#39;int\u00e9r\u00eat de United pour l&#39;ancien prodige -","isPartOf":{"@id":"https:\/\/footdavant.fr\/actualites\/#website"},"datePublished":"2025-10-19T06:48:05+00:00","dateModified":"2025-10-19T06:48:08+00:00","breadcrumb":{"@id":"https:\/\/footdavant.fr\/actualites\/james-garner-everton-repond-a-linteret-de-united-pour-lancien-prodige\/#breadcrumb"},"inLanguage":"fr-FR","potentialAction":[{"@type":"ReadAction","target":["https:\/\/footdavant.fr\/actualites\/james-garner-everton-repond-a-linteret-de-united-pour-lancien-prodige\/"]}]},{"@type":"BreadcrumbList","@id":"https:\/\/footdavant.fr\/actualites\/james-garner-everton-repond-a-linteret-de-united-pour-lancien-prodige\/#breadcrumb","itemListElement":[{"@type":"ListItem","position":1,"name":"Accueil","item":"https:\/\/footdavant.fr\/actualites\/"},{"@type":"ListItem","position":2,"name":"James Garner: Everton r\u00e9pond \u00e0 l&#39;int\u00e9r\u00eat de United pour l&#39;ancien prodige &#8211;"}]},{"@type":"WebSite","@id":"https:\/\/footdavant.fr\/actualites\/#website","url":"https:\/\/footdavant.fr\/actualites\/","name":"Foot d'avant","description":"","publisher":{"@id":"https:\/\/footdavant.fr\/actualites\/#organization"},"potentialAction":[{"@type":"SearchAction","target":{"@type":"EntryPoint","urlTemplate":"https:\/\/footdavant.fr\/actualites\/?s={search_term_string}"},"query-input":"required name=search_term_string"}],"inLanguage":"fr-FR"},{"@type":"Organization","@id":"https:\/\/footdavant.fr\/actualites\/#organization","name":"Foot d'avant","url":"https:\/\/footdavant.fr\/actualites\/","logo":{"@type":"ImageObject","inLanguage":"fr-FR","@id":"https:\/\/footdavant.fr\/actualites\/#\/schema\/logo\/image\/","url":"https:\/\/footdavant.fr\/actualites\/wp-content\/uploads\/2023\/09\/Copy-of-FootDavant-Logo.png","contentUrl":"https:\/\/footdavant.fr\/actualites\/wp-content\/uploads\/2023\/09\/Copy-of-FootDavant-Logo.png","width":936,"height":549,"caption":"Foot d'avant"},"image":{"@id":"https:\/\/footdavant.fr\/actualites\/#\/schema\/logo\/image\/"},"sameAs":["https:\/\/www.facebook.com\/Footdavant\/","https:\/\/twitter.com\/FootdavantFr","https:\/\/www.instagram.com\/footdavant.fr\/"]},{"@type":"Person","@id":"https:\/\/footdavant.fr\/actualites\/#\/schema\/person\/bc222566d95871b37e597b3ed3ba5e1d","name":"Cl\u00e9ment","image":{"@type":"ImageObject","inLanguage":"fr-FR","@id":"https:\/\/footdavant.fr\/actualites\/#\/schema\/person\/image\/","url":"https:\/\/secure.gravatar.com\/avatar\/7728b29aac2719421e1a9159b2254c44?s=96&d=mm&r=g","contentUrl":"https:\/\/secure.gravatar.com\/avatar\/7728b29aac2719421e1a9159b2254c44?s=96&d=mm&r=g","caption":"Cl\u00e9ment"},"sameAs":["https:\/\/footdavant.fr\/"]}]}},"_links":{"self":[{"href":"https:\/\/footdavant.fr\/actualites\/wp-json\/wp\/v2\/posts\/29997"}],"collection":[{"href":"https:\/\/footdavant.fr\/actualites\/wp-json\/wp\/v2\/posts"}],"about":[{"href":"https:\/\/footdavant.fr\/actualites\/wp-json\/wp\/v2\/types\/post"}],"author":[{"embeddable":true,"href":"https:\/\/footdavant.fr\/actualites\/wp-json\/wp\/v2\/users\/1"}],"replies":[{"embeddable":true,"href":"https:\/\/footdavant.fr\/actualites\/wp-json\/wp\/v2\/comments?post=29997"}],"version-history":[{"count":1,"href":"https:\/\/footdavant.fr\/actualites\/wp-json\/wp\/v2\/posts\/29997\/revisions"}],"predecessor-version":[{"id":29999,"href":"https:\/\/footdavant.fr\/actualites\/wp-json\/wp\/v2\/posts\/29997\/revisions\/29999"}],"wp:featuredmedia":[{"embeddable":true,"href":"https:\/\/footdavant.fr\/actualites\/wp-json\/wp\/v2\/media\/29998"}],"wp:attachment":[{"href":"https:\/\/footdavant.fr\/actualites\/wp-json\/wp\/v2\/media?parent=29997"}],"wp:term":[{"taxonomy":"category","embeddable":true,"href":"https:\/\/footdavant.fr\/actualites\/wp-json\/wp\/v2\/categories?post=29997"},{"taxonomy":"post_tag","embeddable":true,"href":"https:\/\/footdavant.fr\/actualites\/wp-json\/wp\/v2\/tags?post=29997"}],"curies":[{"name":"wp","href":"https:\/\/api.w.org\/{rel}","templated":true}]}}