{"id":30005,"date":"2025-10-19T14:48:06","date_gmt":"2025-10-19T12:48:06","guid":{"rendered":"https:\/\/footdavant.fr\/actualites\/nouvelles-du-transfert-darsenal-mikel-arteta-rejoint-chelsea-et-man-city-dans-la-course-au-wonderkid-evalue-a-1-million-de-livres-sterling\/"},"modified":"2025-10-19T14:48:07","modified_gmt":"2025-10-19T12:48:07","slug":"nouvelles-du-transfert-darsenal-mikel-arteta-rejoint-chelsea-et-man-city-dans-la-course-au-wonderkid-evalue-a-1-million-de-livres-sterling","status":"publish","type":"post","link":"https:\/\/footdavant.fr\/actualites\/nouvelles-du-transfert-darsenal-mikel-arteta-rejoint-chelsea-et-man-city-dans-la-course-au-wonderkid-evalue-a-1-million-de-livres-sterling\/","title":{"rendered":"Nouvelles du transfert d&#39;Arsenal: Mikel Arteta rejoint Chelsea et Man City dans la course au \u00ab Wonderkid \u00bb \u00e9valu\u00e9 \u00e0 1 million de livres sterling"},"content":{"rendered":"<p>Liverpool, Arsenal et Manchester City auraient tous exprim\u00e9 leur int\u00e9r\u00eat \u00e0 signer le dernier joyau sud-am\u00e9ricain de River Plate, rejoignant ainsi Chelsea dans la course \u00e0 la star de la Coupe du monde des moins de 20 ans.<\/p>\n<div id=\"article_body\" itemprop=\"articleBody\">\n<h3 class=\"firstPara\"><\/h3>\n<p><strong class=\"autotag\">Liverpool, <strong class=\"autotag\">Arsenal et <strong class=\"autotag\">Manchester City aurait tous exprim\u00e9 son int\u00e9r\u00eat pour la signature du dernier joyau sud-am\u00e9ricain de <strong class=\"autotag\">Rivi\u00e8re Plate.<\/p>\n<p>Au cours des derni\u00e8res ann\u00e9es, les g\u00e9ants argentins sont devenus un vivier pour certains des talents les plus prometteurs du football mondial, notamment Julian Alvarez, Franco Mastantuono et Enzo Fernandez.<\/p>\n<p>Mastantuono a obtenu un transfert de marque au Real Madrid plus t\u00f4t cet \u00e9t\u00e9, tandis que Fernandez et Alvarez sont devenus des joueurs essentiels pour <strong class=\"autotag\">Chelsea et l&#39;Atletico Madrid respectivement.<\/p>\n<p>Maintenant,<em> Football TBR <\/em>rapporte que l&#39;ailier n\u00e9 en 2007 <strong class=\"autotag\">Ian Subiabre est le dernier jeune de River Plate \u00e0 attirer l&#39;attention de certains des clubs les plus puissants d&#39;Europe, qui font la queue pour sa signature.<\/p>\n<p>Arsenal, Liverpool et Man City feraient partie des poids lourds de la Premier League surveillant de pr\u00e8s Subiabre, tandis que Chelsea aurait d\u00e9j\u00e0 \u00e9t\u00e9 int\u00e9ress\u00e9 par l&#39;ailier plus t\u00f4t cette ann\u00e9e.<\/p>\n<p>Fulham, Brighton &#038; Hove Albion et Crystal Palace garderaient \u00e9galement un \u0153il sur ses progr\u00e8s, tout comme Monaco, l&#39;Atletico Madrid, la Juventus et le RB Leipzig.<\/p>\n<h2>Qui est Arsenal, le talent Subiabre li\u00e9 \u00e0 Man City ?<\/h2>\n<p class=\"imgI\">\n<p>Subiabre n&#39;a pas encore connu une v\u00e9ritable campagne d\u00e9cisive au niveau du club &#8211; compr\u00e9hensible compte tenu de son \u00e2ge &#8211; mais il a d\u00e9j\u00e0 inscrit un but et une passe d\u00e9cisive en 19 apparitions pour l&#39;\u00e9quipe senior de River Plate toutes comp\u00e9titions confondues.<\/p>\n<p>L&#39;attaquant du pied gauche est \u00e0 l&#39;aise des deux c\u00f4t\u00e9s de la ligne avant et il a \u00e9galement de l&#39;exp\u00e9rience dans un r\u00f4le central, mais il ne mesure que 5 pieds 7 pouces.<\/p>\n<p>Cependant, Subiabre a attir\u00e9 l&#39;attention des observateurs lors de la Coupe du monde des moins de 20 ans en cours, marquant deux fois en phase de groupes contre Cuba et l&#39;Argentine pour l&#39;Australie, qui affrontera bient\u00f4t le Maroc en finale.<\/p>\n<p>L&#39;adolescent n&#39;est sous contrat avec River Plate que jusqu&#39;\u00e0 fin 2026, et une prolongation de contrat semble peu probable, ce qui signifie qu&#39;il devrait obtenir son transfert de marque en Europe dans les mois \u00e0 venir.<\/p>\n<h2>Chelsea et Liverpool pourraient-ils signer Subiabre en janvier ?<\/h2>\n<p class=\"imgI\"><img decoding=\"async\" alt=\"Arne Slot, manager de Liverpool, photographi\u00e9 le 23 septembre 2025\" class=\"vanilla-lazyload article-image\" src=\"https:\/\/footdavant.fr\/actualites\/wp-content\/uploads\/2025\/09\/Liverpool-identifie-436-millions-de-livres-sterling-Virgil-van-Dijk.webp\"><\/p>\n<p>Alors que les g\u00e9ants argentins viseront naturellement \u00e0 conserver Subiabre le plus longtemps possible, l&#39;expert en transferts Graeme Bailey a d\u00e9clar\u00e9 \u00e0 la publication qu&#39;un d\u00e9part en janvier n&#39;\u00e9tait pas exclu, et la \u00ab\u00a0croyance\u00a0\u00bb est qu&#39;il ne sera plus \u00e0 River Plate en 2026.<\/p>\n<p>\u00ab\u00a0Subiabre est l&#39;un de ces joueurs que l&#39;on pense avoir la vingtaine, \u00e9tant donn\u00e9 le temps qu&#39;on entend parler de lui. Depuis des ann\u00e9es, son nom appara\u00eet comme l&#39;un des meilleurs jeunes joueurs argentins\u00a0\u00bb, a d\u00e9clar\u00e9 Bailey. <\/p>\n<p>\u00ab\u00a0Pour \u00eatre juste envers lui et sa famille, on m&#39;a dit qu&#39;il n&#39;a pas insist\u00e9 pour partir plus t\u00f4t, m\u00eame s&#39;il a vu nombre de ses contemporains partir.<\/p>\n<p>\u00ab\u00a0En parlant aux scouts et aux clubs, nous pensons maintenant que Subiabre d\u00e9m\u00e9nagera en 2026. C&#39;est probablement cet \u00e9t\u00e9, mais ne soyez pas surpris si quelqu&#39;un conclut un accord en janvier.\u00a0\u00bb<\/p>\n<p>Subiabre est \u00e9valu\u00e9 \u00e0 seulement 1,2 million d&#39;euros (1 million de livres sterling) par <em>March\u00e9 de transfert<\/em>mais River Plate exigerait sans aucun doute des frais nettement plus \u00e9lev\u00e9s pour vendre l&#39;\u00e9ventuel champion de la Coupe du monde des moins de 20 ans.<\/p>\n<div class=\"author_box\">\n<div class=\"author_box_banner\"> <img decoding=\"async\" class=\"author_img\" src=\"https:\/\/footdavant.fr\/actualites\/wp-content\/uploads\/2025\/06\/1749127685_316_Equipe-de-la-Ligue-des-champions-du-tournoi-Lamine-Yamal.jpg\"><\/div>\n<\/div>\n<\/div>\n","protected":false},"excerpt":{"rendered":"<p>Liverpool, Arsenal et Manchester City auraient tous exprim\u00e9 leur int\u00e9r\u00eat \u00e0 signer le dernier joyau sud-am\u00e9ricain de River Plate, rejoignant ainsi Chelsea dans la course<\/p>\n","protected":false},"author":1,"featured_media":30006,"comment_status":"closed","ping_status":"","sticky":false,"template":"","format":"standard","meta":{"footnotes":""},"categories":[5],"tags":[211,171,27,4221,19,1894,115,24,210,3616,461,1444,116,700,3127],"yoast_head":"<!-- This site is optimized with the Yoast SEO plugin v21.0 - https:\/\/yoast.com\/wordpress\/plugins\/seo\/ -->\n<title>Nouvelles du transfert d&#039;Arsenal: Mikel Arteta rejoint Chelsea et Man City dans la course au \u00ab Wonderkid \u00bb \u00e9valu\u00e9 \u00e0 1 million de livres sterling<\/title>\n<meta name=\"robots\" content=\"index, follow, max-snippet:-1, max-image-preview:large, max-video-preview:-1\" \/>\n<link rel=\"canonical\" href=\"https:\/\/footdavant.fr\/actualites\/nouvelles-du-transfert-darsenal-mikel-arteta-rejoint-chelsea-et-man-city-dans-la-course-au-wonderkid-evalue-a-1-million-de-livres-sterling\/\" \/>\n<meta property=\"og:locale\" content=\"fr_FR\" \/>\n<meta property=\"og:type\" content=\"article\" \/>\n<meta property=\"og:title\" content=\"Nouvelles du transfert d&#039;Arsenal: Mikel Arteta rejoint Chelsea et Man City dans la course au \u00ab Wonderkid \u00bb \u00e9valu\u00e9 \u00e0 1 million de livres sterling\" \/>\n<meta property=\"og:description\" content=\"Liverpool, Arsenal et Manchester City auraient tous exprim\u00e9 leur int\u00e9r\u00eat \u00e0 signer le dernier joyau sud-am\u00e9ricain de River Plate, rejoignant ainsi Chelsea dans la course\" \/>\n<meta property=\"og:url\" content=\"https:\/\/footdavant.fr\/actualites\/nouvelles-du-transfert-darsenal-mikel-arteta-rejoint-chelsea-et-man-city-dans-la-course-au-wonderkid-evalue-a-1-million-de-livres-sterling\/\" \/>\n<meta property=\"og:site_name\" content=\"Foot d&#039;avant\" \/>\n<meta property=\"article:publisher\" content=\"https:\/\/www.facebook.com\/Footdavant\/\" \/>\n<meta property=\"article:published_time\" content=\"2025-10-19T12:48:06+00:00\" \/>\n<meta property=\"article:modified_time\" content=\"2025-10-19T12:48:07+00:00\" \/>\n<meta property=\"og:image\" content=\"https:\/\/footdavant.fr\/actualites\/wp-content\/uploads\/2025\/10\/1760878087_Nouvelles-du-transfert-d39Arsenal-Mikel-Arteta-rejoint-Chelsea-et-Man.jpg\" \/>\n\t<meta property=\"og:image:width\" content=\"640\" \/>\n\t<meta property=\"og:image:height\" content=\"480\" \/>\n\t<meta property=\"og:image:type\" content=\"image\/jpeg\" \/>\n<meta name=\"author\" content=\"Cl\u00e9ment\" \/>\n<meta name=\"twitter:card\" content=\"summary_large_image\" \/>\n<meta name=\"twitter:creator\" content=\"@FootdavantFr\" \/>\n<meta name=\"twitter:site\" content=\"@FootdavantFr\" \/>\n<meta name=\"twitter:label1\" content=\"\u00c9crit par\" \/>\n\t<meta name=\"twitter:data1\" content=\"Cl\u00e9ment\" \/>\n\t<meta name=\"twitter:label2\" content=\"Dur\u00e9e de lecture estim\u00e9e\" \/>\n\t<meta name=\"twitter:data2\" content=\"3 minutes\" \/>\n<script type=\"application\/ld+json\" class=\"yoast-schema-graph\">{\"@context\":\"https:\/\/schema.org\",\"@graph\":[{\"@type\":\"Article\",\"@id\":\"https:\/\/footdavant.fr\/actualites\/nouvelles-du-transfert-darsenal-mikel-arteta-rejoint-chelsea-et-man-city-dans-la-course-au-wonderkid-evalue-a-1-million-de-livres-sterling\/#article\",\"isPartOf\":{\"@id\":\"https:\/\/footdavant.fr\/actualites\/nouvelles-du-transfert-darsenal-mikel-arteta-rejoint-chelsea-et-man-city-dans-la-course-au-wonderkid-evalue-a-1-million-de-livres-sterling\/\"},\"author\":{\"name\":\"Cl\u00e9ment\",\"@id\":\"https:\/\/footdavant.fr\/actualites\/#\/schema\/person\/bc222566d95871b37e597b3ed3ba5e1d\"},\"headline\":\"Nouvelles du transfert d&#39;Arsenal: Mikel Arteta rejoint Chelsea et Man City dans la course au \u00ab Wonderkid \u00bb \u00e9valu\u00e9 \u00e0 1 million de livres sterling\",\"datePublished\":\"2025-10-19T12:48:06+00:00\",\"dateModified\":\"2025-10-19T12:48:07+00:00\",\"mainEntityOfPage\":{\"@id\":\"https:\/\/footdavant.fr\/actualites\/nouvelles-du-transfert-darsenal-mikel-arteta-rejoint-chelsea-et-man-city-dans-la-course-au-wonderkid-evalue-a-1-million-de-livres-sterling\/\"},\"wordCount\":635,\"publisher\":{\"@id\":\"https:\/\/footdavant.fr\/actualites\/#organization\"},\"keywords\":[\"Arteta\",\"Chelsea\",\"City\",\"d39Arsenal\",\"dans\",\"\u00e9value\",\"livres\",\"Man\",\"Mikel\",\"million\",\"Nouvelles\",\"rejoint\",\"sterling\",\"transfert\",\"Wonderkid\"],\"articleSection\":[\"Premier League\"],\"inLanguage\":\"fr-FR\"},{\"@type\":\"WebPage\",\"@id\":\"https:\/\/footdavant.fr\/actualites\/nouvelles-du-transfert-darsenal-mikel-arteta-rejoint-chelsea-et-man-city-dans-la-course-au-wonderkid-evalue-a-1-million-de-livres-sterling\/\",\"url\":\"https:\/\/footdavant.fr\/actualites\/nouvelles-du-transfert-darsenal-mikel-arteta-rejoint-chelsea-et-man-city-dans-la-course-au-wonderkid-evalue-a-1-million-de-livres-sterling\/\",\"name\":\"Nouvelles du transfert d&#39;Arsenal: Mikel Arteta rejoint Chelsea et Man City dans la course au \u00ab Wonderkid \u00bb \u00e9valu\u00e9 \u00e0 1 million de livres sterling\",\"isPartOf\":{\"@id\":\"https:\/\/footdavant.fr\/actualites\/#website\"},\"datePublished\":\"2025-10-19T12:48:06+00:00\",\"dateModified\":\"2025-10-19T12:48:07+00:00\",\"breadcrumb\":{\"@id\":\"https:\/\/footdavant.fr\/actualites\/nouvelles-du-transfert-darsenal-mikel-arteta-rejoint-chelsea-et-man-city-dans-la-course-au-wonderkid-evalue-a-1-million-de-livres-sterling\/#breadcrumb\"},\"inLanguage\":\"fr-FR\",\"potentialAction\":[{\"@type\":\"ReadAction\",\"target\":[\"https:\/\/footdavant.fr\/actualites\/nouvelles-du-transfert-darsenal-mikel-arteta-rejoint-chelsea-et-man-city-dans-la-course-au-wonderkid-evalue-a-1-million-de-livres-sterling\/\"]}]},{\"@type\":\"BreadcrumbList\",\"@id\":\"https:\/\/footdavant.fr\/actualites\/nouvelles-du-transfert-darsenal-mikel-arteta-rejoint-chelsea-et-man-city-dans-la-course-au-wonderkid-evalue-a-1-million-de-livres-sterling\/#breadcrumb\",\"itemListElement\":[{\"@type\":\"ListItem\",\"position\":1,\"name\":\"Accueil\",\"item\":\"https:\/\/footdavant.fr\/actualites\/\"},{\"@type\":\"ListItem\",\"position\":2,\"name\":\"Nouvelles du transfert d&#39;Arsenal: Mikel Arteta rejoint Chelsea et Man City dans la course au \u00ab Wonderkid \u00bb \u00e9valu\u00e9 \u00e0 1 million de livres sterling\"}]},{\"@type\":\"WebSite\",\"@id\":\"https:\/\/footdavant.fr\/actualites\/#website\",\"url\":\"https:\/\/footdavant.fr\/actualites\/\",\"name\":\"Foot d'avant\",\"description\":\"\",\"publisher\":{\"@id\":\"https:\/\/footdavant.fr\/actualites\/#organization\"},\"potentialAction\":[{\"@type\":\"SearchAction\",\"target\":{\"@type\":\"EntryPoint\",\"urlTemplate\":\"https:\/\/footdavant.fr\/actualites\/?s={search_term_string}\"},\"query-input\":\"required name=search_term_string\"}],\"inLanguage\":\"fr-FR\"},{\"@type\":\"Organization\",\"@id\":\"https:\/\/footdavant.fr\/actualites\/#organization\",\"name\":\"Foot d'avant\",\"url\":\"https:\/\/footdavant.fr\/actualites\/\",\"logo\":{\"@type\":\"ImageObject\",\"inLanguage\":\"fr-FR\",\"@id\":\"https:\/\/footdavant.fr\/actualites\/#\/schema\/logo\/image\/\",\"url\":\"https:\/\/footdavant.fr\/actualites\/wp-content\/uploads\/2023\/09\/Copy-of-FootDavant-Logo.png\",\"contentUrl\":\"https:\/\/footdavant.fr\/actualites\/wp-content\/uploads\/2023\/09\/Copy-of-FootDavant-Logo.png\",\"width\":936,\"height\":549,\"caption\":\"Foot d'avant\"},\"image\":{\"@id\":\"https:\/\/footdavant.fr\/actualites\/#\/schema\/logo\/image\/\"},\"sameAs\":[\"https:\/\/www.facebook.com\/Footdavant\/\",\"https:\/\/twitter.com\/FootdavantFr\",\"https:\/\/www.instagram.com\/footdavant.fr\/\"]},{\"@type\":\"Person\",\"@id\":\"https:\/\/footdavant.fr\/actualites\/#\/schema\/person\/bc222566d95871b37e597b3ed3ba5e1d\",\"name\":\"Cl\u00e9ment\",\"image\":{\"@type\":\"ImageObject\",\"inLanguage\":\"fr-FR\",\"@id\":\"https:\/\/footdavant.fr\/actualites\/#\/schema\/person\/image\/\",\"url\":\"https:\/\/secure.gravatar.com\/avatar\/7728b29aac2719421e1a9159b2254c44?s=96&d=mm&r=g\",\"contentUrl\":\"https:\/\/secure.gravatar.com\/avatar\/7728b29aac2719421e1a9159b2254c44?s=96&d=mm&r=g\",\"caption\":\"Cl\u00e9ment\"},\"sameAs\":[\"https:\/\/footdavant.fr\/\"]}]}<\/script>\n<!-- \/ Yoast SEO plugin. -->","yoast_head_json":{"title":"Nouvelles du transfert d&#39;Arsenal: Mikel Arteta rejoint Chelsea et Man City dans la course au \u00ab Wonderkid \u00bb \u00e9valu\u00e9 \u00e0 1 million de livres sterling","robots":{"index":"index","follow":"follow","max-snippet":"max-snippet:-1","max-image-preview":"max-image-preview:large","max-video-preview":"max-video-preview:-1"},"canonical":"https:\/\/footdavant.fr\/actualites\/nouvelles-du-transfert-darsenal-mikel-arteta-rejoint-chelsea-et-man-city-dans-la-course-au-wonderkid-evalue-a-1-million-de-livres-sterling\/","og_locale":"fr_FR","og_type":"article","og_title":"Nouvelles du transfert d&#39;Arsenal: Mikel Arteta rejoint Chelsea et Man City dans la course au \u00ab Wonderkid \u00bb \u00e9valu\u00e9 \u00e0 1 million de livres sterling","og_description":"Liverpool, Arsenal et Manchester City auraient tous exprim\u00e9 leur int\u00e9r\u00eat \u00e0 signer le dernier joyau sud-am\u00e9ricain de River Plate, rejoignant ainsi Chelsea dans la course","og_url":"https:\/\/footdavant.fr\/actualites\/nouvelles-du-transfert-darsenal-mikel-arteta-rejoint-chelsea-et-man-city-dans-la-course-au-wonderkid-evalue-a-1-million-de-livres-sterling\/","og_site_name":"Foot d&#039;avant","article_publisher":"https:\/\/www.facebook.com\/Footdavant\/","article_published_time":"2025-10-19T12:48:06+00:00","article_modified_time":"2025-10-19T12:48:07+00:00","og_image":[{"width":640,"height":480,"url":"https:\/\/footdavant.fr\/actualites\/wp-content\/uploads\/2025\/10\/1760878087_Nouvelles-du-transfert-d39Arsenal-Mikel-Arteta-rejoint-Chelsea-et-Man.jpg","type":"image\/jpeg"}],"author":"Cl\u00e9ment","twitter_card":"summary_large_image","twitter_creator":"@FootdavantFr","twitter_site":"@FootdavantFr","twitter_misc":{"\u00c9crit par":"Cl\u00e9ment","Dur\u00e9e de lecture estim\u00e9e":"3 minutes"},"schema":{"@context":"https:\/\/schema.org","@graph":[{"@type":"Article","@id":"https:\/\/footdavant.fr\/actualites\/nouvelles-du-transfert-darsenal-mikel-arteta-rejoint-chelsea-et-man-city-dans-la-course-au-wonderkid-evalue-a-1-million-de-livres-sterling\/#article","isPartOf":{"@id":"https:\/\/footdavant.fr\/actualites\/nouvelles-du-transfert-darsenal-mikel-arteta-rejoint-chelsea-et-man-city-dans-la-course-au-wonderkid-evalue-a-1-million-de-livres-sterling\/"},"author":{"name":"Cl\u00e9ment","@id":"https:\/\/footdavant.fr\/actualites\/#\/schema\/person\/bc222566d95871b37e597b3ed3ba5e1d"},"headline":"Nouvelles du transfert d&#39;Arsenal: Mikel Arteta rejoint Chelsea et Man City dans la course au \u00ab Wonderkid \u00bb \u00e9valu\u00e9 \u00e0 1 million de livres sterling","datePublished":"2025-10-19T12:48:06+00:00","dateModified":"2025-10-19T12:48:07+00:00","mainEntityOfPage":{"@id":"https:\/\/footdavant.fr\/actualites\/nouvelles-du-transfert-darsenal-mikel-arteta-rejoint-chelsea-et-man-city-dans-la-course-au-wonderkid-evalue-a-1-million-de-livres-sterling\/"},"wordCount":635,"publisher":{"@id":"https:\/\/footdavant.fr\/actualites\/#organization"},"keywords":["Arteta","Chelsea","City","d39Arsenal","dans","\u00e9value","livres","Man","Mikel","million","Nouvelles","rejoint","sterling","transfert","Wonderkid"],"articleSection":["Premier League"],"inLanguage":"fr-FR"},{"@type":"WebPage","@id":"https:\/\/footdavant.fr\/actualites\/nouvelles-du-transfert-darsenal-mikel-arteta-rejoint-chelsea-et-man-city-dans-la-course-au-wonderkid-evalue-a-1-million-de-livres-sterling\/","url":"https:\/\/footdavant.fr\/actualites\/nouvelles-du-transfert-darsenal-mikel-arteta-rejoint-chelsea-et-man-city-dans-la-course-au-wonderkid-evalue-a-1-million-de-livres-sterling\/","name":"Nouvelles du transfert d&#39;Arsenal: Mikel Arteta rejoint Chelsea et Man City dans la course au \u00ab Wonderkid \u00bb \u00e9valu\u00e9 \u00e0 1 million de livres sterling","isPartOf":{"@id":"https:\/\/footdavant.fr\/actualites\/#website"},"datePublished":"2025-10-19T12:48:06+00:00","dateModified":"2025-10-19T12:48:07+00:00","breadcrumb":{"@id":"https:\/\/footdavant.fr\/actualites\/nouvelles-du-transfert-darsenal-mikel-arteta-rejoint-chelsea-et-man-city-dans-la-course-au-wonderkid-evalue-a-1-million-de-livres-sterling\/#breadcrumb"},"inLanguage":"fr-FR","potentialAction":[{"@type":"ReadAction","target":["https:\/\/footdavant.fr\/actualites\/nouvelles-du-transfert-darsenal-mikel-arteta-rejoint-chelsea-et-man-city-dans-la-course-au-wonderkid-evalue-a-1-million-de-livres-sterling\/"]}]},{"@type":"BreadcrumbList","@id":"https:\/\/footdavant.fr\/actualites\/nouvelles-du-transfert-darsenal-mikel-arteta-rejoint-chelsea-et-man-city-dans-la-course-au-wonderkid-evalue-a-1-million-de-livres-sterling\/#breadcrumb","itemListElement":[{"@type":"ListItem","position":1,"name":"Accueil","item":"https:\/\/footdavant.fr\/actualites\/"},{"@type":"ListItem","position":2,"name":"Nouvelles du transfert d&#39;Arsenal: Mikel Arteta rejoint Chelsea et Man City dans la course au \u00ab Wonderkid \u00bb \u00e9valu\u00e9 \u00e0 1 million de livres sterling"}]},{"@type":"WebSite","@id":"https:\/\/footdavant.fr\/actualites\/#website","url":"https:\/\/footdavant.fr\/actualites\/","name":"Foot d'avant","description":"","publisher":{"@id":"https:\/\/footdavant.fr\/actualites\/#organization"},"potentialAction":[{"@type":"SearchAction","target":{"@type":"EntryPoint","urlTemplate":"https:\/\/footdavant.fr\/actualites\/?s={search_term_string}"},"query-input":"required name=search_term_string"}],"inLanguage":"fr-FR"},{"@type":"Organization","@id":"https:\/\/footdavant.fr\/actualites\/#organization","name":"Foot d'avant","url":"https:\/\/footdavant.fr\/actualites\/","logo":{"@type":"ImageObject","inLanguage":"fr-FR","@id":"https:\/\/footdavant.fr\/actualites\/#\/schema\/logo\/image\/","url":"https:\/\/footdavant.fr\/actualites\/wp-content\/uploads\/2023\/09\/Copy-of-FootDavant-Logo.png","contentUrl":"https:\/\/footdavant.fr\/actualites\/wp-content\/uploads\/2023\/09\/Copy-of-FootDavant-Logo.png","width":936,"height":549,"caption":"Foot d'avant"},"image":{"@id":"https:\/\/footdavant.fr\/actualites\/#\/schema\/logo\/image\/"},"sameAs":["https:\/\/www.facebook.com\/Footdavant\/","https:\/\/twitter.com\/FootdavantFr","https:\/\/www.instagram.com\/footdavant.fr\/"]},{"@type":"Person","@id":"https:\/\/footdavant.fr\/actualites\/#\/schema\/person\/bc222566d95871b37e597b3ed3ba5e1d","name":"Cl\u00e9ment","image":{"@type":"ImageObject","inLanguage":"fr-FR","@id":"https:\/\/footdavant.fr\/actualites\/#\/schema\/person\/image\/","url":"https:\/\/secure.gravatar.com\/avatar\/7728b29aac2719421e1a9159b2254c44?s=96&d=mm&r=g","contentUrl":"https:\/\/secure.gravatar.com\/avatar\/7728b29aac2719421e1a9159b2254c44?s=96&d=mm&r=g","caption":"Cl\u00e9ment"},"sameAs":["https:\/\/footdavant.fr\/"]}]}},"_links":{"self":[{"href":"https:\/\/footdavant.fr\/actualites\/wp-json\/wp\/v2\/posts\/30005"}],"collection":[{"href":"https:\/\/footdavant.fr\/actualites\/wp-json\/wp\/v2\/posts"}],"about":[{"href":"https:\/\/footdavant.fr\/actualites\/wp-json\/wp\/v2\/types\/post"}],"author":[{"embeddable":true,"href":"https:\/\/footdavant.fr\/actualites\/wp-json\/wp\/v2\/users\/1"}],"replies":[{"embeddable":true,"href":"https:\/\/footdavant.fr\/actualites\/wp-json\/wp\/v2\/comments?post=30005"}],"version-history":[{"count":1,"href":"https:\/\/footdavant.fr\/actualites\/wp-json\/wp\/v2\/posts\/30005\/revisions"}],"predecessor-version":[{"id":30007,"href":"https:\/\/footdavant.fr\/actualites\/wp-json\/wp\/v2\/posts\/30005\/revisions\/30007"}],"wp:featuredmedia":[{"embeddable":true,"href":"https:\/\/footdavant.fr\/actualites\/wp-json\/wp\/v2\/media\/30006"}],"wp:attachment":[{"href":"https:\/\/footdavant.fr\/actualites\/wp-json\/wp\/v2\/media?parent=30005"}],"wp:term":[{"taxonomy":"category","embeddable":true,"href":"https:\/\/footdavant.fr\/actualites\/wp-json\/wp\/v2\/categories?post=30005"},{"taxonomy":"post_tag","embeddable":true,"href":"https:\/\/footdavant.fr\/actualites\/wp-json\/wp\/v2\/tags?post=30005"}],"curies":[{"name":"wp","href":"https:\/\/api.w.org\/{rel}","templated":true}]}}