{"id":30011,"date":"2025-10-19T17:48:04","date_gmt":"2025-10-19T15:48:04","guid":{"rendered":"https:\/\/footdavant.fr\/actualites\/composition-de-man-city-contre-villarreal-xi-prevu-pour-le-choc-de-la-ligue-des-champions-alors-quoscar-bobb-commence\/"},"modified":"2025-10-19T17:48:04","modified_gmt":"2025-10-19T15:48:04","slug":"composition-de-man-city-contre-villarreal-xi-prevu-pour-le-choc-de-la-ligue-des-champions-alors-quoscar-bobb-commence","status":"publish","type":"post","link":"https:\/\/footdavant.fr\/actualites\/composition-de-man-city-contre-villarreal-xi-prevu-pour-le-choc-de-la-ligue-des-champions-alors-quoscar-bobb-commence\/","title":{"rendered":"Composition de Man City contre Villarreal\u00a0: XI pr\u00e9vu pour le choc de la Ligue des champions alors qu&#39;Oscar Bobb commence"},"content":{"rendered":"<p>Sports Mole examine en profondeur la fa\u00e7on dont Manchester City pourrait s&#39;aligner pour le choc de la Ligue des champions de mardi avec Villarreal.<\/p>\n<div id=\"article_body\" itemprop=\"articleBody\">\n<p><strong class=\"autotag\">Entra\u00eeneur de Manchester City <strong class=\"autotag\">On peut s&#39;attendre \u00e0 ce que Pep Guardiola apporte quelques modifications pour mardi <strong class=\"autotag\">Bataille de Ligue des Champions avec <strong class=\"autotag\">Villarreal \u00e0 La Ceramica.<\/p>\n<p>Les Citizens se rendent en Espagne apr\u00e8s une victoire de routine 2-0 en Premier League contre Everton, qui est devenu la derni\u00e8re victime de <strong class=\"autotag\">Les talents extraordinaires d&#39;Erling Haaland en tant que Norv\u00e9gien ont r\u00e9ussi un doubl\u00e9 \u00e0 l&#39;Etihad.<\/p>\n<p>Malgr\u00e9 le retour de blessure d\u2019Omar Marmoush, Haaland est une valeur s\u00fbre pour mener la ligne mardi soir, m\u00eame si certains membres de son casting de soutien pourraient changer.<\/p>\n<p><strong class=\"autotag\">Tijjani Reijnders a beaucoup jou\u00e9 au football ces derni\u00e8res semaines et a perdu sa touche magique du d\u00e9but de saison. Le N\u00e9erlandais pourrait donc b\u00e9n\u00e9ficier d&#39;un repos bien m\u00e9rit\u00e9. <strong class=\"autotag\">Bernardo Silva rentre dans la m\u00eal\u00e9e.<\/p>\n<p>Guardiola souhaitera peut-\u00eatre \u00e9galement avoir un aper\u00e7u de <strong class=\"autotag\">Oscar Bobb &#8211; qui a montr\u00e9 des \u00e9clairs de ce qu&#39;il peut faire sur le c\u00f4t\u00e9 droit cette saison &#8211; mais Phil Foden et Jeremy Doku devraient \u00eatre retenus.<\/p>\n<p>Nico Gonzalez devrait \u00e9galement continuer \u00e0 jouer le r\u00f4le de titulaire pendant que Rodri se remet de sa derni\u00e8re blessure \u2013 celle-ci est un probl\u00e8me aux ischio-jambiers \u2013 tandis que les rappels d\u00e9fensifs de John Stones et Josko Gvardiol pourraient \u00e9galement attendre.<\/p>\n<p>Ce dernier remplacera presque certainement Nathan Ake dans la ligne arri\u00e8re des h\u00f4tes, et Guardiola pourrait \u00e9galement \u00eatre renforc\u00e9 par le retour de Rayan Ait-Nouri suite \u00e0 un probl\u00e8me \u00e0 la cheville, mais Nico O&#39;Reilly devrait continuer \u00e0 l&#39;arri\u00e8re gauche pour le moment.<\/p>\n<p>Composition de d\u00e9part possible de Manchester City :<\/p>\n<p>Donnarumma\u00a0; Nunes, Stones, Gvardiol, O&#39;Reilly\u00a0; Gonz\u00e1lez\u00a0; Bobb, Silva, Foden, Doku; Haaland<\/p>\n<div class=\"author_box\">\n<div class=\"author_box_banner\"> <\/div>\n<\/div>\n<\/div>\n","protected":false},"excerpt":{"rendered":"<p>Sports Mole examine en profondeur la fa\u00e7on dont Manchester City pourrait s&#39;aligner pour le choc de la Ligue des champions de mardi avec Villarreal. Entra\u00eeneur<\/p>\n","protected":false},"author":1,"featured_media":30012,"comment_status":"closed","ping_status":"","sticky":false,"template":"","format":"standard","meta":{"footnotes":""},"categories":[4],"tags":[318,6064,31,332,27,1331,2291,20,12,30,24,51,3924,6063,2465],"yoast_head":"<!-- This site is optimized with the Yoast SEO plugin v21.0 - https:\/\/yoast.com\/wordpress\/plugins\/seo\/ -->\n<title>Composition de Man City contre Villarreal\u00a0: XI pr\u00e9vu pour le choc de la Ligue des champions alors qu&#039;Oscar Bobb commence<\/title>\n<meta name=\"robots\" content=\"index, follow, max-snippet:-1, max-image-preview:large, max-video-preview:-1\" \/>\n<link rel=\"canonical\" href=\"https:\/\/footdavant.fr\/actualites\/composition-de-man-city-contre-villarreal-xi-prevu-pour-le-choc-de-la-ligue-des-champions-alors-quoscar-bobb-commence\/\" \/>\n<meta property=\"og:locale\" content=\"fr_FR\" \/>\n<meta property=\"og:type\" content=\"article\" \/>\n<meta property=\"og:title\" content=\"Composition de Man City contre Villarreal\u00a0: XI pr\u00e9vu pour le choc de la Ligue des champions alors qu&#039;Oscar Bobb commence\" \/>\n<meta property=\"og:description\" content=\"Sports Mole examine en profondeur la fa\u00e7on dont Manchester City pourrait s&#039;aligner pour le choc de la Ligue des champions de mardi avec Villarreal. Entra\u00eeneur\" \/>\n<meta property=\"og:url\" content=\"https:\/\/footdavant.fr\/actualites\/composition-de-man-city-contre-villarreal-xi-prevu-pour-le-choc-de-la-ligue-des-champions-alors-quoscar-bobb-commence\/\" \/>\n<meta property=\"og:site_name\" content=\"Foot d&#039;avant\" \/>\n<meta property=\"article:publisher\" content=\"https:\/\/www.facebook.com\/Footdavant\/\" \/>\n<meta property=\"article:published_time\" content=\"2025-10-19T15:48:04+00:00\" \/>\n<meta property=\"og:image\" content=\"https:\/\/footdavant.fr\/actualites\/wp-content\/uploads\/2025\/10\/Composition-de-Man-City-contre-Villarreal-XI-prevu-pour-le.jpg\" \/>\n\t<meta property=\"og:image:width\" content=\"640\" \/>\n\t<meta property=\"og:image:height\" content=\"480\" \/>\n\t<meta property=\"og:image:type\" content=\"image\/jpeg\" \/>\n<meta name=\"author\" content=\"Cl\u00e9ment\" \/>\n<meta name=\"twitter:card\" content=\"summary_large_image\" \/>\n<meta name=\"twitter:creator\" content=\"@FootdavantFr\" \/>\n<meta name=\"twitter:site\" content=\"@FootdavantFr\" \/>\n<meta name=\"twitter:label1\" content=\"\u00c9crit par\" \/>\n\t<meta name=\"twitter:data1\" content=\"Cl\u00e9ment\" \/>\n\t<meta name=\"twitter:label2\" content=\"Dur\u00e9e de lecture estim\u00e9e\" \/>\n\t<meta name=\"twitter:data2\" content=\"2 minutes\" \/>\n<script type=\"application\/ld+json\" class=\"yoast-schema-graph\">{\"@context\":\"https:\/\/schema.org\",\"@graph\":[{\"@type\":\"Article\",\"@id\":\"https:\/\/footdavant.fr\/actualites\/composition-de-man-city-contre-villarreal-xi-prevu-pour-le-choc-de-la-ligue-des-champions-alors-quoscar-bobb-commence\/#article\",\"isPartOf\":{\"@id\":\"https:\/\/footdavant.fr\/actualites\/composition-de-man-city-contre-villarreal-xi-prevu-pour-le-choc-de-la-ligue-des-champions-alors-quoscar-bobb-commence\/\"},\"author\":{\"name\":\"Cl\u00e9ment\",\"@id\":\"https:\/\/footdavant.fr\/actualites\/#\/schema\/person\/bc222566d95871b37e597b3ed3ba5e1d\"},\"headline\":\"Composition de Man City contre Villarreal\u00a0: XI pr\u00e9vu pour le choc de la Ligue des champions alors qu&#39;Oscar Bobb commence\",\"datePublished\":\"2025-10-19T15:48:04+00:00\",\"dateModified\":\"2025-10-19T15:48:04+00:00\",\"mainEntityOfPage\":{\"@id\":\"https:\/\/footdavant.fr\/actualites\/composition-de-man-city-contre-villarreal-xi-prevu-pour-le-choc-de-la-ligue-des-champions-alors-quoscar-bobb-commence\/\"},\"wordCount\":346,\"publisher\":{\"@id\":\"https:\/\/footdavant.fr\/actualites\/#organization\"},\"keywords\":[\"alors\",\"Bobb\",\"champions\",\"choc\",\"City\",\"commenc\u00e9\",\"composition\",\"contre\",\"des\",\"Ligue\",\"Man\",\"pour\",\"pr\u00e9vu\",\"qu39Oscar\",\"Villarreal\"],\"articleSection\":[\"Champions League\"],\"inLanguage\":\"fr-FR\"},{\"@type\":\"WebPage\",\"@id\":\"https:\/\/footdavant.fr\/actualites\/composition-de-man-city-contre-villarreal-xi-prevu-pour-le-choc-de-la-ligue-des-champions-alors-quoscar-bobb-commence\/\",\"url\":\"https:\/\/footdavant.fr\/actualites\/composition-de-man-city-contre-villarreal-xi-prevu-pour-le-choc-de-la-ligue-des-champions-alors-quoscar-bobb-commence\/\",\"name\":\"Composition de Man City contre Villarreal\u00a0: XI pr\u00e9vu pour le choc de la Ligue des champions alors qu&#39;Oscar Bobb commence\",\"isPartOf\":{\"@id\":\"https:\/\/footdavant.fr\/actualites\/#website\"},\"datePublished\":\"2025-10-19T15:48:04+00:00\",\"dateModified\":\"2025-10-19T15:48:04+00:00\",\"breadcrumb\":{\"@id\":\"https:\/\/footdavant.fr\/actualites\/composition-de-man-city-contre-villarreal-xi-prevu-pour-le-choc-de-la-ligue-des-champions-alors-quoscar-bobb-commence\/#breadcrumb\"},\"inLanguage\":\"fr-FR\",\"potentialAction\":[{\"@type\":\"ReadAction\",\"target\":[\"https:\/\/footdavant.fr\/actualites\/composition-de-man-city-contre-villarreal-xi-prevu-pour-le-choc-de-la-ligue-des-champions-alors-quoscar-bobb-commence\/\"]}]},{\"@type\":\"BreadcrumbList\",\"@id\":\"https:\/\/footdavant.fr\/actualites\/composition-de-man-city-contre-villarreal-xi-prevu-pour-le-choc-de-la-ligue-des-champions-alors-quoscar-bobb-commence\/#breadcrumb\",\"itemListElement\":[{\"@type\":\"ListItem\",\"position\":1,\"name\":\"Accueil\",\"item\":\"https:\/\/footdavant.fr\/actualites\/\"},{\"@type\":\"ListItem\",\"position\":2,\"name\":\"Composition de Man City contre Villarreal\u00a0: XI pr\u00e9vu pour le choc de la Ligue des champions alors qu&#39;Oscar Bobb commence\"}]},{\"@type\":\"WebSite\",\"@id\":\"https:\/\/footdavant.fr\/actualites\/#website\",\"url\":\"https:\/\/footdavant.fr\/actualites\/\",\"name\":\"Foot d'avant\",\"description\":\"\",\"publisher\":{\"@id\":\"https:\/\/footdavant.fr\/actualites\/#organization\"},\"potentialAction\":[{\"@type\":\"SearchAction\",\"target\":{\"@type\":\"EntryPoint\",\"urlTemplate\":\"https:\/\/footdavant.fr\/actualites\/?s={search_term_string}\"},\"query-input\":\"required name=search_term_string\"}],\"inLanguage\":\"fr-FR\"},{\"@type\":\"Organization\",\"@id\":\"https:\/\/footdavant.fr\/actualites\/#organization\",\"name\":\"Foot d'avant\",\"url\":\"https:\/\/footdavant.fr\/actualites\/\",\"logo\":{\"@type\":\"ImageObject\",\"inLanguage\":\"fr-FR\",\"@id\":\"https:\/\/footdavant.fr\/actualites\/#\/schema\/logo\/image\/\",\"url\":\"https:\/\/footdavant.fr\/actualites\/wp-content\/uploads\/2023\/09\/Copy-of-FootDavant-Logo.png\",\"contentUrl\":\"https:\/\/footdavant.fr\/actualites\/wp-content\/uploads\/2023\/09\/Copy-of-FootDavant-Logo.png\",\"width\":936,\"height\":549,\"caption\":\"Foot d'avant\"},\"image\":{\"@id\":\"https:\/\/footdavant.fr\/actualites\/#\/schema\/logo\/image\/\"},\"sameAs\":[\"https:\/\/www.facebook.com\/Footdavant\/\",\"https:\/\/twitter.com\/FootdavantFr\",\"https:\/\/www.instagram.com\/footdavant.fr\/\"]},{\"@type\":\"Person\",\"@id\":\"https:\/\/footdavant.fr\/actualites\/#\/schema\/person\/bc222566d95871b37e597b3ed3ba5e1d\",\"name\":\"Cl\u00e9ment\",\"image\":{\"@type\":\"ImageObject\",\"inLanguage\":\"fr-FR\",\"@id\":\"https:\/\/footdavant.fr\/actualites\/#\/schema\/person\/image\/\",\"url\":\"https:\/\/secure.gravatar.com\/avatar\/7728b29aac2719421e1a9159b2254c44?s=96&d=mm&r=g\",\"contentUrl\":\"https:\/\/secure.gravatar.com\/avatar\/7728b29aac2719421e1a9159b2254c44?s=96&d=mm&r=g\",\"caption\":\"Cl\u00e9ment\"},\"sameAs\":[\"https:\/\/footdavant.fr\/\"]}]}<\/script>\n<!-- \/ Yoast SEO plugin. -->","yoast_head_json":{"title":"Composition de Man City contre Villarreal\u00a0: XI pr\u00e9vu pour le choc de la Ligue des champions alors qu&#39;Oscar Bobb commence","robots":{"index":"index","follow":"follow","max-snippet":"max-snippet:-1","max-image-preview":"max-image-preview:large","max-video-preview":"max-video-preview:-1"},"canonical":"https:\/\/footdavant.fr\/actualites\/composition-de-man-city-contre-villarreal-xi-prevu-pour-le-choc-de-la-ligue-des-champions-alors-quoscar-bobb-commence\/","og_locale":"fr_FR","og_type":"article","og_title":"Composition de Man City contre Villarreal\u00a0: XI pr\u00e9vu pour le choc de la Ligue des champions alors qu&#39;Oscar Bobb commence","og_description":"Sports Mole examine en profondeur la fa\u00e7on dont Manchester City pourrait s&#39;aligner pour le choc de la Ligue des champions de mardi avec Villarreal. Entra\u00eeneur","og_url":"https:\/\/footdavant.fr\/actualites\/composition-de-man-city-contre-villarreal-xi-prevu-pour-le-choc-de-la-ligue-des-champions-alors-quoscar-bobb-commence\/","og_site_name":"Foot d&#039;avant","article_publisher":"https:\/\/www.facebook.com\/Footdavant\/","article_published_time":"2025-10-19T15:48:04+00:00","og_image":[{"width":640,"height":480,"url":"https:\/\/footdavant.fr\/actualites\/wp-content\/uploads\/2025\/10\/Composition-de-Man-City-contre-Villarreal-XI-prevu-pour-le.jpg","type":"image\/jpeg"}],"author":"Cl\u00e9ment","twitter_card":"summary_large_image","twitter_creator":"@FootdavantFr","twitter_site":"@FootdavantFr","twitter_misc":{"\u00c9crit par":"Cl\u00e9ment","Dur\u00e9e de lecture estim\u00e9e":"2 minutes"},"schema":{"@context":"https:\/\/schema.org","@graph":[{"@type":"Article","@id":"https:\/\/footdavant.fr\/actualites\/composition-de-man-city-contre-villarreal-xi-prevu-pour-le-choc-de-la-ligue-des-champions-alors-quoscar-bobb-commence\/#article","isPartOf":{"@id":"https:\/\/footdavant.fr\/actualites\/composition-de-man-city-contre-villarreal-xi-prevu-pour-le-choc-de-la-ligue-des-champions-alors-quoscar-bobb-commence\/"},"author":{"name":"Cl\u00e9ment","@id":"https:\/\/footdavant.fr\/actualites\/#\/schema\/person\/bc222566d95871b37e597b3ed3ba5e1d"},"headline":"Composition de Man City contre Villarreal\u00a0: XI pr\u00e9vu pour le choc de la Ligue des champions alors qu&#39;Oscar Bobb commence","datePublished":"2025-10-19T15:48:04+00:00","dateModified":"2025-10-19T15:48:04+00:00","mainEntityOfPage":{"@id":"https:\/\/footdavant.fr\/actualites\/composition-de-man-city-contre-villarreal-xi-prevu-pour-le-choc-de-la-ligue-des-champions-alors-quoscar-bobb-commence\/"},"wordCount":346,"publisher":{"@id":"https:\/\/footdavant.fr\/actualites\/#organization"},"keywords":["alors","Bobb","champions","choc","City","commenc\u00e9","composition","contre","des","Ligue","Man","pour","pr\u00e9vu","qu39Oscar","Villarreal"],"articleSection":["Champions League"],"inLanguage":"fr-FR"},{"@type":"WebPage","@id":"https:\/\/footdavant.fr\/actualites\/composition-de-man-city-contre-villarreal-xi-prevu-pour-le-choc-de-la-ligue-des-champions-alors-quoscar-bobb-commence\/","url":"https:\/\/footdavant.fr\/actualites\/composition-de-man-city-contre-villarreal-xi-prevu-pour-le-choc-de-la-ligue-des-champions-alors-quoscar-bobb-commence\/","name":"Composition de Man City contre Villarreal\u00a0: XI pr\u00e9vu pour le choc de la Ligue des champions alors qu&#39;Oscar Bobb commence","isPartOf":{"@id":"https:\/\/footdavant.fr\/actualites\/#website"},"datePublished":"2025-10-19T15:48:04+00:00","dateModified":"2025-10-19T15:48:04+00:00","breadcrumb":{"@id":"https:\/\/footdavant.fr\/actualites\/composition-de-man-city-contre-villarreal-xi-prevu-pour-le-choc-de-la-ligue-des-champions-alors-quoscar-bobb-commence\/#breadcrumb"},"inLanguage":"fr-FR","potentialAction":[{"@type":"ReadAction","target":["https:\/\/footdavant.fr\/actualites\/composition-de-man-city-contre-villarreal-xi-prevu-pour-le-choc-de-la-ligue-des-champions-alors-quoscar-bobb-commence\/"]}]},{"@type":"BreadcrumbList","@id":"https:\/\/footdavant.fr\/actualites\/composition-de-man-city-contre-villarreal-xi-prevu-pour-le-choc-de-la-ligue-des-champions-alors-quoscar-bobb-commence\/#breadcrumb","itemListElement":[{"@type":"ListItem","position":1,"name":"Accueil","item":"https:\/\/footdavant.fr\/actualites\/"},{"@type":"ListItem","position":2,"name":"Composition de Man City contre Villarreal\u00a0: XI pr\u00e9vu pour le choc de la Ligue des champions alors qu&#39;Oscar Bobb commence"}]},{"@type":"WebSite","@id":"https:\/\/footdavant.fr\/actualites\/#website","url":"https:\/\/footdavant.fr\/actualites\/","name":"Foot d'avant","description":"","publisher":{"@id":"https:\/\/footdavant.fr\/actualites\/#organization"},"potentialAction":[{"@type":"SearchAction","target":{"@type":"EntryPoint","urlTemplate":"https:\/\/footdavant.fr\/actualites\/?s={search_term_string}"},"query-input":"required name=search_term_string"}],"inLanguage":"fr-FR"},{"@type":"Organization","@id":"https:\/\/footdavant.fr\/actualites\/#organization","name":"Foot d'avant","url":"https:\/\/footdavant.fr\/actualites\/","logo":{"@type":"ImageObject","inLanguage":"fr-FR","@id":"https:\/\/footdavant.fr\/actualites\/#\/schema\/logo\/image\/","url":"https:\/\/footdavant.fr\/actualites\/wp-content\/uploads\/2023\/09\/Copy-of-FootDavant-Logo.png","contentUrl":"https:\/\/footdavant.fr\/actualites\/wp-content\/uploads\/2023\/09\/Copy-of-FootDavant-Logo.png","width":936,"height":549,"caption":"Foot d'avant"},"image":{"@id":"https:\/\/footdavant.fr\/actualites\/#\/schema\/logo\/image\/"},"sameAs":["https:\/\/www.facebook.com\/Footdavant\/","https:\/\/twitter.com\/FootdavantFr","https:\/\/www.instagram.com\/footdavant.fr\/"]},{"@type":"Person","@id":"https:\/\/footdavant.fr\/actualites\/#\/schema\/person\/bc222566d95871b37e597b3ed3ba5e1d","name":"Cl\u00e9ment","image":{"@type":"ImageObject","inLanguage":"fr-FR","@id":"https:\/\/footdavant.fr\/actualites\/#\/schema\/person\/image\/","url":"https:\/\/secure.gravatar.com\/avatar\/7728b29aac2719421e1a9159b2254c44?s=96&d=mm&r=g","contentUrl":"https:\/\/secure.gravatar.com\/avatar\/7728b29aac2719421e1a9159b2254c44?s=96&d=mm&r=g","caption":"Cl\u00e9ment"},"sameAs":["https:\/\/footdavant.fr\/"]}]}},"_links":{"self":[{"href":"https:\/\/footdavant.fr\/actualites\/wp-json\/wp\/v2\/posts\/30011"}],"collection":[{"href":"https:\/\/footdavant.fr\/actualites\/wp-json\/wp\/v2\/posts"}],"about":[{"href":"https:\/\/footdavant.fr\/actualites\/wp-json\/wp\/v2\/types\/post"}],"author":[{"embeddable":true,"href":"https:\/\/footdavant.fr\/actualites\/wp-json\/wp\/v2\/users\/1"}],"replies":[{"embeddable":true,"href":"https:\/\/footdavant.fr\/actualites\/wp-json\/wp\/v2\/comments?post=30011"}],"version-history":[{"count":1,"href":"https:\/\/footdavant.fr\/actualites\/wp-json\/wp\/v2\/posts\/30011\/revisions"}],"predecessor-version":[{"id":30013,"href":"https:\/\/footdavant.fr\/actualites\/wp-json\/wp\/v2\/posts\/30011\/revisions\/30013"}],"wp:featuredmedia":[{"embeddable":true,"href":"https:\/\/footdavant.fr\/actualites\/wp-json\/wp\/v2\/media\/30012"}],"wp:attachment":[{"href":"https:\/\/footdavant.fr\/actualites\/wp-json\/wp\/v2\/media?parent=30011"}],"wp:term":[{"taxonomy":"category","embeddable":true,"href":"https:\/\/footdavant.fr\/actualites\/wp-json\/wp\/v2\/categories?post=30011"},{"taxonomy":"post_tag","embeddable":true,"href":"https:\/\/footdavant.fr\/actualites\/wp-json\/wp\/v2\/tags?post=30011"}],"curies":[{"name":"wp","href":"https:\/\/api.w.org\/{rel}","templated":true}]}}