{"id":30029,"date":"2025-10-20T01:48:45","date_gmt":"2025-10-19T23:48:45","guid":{"rendered":"https:\/\/footdavant.fr\/actualites\/apercupsv-eindhoven-vs-naples-pronostics-actualites-de-lequipe-compositions\/"},"modified":"2025-10-20T01:48:46","modified_gmt":"2025-10-19T23:48:46","slug":"apercupsv-eindhoven-vs-naples-pronostics-actualites-de-lequipe-compositions","status":"publish","type":"post","link":"https:\/\/footdavant.fr\/actualites\/apercupsv-eindhoven-vs-naples-pronostics-actualites-de-lequipe-compositions\/","title":{"rendered":"Aper\u00e7u:PSV Eindhoven vs Naples \u2013 pronostics, actualit\u00e9s de l\u2019\u00e9quipe, compositions"},"content":{"rendered":"<p>Sports Mole pr\u00e9sente un aper\u00e7u du choc de la Ligue des champions de mardi entre le PSV Eindhoven et Naples, y compris les pronostics, les nouvelles de l&#39;\u00e9quipe et les compositions possibles.<\/p>\n<div id=\"article_body\" itemprop=\"articleBody\">\n<p>Toujours \u00e0 la recherche de leur premi\u00e8re victoire en phase de championnat cette saison, <strong class=\"autotag\">Le PSV Eindhoven accueillera <strong class=\"autotag\">Naples mardi soir, alors que les tenants du titre n\u00e9erlandais et italien s&#39;affrontent dans le match <strong class=\"autotag\">Ligue des champions.<\/p>\n<p>Le PSV n&#39;a r\u00e9colt\u00e9 qu&#39;un point jusqu&#39;\u00e0 pr\u00e9sent, tandis que ses visiteurs ont rebondi apr\u00e8s une d\u00e9faite lors de la premi\u00e8re journ\u00e9e pour battre le Sporting Lisbonne la derni\u00e8re fois.<\/p>\n<p><\/p>\n<h2>Aper\u00e7u du match<\/h2>\n<p>Apr\u00e8s avoir perdu 3-1 \u00e0 domicile face aux champions de Belgique de l&#39;Union SG lors de la premi\u00e8re journ\u00e9e, le PSV \u00e9tait d\u00e9j\u00e0 confront\u00e9 \u00e0 une t\u00e2che ardue pour passer de la phase de championnat aux huiti\u00e8mes de finale.<\/p>\n<p>Ils se sont ensuite inclin\u00e9s 1-0 \u00e0 la 65e minute contre le Bayer Leverkusen lors de leur rencontre en Allemagne au d\u00e9but du mois, apr\u00e8s <strong class=\"autotag\">Ivan Perisic avait vu sa frappe annul\u00e9e par le VAR. <\/p>\n<p>\u00c9vitant une autre d\u00e9faite, <strong class=\"autotag\">Ismael Saibari a ensuite \u00e9galis\u00e9 en compl\u00e9tant un mouvement de 27 passes, mais le PSV occupe d\u00e9sormais la 27e place du premier tableau, en dehors des places pour les s\u00e9ries \u00e9liminatoires. <\/p>\n<p>La discipline d\u00e9fensive a souvent prouv\u00e9 sa perte : le club d&#39;Eindhoven n&#39;a gard\u00e9 qu&#39;une seule cage inviol\u00e9e lors de ses 18 derniers matches de Ligue des champions, tout en encaissant des buts \u00e0 raison de plus de deux par match au cours des 10 derniers.<\/p>\n<p>Pourtant, tr\u00e8s capable de trouver le chemin des filets, le PSV n&#39;a perdu que trois de ses 15 derniers matches de groupe ou de championnat au plus haut niveau.<\/p>\n<p><strong class=\"autotag\">Peter Bosz a r\u00e9cemment vu son \u00e9quipe marquer six buts lors de matchs cons\u00e9cutifs d&#39;Eredivisie de part et d&#39;autre de la tr\u00eave internationale, apr\u00e8s une victoire 4-0 contre le PEC Zwolle et une d\u00e9faite 2-1 samedi contre les Go Ahead Eagles.<\/p>\n<p>Cela a laiss\u00e9 les champions en titre juste derri\u00e8re leurs anciens ennemis Feyenoord en t\u00eate du classement, mais ils doivent maintenant essayer de prendre le dessus en Europe.<\/p>\n<p class=\"imgI\">\n<p>Les seules rencontres pr\u00e9c\u00e9dentes de Naples avec le PSV ont eu lieu lors de la phase de groupes de la Ligue Europa 2012-13, lorsque le club n\u00e9erlandais a gagn\u00e9 \u00e0 domicile et \u00e0 l&#39;ext\u00e9rieur sur un score global de 6-1. <\/p>\n<p>Bien entendu, l&#39;\u00e9quipe de Serie A s&#39;attendra \u00e0 de meilleurs r\u00e9sultats mardi, alors qu&#39;elle poursuit sa qu\u00eate d&#39;innovation : si le PSV a remport\u00e9 la Coupe d&#39;Europe en 1988, il n&#39;a jamais d\u00e9pass\u00e9 les huiti\u00e8mes de finale dans la plus grande comp\u00e9tition de l&#39;UEFA, alors que l&#39;entra\u00eeneur-chef <strong class=\"autotag\">Antonio Conte a un palmar\u00e8s personnel modeste. <\/p>\n<p>Contraint de se retrouver en retrait lors du match d&#39;ouverture de cette saison, apr\u00e8s que le capitaine <strong class=\"autotag\">Giovanni Di Lorenzo a \u00e9t\u00e9 licenci\u00e9 tr\u00e8s t\u00f4t, les d\u00e9tenteurs du Scudetto ont finalement perdu 2-0 contre Manchester City en n&#39;enregistrant qu&#39;un seul tir.<\/p>\n<p>Mais ils ont rebondi la derni\u00e8re fois : un attaquant rajeuni <strong class=\"autotag\">Rasmus Hojlund a r\u00e9ussi un doubl\u00e9 pour battre le Sporting 2-1 au Stadio Maradona, alors que les champions italiens et portugais s&#39;affrontaient en Campanie.<\/p>\n<p>Hojlund a ensuite marqu\u00e9 un but vainqueur en Serie A contre G\u00eanes, mais il a tir\u00e9 \u00e0 blanc ce week-end, lorsque Naples a perdu 1-0 contre Turin en difficult\u00e9.<\/p>\n<p>Cela a permis \u00e0 l&#39;Inter Milan de les rattraper avec 15 points en sept matches de championnat, juste avant la rencontre des deux premiers de la saison derni\u00e8re \u00e0 Naples.<\/p>\n<p>Avant que cette comp\u00e9tition tr\u00e8s m\u00e9diatis\u00e9e ne paralyse l&#39;Italie, les hommes de Conte se dirigent vers les Pays-Bas, o\u00f9 ils seront accabl\u00e9s par une liste d&#39;absences croissante.<\/p>\n<p class=\"bM8\">Forme de la Ligue des Champions du PSV Eindhoven\u00a0:<\/p>\n<p class=\"bM8\">LD<\/p>\n<p class=\"bM8\">Forme PSV Eindhoven (toutes comp\u00e9titions) :<\/p>\n<p class=\"bM8\">LDWDWW<\/p>\n<p class=\"bM8\">Forme de la Ligue des Champions de Naples :<\/p>\n<p class=\"bM8\">LW<\/p>\n<p class=\"bM8\">Forme Naples (toutes comp\u00e9titions) :<\/p>\n<p class=\"bM8\">LWLWWL<\/p>\n<p><\/p>\n<h2>Nouvelles de l&#39;\u00e9quipe<\/h2>\n<p class=\"imgI\">\n<p>Avec quelques probl\u00e8mes de blessures, le PSV pourrait se passer de Kilian Sildillia et d&#39;Alassane Plea en milieu de semaine, tandis que <strong class=\"autotag\">Ruben van Bommel, auteur de l&#39;unique but de la premi\u00e8re journ\u00e9e, est certainement exclu en raison d&#39;une grave blessure au genou. <\/p>\n<p>En l&#39;absence de ce dernier, Saibari est mont\u00e9 au cr\u00e9neau, puisque l&#39;international marocain a r\u00e9cemment marqu\u00e9 lors de quatre de ses cinq derniers matches en club.<\/p>\n<p>Une fois de plus, il devrait s&#39;associer \u00e0 l&#39;ailier \u00e0 feuilles persistantes Perisic et au leader polyvalent. <strong class=\"autotag\">Guus Til, qui a marqu\u00e9 les deux buts contre les Go Ahead Eagles samedi.<\/p>\n<p>Pendant ce temps, l&#39;attaque de Naples manquait d\u00e9j\u00e0 Romelu Lukaku avant que Hojlund ne subisse une blessure \u00e0 la cuisse \u00e0 l&#39;entra\u00eenement et ne soit retir\u00e9 de l&#39;\u00e9quipe pour affronter Turin.<\/p>\n<p>Hojlund a marqu\u00e9 sept buts en huit matches de Ligue des champions \u00e0 ce jour &#8211; dont trois doubl\u00e9s &#8211; mais l&#39;ancien attaquant de l&#39;Ajax <strong class=\"autotag\">Lorenzo Lucca devra peut-\u00eatre le remplacer \u00e0 Eindhoven.<\/p>\n<p>Figure p\u00e9riph\u00e9rique jusqu&#39;\u00e0 pr\u00e9sent cette saison, l&#39;ancien attaquant du PSV <strong class=\"autotag\">Noa Lang pourrait \u00e9galement y jeter un coup d&#39;oeil, car Matteo Politano n&#39;est pas encore revenu en pleine forme et MVP de Serie A de la saison derni\u00e8re <strong class=\"autotag\">Scott McTominay souffre d&#39;un probl\u00e8me \u00e0 la cheville.<\/p>\n<p>Conte est \u00e9galement priv\u00e9 du milieu de terrain cl\u00e9 Stanislav Lobotka et du pilier d\u00e9fensif Amir Rrahmani, mais le d\u00e9fenseur central italien <strong class=\"autotag\">Alessandro Buongiorno \u00e9tait de retour sur le banc face \u00e0 son ancien club.<\/p>\n<p>Composition de d\u00e9part possible du PSV Eindhoven :<\/p>\n<p>Kovar\u00a0; Dest, Obispo, Gasiorowski, Salah-Eddine\u00a0; Saibari, Schouten, Veerman\u00a0; Homme, Til, Perisic<\/p>\n<p>Naples composition de d\u00e9part possible :<\/p>\n<p>M\u00e9ret ; Di Lorenzo, Beukema, Buongiorno, Spinazzola ; Gilmour; N\u00e9r\u00e8s, Anguissa, De Bruyne, Lang ; Lucques<\/p>\n<p class=\"sm_center\">\n<h2 class=\"sm_center\">Nous disons : PSV Eindhoven 2-2 Naples<\/h2>\n<p>Le divertissement est s\u00fbrement garanti, puisque pas moins de 45 buts ont \u00e9t\u00e9 marqu\u00e9s lors des 11 derniers matches de Ligue des Champions du PSV.<\/p>\n<p>Alors que Naples est au milieu d&#39;une crise de blessures et vient de subir trois d\u00e9faites cons\u00e9cutives pour la premi\u00e8re fois en deux ans, ils pourront peut-\u00eatre s&#39;en sortir avec un point.<\/p>\n<p>Pour l\u2019analyse des donn\u00e9es des r\u00e9sultats les plus probables, des scores et plus encore pour ce match, veuillez cliquer ici.<\/p>\n<p><\/p>\n<div class=\"author_box\">\n<div class=\"author_box_banner\"> <\/div>\n<\/div>\n<h2>Aper\u00e7us par email<\/h2>\n<div>Cliquez ici pour recevoir l&#39;e-mail quotidien de Sports Mole contenant des aper\u00e7us et des pronostics pour chaque jeu majeur\u00a0!<\/div>\n<p><\/div>\n","protected":false},"excerpt":{"rendered":"<p>Sports Mole pr\u00e9sente un aper\u00e7u du choc de la Ligue des champions de mardi entre le PSV Eindhoven et Naples, y compris les pronostics, les<\/p>\n","protected":false},"author":1,"featured_media":30030,"comment_status":"closed","ping_status":"","sticky":false,"template":"","format":"standard","meta":{"footnotes":""},"categories":[4],"tags":[7,10803,383,591,9,551,382],"yoast_head":"<!-- This site is optimized with the Yoast SEO plugin v21.0 - https:\/\/yoast.com\/wordpress\/plugins\/seo\/ -->\n<title>Aper\u00e7u:PSV Eindhoven vs Naples \u2013 pronostics, actualit\u00e9s de l\u2019\u00e9quipe, compositions<\/title>\n<meta name=\"robots\" content=\"index, follow, max-snippet:-1, max-image-preview:large, max-video-preview:-1\" \/>\n<link rel=\"canonical\" href=\"https:\/\/footdavant.fr\/actualites\/apercupsv-eindhoven-vs-naples-pronostics-actualites-de-lequipe-compositions\/\" \/>\n<meta property=\"og:locale\" content=\"fr_FR\" \/>\n<meta property=\"og:type\" content=\"article\" \/>\n<meta property=\"og:title\" content=\"Aper\u00e7u:PSV Eindhoven vs Naples \u2013 pronostics, actualit\u00e9s de l\u2019\u00e9quipe, compositions\" \/>\n<meta property=\"og:description\" content=\"Sports Mole pr\u00e9sente un aper\u00e7u du choc de la Ligue des champions de mardi entre le PSV Eindhoven et Naples, y compris les pronostics, les\" \/>\n<meta property=\"og:url\" content=\"https:\/\/footdavant.fr\/actualites\/apercupsv-eindhoven-vs-naples-pronostics-actualites-de-lequipe-compositions\/\" \/>\n<meta property=\"og:site_name\" content=\"Foot d&#039;avant\" \/>\n<meta property=\"article:publisher\" content=\"https:\/\/www.facebook.com\/Footdavant\/\" \/>\n<meta property=\"article:published_time\" content=\"2025-10-19T23:48:45+00:00\" \/>\n<meta property=\"article:modified_time\" content=\"2025-10-19T23:48:46+00:00\" \/>\n<meta property=\"og:image\" content=\"https:\/\/footdavant.fr\/actualites\/wp-content\/uploads\/2025\/10\/ApercuPSV-Eindhoven-vs-Naples-\u2013-pronostics-actualites-de-lequipe-compositions.jpg\" \/>\n\t<meta property=\"og:image:width\" content=\"640\" \/>\n\t<meta property=\"og:image:height\" content=\"480\" \/>\n\t<meta property=\"og:image:type\" content=\"image\/jpeg\" \/>\n<meta name=\"author\" content=\"Cl\u00e9ment\" \/>\n<meta name=\"twitter:card\" content=\"summary_large_image\" \/>\n<meta name=\"twitter:creator\" content=\"@FootdavantFr\" \/>\n<meta name=\"twitter:site\" content=\"@FootdavantFr\" \/>\n<meta name=\"twitter:label1\" content=\"\u00c9crit par\" \/>\n\t<meta name=\"twitter:data1\" content=\"Cl\u00e9ment\" \/>\n\t<meta name=\"twitter:label2\" content=\"Dur\u00e9e de lecture estim\u00e9e\" \/>\n\t<meta name=\"twitter:data2\" content=\"6 minutes\" \/>\n<script type=\"application\/ld+json\" class=\"yoast-schema-graph\">{\"@context\":\"https:\/\/schema.org\",\"@graph\":[{\"@type\":\"Article\",\"@id\":\"https:\/\/footdavant.fr\/actualites\/apercupsv-eindhoven-vs-naples-pronostics-actualites-de-lequipe-compositions\/#article\",\"isPartOf\":{\"@id\":\"https:\/\/footdavant.fr\/actualites\/apercupsv-eindhoven-vs-naples-pronostics-actualites-de-lequipe-compositions\/\"},\"author\":{\"name\":\"Cl\u00e9ment\",\"@id\":\"https:\/\/footdavant.fr\/actualites\/#\/schema\/person\/bc222566d95871b37e597b3ed3ba5e1d\"},\"headline\":\"Aper\u00e7u:PSV Eindhoven vs Naples \u2013 pronostics, actualit\u00e9s de l\u2019\u00e9quipe, compositions\",\"datePublished\":\"2025-10-19T23:48:45+00:00\",\"dateModified\":\"2025-10-19T23:48:46+00:00\",\"mainEntityOfPage\":{\"@id\":\"https:\/\/footdavant.fr\/actualites\/apercupsv-eindhoven-vs-naples-pronostics-actualites-de-lequipe-compositions\/\"},\"wordCount\":1154,\"publisher\":{\"@id\":\"https:\/\/footdavant.fr\/actualites\/#organization\"},\"keywords\":[\"Actualit\u00e9s\",\"Aper\u00e7uPSV\",\"compositions\",\"Eindhoven\",\"l\u00e9quipe\",\"Naples\",\"pronostics\"],\"articleSection\":[\"Champions League\"],\"inLanguage\":\"fr-FR\"},{\"@type\":\"WebPage\",\"@id\":\"https:\/\/footdavant.fr\/actualites\/apercupsv-eindhoven-vs-naples-pronostics-actualites-de-lequipe-compositions\/\",\"url\":\"https:\/\/footdavant.fr\/actualites\/apercupsv-eindhoven-vs-naples-pronostics-actualites-de-lequipe-compositions\/\",\"name\":\"Aper\u00e7u:PSV Eindhoven vs Naples \u2013 pronostics, actualit\u00e9s de l\u2019\u00e9quipe, compositions\",\"isPartOf\":{\"@id\":\"https:\/\/footdavant.fr\/actualites\/#website\"},\"datePublished\":\"2025-10-19T23:48:45+00:00\",\"dateModified\":\"2025-10-19T23:48:46+00:00\",\"breadcrumb\":{\"@id\":\"https:\/\/footdavant.fr\/actualites\/apercupsv-eindhoven-vs-naples-pronostics-actualites-de-lequipe-compositions\/#breadcrumb\"},\"inLanguage\":\"fr-FR\",\"potentialAction\":[{\"@type\":\"ReadAction\",\"target\":[\"https:\/\/footdavant.fr\/actualites\/apercupsv-eindhoven-vs-naples-pronostics-actualites-de-lequipe-compositions\/\"]}]},{\"@type\":\"BreadcrumbList\",\"@id\":\"https:\/\/footdavant.fr\/actualites\/apercupsv-eindhoven-vs-naples-pronostics-actualites-de-lequipe-compositions\/#breadcrumb\",\"itemListElement\":[{\"@type\":\"ListItem\",\"position\":1,\"name\":\"Accueil\",\"item\":\"https:\/\/footdavant.fr\/actualites\/\"},{\"@type\":\"ListItem\",\"position\":2,\"name\":\"Aper\u00e7u:PSV Eindhoven vs Naples \u2013 pronostics, actualit\u00e9s de l\u2019\u00e9quipe, compositions\"}]},{\"@type\":\"WebSite\",\"@id\":\"https:\/\/footdavant.fr\/actualites\/#website\",\"url\":\"https:\/\/footdavant.fr\/actualites\/\",\"name\":\"Foot d'avant\",\"description\":\"\",\"publisher\":{\"@id\":\"https:\/\/footdavant.fr\/actualites\/#organization\"},\"potentialAction\":[{\"@type\":\"SearchAction\",\"target\":{\"@type\":\"EntryPoint\",\"urlTemplate\":\"https:\/\/footdavant.fr\/actualites\/?s={search_term_string}\"},\"query-input\":\"required name=search_term_string\"}],\"inLanguage\":\"fr-FR\"},{\"@type\":\"Organization\",\"@id\":\"https:\/\/footdavant.fr\/actualites\/#organization\",\"name\":\"Foot d'avant\",\"url\":\"https:\/\/footdavant.fr\/actualites\/\",\"logo\":{\"@type\":\"ImageObject\",\"inLanguage\":\"fr-FR\",\"@id\":\"https:\/\/footdavant.fr\/actualites\/#\/schema\/logo\/image\/\",\"url\":\"https:\/\/footdavant.fr\/actualites\/wp-content\/uploads\/2023\/09\/Copy-of-FootDavant-Logo.png\",\"contentUrl\":\"https:\/\/footdavant.fr\/actualites\/wp-content\/uploads\/2023\/09\/Copy-of-FootDavant-Logo.png\",\"width\":936,\"height\":549,\"caption\":\"Foot d'avant\"},\"image\":{\"@id\":\"https:\/\/footdavant.fr\/actualites\/#\/schema\/logo\/image\/\"},\"sameAs\":[\"https:\/\/www.facebook.com\/Footdavant\/\",\"https:\/\/twitter.com\/FootdavantFr\",\"https:\/\/www.instagram.com\/footdavant.fr\/\"]},{\"@type\":\"Person\",\"@id\":\"https:\/\/footdavant.fr\/actualites\/#\/schema\/person\/bc222566d95871b37e597b3ed3ba5e1d\",\"name\":\"Cl\u00e9ment\",\"image\":{\"@type\":\"ImageObject\",\"inLanguage\":\"fr-FR\",\"@id\":\"https:\/\/footdavant.fr\/actualites\/#\/schema\/person\/image\/\",\"url\":\"https:\/\/secure.gravatar.com\/avatar\/7728b29aac2719421e1a9159b2254c44?s=96&d=mm&r=g\",\"contentUrl\":\"https:\/\/secure.gravatar.com\/avatar\/7728b29aac2719421e1a9159b2254c44?s=96&d=mm&r=g\",\"caption\":\"Cl\u00e9ment\"},\"sameAs\":[\"https:\/\/footdavant.fr\/\"]}]}<\/script>\n<!-- \/ Yoast SEO plugin. -->","yoast_head_json":{"title":"Aper\u00e7u:PSV Eindhoven vs Naples \u2013 pronostics, actualit\u00e9s de l\u2019\u00e9quipe, compositions","robots":{"index":"index","follow":"follow","max-snippet":"max-snippet:-1","max-image-preview":"max-image-preview:large","max-video-preview":"max-video-preview:-1"},"canonical":"https:\/\/footdavant.fr\/actualites\/apercupsv-eindhoven-vs-naples-pronostics-actualites-de-lequipe-compositions\/","og_locale":"fr_FR","og_type":"article","og_title":"Aper\u00e7u:PSV Eindhoven vs Naples \u2013 pronostics, actualit\u00e9s de l\u2019\u00e9quipe, compositions","og_description":"Sports Mole pr\u00e9sente un aper\u00e7u du choc de la Ligue des champions de mardi entre le PSV Eindhoven et Naples, y compris les pronostics, les","og_url":"https:\/\/footdavant.fr\/actualites\/apercupsv-eindhoven-vs-naples-pronostics-actualites-de-lequipe-compositions\/","og_site_name":"Foot d&#039;avant","article_publisher":"https:\/\/www.facebook.com\/Footdavant\/","article_published_time":"2025-10-19T23:48:45+00:00","article_modified_time":"2025-10-19T23:48:46+00:00","og_image":[{"width":640,"height":480,"url":"https:\/\/footdavant.fr\/actualites\/wp-content\/uploads\/2025\/10\/ApercuPSV-Eindhoven-vs-Naples-\u2013-pronostics-actualites-de-lequipe-compositions.jpg","type":"image\/jpeg"}],"author":"Cl\u00e9ment","twitter_card":"summary_large_image","twitter_creator":"@FootdavantFr","twitter_site":"@FootdavantFr","twitter_misc":{"\u00c9crit par":"Cl\u00e9ment","Dur\u00e9e de lecture estim\u00e9e":"6 minutes"},"schema":{"@context":"https:\/\/schema.org","@graph":[{"@type":"Article","@id":"https:\/\/footdavant.fr\/actualites\/apercupsv-eindhoven-vs-naples-pronostics-actualites-de-lequipe-compositions\/#article","isPartOf":{"@id":"https:\/\/footdavant.fr\/actualites\/apercupsv-eindhoven-vs-naples-pronostics-actualites-de-lequipe-compositions\/"},"author":{"name":"Cl\u00e9ment","@id":"https:\/\/footdavant.fr\/actualites\/#\/schema\/person\/bc222566d95871b37e597b3ed3ba5e1d"},"headline":"Aper\u00e7u:PSV Eindhoven vs Naples \u2013 pronostics, actualit\u00e9s de l\u2019\u00e9quipe, compositions","datePublished":"2025-10-19T23:48:45+00:00","dateModified":"2025-10-19T23:48:46+00:00","mainEntityOfPage":{"@id":"https:\/\/footdavant.fr\/actualites\/apercupsv-eindhoven-vs-naples-pronostics-actualites-de-lequipe-compositions\/"},"wordCount":1154,"publisher":{"@id":"https:\/\/footdavant.fr\/actualites\/#organization"},"keywords":["Actualit\u00e9s","Aper\u00e7uPSV","compositions","Eindhoven","l\u00e9quipe","Naples","pronostics"],"articleSection":["Champions League"],"inLanguage":"fr-FR"},{"@type":"WebPage","@id":"https:\/\/footdavant.fr\/actualites\/apercupsv-eindhoven-vs-naples-pronostics-actualites-de-lequipe-compositions\/","url":"https:\/\/footdavant.fr\/actualites\/apercupsv-eindhoven-vs-naples-pronostics-actualites-de-lequipe-compositions\/","name":"Aper\u00e7u:PSV Eindhoven vs Naples \u2013 pronostics, actualit\u00e9s de l\u2019\u00e9quipe, compositions","isPartOf":{"@id":"https:\/\/footdavant.fr\/actualites\/#website"},"datePublished":"2025-10-19T23:48:45+00:00","dateModified":"2025-10-19T23:48:46+00:00","breadcrumb":{"@id":"https:\/\/footdavant.fr\/actualites\/apercupsv-eindhoven-vs-naples-pronostics-actualites-de-lequipe-compositions\/#breadcrumb"},"inLanguage":"fr-FR","potentialAction":[{"@type":"ReadAction","target":["https:\/\/footdavant.fr\/actualites\/apercupsv-eindhoven-vs-naples-pronostics-actualites-de-lequipe-compositions\/"]}]},{"@type":"BreadcrumbList","@id":"https:\/\/footdavant.fr\/actualites\/apercupsv-eindhoven-vs-naples-pronostics-actualites-de-lequipe-compositions\/#breadcrumb","itemListElement":[{"@type":"ListItem","position":1,"name":"Accueil","item":"https:\/\/footdavant.fr\/actualites\/"},{"@type":"ListItem","position":2,"name":"Aper\u00e7u:PSV Eindhoven vs Naples \u2013 pronostics, actualit\u00e9s de l\u2019\u00e9quipe, compositions"}]},{"@type":"WebSite","@id":"https:\/\/footdavant.fr\/actualites\/#website","url":"https:\/\/footdavant.fr\/actualites\/","name":"Foot d'avant","description":"","publisher":{"@id":"https:\/\/footdavant.fr\/actualites\/#organization"},"potentialAction":[{"@type":"SearchAction","target":{"@type":"EntryPoint","urlTemplate":"https:\/\/footdavant.fr\/actualites\/?s={search_term_string}"},"query-input":"required name=search_term_string"}],"inLanguage":"fr-FR"},{"@type":"Organization","@id":"https:\/\/footdavant.fr\/actualites\/#organization","name":"Foot d'avant","url":"https:\/\/footdavant.fr\/actualites\/","logo":{"@type":"ImageObject","inLanguage":"fr-FR","@id":"https:\/\/footdavant.fr\/actualites\/#\/schema\/logo\/image\/","url":"https:\/\/footdavant.fr\/actualites\/wp-content\/uploads\/2023\/09\/Copy-of-FootDavant-Logo.png","contentUrl":"https:\/\/footdavant.fr\/actualites\/wp-content\/uploads\/2023\/09\/Copy-of-FootDavant-Logo.png","width":936,"height":549,"caption":"Foot d'avant"},"image":{"@id":"https:\/\/footdavant.fr\/actualites\/#\/schema\/logo\/image\/"},"sameAs":["https:\/\/www.facebook.com\/Footdavant\/","https:\/\/twitter.com\/FootdavantFr","https:\/\/www.instagram.com\/footdavant.fr\/"]},{"@type":"Person","@id":"https:\/\/footdavant.fr\/actualites\/#\/schema\/person\/bc222566d95871b37e597b3ed3ba5e1d","name":"Cl\u00e9ment","image":{"@type":"ImageObject","inLanguage":"fr-FR","@id":"https:\/\/footdavant.fr\/actualites\/#\/schema\/person\/image\/","url":"https:\/\/secure.gravatar.com\/avatar\/7728b29aac2719421e1a9159b2254c44?s=96&d=mm&r=g","contentUrl":"https:\/\/secure.gravatar.com\/avatar\/7728b29aac2719421e1a9159b2254c44?s=96&d=mm&r=g","caption":"Cl\u00e9ment"},"sameAs":["https:\/\/footdavant.fr\/"]}]}},"_links":{"self":[{"href":"https:\/\/footdavant.fr\/actualites\/wp-json\/wp\/v2\/posts\/30029"}],"collection":[{"href":"https:\/\/footdavant.fr\/actualites\/wp-json\/wp\/v2\/posts"}],"about":[{"href":"https:\/\/footdavant.fr\/actualites\/wp-json\/wp\/v2\/types\/post"}],"author":[{"embeddable":true,"href":"https:\/\/footdavant.fr\/actualites\/wp-json\/wp\/v2\/users\/1"}],"replies":[{"embeddable":true,"href":"https:\/\/footdavant.fr\/actualites\/wp-json\/wp\/v2\/comments?post=30029"}],"version-history":[{"count":1,"href":"https:\/\/footdavant.fr\/actualites\/wp-json\/wp\/v2\/posts\/30029\/revisions"}],"predecessor-version":[{"id":30031,"href":"https:\/\/footdavant.fr\/actualites\/wp-json\/wp\/v2\/posts\/30029\/revisions\/30031"}],"wp:featuredmedia":[{"embeddable":true,"href":"https:\/\/footdavant.fr\/actualites\/wp-json\/wp\/v2\/media\/30030"}],"wp:attachment":[{"href":"https:\/\/footdavant.fr\/actualites\/wp-json\/wp\/v2\/media?parent=30029"}],"wp:term":[{"taxonomy":"category","embeddable":true,"href":"https:\/\/footdavant.fr\/actualites\/wp-json\/wp\/v2\/categories?post=30029"},{"taxonomy":"post_tag","embeddable":true,"href":"https:\/\/footdavant.fr\/actualites\/wp-json\/wp\/v2\/tags?post=30029"}],"curies":[{"name":"wp","href":"https:\/\/api.w.org\/{rel}","templated":true}]}}