{"id":30052,"date":"2025-10-20T12:48:10","date_gmt":"2025-10-20T10:48:10","guid":{"rendered":"https:\/\/footdavant.fr\/actualites\/oliver-a-justifie-de-continuer-a-jouer-malgre-la-blessure-a-la-tete-de-mac-allister\/"},"modified":"2025-10-20T12:48:14","modified_gmt":"2025-10-20T10:48:14","slug":"oliver-a-justifie-de-continuer-a-jouer-malgre-la-blessure-a-la-tete-de-mac-allister","status":"publish","type":"post","link":"https:\/\/footdavant.fr\/actualites\/oliver-a-justifie-de-continuer-a-jouer-malgre-la-blessure-a-la-tete-de-mac-allister\/","title":{"rendered":"Oliver a justifi\u00e9 de continuer \u00e0 jouer malgr\u00e9 la blessure \u00e0 la t\u00eate de Mac Allister"},"content":{"rendered":"<div id=\"article-body\">\n<!-- Article Start --><\/p>\n<p>Dermot Gallagher a eu son mot \u00e0 dire sur un incident controvers\u00e9 survenu lors de la d\u00e9faite de Liverpool \u00e0 Anfield dimanche.<\/p>\n<p>Il a fallu un peu plus de 60 secondes \u00e0 Bryan Mbeumo pour tirer Manchester United devant hier, bien que Michael Oliver ait laiss\u00e9 le jeu continuer malgr\u00e9 Alexis Mac Allister allong\u00e9 sur le ventre apr\u00e8s avoir subi une blessure \u00e0 la t\u00eate lors d&#39;une collision accidentelle avec Virgil van Dijk.<\/p>\n<p>Malgr\u00e9 les directives de la Premier League stipulant que les arbitres doivent arr\u00eater le jeu d\u00e8s qu&#39;un traumatisme cr\u00e2nien suspect est d\u00e9tect\u00e9, afin que le personnel m\u00e9dical puisse entrer sur le terrain pour soigner le joueur bless\u00e9, l&#39;arbitre du match a n\u00e9glig\u00e9 cette t\u00e2che en L4, et cela a eu des cons\u00e9quences importantes.<\/p>\n<h2>Qu\u2019a dit Gallagher \u00e0 propos de cet incident controvers\u00e9 ?<\/h2>\n<p>Gallagher a fait son apparition habituelle sur Sky Sports News lundi matin, et il a affirm\u00e9 qu&#39;Oliver \u00e9tait justifi\u00e9 de continuer \u00e0 jouer car aucune faute n&#39;avait \u00e9t\u00e9 commise et le jeu avait progress\u00e9 tr\u00e8s rapidement.<\/p>\n<p>L\u2019ancien responsable de l\u2019\u00e9lite a d\u00e9clar\u00e9 : <\/p>\n<\/p>\n<figure id=\"attachment_279456\" aria-describedby=\"caption-attachment-279456\" style=\"width: 713px\" class=\"wp-caption alignnone\"><picture><source type=\"image\/webp\" data- data-><\/source><\/picture><\/figure>\n<h2>Liverpool aurait d\u00fb mieux d\u00e9fendre mais Oliver a n\u00e9glig\u00e9 son devoir<\/h2>\n<p>C&#39;est tout \u00e0 l&#39;honneur d&#39;Arne Slot qu&#39;il a choisi de ne pas faire toute une histoire de cet incident dans ses fonctions m\u00e9diatiques d&#39;apr\u00e8s-match, insistant plut\u00f4t sur le fait que Liverpool \u00ab\u00a0aurait d\u00fb faire mieux\u00a0\u00bb en essayant d&#39;emp\u00eacher que le but soit marqu\u00e9 (liverpoolfc.com).<\/p>\n<p>La d\u00e9fense des Reds dans ce passage de jeu \u00e9tait en effet discutable (Van Dijk \u00e9tant appel\u00e9 pour sa performance globale de la journ\u00e9e), mais cela n&#39;exon\u00e8re pas Oliver de sa culpabilit\u00e9 pour avoir n\u00e9glig\u00e9 d&#39;intervenir lorsque Mac Allister \u00e9tait bless\u00e9 \u00e0 la t\u00eate.<\/p>\n<p>Nous n&#39;avons pas les affirmations de Gallagher selon lesquelles l&#39;arbitre n&#39;a pas pu arr\u00eater le jeu en raison de la rapidit\u00e9 avec laquelle le but a \u00e9t\u00e9 marqu\u00e9. Le responsable a clairement vu l&#39;Argentin frapp\u00e9 se tenir la t\u00eate et a \u00e9galement vu comment la collision s&#39;est produite, mais inexplicablement, il n&#39;a pas explos\u00e9 pour permettre le traitement.<\/p>\n<p>Slot a raison de dire que Liverpool n&#39;a pas fait assez pour emp\u00eacher Mbeumo de marquer, et les Reds avaient encore presque tout le match pour renverser la situation, mais ont rat\u00e9 de nombreuses occasions dor\u00e9es en tombant dans la d\u00e9faite.<\/p>\n<p>Cependant, cela ne donne pas \u00e0 Oliver un laissez-passer gratuit pour son co\u00fbteux moment de n\u00e9gligence lors de la premi\u00e8re minute \u00e0 Anfield. Les arbitres sont cens\u00e9s avoir un devoir de diligence envers les joueurs ; lors de cet incident, l&#39;un des responsables les plus \u00e9minents du pays n&#39;a pas fait son travail. Malheureusement, l\u2019\u00e9quipe locale non plus dans ce qui a suivi.<\/p>\n<\/p>\n<p><span class=\"embed-youtube\" style=\"text-align:center; display: block;\"><\/span><\/p>\n<p><!-- Article End -->\t\t\t\t<\/div>\n","protected":false},"excerpt":{"rendered":"<p>Dermot Gallagher a eu son mot \u00e0 dire sur un incident controvers\u00e9 survenu lors de la d\u00e9faite de Liverpool \u00e0 Anfield dimanche. Il a fallu<\/p>\n","protected":false},"author":1,"featured_media":30053,"comment_status":"closed","ping_status":"","sticky":false,"template":"","format":"standard","meta":{"footnotes":""},"categories":[3],"tags":[84,15,4010,129,6802,83,2520,3829,568],"yoast_head":"<!-- This site is optimized with the Yoast SEO plugin v21.0 - https:\/\/yoast.com\/wordpress\/plugins\/seo\/ -->\n<title>Oliver a justifi\u00e9 de continuer \u00e0 jouer malgr\u00e9 la blessure \u00e0 la t\u00eate de Mac Allister<\/title>\n<meta name=\"robots\" content=\"index, follow, max-snippet:-1, max-image-preview:large, max-video-preview:-1\" \/>\n<link rel=\"canonical\" href=\"https:\/\/footdavant.fr\/actualites\/oliver-a-justifie-de-continuer-a-jouer-malgre-la-blessure-a-la-tete-de-mac-allister\/\" \/>\n<meta property=\"og:locale\" content=\"fr_FR\" \/>\n<meta property=\"og:type\" content=\"article\" \/>\n<meta property=\"og:title\" content=\"Oliver a justifi\u00e9 de continuer \u00e0 jouer malgr\u00e9 la blessure \u00e0 la t\u00eate de Mac Allister\" \/>\n<meta property=\"og:description\" content=\"Dermot Gallagher a eu son mot \u00e0 dire sur un incident controvers\u00e9 survenu lors de la d\u00e9faite de Liverpool \u00e0 Anfield dimanche. Il a fallu\" \/>\n<meta property=\"og:url\" content=\"https:\/\/footdavant.fr\/actualites\/oliver-a-justifie-de-continuer-a-jouer-malgre-la-blessure-a-la-tete-de-mac-allister\/\" \/>\n<meta property=\"og:site_name\" content=\"Foot d&#039;avant\" \/>\n<meta property=\"article:publisher\" content=\"https:\/\/www.facebook.com\/Footdavant\/\" \/>\n<meta property=\"article:published_time\" content=\"2025-10-20T10:48:10+00:00\" \/>\n<meta property=\"article:modified_time\" content=\"2025-10-20T10:48:14+00:00\" \/>\n<meta property=\"og:image\" content=\"https:\/\/footdavant.fr\/actualites\/wp-content\/uploads\/2025\/10\/1760957292_Oliver-a-justifie-de-continuer-a-jouer-malgre-la-blessure.jpg\" \/>\n\t<meta property=\"og:image:width\" content=\"1567\" \/>\n\t<meta property=\"og:image:height\" content=\"909\" \/>\n\t<meta property=\"og:image:type\" content=\"image\/jpeg\" \/>\n<meta name=\"author\" content=\"Cl\u00e9ment\" \/>\n<meta name=\"twitter:card\" content=\"summary_large_image\" \/>\n<meta name=\"twitter:creator\" content=\"@FootdavantFr\" \/>\n<meta name=\"twitter:site\" content=\"@FootdavantFr\" \/>\n<meta name=\"twitter:label1\" content=\"\u00c9crit par\" \/>\n\t<meta name=\"twitter:data1\" content=\"Cl\u00e9ment\" \/>\n\t<meta name=\"twitter:label2\" content=\"Dur\u00e9e de lecture estim\u00e9e\" \/>\n\t<meta name=\"twitter:data2\" content=\"2 minutes\" \/>\n<script type=\"application\/ld+json\" class=\"yoast-schema-graph\">{\"@context\":\"https:\/\/schema.org\",\"@graph\":[{\"@type\":\"Article\",\"@id\":\"https:\/\/footdavant.fr\/actualites\/oliver-a-justifie-de-continuer-a-jouer-malgre-la-blessure-a-la-tete-de-mac-allister\/#article\",\"isPartOf\":{\"@id\":\"https:\/\/footdavant.fr\/actualites\/oliver-a-justifie-de-continuer-a-jouer-malgre-la-blessure-a-la-tete-de-mac-allister\/\"},\"author\":{\"name\":\"Cl\u00e9ment\",\"@id\":\"https:\/\/footdavant.fr\/actualites\/#\/schema\/person\/bc222566d95871b37e597b3ed3ba5e1d\"},\"headline\":\"Oliver a justifi\u00e9 de continuer \u00e0 jouer malgr\u00e9 la blessure \u00e0 la t\u00eate de Mac Allister\",\"datePublished\":\"2025-10-20T10:48:10+00:00\",\"dateModified\":\"2025-10-20T10:48:14+00:00\",\"mainEntityOfPage\":{\"@id\":\"https:\/\/footdavant.fr\/actualites\/oliver-a-justifie-de-continuer-a-jouer-malgre-la-blessure-a-la-tete-de-mac-allister\/\"},\"wordCount\":501,\"publisher\":{\"@id\":\"https:\/\/footdavant.fr\/actualites\/#organization\"},\"keywords\":[\"Allister\",\"Blessure\",\"continuer\",\"jouer\",\"justifie\",\"Mac\",\"malgr\u00e9\",\"Oliver\",\"t\u00eate\"],\"articleSection\":[\"Football\"],\"inLanguage\":\"fr-FR\"},{\"@type\":\"WebPage\",\"@id\":\"https:\/\/footdavant.fr\/actualites\/oliver-a-justifie-de-continuer-a-jouer-malgre-la-blessure-a-la-tete-de-mac-allister\/\",\"url\":\"https:\/\/footdavant.fr\/actualites\/oliver-a-justifie-de-continuer-a-jouer-malgre-la-blessure-a-la-tete-de-mac-allister\/\",\"name\":\"Oliver a justifi\u00e9 de continuer \u00e0 jouer malgr\u00e9 la blessure \u00e0 la t\u00eate de Mac Allister\",\"isPartOf\":{\"@id\":\"https:\/\/footdavant.fr\/actualites\/#website\"},\"datePublished\":\"2025-10-20T10:48:10+00:00\",\"dateModified\":\"2025-10-20T10:48:14+00:00\",\"breadcrumb\":{\"@id\":\"https:\/\/footdavant.fr\/actualites\/oliver-a-justifie-de-continuer-a-jouer-malgre-la-blessure-a-la-tete-de-mac-allister\/#breadcrumb\"},\"inLanguage\":\"fr-FR\",\"potentialAction\":[{\"@type\":\"ReadAction\",\"target\":[\"https:\/\/footdavant.fr\/actualites\/oliver-a-justifie-de-continuer-a-jouer-malgre-la-blessure-a-la-tete-de-mac-allister\/\"]}]},{\"@type\":\"BreadcrumbList\",\"@id\":\"https:\/\/footdavant.fr\/actualites\/oliver-a-justifie-de-continuer-a-jouer-malgre-la-blessure-a-la-tete-de-mac-allister\/#breadcrumb\",\"itemListElement\":[{\"@type\":\"ListItem\",\"position\":1,\"name\":\"Accueil\",\"item\":\"https:\/\/footdavant.fr\/actualites\/\"},{\"@type\":\"ListItem\",\"position\":2,\"name\":\"Oliver a justifi\u00e9 de continuer \u00e0 jouer malgr\u00e9 la blessure \u00e0 la t\u00eate de Mac Allister\"}]},{\"@type\":\"WebSite\",\"@id\":\"https:\/\/footdavant.fr\/actualites\/#website\",\"url\":\"https:\/\/footdavant.fr\/actualites\/\",\"name\":\"Foot d'avant\",\"description\":\"\",\"publisher\":{\"@id\":\"https:\/\/footdavant.fr\/actualites\/#organization\"},\"potentialAction\":[{\"@type\":\"SearchAction\",\"target\":{\"@type\":\"EntryPoint\",\"urlTemplate\":\"https:\/\/footdavant.fr\/actualites\/?s={search_term_string}\"},\"query-input\":\"required name=search_term_string\"}],\"inLanguage\":\"fr-FR\"},{\"@type\":\"Organization\",\"@id\":\"https:\/\/footdavant.fr\/actualites\/#organization\",\"name\":\"Foot d'avant\",\"url\":\"https:\/\/footdavant.fr\/actualites\/\",\"logo\":{\"@type\":\"ImageObject\",\"inLanguage\":\"fr-FR\",\"@id\":\"https:\/\/footdavant.fr\/actualites\/#\/schema\/logo\/image\/\",\"url\":\"https:\/\/footdavant.fr\/actualites\/wp-content\/uploads\/2023\/09\/Copy-of-FootDavant-Logo.png\",\"contentUrl\":\"https:\/\/footdavant.fr\/actualites\/wp-content\/uploads\/2023\/09\/Copy-of-FootDavant-Logo.png\",\"width\":936,\"height\":549,\"caption\":\"Foot d'avant\"},\"image\":{\"@id\":\"https:\/\/footdavant.fr\/actualites\/#\/schema\/logo\/image\/\"},\"sameAs\":[\"https:\/\/www.facebook.com\/Footdavant\/\",\"https:\/\/twitter.com\/FootdavantFr\",\"https:\/\/www.instagram.com\/footdavant.fr\/\"]},{\"@type\":\"Person\",\"@id\":\"https:\/\/footdavant.fr\/actualites\/#\/schema\/person\/bc222566d95871b37e597b3ed3ba5e1d\",\"name\":\"Cl\u00e9ment\",\"image\":{\"@type\":\"ImageObject\",\"inLanguage\":\"fr-FR\",\"@id\":\"https:\/\/footdavant.fr\/actualites\/#\/schema\/person\/image\/\",\"url\":\"https:\/\/secure.gravatar.com\/avatar\/7728b29aac2719421e1a9159b2254c44?s=96&d=mm&r=g\",\"contentUrl\":\"https:\/\/secure.gravatar.com\/avatar\/7728b29aac2719421e1a9159b2254c44?s=96&d=mm&r=g\",\"caption\":\"Cl\u00e9ment\"},\"sameAs\":[\"https:\/\/footdavant.fr\/\"]}]}<\/script>\n<!-- \/ Yoast SEO plugin. -->","yoast_head_json":{"title":"Oliver a justifi\u00e9 de continuer \u00e0 jouer malgr\u00e9 la blessure \u00e0 la t\u00eate de Mac Allister","robots":{"index":"index","follow":"follow","max-snippet":"max-snippet:-1","max-image-preview":"max-image-preview:large","max-video-preview":"max-video-preview:-1"},"canonical":"https:\/\/footdavant.fr\/actualites\/oliver-a-justifie-de-continuer-a-jouer-malgre-la-blessure-a-la-tete-de-mac-allister\/","og_locale":"fr_FR","og_type":"article","og_title":"Oliver a justifi\u00e9 de continuer \u00e0 jouer malgr\u00e9 la blessure \u00e0 la t\u00eate de Mac Allister","og_description":"Dermot Gallagher a eu son mot \u00e0 dire sur un incident controvers\u00e9 survenu lors de la d\u00e9faite de Liverpool \u00e0 Anfield dimanche. Il a fallu","og_url":"https:\/\/footdavant.fr\/actualites\/oliver-a-justifie-de-continuer-a-jouer-malgre-la-blessure-a-la-tete-de-mac-allister\/","og_site_name":"Foot d&#039;avant","article_publisher":"https:\/\/www.facebook.com\/Footdavant\/","article_published_time":"2025-10-20T10:48:10+00:00","article_modified_time":"2025-10-20T10:48:14+00:00","og_image":[{"width":1567,"height":909,"url":"https:\/\/footdavant.fr\/actualites\/wp-content\/uploads\/2025\/10\/1760957292_Oliver-a-justifie-de-continuer-a-jouer-malgre-la-blessure.jpg","type":"image\/jpeg"}],"author":"Cl\u00e9ment","twitter_card":"summary_large_image","twitter_creator":"@FootdavantFr","twitter_site":"@FootdavantFr","twitter_misc":{"\u00c9crit par":"Cl\u00e9ment","Dur\u00e9e de lecture estim\u00e9e":"2 minutes"},"schema":{"@context":"https:\/\/schema.org","@graph":[{"@type":"Article","@id":"https:\/\/footdavant.fr\/actualites\/oliver-a-justifie-de-continuer-a-jouer-malgre-la-blessure-a-la-tete-de-mac-allister\/#article","isPartOf":{"@id":"https:\/\/footdavant.fr\/actualites\/oliver-a-justifie-de-continuer-a-jouer-malgre-la-blessure-a-la-tete-de-mac-allister\/"},"author":{"name":"Cl\u00e9ment","@id":"https:\/\/footdavant.fr\/actualites\/#\/schema\/person\/bc222566d95871b37e597b3ed3ba5e1d"},"headline":"Oliver a justifi\u00e9 de continuer \u00e0 jouer malgr\u00e9 la blessure \u00e0 la t\u00eate de Mac Allister","datePublished":"2025-10-20T10:48:10+00:00","dateModified":"2025-10-20T10:48:14+00:00","mainEntityOfPage":{"@id":"https:\/\/footdavant.fr\/actualites\/oliver-a-justifie-de-continuer-a-jouer-malgre-la-blessure-a-la-tete-de-mac-allister\/"},"wordCount":501,"publisher":{"@id":"https:\/\/footdavant.fr\/actualites\/#organization"},"keywords":["Allister","Blessure","continuer","jouer","justifie","Mac","malgr\u00e9","Oliver","t\u00eate"],"articleSection":["Football"],"inLanguage":"fr-FR"},{"@type":"WebPage","@id":"https:\/\/footdavant.fr\/actualites\/oliver-a-justifie-de-continuer-a-jouer-malgre-la-blessure-a-la-tete-de-mac-allister\/","url":"https:\/\/footdavant.fr\/actualites\/oliver-a-justifie-de-continuer-a-jouer-malgre-la-blessure-a-la-tete-de-mac-allister\/","name":"Oliver a justifi\u00e9 de continuer \u00e0 jouer malgr\u00e9 la blessure \u00e0 la t\u00eate de Mac Allister","isPartOf":{"@id":"https:\/\/footdavant.fr\/actualites\/#website"},"datePublished":"2025-10-20T10:48:10+00:00","dateModified":"2025-10-20T10:48:14+00:00","breadcrumb":{"@id":"https:\/\/footdavant.fr\/actualites\/oliver-a-justifie-de-continuer-a-jouer-malgre-la-blessure-a-la-tete-de-mac-allister\/#breadcrumb"},"inLanguage":"fr-FR","potentialAction":[{"@type":"ReadAction","target":["https:\/\/footdavant.fr\/actualites\/oliver-a-justifie-de-continuer-a-jouer-malgre-la-blessure-a-la-tete-de-mac-allister\/"]}]},{"@type":"BreadcrumbList","@id":"https:\/\/footdavant.fr\/actualites\/oliver-a-justifie-de-continuer-a-jouer-malgre-la-blessure-a-la-tete-de-mac-allister\/#breadcrumb","itemListElement":[{"@type":"ListItem","position":1,"name":"Accueil","item":"https:\/\/footdavant.fr\/actualites\/"},{"@type":"ListItem","position":2,"name":"Oliver a justifi\u00e9 de continuer \u00e0 jouer malgr\u00e9 la blessure \u00e0 la t\u00eate de Mac Allister"}]},{"@type":"WebSite","@id":"https:\/\/footdavant.fr\/actualites\/#website","url":"https:\/\/footdavant.fr\/actualites\/","name":"Foot d'avant","description":"","publisher":{"@id":"https:\/\/footdavant.fr\/actualites\/#organization"},"potentialAction":[{"@type":"SearchAction","target":{"@type":"EntryPoint","urlTemplate":"https:\/\/footdavant.fr\/actualites\/?s={search_term_string}"},"query-input":"required name=search_term_string"}],"inLanguage":"fr-FR"},{"@type":"Organization","@id":"https:\/\/footdavant.fr\/actualites\/#organization","name":"Foot d'avant","url":"https:\/\/footdavant.fr\/actualites\/","logo":{"@type":"ImageObject","inLanguage":"fr-FR","@id":"https:\/\/footdavant.fr\/actualites\/#\/schema\/logo\/image\/","url":"https:\/\/footdavant.fr\/actualites\/wp-content\/uploads\/2023\/09\/Copy-of-FootDavant-Logo.png","contentUrl":"https:\/\/footdavant.fr\/actualites\/wp-content\/uploads\/2023\/09\/Copy-of-FootDavant-Logo.png","width":936,"height":549,"caption":"Foot d'avant"},"image":{"@id":"https:\/\/footdavant.fr\/actualites\/#\/schema\/logo\/image\/"},"sameAs":["https:\/\/www.facebook.com\/Footdavant\/","https:\/\/twitter.com\/FootdavantFr","https:\/\/www.instagram.com\/footdavant.fr\/"]},{"@type":"Person","@id":"https:\/\/footdavant.fr\/actualites\/#\/schema\/person\/bc222566d95871b37e597b3ed3ba5e1d","name":"Cl\u00e9ment","image":{"@type":"ImageObject","inLanguage":"fr-FR","@id":"https:\/\/footdavant.fr\/actualites\/#\/schema\/person\/image\/","url":"https:\/\/secure.gravatar.com\/avatar\/7728b29aac2719421e1a9159b2254c44?s=96&d=mm&r=g","contentUrl":"https:\/\/secure.gravatar.com\/avatar\/7728b29aac2719421e1a9159b2254c44?s=96&d=mm&r=g","caption":"Cl\u00e9ment"},"sameAs":["https:\/\/footdavant.fr\/"]}]}},"_links":{"self":[{"href":"https:\/\/footdavant.fr\/actualites\/wp-json\/wp\/v2\/posts\/30052"}],"collection":[{"href":"https:\/\/footdavant.fr\/actualites\/wp-json\/wp\/v2\/posts"}],"about":[{"href":"https:\/\/footdavant.fr\/actualites\/wp-json\/wp\/v2\/types\/post"}],"author":[{"embeddable":true,"href":"https:\/\/footdavant.fr\/actualites\/wp-json\/wp\/v2\/users\/1"}],"replies":[{"embeddable":true,"href":"https:\/\/footdavant.fr\/actualites\/wp-json\/wp\/v2\/comments?post=30052"}],"version-history":[{"count":1,"href":"https:\/\/footdavant.fr\/actualites\/wp-json\/wp\/v2\/posts\/30052\/revisions"}],"predecessor-version":[{"id":30054,"href":"https:\/\/footdavant.fr\/actualites\/wp-json\/wp\/v2\/posts\/30052\/revisions\/30054"}],"wp:featuredmedia":[{"embeddable":true,"href":"https:\/\/footdavant.fr\/actualites\/wp-json\/wp\/v2\/media\/30053"}],"wp:attachment":[{"href":"https:\/\/footdavant.fr\/actualites\/wp-json\/wp\/v2\/media?parent=30052"}],"wp:term":[{"taxonomy":"category","embeddable":true,"href":"https:\/\/footdavant.fr\/actualites\/wp-json\/wp\/v2\/categories?post=30052"},{"taxonomy":"post_tag","embeddable":true,"href":"https:\/\/footdavant.fr\/actualites\/wp-json\/wp\/v2\/tags?post=30052"}],"curies":[{"name":"wp","href":"https:\/\/api.w.org\/{rel}","templated":true}]}}