{"id":30058,"date":"2025-10-20T14:48:16","date_gmt":"2025-10-20T12:48:16","guid":{"rendered":"https:\/\/footdavant.fr\/actualites\/nouvelles-du-transfert-de-manchester-united-les-discussions-sur-lagent-declenchent-des-rumeurs-de-depart-de-kobbie-mainoo-alors-que-ruben-amorim-exhorte-le-milieu-de-terrain-a-same\/"},"modified":"2025-10-20T14:48:18","modified_gmt":"2025-10-20T12:48:18","slug":"nouvelles-du-transfert-de-manchester-united-les-discussions-sur-lagent-declenchent-des-rumeurs-de-depart-de-kobbie-mainoo-alors-que-ruben-amorim-exhorte-le-milieu-de-terrain-a-same","status":"publish","type":"post","link":"https:\/\/footdavant.fr\/actualites\/nouvelles-du-transfert-de-manchester-united-les-discussions-sur-lagent-declenchent-des-rumeurs-de-depart-de-kobbie-mainoo-alors-que-ruben-amorim-exhorte-le-milieu-de-terrain-a-same\/","title":{"rendered":"Nouvelles du transfert de Manchester United\u00a0: les discussions sur \u00ab\u00a0l&#39;agent\u00a0\u00bb d\u00e9clenchent des rumeurs de d\u00e9part de Kobbie Mainoo alors que Ruben Amorim exhorte le milieu de terrain \u00e0 \u00ab\u00a0s&#39;am\u00e9liorer\u00a0\u00bb"},"content":{"rendered":"<div>\n<div class=\"article_img_img\">\n<p>\u00a9 Pro Sports Images \/ Imago<\/p>\n<\/div>\n<\/div>\n<p>Le patron de Manchester United, Ruben Amorim, fait le point sur l&#39;avenir du milieu de terrain Kobbie Mainoo, au milieu des sp\u00e9culations selon lesquelles il pourrait partir cet hiver.<\/p>\n<div id=\"article_body\" itemprop=\"articleBody\">\n<h3 class=\"firstPara\"><\/h3>\n<p><strong class=\"autotag\">Entra\u00eeneur de Manchester United <strong class=\"autotag\">Ruben Amorim a r\u00e9v\u00e9l\u00e9 que <strong class=\"autotag\">Kobbie Mainoo veut jouer \u00e0 la Coupe du Monde, mais a insist\u00e9 sur le fait qu&#39;il avait besoin de lui \u00e0 Old Trafford.<\/p>\n<p>Les Red Devils devraient affronter leurs rivaux Liverpool \u00e0 Anfield dimanche en Premier League, et de nombreux supporters craignent que les Merseysiders ne remportent la bataille du milieu de terrain.<\/p>\n<p><strong class=\"autotag\">Bruno Fernandes, <strong class=\"autotag\">Casemiro et <strong class=\"autotag\">Manuel Ugarte a connu des difficult\u00e9s cette campagne et leurs performances mitig\u00e9es ont conduit \u00e0 des appels en faveur du d\u00e9part de Mainoo.<\/p>\n<p>L&#39;Anglais n&#39;a jou\u00e9 que 117 minutes en Premier League cette saison, et son manque de temps de jeu a d\u00e9clench\u00e9 des rumeurs sur une \u00e9ventuelle sortie en janvier.<\/p>\n<p>Le patron Ruben Amorim a insist\u00e9 sur le fait qu&#39;il avait besoin de Mainoo dans son \u00e9quipe cette saison, mais a admis que le milieu de terrain voulait jouer \u00e0 la Coupe du Monde, d\u00e9clarant aux journalistes : \u00ab\u00a0Je sais aussi que dans notre club, tout fait beaucoup de bruit. Il faut avoir des nouvelles. Les joueurs ne jouent pas. Ils veulent jouer.<\/p>\n<p publication=\"men\">\u00ab\u00a0Il y a une Coupe du Monde. Il y a des agents qui \u00e9coutent les joueurs parler tout le temps. Donc je comprends cela, mais ce sont nos joueurs et nous avons besoin que tout le monde fasse une bonne saison.<\/p>\n<p publication=\"men\">\u00ab\u00a0Je crois beaucoup en Kobbie, mais certains d&#39;entre vous pensent que Kobbie Mainoo a d\u00e9j\u00e0 termin\u00e9 (l&#39;article termin\u00e9). Je pense qu&#39;il peut faire tellement mieux, il peut s&#39;am\u00e9liorer dans beaucoup de domaines.\u00a0\u00bb<\/p>\n<p>Mainoo \u00e9tait li\u00e9 \u00e0 une sortie vers Newcastle United, Aston Villa et Naples, et il n&#39;est pas surprenant que le joueur de 20 ans soit int\u00e9ress\u00e9 par un d\u00e9part \u00e9tant donn\u00e9 son d\u00e9sir de jouer \u00e0 la Coupe du monde 2026.<\/p>\n<p class=\"imgI\"><img decoding=\"async\" alt=\"Kobbie Mainoo de Manchester United le 27 septembre 2025\" class=\"vanilla-lazyload article-image\" src=\"https:\/\/footdavant.fr\/actualites\/wp-content\/uploads\/2025\/10\/1760964495_490_Nouvelles-du-transfert-de-Manchester-United-les-discussions-sur-l39agent.webp\"><\/p>\n<h2>Pourquoi Amorim n\u2019a-t-il pas utilis\u00e9 Mainoo au milieu de terrain en Premier League ?<\/h2>\n<p>United joue un style de football direct sous Amorim, lan\u00e7ant souvent de longues passes directement vers la ligne avant plut\u00f4t que de tenter de se d\u00e9velopper depuis l&#39;arri\u00e8re.<\/p>\n<p>Un tel style a in\u00e9vitablement conduit \u00e0 des moments de possession l\u00e2che, et les Diables Rouges ont souvent \u00e9t\u00e9 confront\u00e9s \u00e0 des contre-attaques dangereuses.<\/p>\n<p>Mainoo est sans doute le meilleur milieu de terrain du club en termes d&#39;\u00e9vasion de la pression, mais il n&#39;est pas particuli\u00e8rement athl\u00e9tique, ce qui pourrait l&#39;emp\u00eacher de figurer dans le onze de d\u00e9part.<\/p>\n<p>Cependant, Casemiro et Fernandes ont la trentaine et ont du mal \u00e0 couvrir le terrain, donc la d\u00e9cision d&#39;exclure syst\u00e9matiquement Mainoo de la formation de d\u00e9part invite naturellement \u00e0 un examen minutieux.<\/p>\n<p class=\"imgI\"><img decoding=\"async\" alt=\"Kobbie Mainoo de Manchester United le 30 ao\u00fbt 2025\" class=\"vanilla-lazyload article-image\" src=\"https:\/\/footdavant.fr\/actualites\/wp-content\/uploads\/2025\/09\/Barcelone-Transfer-News-La-Liga-Champions-faisant-la-queue-de.webp\"><\/p>\n<h2>Amorim pourrait-il perdre son emploi \u00e0 cause de la s\u00e9lection du milieu de terrain ?<\/h2>\n<p>United est actuellement 11e du classement avec 10 points, et une d\u00e9faite dimanche leur laisserait cinq points de retard sur Bournemouth, quatri\u00e8me.<\/p>\n<p>Le copropri\u00e9taire Sir Jim Ratcliffe a insist\u00e9 sur le fait que les managers ont besoin d&#39;au moins trois ans \u00e0 leur poste avant de pouvoir \u00eatre jug\u00e9s de mani\u00e8re appropri\u00e9e sur leurs progr\u00e8s, mais il est difficile d&#39;imaginer comment Amorim pourra rester en poste s&#39;il ne parvient pas \u00e0 assurer le football europ\u00e9en.<\/p>\n<p>Les Diables Rouges doivent am\u00e9liorer leurs r\u00e9sultats s&#39;ils veulent se battre pour la Ligue des Champions ou la Ligue Europa, mais le patron de United a montr\u00e9 sa r\u00e9ticence \u00e0 adapter sa tactique ou sa composition.<\/p>\n<p>Si Fernandes continue au milieu de terrain et si Mainoo continue d&#39;\u00eatre exclu de l&#39;\u00e9quipe, alors l&#39;entra\u00eeneur portugais pourrait se retrouver \u00e0 la recherche de nouveaux employeurs d&#39;ici la fin de la saison.<\/p>\n<div class=\"author_box\">\n<div class=\"author_box_banner\"> <img decoding=\"async\" class=\"author_img\" src=\"https:\/\/footdavant.fr\/actualites\/wp-content\/uploads\/2025\/06\/1750629048_353_Nico-Williams-le-plus-tard-en-tant-qu39Arsenal-prend-la.jpg\"><\/div>\n<\/div>\n<\/div>\n","protected":false},"excerpt":{"rendered":"<p>\u00a9 Pro Sports Images \/ Imago Le patron de Manchester United, Ruben Amorim, fait le point sur l&#39;avenir du milieu de terrain Kobbie Mainoo, au<\/p>\n","protected":false},"author":1,"featured_media":30059,"comment_status":"closed","ping_status":"","sticky":false,"template":"","format":"standard","meta":{"footnotes":""},"categories":[5],"tags":[318,4477,10808,560,12,713,136,1727,4517,93,1728,11,441,461,160,976,4779,103,442,700,13],"yoast_head":"<!-- This site is optimized with the Yoast SEO plugin v21.0 - https:\/\/yoast.com\/wordpress\/plugins\/seo\/ -->\n<title>Nouvelles du transfert de Manchester United\u00a0: les discussions sur &quot;l&#039;agent&quot; d\u00e9clenchent des rumeurs de d\u00e9part de Kobbie Mainoo alors que Ruben Amorim exhorte le milieu de terrain \u00e0 &quot;s&#039;am\u00e9liorer&quot;<\/title>\n<meta name=\"robots\" content=\"index, follow, max-snippet:-1, max-image-preview:large, max-video-preview:-1\" \/>\n<link rel=\"canonical\" href=\"https:\/\/footdavant.fr\/actualites\/nouvelles-du-transfert-de-manchester-united-les-discussions-sur-lagent-declenchent-des-rumeurs-de-depart-de-kobbie-mainoo-alors-que-ruben-amorim-exhorte-le-milieu-de-terrain-a-same\/\" \/>\n<meta property=\"og:locale\" content=\"fr_FR\" \/>\n<meta property=\"og:type\" content=\"article\" \/>\n<meta property=\"og:title\" content=\"Nouvelles du transfert de Manchester United\u00a0: les discussions sur &quot;l&#039;agent&quot; d\u00e9clenchent des rumeurs de d\u00e9part de Kobbie Mainoo alors que Ruben Amorim exhorte le milieu de terrain \u00e0 &quot;s&#039;am\u00e9liorer&quot;\" \/>\n<meta property=\"og:description\" content=\"\u00a9 Pro Sports Images \/ Imago Le patron de Manchester United, Ruben Amorim, fait le point sur l&#039;avenir du milieu de terrain Kobbie Mainoo, au\" \/>\n<meta property=\"og:url\" content=\"https:\/\/footdavant.fr\/actualites\/nouvelles-du-transfert-de-manchester-united-les-discussions-sur-lagent-declenchent-des-rumeurs-de-depart-de-kobbie-mainoo-alors-que-ruben-amorim-exhorte-le-milieu-de-terrain-a-same\/\" \/>\n<meta property=\"og:site_name\" content=\"Foot d&#039;avant\" \/>\n<meta property=\"article:publisher\" content=\"https:\/\/www.facebook.com\/Footdavant\/\" \/>\n<meta property=\"article:published_time\" content=\"2025-10-20T12:48:16+00:00\" \/>\n<meta property=\"article:modified_time\" content=\"2025-10-20T12:48:18+00:00\" \/>\n<meta property=\"og:image\" content=\"https:\/\/footdavant.fr\/actualites\/wp-content\/uploads\/2025\/10\/Nouvelles-du-transfert-de-Manchester-United-les-discussions-sur-l39agent.webp\" \/>\n\t<meta property=\"og:image:width\" content=\"640\" \/>\n\t<meta property=\"og:image:height\" content=\"480\" \/>\n\t<meta property=\"og:image:type\" content=\"image\/jpeg\" \/>\n<meta name=\"author\" content=\"Cl\u00e9ment\" \/>\n<meta name=\"twitter:card\" content=\"summary_large_image\" \/>\n<meta name=\"twitter:creator\" content=\"@FootdavantFr\" \/>\n<meta name=\"twitter:site\" content=\"@FootdavantFr\" \/>\n<meta name=\"twitter:label1\" content=\"\u00c9crit par\" \/>\n\t<meta name=\"twitter:data1\" content=\"Cl\u00e9ment\" \/>\n\t<meta name=\"twitter:label2\" content=\"Dur\u00e9e de lecture estim\u00e9e\" \/>\n\t<meta name=\"twitter:data2\" content=\"3 minutes\" \/>\n<script type=\"application\/ld+json\" class=\"yoast-schema-graph\">{\"@context\":\"https:\/\/schema.org\",\"@graph\":[{\"@type\":\"Article\",\"@id\":\"https:\/\/footdavant.fr\/actualites\/nouvelles-du-transfert-de-manchester-united-les-discussions-sur-lagent-declenchent-des-rumeurs-de-depart-de-kobbie-mainoo-alors-que-ruben-amorim-exhorte-le-milieu-de-terrain-a-same\/#article\",\"isPartOf\":{\"@id\":\"https:\/\/footdavant.fr\/actualites\/nouvelles-du-transfert-de-manchester-united-les-discussions-sur-lagent-declenchent-des-rumeurs-de-depart-de-kobbie-mainoo-alors-que-ruben-amorim-exhorte-le-milieu-de-terrain-a-same\/\"},\"author\":{\"name\":\"Cl\u00e9ment\",\"@id\":\"https:\/\/footdavant.fr\/actualites\/#\/schema\/person\/bc222566d95871b37e597b3ed3ba5e1d\"},\"headline\":\"Nouvelles du transfert de Manchester United\u00a0: les discussions sur \u00ab\u00a0l&#39;agent\u00a0\u00bb d\u00e9clenchent des rumeurs de d\u00e9part de Kobbie Mainoo alors que Ruben Amorim exhorte le milieu de terrain \u00e0 \u00ab\u00a0s&#39;am\u00e9liorer\u00a0\u00bb\",\"datePublished\":\"2025-10-20T12:48:16+00:00\",\"dateModified\":\"2025-10-20T12:48:18+00:00\",\"mainEntityOfPage\":{\"@id\":\"https:\/\/footdavant.fr\/actualites\/nouvelles-du-transfert-de-manchester-united-les-discussions-sur-lagent-declenchent-des-rumeurs-de-depart-de-kobbie-mainoo-alors-que-ruben-amorim-exhorte-le-milieu-de-terrain-a-same\/\"},\"wordCount\":693,\"publisher\":{\"@id\":\"https:\/\/footdavant.fr\/actualites\/#organization\"},\"keywords\":[\"alors\",\"Amorim\",\"d\u00e9clenchent\",\"d\u00e9part\",\"des\",\"discussions\",\"exhorte\",\"Kobbie\",\"L39agent\",\"les\",\"Mainoo\",\"Manchester\",\"milieu\",\"Nouvelles\",\"Ruben\",\"rumeurs\",\"s39am\u00e9liorer\",\"sur\",\"terrain\",\"transfert\",\"United\"],\"articleSection\":[\"Premier League\"],\"inLanguage\":\"fr-FR\"},{\"@type\":\"WebPage\",\"@id\":\"https:\/\/footdavant.fr\/actualites\/nouvelles-du-transfert-de-manchester-united-les-discussions-sur-lagent-declenchent-des-rumeurs-de-depart-de-kobbie-mainoo-alors-que-ruben-amorim-exhorte-le-milieu-de-terrain-a-same\/\",\"url\":\"https:\/\/footdavant.fr\/actualites\/nouvelles-du-transfert-de-manchester-united-les-discussions-sur-lagent-declenchent-des-rumeurs-de-depart-de-kobbie-mainoo-alors-que-ruben-amorim-exhorte-le-milieu-de-terrain-a-same\/\",\"name\":\"Nouvelles du transfert de Manchester United\u00a0: les discussions sur \\\"l&#39;agent\\\" d\u00e9clenchent des rumeurs de d\u00e9part de Kobbie Mainoo alors que Ruben Amorim exhorte le milieu de terrain \u00e0 \\\"s&#39;am\u00e9liorer\\\"\",\"isPartOf\":{\"@id\":\"https:\/\/footdavant.fr\/actualites\/#website\"},\"datePublished\":\"2025-10-20T12:48:16+00:00\",\"dateModified\":\"2025-10-20T12:48:18+00:00\",\"breadcrumb\":{\"@id\":\"https:\/\/footdavant.fr\/actualites\/nouvelles-du-transfert-de-manchester-united-les-discussions-sur-lagent-declenchent-des-rumeurs-de-depart-de-kobbie-mainoo-alors-que-ruben-amorim-exhorte-le-milieu-de-terrain-a-same\/#breadcrumb\"},\"inLanguage\":\"fr-FR\",\"potentialAction\":[{\"@type\":\"ReadAction\",\"target\":[\"https:\/\/footdavant.fr\/actualites\/nouvelles-du-transfert-de-manchester-united-les-discussions-sur-lagent-declenchent-des-rumeurs-de-depart-de-kobbie-mainoo-alors-que-ruben-amorim-exhorte-le-milieu-de-terrain-a-same\/\"]}]},{\"@type\":\"BreadcrumbList\",\"@id\":\"https:\/\/footdavant.fr\/actualites\/nouvelles-du-transfert-de-manchester-united-les-discussions-sur-lagent-declenchent-des-rumeurs-de-depart-de-kobbie-mainoo-alors-que-ruben-amorim-exhorte-le-milieu-de-terrain-a-same\/#breadcrumb\",\"itemListElement\":[{\"@type\":\"ListItem\",\"position\":1,\"name\":\"Accueil\",\"item\":\"https:\/\/footdavant.fr\/actualites\/\"},{\"@type\":\"ListItem\",\"position\":2,\"name\":\"Nouvelles du transfert de Manchester United\u00a0: les discussions sur \u00ab\u00a0l&#39;agent\u00a0\u00bb d\u00e9clenchent des rumeurs de d\u00e9part de Kobbie Mainoo alors que Ruben Amorim exhorte le milieu de terrain \u00e0 \u00ab\u00a0s&#39;am\u00e9liorer\u00a0\u00bb\"}]},{\"@type\":\"WebSite\",\"@id\":\"https:\/\/footdavant.fr\/actualites\/#website\",\"url\":\"https:\/\/footdavant.fr\/actualites\/\",\"name\":\"Foot d'avant\",\"description\":\"\",\"publisher\":{\"@id\":\"https:\/\/footdavant.fr\/actualites\/#organization\"},\"potentialAction\":[{\"@type\":\"SearchAction\",\"target\":{\"@type\":\"EntryPoint\",\"urlTemplate\":\"https:\/\/footdavant.fr\/actualites\/?s={search_term_string}\"},\"query-input\":\"required name=search_term_string\"}],\"inLanguage\":\"fr-FR\"},{\"@type\":\"Organization\",\"@id\":\"https:\/\/footdavant.fr\/actualites\/#organization\",\"name\":\"Foot d'avant\",\"url\":\"https:\/\/footdavant.fr\/actualites\/\",\"logo\":{\"@type\":\"ImageObject\",\"inLanguage\":\"fr-FR\",\"@id\":\"https:\/\/footdavant.fr\/actualites\/#\/schema\/logo\/image\/\",\"url\":\"https:\/\/footdavant.fr\/actualites\/wp-content\/uploads\/2023\/09\/Copy-of-FootDavant-Logo.png\",\"contentUrl\":\"https:\/\/footdavant.fr\/actualites\/wp-content\/uploads\/2023\/09\/Copy-of-FootDavant-Logo.png\",\"width\":936,\"height\":549,\"caption\":\"Foot d'avant\"},\"image\":{\"@id\":\"https:\/\/footdavant.fr\/actualites\/#\/schema\/logo\/image\/\"},\"sameAs\":[\"https:\/\/www.facebook.com\/Footdavant\/\",\"https:\/\/twitter.com\/FootdavantFr\",\"https:\/\/www.instagram.com\/footdavant.fr\/\"]},{\"@type\":\"Person\",\"@id\":\"https:\/\/footdavant.fr\/actualites\/#\/schema\/person\/bc222566d95871b37e597b3ed3ba5e1d\",\"name\":\"Cl\u00e9ment\",\"image\":{\"@type\":\"ImageObject\",\"inLanguage\":\"fr-FR\",\"@id\":\"https:\/\/footdavant.fr\/actualites\/#\/schema\/person\/image\/\",\"url\":\"https:\/\/secure.gravatar.com\/avatar\/7728b29aac2719421e1a9159b2254c44?s=96&d=mm&r=g\",\"contentUrl\":\"https:\/\/secure.gravatar.com\/avatar\/7728b29aac2719421e1a9159b2254c44?s=96&d=mm&r=g\",\"caption\":\"Cl\u00e9ment\"},\"sameAs\":[\"https:\/\/footdavant.fr\/\"]}]}<\/script>\n<!-- \/ Yoast SEO plugin. -->","yoast_head_json":{"title":"Nouvelles du transfert de Manchester United\u00a0: les discussions sur \"l&#39;agent\" d\u00e9clenchent des rumeurs de d\u00e9part de Kobbie Mainoo alors que Ruben Amorim exhorte le milieu de terrain \u00e0 \"s&#39;am\u00e9liorer\"","robots":{"index":"index","follow":"follow","max-snippet":"max-snippet:-1","max-image-preview":"max-image-preview:large","max-video-preview":"max-video-preview:-1"},"canonical":"https:\/\/footdavant.fr\/actualites\/nouvelles-du-transfert-de-manchester-united-les-discussions-sur-lagent-declenchent-des-rumeurs-de-depart-de-kobbie-mainoo-alors-que-ruben-amorim-exhorte-le-milieu-de-terrain-a-same\/","og_locale":"fr_FR","og_type":"article","og_title":"Nouvelles du transfert de Manchester United\u00a0: les discussions sur \"l&#39;agent\" d\u00e9clenchent des rumeurs de d\u00e9part de Kobbie Mainoo alors que Ruben Amorim exhorte le milieu de terrain \u00e0 \"s&#39;am\u00e9liorer\"","og_description":"\u00a9 Pro Sports Images \/ Imago Le patron de Manchester United, Ruben Amorim, fait le point sur l&#39;avenir du milieu de terrain Kobbie Mainoo, au","og_url":"https:\/\/footdavant.fr\/actualites\/nouvelles-du-transfert-de-manchester-united-les-discussions-sur-lagent-declenchent-des-rumeurs-de-depart-de-kobbie-mainoo-alors-que-ruben-amorim-exhorte-le-milieu-de-terrain-a-same\/","og_site_name":"Foot d&#039;avant","article_publisher":"https:\/\/www.facebook.com\/Footdavant\/","article_published_time":"2025-10-20T12:48:16+00:00","article_modified_time":"2025-10-20T12:48:18+00:00","og_image":[{"width":640,"height":480,"url":"https:\/\/footdavant.fr\/actualites\/wp-content\/uploads\/2025\/10\/Nouvelles-du-transfert-de-Manchester-United-les-discussions-sur-l39agent.webp","type":"image\/jpeg"}],"author":"Cl\u00e9ment","twitter_card":"summary_large_image","twitter_creator":"@FootdavantFr","twitter_site":"@FootdavantFr","twitter_misc":{"\u00c9crit par":"Cl\u00e9ment","Dur\u00e9e de lecture estim\u00e9e":"3 minutes"},"schema":{"@context":"https:\/\/schema.org","@graph":[{"@type":"Article","@id":"https:\/\/footdavant.fr\/actualites\/nouvelles-du-transfert-de-manchester-united-les-discussions-sur-lagent-declenchent-des-rumeurs-de-depart-de-kobbie-mainoo-alors-que-ruben-amorim-exhorte-le-milieu-de-terrain-a-same\/#article","isPartOf":{"@id":"https:\/\/footdavant.fr\/actualites\/nouvelles-du-transfert-de-manchester-united-les-discussions-sur-lagent-declenchent-des-rumeurs-de-depart-de-kobbie-mainoo-alors-que-ruben-amorim-exhorte-le-milieu-de-terrain-a-same\/"},"author":{"name":"Cl\u00e9ment","@id":"https:\/\/footdavant.fr\/actualites\/#\/schema\/person\/bc222566d95871b37e597b3ed3ba5e1d"},"headline":"Nouvelles du transfert de Manchester United\u00a0: les discussions sur \u00ab\u00a0l&#39;agent\u00a0\u00bb d\u00e9clenchent des rumeurs de d\u00e9part de Kobbie Mainoo alors que Ruben Amorim exhorte le milieu de terrain \u00e0 \u00ab\u00a0s&#39;am\u00e9liorer\u00a0\u00bb","datePublished":"2025-10-20T12:48:16+00:00","dateModified":"2025-10-20T12:48:18+00:00","mainEntityOfPage":{"@id":"https:\/\/footdavant.fr\/actualites\/nouvelles-du-transfert-de-manchester-united-les-discussions-sur-lagent-declenchent-des-rumeurs-de-depart-de-kobbie-mainoo-alors-que-ruben-amorim-exhorte-le-milieu-de-terrain-a-same\/"},"wordCount":693,"publisher":{"@id":"https:\/\/footdavant.fr\/actualites\/#organization"},"keywords":["alors","Amorim","d\u00e9clenchent","d\u00e9part","des","discussions","exhorte","Kobbie","L39agent","les","Mainoo","Manchester","milieu","Nouvelles","Ruben","rumeurs","s39am\u00e9liorer","sur","terrain","transfert","United"],"articleSection":["Premier League"],"inLanguage":"fr-FR"},{"@type":"WebPage","@id":"https:\/\/footdavant.fr\/actualites\/nouvelles-du-transfert-de-manchester-united-les-discussions-sur-lagent-declenchent-des-rumeurs-de-depart-de-kobbie-mainoo-alors-que-ruben-amorim-exhorte-le-milieu-de-terrain-a-same\/","url":"https:\/\/footdavant.fr\/actualites\/nouvelles-du-transfert-de-manchester-united-les-discussions-sur-lagent-declenchent-des-rumeurs-de-depart-de-kobbie-mainoo-alors-que-ruben-amorim-exhorte-le-milieu-de-terrain-a-same\/","name":"Nouvelles du transfert de Manchester United\u00a0: les discussions sur \"l&#39;agent\" d\u00e9clenchent des rumeurs de d\u00e9part de Kobbie Mainoo alors que Ruben Amorim exhorte le milieu de terrain \u00e0 \"s&#39;am\u00e9liorer\"","isPartOf":{"@id":"https:\/\/footdavant.fr\/actualites\/#website"},"datePublished":"2025-10-20T12:48:16+00:00","dateModified":"2025-10-20T12:48:18+00:00","breadcrumb":{"@id":"https:\/\/footdavant.fr\/actualites\/nouvelles-du-transfert-de-manchester-united-les-discussions-sur-lagent-declenchent-des-rumeurs-de-depart-de-kobbie-mainoo-alors-que-ruben-amorim-exhorte-le-milieu-de-terrain-a-same\/#breadcrumb"},"inLanguage":"fr-FR","potentialAction":[{"@type":"ReadAction","target":["https:\/\/footdavant.fr\/actualites\/nouvelles-du-transfert-de-manchester-united-les-discussions-sur-lagent-declenchent-des-rumeurs-de-depart-de-kobbie-mainoo-alors-que-ruben-amorim-exhorte-le-milieu-de-terrain-a-same\/"]}]},{"@type":"BreadcrumbList","@id":"https:\/\/footdavant.fr\/actualites\/nouvelles-du-transfert-de-manchester-united-les-discussions-sur-lagent-declenchent-des-rumeurs-de-depart-de-kobbie-mainoo-alors-que-ruben-amorim-exhorte-le-milieu-de-terrain-a-same\/#breadcrumb","itemListElement":[{"@type":"ListItem","position":1,"name":"Accueil","item":"https:\/\/footdavant.fr\/actualites\/"},{"@type":"ListItem","position":2,"name":"Nouvelles du transfert de Manchester United\u00a0: les discussions sur \u00ab\u00a0l&#39;agent\u00a0\u00bb d\u00e9clenchent des rumeurs de d\u00e9part de Kobbie Mainoo alors que Ruben Amorim exhorte le milieu de terrain \u00e0 \u00ab\u00a0s&#39;am\u00e9liorer\u00a0\u00bb"}]},{"@type":"WebSite","@id":"https:\/\/footdavant.fr\/actualites\/#website","url":"https:\/\/footdavant.fr\/actualites\/","name":"Foot d'avant","description":"","publisher":{"@id":"https:\/\/footdavant.fr\/actualites\/#organization"},"potentialAction":[{"@type":"SearchAction","target":{"@type":"EntryPoint","urlTemplate":"https:\/\/footdavant.fr\/actualites\/?s={search_term_string}"},"query-input":"required name=search_term_string"}],"inLanguage":"fr-FR"},{"@type":"Organization","@id":"https:\/\/footdavant.fr\/actualites\/#organization","name":"Foot d'avant","url":"https:\/\/footdavant.fr\/actualites\/","logo":{"@type":"ImageObject","inLanguage":"fr-FR","@id":"https:\/\/footdavant.fr\/actualites\/#\/schema\/logo\/image\/","url":"https:\/\/footdavant.fr\/actualites\/wp-content\/uploads\/2023\/09\/Copy-of-FootDavant-Logo.png","contentUrl":"https:\/\/footdavant.fr\/actualites\/wp-content\/uploads\/2023\/09\/Copy-of-FootDavant-Logo.png","width":936,"height":549,"caption":"Foot d'avant"},"image":{"@id":"https:\/\/footdavant.fr\/actualites\/#\/schema\/logo\/image\/"},"sameAs":["https:\/\/www.facebook.com\/Footdavant\/","https:\/\/twitter.com\/FootdavantFr","https:\/\/www.instagram.com\/footdavant.fr\/"]},{"@type":"Person","@id":"https:\/\/footdavant.fr\/actualites\/#\/schema\/person\/bc222566d95871b37e597b3ed3ba5e1d","name":"Cl\u00e9ment","image":{"@type":"ImageObject","inLanguage":"fr-FR","@id":"https:\/\/footdavant.fr\/actualites\/#\/schema\/person\/image\/","url":"https:\/\/secure.gravatar.com\/avatar\/7728b29aac2719421e1a9159b2254c44?s=96&d=mm&r=g","contentUrl":"https:\/\/secure.gravatar.com\/avatar\/7728b29aac2719421e1a9159b2254c44?s=96&d=mm&r=g","caption":"Cl\u00e9ment"},"sameAs":["https:\/\/footdavant.fr\/"]}]}},"_links":{"self":[{"href":"https:\/\/footdavant.fr\/actualites\/wp-json\/wp\/v2\/posts\/30058"}],"collection":[{"href":"https:\/\/footdavant.fr\/actualites\/wp-json\/wp\/v2\/posts"}],"about":[{"href":"https:\/\/footdavant.fr\/actualites\/wp-json\/wp\/v2\/types\/post"}],"author":[{"embeddable":true,"href":"https:\/\/footdavant.fr\/actualites\/wp-json\/wp\/v2\/users\/1"}],"replies":[{"embeddable":true,"href":"https:\/\/footdavant.fr\/actualites\/wp-json\/wp\/v2\/comments?post=30058"}],"version-history":[{"count":1,"href":"https:\/\/footdavant.fr\/actualites\/wp-json\/wp\/v2\/posts\/30058\/revisions"}],"predecessor-version":[{"id":30060,"href":"https:\/\/footdavant.fr\/actualites\/wp-json\/wp\/v2\/posts\/30058\/revisions\/30060"}],"wp:featuredmedia":[{"embeddable":true,"href":"https:\/\/footdavant.fr\/actualites\/wp-json\/wp\/v2\/media\/30059"}],"wp:attachment":[{"href":"https:\/\/footdavant.fr\/actualites\/wp-json\/wp\/v2\/media?parent=30058"}],"wp:term":[{"taxonomy":"category","embeddable":true,"href":"https:\/\/footdavant.fr\/actualites\/wp-json\/wp\/v2\/categories?post=30058"},{"taxonomy":"post_tag","embeddable":true,"href":"https:\/\/footdavant.fr\/actualites\/wp-json\/wp\/v2\/tags?post=30058"}],"curies":[{"name":"wp","href":"https:\/\/api.w.org\/{rel}","templated":true}]}}