{"id":30064,"date":"2025-10-20T18:48:10","date_gmt":"2025-10-20T16:48:10","guid":{"rendered":"https:\/\/footdavant.fr\/actualites\/nouvelles-du-transfert-de-chelsea-lequipe-denzo-maresca-est-en-tete-pour-un-attaquant-remarquable-de-premier-league-au-milieu-des-blessures-de-cole-palmer\/"},"modified":"2025-10-20T18:48:11","modified_gmt":"2025-10-20T16:48:11","slug":"nouvelles-du-transfert-de-chelsea-lequipe-denzo-maresca-est-en-tete-pour-un-attaquant-remarquable-de-premier-league-au-milieu-des-blessures-de-cole-palmer","status":"publish","type":"post","link":"https:\/\/footdavant.fr\/actualites\/nouvelles-du-transfert-de-chelsea-lequipe-denzo-maresca-est-en-tete-pour-un-attaquant-remarquable-de-premier-league-au-milieu-des-blessures-de-cole-palmer\/","title":{"rendered":"Nouvelles du transfert de Chelsea: l&#39;\u00e9quipe d&#39;Enzo Maresca est \u00ab en t\u00eate \u00bb pour un attaquant \u00ab remarquable \u00bb de Premier League au milieu des blessures de Cole Palmer"},"content":{"rendered":"<p>Chelsea aurait men\u00e9 la course pour recruter un attaquant de Premier League au milieu des blessures de Cole Palmer, mais la signature de la star pourrait causer des probl\u00e8mes au sein de l&#39;\u00e9quipe.<\/p>\n<div id=\"article_body\" itemprop=\"articleBody\">\n<h3 class=\"firstPara\"><\/h3>\n<p><strong class=\"autotag\">Chelsea m\u00e8ne la course \u00e0 la signature <strong class=\"autotag\">Morgan Rogers de <strong class=\"autotag\">Aston Villa lors du mercato d\u2019hiver, selon le dernier rapport.<\/p>\n<p>Les Blues se sont impos\u00e9s 2-0 contre Nottingham Forest samedi apr\u00e8s-midi, avec un d\u00e9fenseur central <strong class=\"autotag\">Josh Acheampong ouvre le score peu apr\u00e8s la mi-temps.<\/p>\n<p>Entra\u00eeneur-chef <strong class=\"autotag\">Enzo Maresca sera ravi que son \u00e9quipe ait marqu\u00e9 cinq buts lors de ses deux derniers matches de Premier League, surtout \u00e0 la lumi\u00e8re de l&#39;annonce de ce talisman <strong class=\"autotag\">Cole Palmer manquera encore au moins six semaines d&#39;action.<\/p>\n<p>Les Londoniens ont parfois sembl\u00e9 directs sans l&#39;Anglais, et il reste \u00e0 voir s&#39;ils pourront continuer \u00e0 se d\u00e9brouiller en son absence.<\/p>\n<p><em>Pris hors jeu<\/em> affirment que Chelsea pourrait chercher \u00e0 recruter l\u2019attaquant de Villa Rogers, et ils n\u2019ont pas \u00e9t\u00e9 d\u00e9courag\u00e9s par le prix demand\u00e9 de 80 millions de livres sterling.<\/p>\n<p class=\"imgI\">\n<h2>Morgan Rogers a-t-il un sens pour Chelsea lors du mercato de janvier ?<\/h2>\n<p>Rogers a connu un d\u00e9but de saison 2025-26 difficile, ne fournissant que deux passes d\u00e9cisives tout en \u00e9chouant \u00e0 trouver le fond des filets en sept matchs de Premier League. <\/p>\n<p>L&#39;Anglais est capable de jouer large sur la gauche et en position centrale, m\u00eame s&#39;il est sans aucun doute \u00e0 son meilleur lorsqu&#39;on lui donne la libert\u00e9 de porter le ballon au rythme.<\/p>\n<p>Attaquants actuels de Chelsea <strong class=\"autotag\">Pedro Neto et <strong class=\"autotag\">Jamie Bynoe-Gittens constitue une menace ext\u00e9rieure, mais aucun des deux n&#39;est particuli\u00e8rement \u00e0 l&#39;aise dans les zones centrales.<\/p>\n<p>La capacit\u00e9 de d\u00e9passer les joueurs adverses au milieu pourrait \u00eatre inestimable, en particulier contre des \u00e9quipes qui font une pression agressive, et le joueur de 23 ans rendrait l&#39;\u00e9quipe des Bleus consid\u00e9rablement plus forte.<\/p>\n<p class=\"imgI\"><img decoding=\"async\" alt=\"Morgan Rogers, h\u00e9ros du tripl\u00e9 d&#39;Aston Villa, avec le ballon du match apr\u00e8s l&#39;affrontement de son \u00e9quipe contre le Celtic le 29 janvier 2025\" class=\"vanilla-lazyload article-image\" src=\"https:\/\/footdavant.fr\/actualites\/wp-content\/uploads\/2025\/10\/Nouvelles-du-transfert-de-Chelsea-l39equipe-d39Enzo-Maresca-est.jpg\"><\/p>\n<h2>Quel est le projet \u00e0 long terme de Chelsea pour l&#39;\u00e9quipe ?<\/h2>\n<p>M\u00eame si Rogers am\u00e9liorerait les options de Maresca, on ne sait pas comment le coach espagnol pourrait int\u00e9grer toutes ses stars offensives dans le m\u00eame onze.<\/p>\n<p>Palmer revendiquera presque certainement une place de titulaire en tant que num\u00e9ro 10, et voir Rogers rivaliser avec Neto et Bynoe-Gittens pourrait perturber l&#39;harmonie de l&#39;\u00e9quipe.<\/p>\n<p>Il convient \u00e9galement de noter que Maresca a expliqu\u00e9 comment <strong class=\"autotag\">Joao Pedro aime jouer aux c\u00f4t\u00e9s d&#39;un attaquant central, mais le d\u00e9ployer dans un r\u00f4le retir\u00e9 entrerait en conflit avec les projets de jouer Palmer en tant que milieu offensif.<\/p>\n<p>Il serait peut-\u00eatre pr\u00e9f\u00e9rable que Chelsea cherche \u00e0 d\u00e9velopper les jeunes joueurs d\u00e9j\u00e0 pr\u00e9sents au club plut\u00f4t que de proc\u00e9der \u00e0 de nouveaux ajouts qui pourraient causer des probl\u00e8mes de s\u00e9lection dans les mois \u00e0 venir.<\/p>\n<div class=\"author_box\">\n<div class=\"author_box_banner\"> <img decoding=\"async\" class=\"author_img\" src=\"https:\/\/footdavant.fr\/actualites\/wp-content\/uploads\/2025\/06\/1750629048_353_Nico-Williams-le-plus-tard-en-tant-qu39Arsenal-prend-la.jpg\"><\/div>\n<\/div>\n<\/div>\n","protected":false},"excerpt":{"rendered":"<p>Chelsea aurait men\u00e9 la course pour recruter un attaquant de Premier League au milieu des blessures de Cole Palmer, mais la signature de la star<\/p>\n","protected":false},"author":1,"featured_media":30065,"comment_status":"closed","ping_status":"","sticky":false,"template":"","format":"standard","meta":{"footnotes":""},"categories":[5],"tags":[778,155,171,1122,4631,12,217,4219,202,5107,441,461,1123,51,201,970,568,700],"yoast_head":"<!-- This site is optimized with the Yoast SEO plugin v21.0 - https:\/\/yoast.com\/wordpress\/plugins\/seo\/ -->\n<title>Nouvelles du transfert de Chelsea: l&#039;\u00e9quipe d&#039;Enzo Maresca est \u00ab en t\u00eate \u00bb pour un attaquant \u00ab remarquable \u00bb de Premier League au milieu des blessures de Cole Palmer<\/title>\n<meta name=\"robots\" content=\"index, follow, max-snippet:-1, max-image-preview:large, max-video-preview:-1\" \/>\n<link rel=\"canonical\" href=\"https:\/\/footdavant.fr\/actualites\/nouvelles-du-transfert-de-chelsea-lequipe-denzo-maresca-est-en-tete-pour-un-attaquant-remarquable-de-premier-league-au-milieu-des-blessures-de-cole-palmer\/\" \/>\n<meta property=\"og:locale\" content=\"fr_FR\" \/>\n<meta property=\"og:type\" content=\"article\" \/>\n<meta property=\"og:title\" content=\"Nouvelles du transfert de Chelsea: l&#039;\u00e9quipe d&#039;Enzo Maresca est \u00ab en t\u00eate \u00bb pour un attaquant \u00ab remarquable \u00bb de Premier League au milieu des blessures de Cole Palmer\" \/>\n<meta property=\"og:description\" content=\"Chelsea aurait men\u00e9 la course pour recruter un attaquant de Premier League au milieu des blessures de Cole Palmer, mais la signature de la star\" \/>\n<meta property=\"og:url\" content=\"https:\/\/footdavant.fr\/actualites\/nouvelles-du-transfert-de-chelsea-lequipe-denzo-maresca-est-en-tete-pour-un-attaquant-remarquable-de-premier-league-au-milieu-des-blessures-de-cole-palmer\/\" \/>\n<meta property=\"og:site_name\" content=\"Foot d&#039;avant\" \/>\n<meta property=\"article:publisher\" content=\"https:\/\/www.facebook.com\/Footdavant\/\" \/>\n<meta property=\"article:published_time\" content=\"2025-10-20T16:48:10+00:00\" \/>\n<meta property=\"article:modified_time\" content=\"2025-10-20T16:48:11+00:00\" \/>\n<meta property=\"og:image\" content=\"https:\/\/footdavant.fr\/actualites\/wp-content\/uploads\/2025\/09\/1758516495_989_Chelsea-Transfer-News-Blues-emerge-en-tant-que-candidats-a.webp\" \/>\n\t<meta property=\"og:image:width\" content=\"640\" \/>\n\t<meta property=\"og:image:height\" content=\"480\" \/>\n\t<meta property=\"og:image:type\" content=\"image\/jpeg\" \/>\n<meta name=\"author\" content=\"Cl\u00e9ment\" \/>\n<meta name=\"twitter:card\" content=\"summary_large_image\" \/>\n<meta name=\"twitter:creator\" content=\"@FootdavantFr\" \/>\n<meta name=\"twitter:site\" content=\"@FootdavantFr\" \/>\n<meta name=\"twitter:label1\" content=\"\u00c9crit par\" \/>\n\t<meta name=\"twitter:data1\" content=\"Cl\u00e9ment\" \/>\n\t<meta name=\"twitter:label2\" content=\"Dur\u00e9e de lecture estim\u00e9e\" \/>\n\t<meta name=\"twitter:data2\" content=\"2 minutes\" \/>\n<script type=\"application\/ld+json\" class=\"yoast-schema-graph\">{\"@context\":\"https:\/\/schema.org\",\"@graph\":[{\"@type\":\"Article\",\"@id\":\"https:\/\/footdavant.fr\/actualites\/nouvelles-du-transfert-de-chelsea-lequipe-denzo-maresca-est-en-tete-pour-un-attaquant-remarquable-de-premier-league-au-milieu-des-blessures-de-cole-palmer\/#article\",\"isPartOf\":{\"@id\":\"https:\/\/footdavant.fr\/actualites\/nouvelles-du-transfert-de-chelsea-lequipe-denzo-maresca-est-en-tete-pour-un-attaquant-remarquable-de-premier-league-au-milieu-des-blessures-de-cole-palmer\/\"},\"author\":{\"name\":\"Cl\u00e9ment\",\"@id\":\"https:\/\/footdavant.fr\/actualites\/#\/schema\/person\/bc222566d95871b37e597b3ed3ba5e1d\"},\"headline\":\"Nouvelles du transfert de Chelsea: l&#39;\u00e9quipe d&#39;Enzo Maresca est \u00ab en t\u00eate \u00bb pour un attaquant \u00ab remarquable \u00bb de Premier League au milieu des blessures de Cole Palmer\",\"datePublished\":\"2025-10-20T16:48:10+00:00\",\"dateModified\":\"2025-10-20T16:48:11+00:00\",\"mainEntityOfPage\":{\"@id\":\"https:\/\/footdavant.fr\/actualites\/nouvelles-du-transfert-de-chelsea-lequipe-denzo-maresca-est-en-tete-pour-un-attaquant-remarquable-de-premier-league-au-milieu-des-blessures-de-cole-palmer\/\"},\"wordCount\":510,\"publisher\":{\"@id\":\"https:\/\/footdavant.fr\/actualites\/#organization\"},\"keywords\":[\"attaquant\",\"blessures\",\"Chelsea\",\"Cole\",\"d39Enzo\",\"des\",\"est\",\"l39\u00e9quipe\",\"League\",\"Maresca\",\"milieu\",\"Nouvelles\",\"Palmer\",\"pour\",\"Premier\",\"remarquable\",\"t\u00eate\",\"transfert\"],\"articleSection\":[\"Premier League\"],\"inLanguage\":\"fr-FR\"},{\"@type\":\"WebPage\",\"@id\":\"https:\/\/footdavant.fr\/actualites\/nouvelles-du-transfert-de-chelsea-lequipe-denzo-maresca-est-en-tete-pour-un-attaquant-remarquable-de-premier-league-au-milieu-des-blessures-de-cole-palmer\/\",\"url\":\"https:\/\/footdavant.fr\/actualites\/nouvelles-du-transfert-de-chelsea-lequipe-denzo-maresca-est-en-tete-pour-un-attaquant-remarquable-de-premier-league-au-milieu-des-blessures-de-cole-palmer\/\",\"name\":\"Nouvelles du transfert de Chelsea: l&#39;\u00e9quipe d&#39;Enzo Maresca est \u00ab en t\u00eate \u00bb pour un attaquant \u00ab remarquable \u00bb de Premier League au milieu des blessures de Cole Palmer\",\"isPartOf\":{\"@id\":\"https:\/\/footdavant.fr\/actualites\/#website\"},\"datePublished\":\"2025-10-20T16:48:10+00:00\",\"dateModified\":\"2025-10-20T16:48:11+00:00\",\"breadcrumb\":{\"@id\":\"https:\/\/footdavant.fr\/actualites\/nouvelles-du-transfert-de-chelsea-lequipe-denzo-maresca-est-en-tete-pour-un-attaquant-remarquable-de-premier-league-au-milieu-des-blessures-de-cole-palmer\/#breadcrumb\"},\"inLanguage\":\"fr-FR\",\"potentialAction\":[{\"@type\":\"ReadAction\",\"target\":[\"https:\/\/footdavant.fr\/actualites\/nouvelles-du-transfert-de-chelsea-lequipe-denzo-maresca-est-en-tete-pour-un-attaquant-remarquable-de-premier-league-au-milieu-des-blessures-de-cole-palmer\/\"]}]},{\"@type\":\"BreadcrumbList\",\"@id\":\"https:\/\/footdavant.fr\/actualites\/nouvelles-du-transfert-de-chelsea-lequipe-denzo-maresca-est-en-tete-pour-un-attaquant-remarquable-de-premier-league-au-milieu-des-blessures-de-cole-palmer\/#breadcrumb\",\"itemListElement\":[{\"@type\":\"ListItem\",\"position\":1,\"name\":\"Accueil\",\"item\":\"https:\/\/footdavant.fr\/actualites\/\"},{\"@type\":\"ListItem\",\"position\":2,\"name\":\"Nouvelles du transfert de Chelsea: l&#39;\u00e9quipe d&#39;Enzo Maresca est \u00ab en t\u00eate \u00bb pour un attaquant \u00ab remarquable \u00bb de Premier League au milieu des blessures de Cole Palmer\"}]},{\"@type\":\"WebSite\",\"@id\":\"https:\/\/footdavant.fr\/actualites\/#website\",\"url\":\"https:\/\/footdavant.fr\/actualites\/\",\"name\":\"Foot d'avant\",\"description\":\"\",\"publisher\":{\"@id\":\"https:\/\/footdavant.fr\/actualites\/#organization\"},\"potentialAction\":[{\"@type\":\"SearchAction\",\"target\":{\"@type\":\"EntryPoint\",\"urlTemplate\":\"https:\/\/footdavant.fr\/actualites\/?s={search_term_string}\"},\"query-input\":\"required name=search_term_string\"}],\"inLanguage\":\"fr-FR\"},{\"@type\":\"Organization\",\"@id\":\"https:\/\/footdavant.fr\/actualites\/#organization\",\"name\":\"Foot d'avant\",\"url\":\"https:\/\/footdavant.fr\/actualites\/\",\"logo\":{\"@type\":\"ImageObject\",\"inLanguage\":\"fr-FR\",\"@id\":\"https:\/\/footdavant.fr\/actualites\/#\/schema\/logo\/image\/\",\"url\":\"https:\/\/footdavant.fr\/actualites\/wp-content\/uploads\/2023\/09\/Copy-of-FootDavant-Logo.png\",\"contentUrl\":\"https:\/\/footdavant.fr\/actualites\/wp-content\/uploads\/2023\/09\/Copy-of-FootDavant-Logo.png\",\"width\":936,\"height\":549,\"caption\":\"Foot d'avant\"},\"image\":{\"@id\":\"https:\/\/footdavant.fr\/actualites\/#\/schema\/logo\/image\/\"},\"sameAs\":[\"https:\/\/www.facebook.com\/Footdavant\/\",\"https:\/\/twitter.com\/FootdavantFr\",\"https:\/\/www.instagram.com\/footdavant.fr\/\"]},{\"@type\":\"Person\",\"@id\":\"https:\/\/footdavant.fr\/actualites\/#\/schema\/person\/bc222566d95871b37e597b3ed3ba5e1d\",\"name\":\"Cl\u00e9ment\",\"image\":{\"@type\":\"ImageObject\",\"inLanguage\":\"fr-FR\",\"@id\":\"https:\/\/footdavant.fr\/actualites\/#\/schema\/person\/image\/\",\"url\":\"https:\/\/secure.gravatar.com\/avatar\/7728b29aac2719421e1a9159b2254c44?s=96&d=mm&r=g\",\"contentUrl\":\"https:\/\/secure.gravatar.com\/avatar\/7728b29aac2719421e1a9159b2254c44?s=96&d=mm&r=g\",\"caption\":\"Cl\u00e9ment\"},\"sameAs\":[\"https:\/\/footdavant.fr\/\"]}]}<\/script>\n<!-- \/ Yoast SEO plugin. -->","yoast_head_json":{"title":"Nouvelles du transfert de Chelsea: l&#39;\u00e9quipe d&#39;Enzo Maresca est \u00ab en t\u00eate \u00bb pour un attaquant \u00ab remarquable \u00bb de Premier League au milieu des blessures de Cole Palmer","robots":{"index":"index","follow":"follow","max-snippet":"max-snippet:-1","max-image-preview":"max-image-preview:large","max-video-preview":"max-video-preview:-1"},"canonical":"https:\/\/footdavant.fr\/actualites\/nouvelles-du-transfert-de-chelsea-lequipe-denzo-maresca-est-en-tete-pour-un-attaquant-remarquable-de-premier-league-au-milieu-des-blessures-de-cole-palmer\/","og_locale":"fr_FR","og_type":"article","og_title":"Nouvelles du transfert de Chelsea: l&#39;\u00e9quipe d&#39;Enzo Maresca est \u00ab en t\u00eate \u00bb pour un attaquant \u00ab remarquable \u00bb de Premier League au milieu des blessures de Cole Palmer","og_description":"Chelsea aurait men\u00e9 la course pour recruter un attaquant de Premier League au milieu des blessures de Cole Palmer, mais la signature de la star","og_url":"https:\/\/footdavant.fr\/actualites\/nouvelles-du-transfert-de-chelsea-lequipe-denzo-maresca-est-en-tete-pour-un-attaquant-remarquable-de-premier-league-au-milieu-des-blessures-de-cole-palmer\/","og_site_name":"Foot d&#039;avant","article_publisher":"https:\/\/www.facebook.com\/Footdavant\/","article_published_time":"2025-10-20T16:48:10+00:00","article_modified_time":"2025-10-20T16:48:11+00:00","og_image":[{"width":640,"height":480,"url":"https:\/\/footdavant.fr\/actualites\/wp-content\/uploads\/2025\/09\/1758516495_989_Chelsea-Transfer-News-Blues-emerge-en-tant-que-candidats-a.webp","type":"image\/jpeg"}],"author":"Cl\u00e9ment","twitter_card":"summary_large_image","twitter_creator":"@FootdavantFr","twitter_site":"@FootdavantFr","twitter_misc":{"\u00c9crit par":"Cl\u00e9ment","Dur\u00e9e de lecture estim\u00e9e":"2 minutes"},"schema":{"@context":"https:\/\/schema.org","@graph":[{"@type":"Article","@id":"https:\/\/footdavant.fr\/actualites\/nouvelles-du-transfert-de-chelsea-lequipe-denzo-maresca-est-en-tete-pour-un-attaquant-remarquable-de-premier-league-au-milieu-des-blessures-de-cole-palmer\/#article","isPartOf":{"@id":"https:\/\/footdavant.fr\/actualites\/nouvelles-du-transfert-de-chelsea-lequipe-denzo-maresca-est-en-tete-pour-un-attaquant-remarquable-de-premier-league-au-milieu-des-blessures-de-cole-palmer\/"},"author":{"name":"Cl\u00e9ment","@id":"https:\/\/footdavant.fr\/actualites\/#\/schema\/person\/bc222566d95871b37e597b3ed3ba5e1d"},"headline":"Nouvelles du transfert de Chelsea: l&#39;\u00e9quipe d&#39;Enzo Maresca est \u00ab en t\u00eate \u00bb pour un attaquant \u00ab remarquable \u00bb de Premier League au milieu des blessures de Cole Palmer","datePublished":"2025-10-20T16:48:10+00:00","dateModified":"2025-10-20T16:48:11+00:00","mainEntityOfPage":{"@id":"https:\/\/footdavant.fr\/actualites\/nouvelles-du-transfert-de-chelsea-lequipe-denzo-maresca-est-en-tete-pour-un-attaquant-remarquable-de-premier-league-au-milieu-des-blessures-de-cole-palmer\/"},"wordCount":510,"publisher":{"@id":"https:\/\/footdavant.fr\/actualites\/#organization"},"keywords":["attaquant","blessures","Chelsea","Cole","d39Enzo","des","est","l39\u00e9quipe","League","Maresca","milieu","Nouvelles","Palmer","pour","Premier","remarquable","t\u00eate","transfert"],"articleSection":["Premier League"],"inLanguage":"fr-FR"},{"@type":"WebPage","@id":"https:\/\/footdavant.fr\/actualites\/nouvelles-du-transfert-de-chelsea-lequipe-denzo-maresca-est-en-tete-pour-un-attaquant-remarquable-de-premier-league-au-milieu-des-blessures-de-cole-palmer\/","url":"https:\/\/footdavant.fr\/actualites\/nouvelles-du-transfert-de-chelsea-lequipe-denzo-maresca-est-en-tete-pour-un-attaquant-remarquable-de-premier-league-au-milieu-des-blessures-de-cole-palmer\/","name":"Nouvelles du transfert de Chelsea: l&#39;\u00e9quipe d&#39;Enzo Maresca est \u00ab en t\u00eate \u00bb pour un attaquant \u00ab remarquable \u00bb de Premier League au milieu des blessures de Cole Palmer","isPartOf":{"@id":"https:\/\/footdavant.fr\/actualites\/#website"},"datePublished":"2025-10-20T16:48:10+00:00","dateModified":"2025-10-20T16:48:11+00:00","breadcrumb":{"@id":"https:\/\/footdavant.fr\/actualites\/nouvelles-du-transfert-de-chelsea-lequipe-denzo-maresca-est-en-tete-pour-un-attaquant-remarquable-de-premier-league-au-milieu-des-blessures-de-cole-palmer\/#breadcrumb"},"inLanguage":"fr-FR","potentialAction":[{"@type":"ReadAction","target":["https:\/\/footdavant.fr\/actualites\/nouvelles-du-transfert-de-chelsea-lequipe-denzo-maresca-est-en-tete-pour-un-attaquant-remarquable-de-premier-league-au-milieu-des-blessures-de-cole-palmer\/"]}]},{"@type":"BreadcrumbList","@id":"https:\/\/footdavant.fr\/actualites\/nouvelles-du-transfert-de-chelsea-lequipe-denzo-maresca-est-en-tete-pour-un-attaquant-remarquable-de-premier-league-au-milieu-des-blessures-de-cole-palmer\/#breadcrumb","itemListElement":[{"@type":"ListItem","position":1,"name":"Accueil","item":"https:\/\/footdavant.fr\/actualites\/"},{"@type":"ListItem","position":2,"name":"Nouvelles du transfert de Chelsea: l&#39;\u00e9quipe d&#39;Enzo Maresca est \u00ab en t\u00eate \u00bb pour un attaquant \u00ab remarquable \u00bb de Premier League au milieu des blessures de Cole Palmer"}]},{"@type":"WebSite","@id":"https:\/\/footdavant.fr\/actualites\/#website","url":"https:\/\/footdavant.fr\/actualites\/","name":"Foot d'avant","description":"","publisher":{"@id":"https:\/\/footdavant.fr\/actualites\/#organization"},"potentialAction":[{"@type":"SearchAction","target":{"@type":"EntryPoint","urlTemplate":"https:\/\/footdavant.fr\/actualites\/?s={search_term_string}"},"query-input":"required name=search_term_string"}],"inLanguage":"fr-FR"},{"@type":"Organization","@id":"https:\/\/footdavant.fr\/actualites\/#organization","name":"Foot d'avant","url":"https:\/\/footdavant.fr\/actualites\/","logo":{"@type":"ImageObject","inLanguage":"fr-FR","@id":"https:\/\/footdavant.fr\/actualites\/#\/schema\/logo\/image\/","url":"https:\/\/footdavant.fr\/actualites\/wp-content\/uploads\/2023\/09\/Copy-of-FootDavant-Logo.png","contentUrl":"https:\/\/footdavant.fr\/actualites\/wp-content\/uploads\/2023\/09\/Copy-of-FootDavant-Logo.png","width":936,"height":549,"caption":"Foot d'avant"},"image":{"@id":"https:\/\/footdavant.fr\/actualites\/#\/schema\/logo\/image\/"},"sameAs":["https:\/\/www.facebook.com\/Footdavant\/","https:\/\/twitter.com\/FootdavantFr","https:\/\/www.instagram.com\/footdavant.fr\/"]},{"@type":"Person","@id":"https:\/\/footdavant.fr\/actualites\/#\/schema\/person\/bc222566d95871b37e597b3ed3ba5e1d","name":"Cl\u00e9ment","image":{"@type":"ImageObject","inLanguage":"fr-FR","@id":"https:\/\/footdavant.fr\/actualites\/#\/schema\/person\/image\/","url":"https:\/\/secure.gravatar.com\/avatar\/7728b29aac2719421e1a9159b2254c44?s=96&d=mm&r=g","contentUrl":"https:\/\/secure.gravatar.com\/avatar\/7728b29aac2719421e1a9159b2254c44?s=96&d=mm&r=g","caption":"Cl\u00e9ment"},"sameAs":["https:\/\/footdavant.fr\/"]}]}},"_links":{"self":[{"href":"https:\/\/footdavant.fr\/actualites\/wp-json\/wp\/v2\/posts\/30064"}],"collection":[{"href":"https:\/\/footdavant.fr\/actualites\/wp-json\/wp\/v2\/posts"}],"about":[{"href":"https:\/\/footdavant.fr\/actualites\/wp-json\/wp\/v2\/types\/post"}],"author":[{"embeddable":true,"href":"https:\/\/footdavant.fr\/actualites\/wp-json\/wp\/v2\/users\/1"}],"replies":[{"embeddable":true,"href":"https:\/\/footdavant.fr\/actualites\/wp-json\/wp\/v2\/comments?post=30064"}],"version-history":[{"count":1,"href":"https:\/\/footdavant.fr\/actualites\/wp-json\/wp\/v2\/posts\/30064\/revisions"}],"predecessor-version":[{"id":30066,"href":"https:\/\/footdavant.fr\/actualites\/wp-json\/wp\/v2\/posts\/30064\/revisions\/30066"}],"wp:featuredmedia":[{"embeddable":true,"href":"https:\/\/footdavant.fr\/actualites\/wp-json\/wp\/v2\/media\/30065"}],"wp:attachment":[{"href":"https:\/\/footdavant.fr\/actualites\/wp-json\/wp\/v2\/media?parent=30064"}],"wp:term":[{"taxonomy":"category","embeddable":true,"href":"https:\/\/footdavant.fr\/actualites\/wp-json\/wp\/v2\/categories?post=30064"},{"taxonomy":"post_tag","embeddable":true,"href":"https:\/\/footdavant.fr\/actualites\/wp-json\/wp\/v2\/tags?post=30064"}],"curies":[{"name":"wp","href":"https:\/\/api.w.org\/{rel}","templated":true}]}}