{"id":30070,"date":"2025-10-20T21:48:09","date_gmt":"2025-10-20T19:48:09","guid":{"rendered":"https:\/\/footdavant.fr\/actualites\/real-madrid-contre-juventus-le-patron-des-blancos-xabi-alonso-recoit-une-blessure-importante-avant-le-choc-de-la-ligue-des-champions\/"},"modified":"2025-10-20T21:48:10","modified_gmt":"2025-10-20T19:48:10","slug":"real-madrid-contre-juventus-le-patron-des-blancos-xabi-alonso-recoit-une-blessure-importante-avant-le-choc-de-la-ligue-des-champions","status":"publish","type":"post","link":"https:\/\/footdavant.fr\/actualites\/real-madrid-contre-juventus-le-patron-des-blancos-xabi-alonso-recoit-une-blessure-importante-avant-le-choc-de-la-ligue-des-champions\/","title":{"rendered":"Real Madrid contre Juventus: le patron des Blancos, Xabi Alonso, re\u00e7oit une blessure importante avant le choc de la Ligue des champions"},"content":{"rendered":"<p>Le Real Madrid pourrait accueillir \u00e0 nouveau Trent Alexander-Arnold dans son \u00e9quipe pour le match de Ligue des Champions de mercredi contre la Juventus \u00e0 Bernabeu.<\/p>\n<div id=\"article_body\" itemprop=\"articleBody\">\n<h3 class=\"firstPara\"><\/h3>\n<p><strong class=\"autotag\">Le Real Madrid pourrait accueillir <strong class=\"autotag\">Trent Alexander-Arnold de retour dans son \u00e9quipe pour mercredi <strong class=\"autotag\">Concours de Ligue des Champions contre <strong class=\"autotag\">La Juventus au Bernab\u00e9u.<\/p>\n<p>L&#39;international anglais a rat\u00e9 les six derniers matches du Real Madrid, toutes comp\u00e9titions confondues, en raison d&#39;une blessure aux ischio-jambiers contract\u00e9e \u00e0 la mi-septembre.<\/p>\n<p>\u00c0 l&#39;\u00e9poque, on craignait qu&#39;il puisse \u00eatre absent pendant deux mois, mais l&#39;ancien arri\u00e8re droit de Liverpool a fait d&#39;excellents progr\u00e8s dans son processus de r\u00e9cup\u00e9ration.<\/p>\n<p>Alexander-Arnold a pu participer lundi \u00e0 la premi\u00e8re partie de l&#39;entra\u00eenement du Real Madrid, alimentant les suggestions selon lesquelles il pourrait \u00eatre impliqu\u00e9 contre la Juventus.<\/p>\n<p>Selon le journaliste Carlos Rodriguez, il y a toutes les chances que l&#39;arriv\u00e9e estivale joue quelques minutes contre la Juve en vue de d\u00e9buter contre Barcelone en Liga ce week-end.<\/p>\n<p class=\"imgI\">\n<h2>Real Madrid contre Juventus : Alexander-Arnold pourrait revenir en Ligue des Champions<\/h2>\n<p>Alexander-Arnold a disput\u00e9 10 matches avec le Real Madrid, d\u00e9livrant deux passes d\u00e9cisives, m\u00eame si cinq de ces sorties ont eu lieu lors du Mondial des Clubs 2025, \u00e9tant arriv\u00e9s avant le d\u00e9but de la comp\u00e9tition.<\/p>\n<p>Le d\u00e9fenseur a jou\u00e9 quatre fois en Liga cette saison, et il a \u00e9galement particip\u00e9 une fois en Ligue des champions, mais il serait juste de dire que l&#39;Anglais n&#39;a pas encore enflamm\u00e9 sa carri\u00e8re \u00e0 Los Blancos.<\/p>\n<p>Le Real Madrid compte \u00e9galement Ferland Mendy de retour \u00e0 l&#39;entra\u00eenement, le Fran\u00e7ais se remettant d&#39;un probl\u00e8me \u00e0 la cuisse qui l&#39;a mis \u00e0 l&#39;\u00e9cart lors des premiers mois de la campagne 2025-26.<\/p>\n<p>Los Blancos pourraient \u00e9galement accueillir <strong class=\"autotag\">Dani Carvajal et Dean Huijsen sont de retour dans leur \u00e9quipe pour le match de Liga contre Barcelone ce week-end, mais Antonio Rudiger reste un absent de longue date.<\/p>\n<p class=\"imgI\">\n<h2>Qui d&#39;autre est actuellement bless\u00e9 pour le Real Madrid ?<\/h2>\n<p>Dani Ceballos a \u00e9t\u00e9 absent contre Getafe dimanche en raison d&#39;un probl\u00e8me musculaire contract\u00e9 pendant la tr\u00eave internationale, tandis que David Alaba a \u00e9t\u00e9 contraint d&#39;abandonner \u00e0 l&#39;intervalle du dernier match de championnat de l&#39;\u00e9quipe.<\/p>\n<p>Alaba ne s&#39;est pas entra\u00een\u00e9 lundi en raison d&#39;un probl\u00e8me au mollet, et l&#39;Autrichien devrait manquer contre la Juventus, mais Ceballos pourrait \u00eatre de retour dans l&#39;\u00e9quipe.<\/p>\n<p><strong class=\"autotag\">Thibaut Courtois a subi un coup contre Getafe, mais le gardien num\u00e9ro un du Real Madrid est apte \u00e0 affronter la Juventus, alors que Los Blancos cherchent \u00e0 remporter trois victoires cons\u00e9cutives en Ligue des champions cette saison.<\/p>\n<div class=\"author_box\">\n<div class=\"author_box_banner\"> <\/div>\n<\/div>\n<\/div>\n","protected":false},"excerpt":{"rendered":"<p>Le Real Madrid pourrait accueillir \u00e0 nouveau Trent Alexander-Arnold dans son \u00e9quipe pour le match de Ligue des Champions de mercredi contre la Juventus \u00e0<\/p>\n","protected":false},"author":1,"featured_media":28604,"comment_status":"closed","ping_status":"","sticky":false,"template":"","format":"standard","meta":{"footnotes":""},"categories":[4],"tags":[3450,491,4499,15,31,332,20,12,853,711,30,303,231,302,488,92,3608],"yoast_head":"<!-- This site is optimized with the Yoast SEO plugin v21.0 - https:\/\/yoast.com\/wordpress\/plugins\/seo\/ -->\n<title>Real Madrid contre Juventus: le patron des Blancos, Xabi Alonso, re\u00e7oit une blessure importante avant le choc de la Ligue des champions<\/title>\n<meta name=\"robots\" content=\"index, follow, max-snippet:-1, max-image-preview:large, max-video-preview:-1\" \/>\n<link rel=\"canonical\" href=\"https:\/\/footdavant.fr\/actualites\/real-madrid-contre-juventus-le-patron-des-blancos-xabi-alonso-recoit-une-blessure-importante-avant-le-choc-de-la-ligue-des-champions\/\" \/>\n<meta property=\"og:locale\" content=\"fr_FR\" \/>\n<meta property=\"og:type\" content=\"article\" \/>\n<meta property=\"og:title\" content=\"Real Madrid contre Juventus: le patron des Blancos, Xabi Alonso, re\u00e7oit une blessure importante avant le choc de la Ligue des champions\" \/>\n<meta property=\"og:description\" content=\"Le Real Madrid pourrait accueillir \u00e0 nouveau Trent Alexander-Arnold dans son \u00e9quipe pour le match de Ligue des Champions de mercredi contre la Juventus \u00e0\" \/>\n<meta property=\"og:url\" content=\"https:\/\/footdavant.fr\/actualites\/real-madrid-contre-juventus-le-patron-des-blancos-xabi-alonso-recoit-une-blessure-importante-avant-le-choc-de-la-ligue-des-champions\/\" \/>\n<meta property=\"og:site_name\" content=\"Foot d&#039;avant\" \/>\n<meta property=\"article:publisher\" content=\"https:\/\/www.facebook.com\/Footdavant\/\" \/>\n<meta property=\"article:published_time\" content=\"2025-10-20T19:48:09+00:00\" \/>\n<meta property=\"article:modified_time\" content=\"2025-10-20T19:48:10+00:00\" \/>\n<meta property=\"og:image\" content=\"https:\/\/footdavant.fr\/actualites\/wp-content\/uploads\/2025\/09\/Real-Madrid-vs-Marseille-Los-Blancos-a-remis-un-double.jpg\" \/>\n\t<meta property=\"og:image:width\" content=\"640\" \/>\n\t<meta property=\"og:image:height\" content=\"480\" \/>\n\t<meta property=\"og:image:type\" content=\"image\/jpeg\" \/>\n<meta name=\"author\" content=\"Cl\u00e9ment\" \/>\n<meta name=\"twitter:card\" content=\"summary_large_image\" \/>\n<meta name=\"twitter:creator\" content=\"@FootdavantFr\" \/>\n<meta name=\"twitter:site\" content=\"@FootdavantFr\" \/>\n<meta name=\"twitter:label1\" content=\"\u00c9crit par\" \/>\n\t<meta name=\"twitter:data1\" content=\"Cl\u00e9ment\" \/>\n\t<meta name=\"twitter:label2\" content=\"Dur\u00e9e de lecture estim\u00e9e\" \/>\n\t<meta name=\"twitter:data2\" content=\"2 minutes\" \/>\n<script type=\"application\/ld+json\" class=\"yoast-schema-graph\">{\"@context\":\"https:\/\/schema.org\",\"@graph\":[{\"@type\":\"Article\",\"@id\":\"https:\/\/footdavant.fr\/actualites\/real-madrid-contre-juventus-le-patron-des-blancos-xabi-alonso-recoit-une-blessure-importante-avant-le-choc-de-la-ligue-des-champions\/#article\",\"isPartOf\":{\"@id\":\"https:\/\/footdavant.fr\/actualites\/real-madrid-contre-juventus-le-patron-des-blancos-xabi-alonso-recoit-une-blessure-importante-avant-le-choc-de-la-ligue-des-champions\/\"},\"author\":{\"name\":\"Cl\u00e9ment\",\"@id\":\"https:\/\/footdavant.fr\/actualites\/#\/schema\/person\/bc222566d95871b37e597b3ed3ba5e1d\"},\"headline\":\"Real Madrid contre Juventus: le patron des Blancos, Xabi Alonso, re\u00e7oit une blessure importante avant le choc de la Ligue des champions\",\"datePublished\":\"2025-10-20T19:48:09+00:00\",\"dateModified\":\"2025-10-20T19:48:10+00:00\",\"mainEntityOfPage\":{\"@id\":\"https:\/\/footdavant.fr\/actualites\/real-madrid-contre-juventus-le-patron-des-blancos-xabi-alonso-recoit-une-blessure-importante-avant-le-choc-de-la-ligue-des-champions\/\"},\"wordCount\":477,\"publisher\":{\"@id\":\"https:\/\/footdavant.fr\/actualites\/#organization\"},\"keywords\":[\"Alonso\",\"avant\",\"Blancos\",\"Blessure\",\"champions\",\"choc\",\"contre\",\"des\",\"importante\",\"Juventus\",\"Ligue\",\"Madrid\",\"patron\",\"Real\",\"re\u00e7oit\",\"une\",\"Xabi\"],\"articleSection\":[\"Champions League\"],\"inLanguage\":\"fr-FR\"},{\"@type\":\"WebPage\",\"@id\":\"https:\/\/footdavant.fr\/actualites\/real-madrid-contre-juventus-le-patron-des-blancos-xabi-alonso-recoit-une-blessure-importante-avant-le-choc-de-la-ligue-des-champions\/\",\"url\":\"https:\/\/footdavant.fr\/actualites\/real-madrid-contre-juventus-le-patron-des-blancos-xabi-alonso-recoit-une-blessure-importante-avant-le-choc-de-la-ligue-des-champions\/\",\"name\":\"Real Madrid contre Juventus: le patron des Blancos, Xabi Alonso, re\u00e7oit une blessure importante avant le choc de la Ligue des champions\",\"isPartOf\":{\"@id\":\"https:\/\/footdavant.fr\/actualites\/#website\"},\"datePublished\":\"2025-10-20T19:48:09+00:00\",\"dateModified\":\"2025-10-20T19:48:10+00:00\",\"breadcrumb\":{\"@id\":\"https:\/\/footdavant.fr\/actualites\/real-madrid-contre-juventus-le-patron-des-blancos-xabi-alonso-recoit-une-blessure-importante-avant-le-choc-de-la-ligue-des-champions\/#breadcrumb\"},\"inLanguage\":\"fr-FR\",\"potentialAction\":[{\"@type\":\"ReadAction\",\"target\":[\"https:\/\/footdavant.fr\/actualites\/real-madrid-contre-juventus-le-patron-des-blancos-xabi-alonso-recoit-une-blessure-importante-avant-le-choc-de-la-ligue-des-champions\/\"]}]},{\"@type\":\"BreadcrumbList\",\"@id\":\"https:\/\/footdavant.fr\/actualites\/real-madrid-contre-juventus-le-patron-des-blancos-xabi-alonso-recoit-une-blessure-importante-avant-le-choc-de-la-ligue-des-champions\/#breadcrumb\",\"itemListElement\":[{\"@type\":\"ListItem\",\"position\":1,\"name\":\"Accueil\",\"item\":\"https:\/\/footdavant.fr\/actualites\/\"},{\"@type\":\"ListItem\",\"position\":2,\"name\":\"Real Madrid contre Juventus: le patron des Blancos, Xabi Alonso, re\u00e7oit une blessure importante avant le choc de la Ligue des champions\"}]},{\"@type\":\"WebSite\",\"@id\":\"https:\/\/footdavant.fr\/actualites\/#website\",\"url\":\"https:\/\/footdavant.fr\/actualites\/\",\"name\":\"Foot d'avant\",\"description\":\"\",\"publisher\":{\"@id\":\"https:\/\/footdavant.fr\/actualites\/#organization\"},\"potentialAction\":[{\"@type\":\"SearchAction\",\"target\":{\"@type\":\"EntryPoint\",\"urlTemplate\":\"https:\/\/footdavant.fr\/actualites\/?s={search_term_string}\"},\"query-input\":\"required name=search_term_string\"}],\"inLanguage\":\"fr-FR\"},{\"@type\":\"Organization\",\"@id\":\"https:\/\/footdavant.fr\/actualites\/#organization\",\"name\":\"Foot d'avant\",\"url\":\"https:\/\/footdavant.fr\/actualites\/\",\"logo\":{\"@type\":\"ImageObject\",\"inLanguage\":\"fr-FR\",\"@id\":\"https:\/\/footdavant.fr\/actualites\/#\/schema\/logo\/image\/\",\"url\":\"https:\/\/footdavant.fr\/actualites\/wp-content\/uploads\/2023\/09\/Copy-of-FootDavant-Logo.png\",\"contentUrl\":\"https:\/\/footdavant.fr\/actualites\/wp-content\/uploads\/2023\/09\/Copy-of-FootDavant-Logo.png\",\"width\":936,\"height\":549,\"caption\":\"Foot d'avant\"},\"image\":{\"@id\":\"https:\/\/footdavant.fr\/actualites\/#\/schema\/logo\/image\/\"},\"sameAs\":[\"https:\/\/www.facebook.com\/Footdavant\/\",\"https:\/\/twitter.com\/FootdavantFr\",\"https:\/\/www.instagram.com\/footdavant.fr\/\"]},{\"@type\":\"Person\",\"@id\":\"https:\/\/footdavant.fr\/actualites\/#\/schema\/person\/bc222566d95871b37e597b3ed3ba5e1d\",\"name\":\"Cl\u00e9ment\",\"image\":{\"@type\":\"ImageObject\",\"inLanguage\":\"fr-FR\",\"@id\":\"https:\/\/footdavant.fr\/actualites\/#\/schema\/person\/image\/\",\"url\":\"https:\/\/secure.gravatar.com\/avatar\/7728b29aac2719421e1a9159b2254c44?s=96&d=mm&r=g\",\"contentUrl\":\"https:\/\/secure.gravatar.com\/avatar\/7728b29aac2719421e1a9159b2254c44?s=96&d=mm&r=g\",\"caption\":\"Cl\u00e9ment\"},\"sameAs\":[\"https:\/\/footdavant.fr\/\"]}]}<\/script>\n<!-- \/ Yoast SEO plugin. -->","yoast_head_json":{"title":"Real Madrid contre Juventus: le patron des Blancos, Xabi Alonso, re\u00e7oit une blessure importante avant le choc de la Ligue des champions","robots":{"index":"index","follow":"follow","max-snippet":"max-snippet:-1","max-image-preview":"max-image-preview:large","max-video-preview":"max-video-preview:-1"},"canonical":"https:\/\/footdavant.fr\/actualites\/real-madrid-contre-juventus-le-patron-des-blancos-xabi-alonso-recoit-une-blessure-importante-avant-le-choc-de-la-ligue-des-champions\/","og_locale":"fr_FR","og_type":"article","og_title":"Real Madrid contre Juventus: le patron des Blancos, Xabi Alonso, re\u00e7oit une blessure importante avant le choc de la Ligue des champions","og_description":"Le Real Madrid pourrait accueillir \u00e0 nouveau Trent Alexander-Arnold dans son \u00e9quipe pour le match de Ligue des Champions de mercredi contre la Juventus \u00e0","og_url":"https:\/\/footdavant.fr\/actualites\/real-madrid-contre-juventus-le-patron-des-blancos-xabi-alonso-recoit-une-blessure-importante-avant-le-choc-de-la-ligue-des-champions\/","og_site_name":"Foot d&#039;avant","article_publisher":"https:\/\/www.facebook.com\/Footdavant\/","article_published_time":"2025-10-20T19:48:09+00:00","article_modified_time":"2025-10-20T19:48:10+00:00","og_image":[{"width":640,"height":480,"url":"https:\/\/footdavant.fr\/actualites\/wp-content\/uploads\/2025\/09\/Real-Madrid-vs-Marseille-Los-Blancos-a-remis-un-double.jpg","type":"image\/jpeg"}],"author":"Cl\u00e9ment","twitter_card":"summary_large_image","twitter_creator":"@FootdavantFr","twitter_site":"@FootdavantFr","twitter_misc":{"\u00c9crit par":"Cl\u00e9ment","Dur\u00e9e de lecture estim\u00e9e":"2 minutes"},"schema":{"@context":"https:\/\/schema.org","@graph":[{"@type":"Article","@id":"https:\/\/footdavant.fr\/actualites\/real-madrid-contre-juventus-le-patron-des-blancos-xabi-alonso-recoit-une-blessure-importante-avant-le-choc-de-la-ligue-des-champions\/#article","isPartOf":{"@id":"https:\/\/footdavant.fr\/actualites\/real-madrid-contre-juventus-le-patron-des-blancos-xabi-alonso-recoit-une-blessure-importante-avant-le-choc-de-la-ligue-des-champions\/"},"author":{"name":"Cl\u00e9ment","@id":"https:\/\/footdavant.fr\/actualites\/#\/schema\/person\/bc222566d95871b37e597b3ed3ba5e1d"},"headline":"Real Madrid contre Juventus: le patron des Blancos, Xabi Alonso, re\u00e7oit une blessure importante avant le choc de la Ligue des champions","datePublished":"2025-10-20T19:48:09+00:00","dateModified":"2025-10-20T19:48:10+00:00","mainEntityOfPage":{"@id":"https:\/\/footdavant.fr\/actualites\/real-madrid-contre-juventus-le-patron-des-blancos-xabi-alonso-recoit-une-blessure-importante-avant-le-choc-de-la-ligue-des-champions\/"},"wordCount":477,"publisher":{"@id":"https:\/\/footdavant.fr\/actualites\/#organization"},"keywords":["Alonso","avant","Blancos","Blessure","champions","choc","contre","des","importante","Juventus","Ligue","Madrid","patron","Real","re\u00e7oit","une","Xabi"],"articleSection":["Champions League"],"inLanguage":"fr-FR"},{"@type":"WebPage","@id":"https:\/\/footdavant.fr\/actualites\/real-madrid-contre-juventus-le-patron-des-blancos-xabi-alonso-recoit-une-blessure-importante-avant-le-choc-de-la-ligue-des-champions\/","url":"https:\/\/footdavant.fr\/actualites\/real-madrid-contre-juventus-le-patron-des-blancos-xabi-alonso-recoit-une-blessure-importante-avant-le-choc-de-la-ligue-des-champions\/","name":"Real Madrid contre Juventus: le patron des Blancos, Xabi Alonso, re\u00e7oit une blessure importante avant le choc de la Ligue des champions","isPartOf":{"@id":"https:\/\/footdavant.fr\/actualites\/#website"},"datePublished":"2025-10-20T19:48:09+00:00","dateModified":"2025-10-20T19:48:10+00:00","breadcrumb":{"@id":"https:\/\/footdavant.fr\/actualites\/real-madrid-contre-juventus-le-patron-des-blancos-xabi-alonso-recoit-une-blessure-importante-avant-le-choc-de-la-ligue-des-champions\/#breadcrumb"},"inLanguage":"fr-FR","potentialAction":[{"@type":"ReadAction","target":["https:\/\/footdavant.fr\/actualites\/real-madrid-contre-juventus-le-patron-des-blancos-xabi-alonso-recoit-une-blessure-importante-avant-le-choc-de-la-ligue-des-champions\/"]}]},{"@type":"BreadcrumbList","@id":"https:\/\/footdavant.fr\/actualites\/real-madrid-contre-juventus-le-patron-des-blancos-xabi-alonso-recoit-une-blessure-importante-avant-le-choc-de-la-ligue-des-champions\/#breadcrumb","itemListElement":[{"@type":"ListItem","position":1,"name":"Accueil","item":"https:\/\/footdavant.fr\/actualites\/"},{"@type":"ListItem","position":2,"name":"Real Madrid contre Juventus: le patron des Blancos, Xabi Alonso, re\u00e7oit une blessure importante avant le choc de la Ligue des champions"}]},{"@type":"WebSite","@id":"https:\/\/footdavant.fr\/actualites\/#website","url":"https:\/\/footdavant.fr\/actualites\/","name":"Foot d'avant","description":"","publisher":{"@id":"https:\/\/footdavant.fr\/actualites\/#organization"},"potentialAction":[{"@type":"SearchAction","target":{"@type":"EntryPoint","urlTemplate":"https:\/\/footdavant.fr\/actualites\/?s={search_term_string}"},"query-input":"required name=search_term_string"}],"inLanguage":"fr-FR"},{"@type":"Organization","@id":"https:\/\/footdavant.fr\/actualites\/#organization","name":"Foot d'avant","url":"https:\/\/footdavant.fr\/actualites\/","logo":{"@type":"ImageObject","inLanguage":"fr-FR","@id":"https:\/\/footdavant.fr\/actualites\/#\/schema\/logo\/image\/","url":"https:\/\/footdavant.fr\/actualites\/wp-content\/uploads\/2023\/09\/Copy-of-FootDavant-Logo.png","contentUrl":"https:\/\/footdavant.fr\/actualites\/wp-content\/uploads\/2023\/09\/Copy-of-FootDavant-Logo.png","width":936,"height":549,"caption":"Foot d'avant"},"image":{"@id":"https:\/\/footdavant.fr\/actualites\/#\/schema\/logo\/image\/"},"sameAs":["https:\/\/www.facebook.com\/Footdavant\/","https:\/\/twitter.com\/FootdavantFr","https:\/\/www.instagram.com\/footdavant.fr\/"]},{"@type":"Person","@id":"https:\/\/footdavant.fr\/actualites\/#\/schema\/person\/bc222566d95871b37e597b3ed3ba5e1d","name":"Cl\u00e9ment","image":{"@type":"ImageObject","inLanguage":"fr-FR","@id":"https:\/\/footdavant.fr\/actualites\/#\/schema\/person\/image\/","url":"https:\/\/secure.gravatar.com\/avatar\/7728b29aac2719421e1a9159b2254c44?s=96&d=mm&r=g","contentUrl":"https:\/\/secure.gravatar.com\/avatar\/7728b29aac2719421e1a9159b2254c44?s=96&d=mm&r=g","caption":"Cl\u00e9ment"},"sameAs":["https:\/\/footdavant.fr\/"]}]}},"_links":{"self":[{"href":"https:\/\/footdavant.fr\/actualites\/wp-json\/wp\/v2\/posts\/30070"}],"collection":[{"href":"https:\/\/footdavant.fr\/actualites\/wp-json\/wp\/v2\/posts"}],"about":[{"href":"https:\/\/footdavant.fr\/actualites\/wp-json\/wp\/v2\/types\/post"}],"author":[{"embeddable":true,"href":"https:\/\/footdavant.fr\/actualites\/wp-json\/wp\/v2\/users\/1"}],"replies":[{"embeddable":true,"href":"https:\/\/footdavant.fr\/actualites\/wp-json\/wp\/v2\/comments?post=30070"}],"version-history":[{"count":1,"href":"https:\/\/footdavant.fr\/actualites\/wp-json\/wp\/v2\/posts\/30070\/revisions"}],"predecessor-version":[{"id":30071,"href":"https:\/\/footdavant.fr\/actualites\/wp-json\/wp\/v2\/posts\/30070\/revisions\/30071"}],"wp:featuredmedia":[{"embeddable":true,"href":"https:\/\/footdavant.fr\/actualites\/wp-json\/wp\/v2\/media\/28604"}],"wp:attachment":[{"href":"https:\/\/footdavant.fr\/actualites\/wp-json\/wp\/v2\/media?parent=30070"}],"wp:term":[{"taxonomy":"category","embeddable":true,"href":"https:\/\/footdavant.fr\/actualites\/wp-json\/wp\/v2\/categories?post=30070"},{"taxonomy":"post_tag","embeddable":true,"href":"https:\/\/footdavant.fr\/actualites\/wp-json\/wp\/v2\/tags?post=30070"}],"curies":[{"name":"wp","href":"https:\/\/api.w.org\/{rel}","templated":true}]}}