{"id":30074,"date":"2025-10-21T00:48:44","date_gmt":"2025-10-20T22:48:44","guid":{"rendered":"https:\/\/footdavant.fr\/actualites\/bryan-mbeumo-se-moque-de-latmosphere-danfield-apres-la-victoire-de-united\/"},"modified":"2025-10-21T00:48:47","modified_gmt":"2025-10-20T22:48:47","slug":"bryan-mbeumo-se-moque-de-latmosphere-danfield-apres-la-victoire-de-united","status":"publish","type":"post","link":"https:\/\/footdavant.fr\/actualites\/bryan-mbeumo-se-moque-de-latmosphere-danfield-apres-la-victoire-de-united\/","title":{"rendered":"Bryan Mbeumo se moque de l&#39;atmosph\u00e8re d&#39;Anfield apr\u00e8s la victoire de United &#8211;"},"content":{"rendered":"<div id=\"penci-post-entry-inner\">\n<p>\t\t\t<i class=\"penci-post-countview-number-check\" style=\"display:none\">3<\/i><\/p>\n<p><!--Article Start--><br \/>Manchester United a mis fin dimanche \u00e0 neuf ans d&#39;attente pour une victoire \u00e0 Anfield, avec une victoire 2-1 contre Liverpool en Premier League.<\/p>\n<p>Il y avait du pessimisme avant le match, en partie \u00e0 cause des appels de s\u00e9lection de Ruben Amorim, mais ils ont r\u00e9ussi un r\u00e9gal avec Harry Maguire marquant le vainqueur.<\/p>\n<p>Ce faisant, l&#39;entra\u00eeneur-chef a \u00e9galement lib\u00e9r\u00e9 le singe de son dos en remportant pour la premi\u00e8re fois des victoires successives dans l&#39;\u00e9lite anglaise.<\/p>\n<p>La combinaison d\u2019Amad et Bryan Mbeumo sur la droite a ouvert les vannes avec le but camerounais d\u00e8s la premi\u00e8re minute au Kop End.<\/p>\n<h5>Bryan Mbeumo r\u00e9pond aux fans de Liverpool<\/h5>\n<p>Apr\u00e8s le match, on a demand\u00e9 au joueur de 26 ans comment il avait ressenti la victoire, compte tenu de l&#39;atmosph\u00e8re hostile, et il avait une r\u00e9ponse formidable sous la main.<\/p>\n<blockquote class=\"twitter-tweet\" data-width=\"550\" data-dnt=\"true\">\n<p lang=\"en\" dir=\"ltr\">\ud83c\udde8\ud83c\uddf2\ud83c\udfa4 L&#39;interview d&#39;apr\u00e8s-match de Bryan Mbeumo ! (<a rel=\"nofollow\" href=\"https:\/\/twitter.com\/UtdJoshua03?ref_src=twsrc%5Etfw\">@UtdJoshua03<\/a>) <a rel=\"nofollow\" href=\"https:\/\/t.co\/7zbIwZBEXF\">pic.twitter.com\/7zbIwZBEXF<\/a><\/p>\n<p>\u2013 Le QG Uni (@TheUTDHQ) <a rel=\"nofollow\" href=\"https:\/\/twitter.com\/TheUTDHQ\/status\/1979980578234474639?ref_src=twsrc%5Etfw\">19 octobre 2025<\/a><\/p>\n<\/blockquote>\n<p>\u00ab\u00a0C&#39;est \u00e9videmment incroyable. L&#39;ambiance \u00e9tait folle du d\u00e9but \u00e0 la fin. Nous avons jou\u00e9 un bon match et \u00e9tions vraiment compacts. Nous \u00e9tions ensemble depuis le d\u00e9but et c&#39;\u00e9tait vraiment important de gagner aujourd&#39;hui\u00a0\u00bb, a-t-il d\u00e9clar\u00e9 \u00e0 MUTV.<\/p>\n<p>\u00ab\u00a0C&#39;\u00e9tait vraiment bien de marquer parce qu&#39;ils (les supporters de Liverpool du c\u00f4t\u00e9 du Kop) criaient et huaient d\u00e8s le d\u00e9but. Donc marquer devant eux et les voir tous silencieux, c&#39;\u00e9tait plut\u00f4t bien. Mais je pense que c&#39;est plut\u00f4t une victoire d&#39;\u00e9quipe aujourd&#39;hui.\u00a0\u00bb<\/p>\n<p>L&#39;international camerounais n&#39;est pas \u00e9tranger \u00e0 un accueil hostile lorsqu&#39;il est venu \u00e0 Liverpool en tant que joueur de Brentford, mais il pouvait sentir \u00e0 quel point la comp\u00e9tition \u00e9tait plus importante \u00e9tant donn\u00e9 la r\u00e9action qu&#39;il a re\u00e7ue avant m\u00eame le coup d&#39;envoi du match.<\/p>\n<h5>C&#39;est formidable de gagner dans un environnement hostile<\/h5>\n<p>\u00ab\u00a0Oui, \u00e0 100 pour cent. D\u00e8s l&#39;\u00e9chauffement, c&#39;\u00e9tait assez hostile. Nous le sentions \u00e0 chaque fois que nous avions le ballon. Cette victoire \u00e9tait donc quelque chose de sp\u00e9cial.\u00a0\u00bb<\/p>\n<p>Bryan Mbeumo n\u2019a pas tard\u00e9 \u00e0 f\u00e9liciter l\u2019entra\u00eeneur-chef, qui a \u00e9t\u00e9 assez mis sous pression cette saison. Et il esp\u00e9rait \u00e9galement que les joueurs, apr\u00e8s avoir bris\u00e9 le sort d\u2019Anfield, continueraient dans la m\u00eame veine \u00e0 l\u2019avenir.<\/p>\n<p>\u00ab\u00a0C&#39;est notre deuxi\u00e8me victoire cons\u00e9cutive. Cela va contribuer \u00e0 renforcer la confiance, et c&#39;\u00e9tait important de gagner pour le groupe, surtout de le faire ici.\u00a0\u00bb<\/p>\n<p>Les 20 fois champions de la ligue anglaise auront ensuite Brighton et Hove Albion, une autre comp\u00e9tition d\u00e9licate. Mais les attentes seront grandes et ils ne doivent pas laisser cet \u00e9lan s\u2019essouffler.<\/p>\n<\/p>\n<hr>\n<p>The Peoples Person est l&#39;un des principaux sites d&#39;information de Man United au monde depuis plus d&#39;une d\u00e9cennie. Suivez-nous sur Bluesky\u00a0: @peoplesperson.bsky.social<\/p>\n<\/p>\n<p><!-- CONTENT END 2 --><\/p><\/div>\n<p><script async src=\"https:\/\/platform.twitter.com\/widgets.js\" charset=\"utf-8\"><\/script><\/p>\n","protected":false},"excerpt":{"rendered":"<p>3 Manchester United a mis fin dimanche \u00e0 neuf ans d&#39;attente pour une victoire \u00e0 Anfield, avec une victoire 2-1 contre Liverpool en Premier League.<\/p>\n","protected":false},"author":1,"featured_media":30075,"comment_status":"closed","ping_status":"","sticky":false,"template":"","format":"standard","meta":{"footnotes":""},"categories":[3],"tags":[25,3551,4546,10811,7599,5033,13,26],"yoast_head":"<!-- This site is optimized with the Yoast SEO plugin v21.0 - https:\/\/yoast.com\/wordpress\/plugins\/seo\/ -->\n<title>Bryan Mbeumo se moque de l&#039;atmosph\u00e8re d&#039;Anfield apr\u00e8s la victoire de United -<\/title>\n<meta name=\"robots\" content=\"index, follow, max-snippet:-1, max-image-preview:large, max-video-preview:-1\" \/>\n<link rel=\"canonical\" href=\"https:\/\/footdavant.fr\/actualites\/bryan-mbeumo-se-moque-de-latmosphere-danfield-apres-la-victoire-de-united\/\" \/>\n<meta property=\"og:locale\" content=\"fr_FR\" \/>\n<meta property=\"og:type\" content=\"article\" \/>\n<meta property=\"og:title\" content=\"Bryan Mbeumo se moque de l&#039;atmosph\u00e8re d&#039;Anfield apr\u00e8s la victoire de United -\" \/>\n<meta property=\"og:description\" content=\"3 Manchester United a mis fin dimanche \u00e0 neuf ans d&#039;attente pour une victoire \u00e0 Anfield, avec une victoire 2-1 contre Liverpool en Premier League.\" \/>\n<meta property=\"og:url\" content=\"https:\/\/footdavant.fr\/actualites\/bryan-mbeumo-se-moque-de-latmosphere-danfield-apres-la-victoire-de-united\/\" \/>\n<meta property=\"og:site_name\" content=\"Foot d&#039;avant\" \/>\n<meta property=\"article:publisher\" content=\"https:\/\/www.facebook.com\/Footdavant\/\" \/>\n<meta property=\"article:published_time\" content=\"2025-10-20T22:48:44+00:00\" \/>\n<meta property=\"article:modified_time\" content=\"2025-10-20T22:48:47+00:00\" \/>\n<meta property=\"og:image\" content=\"https:\/\/footdavant.fr\/actualites\/wp-content\/uploads\/2025\/10\/Bryan-Mbeumo-se-moque-de-l39atmosphere-d39Anfield-apres-la-victoire.jpg\" \/>\n\t<meta property=\"og:image:width\" content=\"1600\" \/>\n\t<meta property=\"og:image:height\" content=\"708\" \/>\n\t<meta property=\"og:image:type\" content=\"image\/jpeg\" \/>\n<meta name=\"author\" content=\"Cl\u00e9ment\" \/>\n<meta name=\"twitter:card\" content=\"summary_large_image\" \/>\n<meta name=\"twitter:creator\" content=\"@FootdavantFr\" \/>\n<meta name=\"twitter:site\" content=\"@FootdavantFr\" \/>\n<meta name=\"twitter:label1\" content=\"\u00c9crit par\" \/>\n\t<meta name=\"twitter:data1\" content=\"Cl\u00e9ment\" \/>\n\t<meta name=\"twitter:label2\" content=\"Dur\u00e9e de lecture estim\u00e9e\" \/>\n\t<meta name=\"twitter:data2\" content=\"2 minutes\" \/>\n<script type=\"application\/ld+json\" class=\"yoast-schema-graph\">{\"@context\":\"https:\/\/schema.org\",\"@graph\":[{\"@type\":\"Article\",\"@id\":\"https:\/\/footdavant.fr\/actualites\/bryan-mbeumo-se-moque-de-latmosphere-danfield-apres-la-victoire-de-united\/#article\",\"isPartOf\":{\"@id\":\"https:\/\/footdavant.fr\/actualites\/bryan-mbeumo-se-moque-de-latmosphere-danfield-apres-la-victoire-de-united\/\"},\"author\":{\"name\":\"Cl\u00e9ment\",\"@id\":\"https:\/\/footdavant.fr\/actualites\/#\/schema\/person\/bc222566d95871b37e597b3ed3ba5e1d\"},\"headline\":\"Bryan Mbeumo se moque de l&#39;atmosph\u00e8re d&#39;Anfield apr\u00e8s la victoire de United &#8211;\",\"datePublished\":\"2025-10-20T22:48:44+00:00\",\"dateModified\":\"2025-10-20T22:48:47+00:00\",\"mainEntityOfPage\":{\"@id\":\"https:\/\/footdavant.fr\/actualites\/bryan-mbeumo-se-moque-de-latmosphere-danfield-apres-la-victoire-de-united\/\"},\"wordCount\":510,\"publisher\":{\"@id\":\"https:\/\/footdavant.fr\/actualites\/#organization\"},\"keywords\":[\"apr\u00e8s\",\"Bryan\",\"d39Anfield\",\"l39atmosph\u00e8re\",\"Mbeumo\",\"moque\",\"United\",\"victoire\"],\"articleSection\":[\"Football\"],\"inLanguage\":\"fr-FR\"},{\"@type\":\"WebPage\",\"@id\":\"https:\/\/footdavant.fr\/actualites\/bryan-mbeumo-se-moque-de-latmosphere-danfield-apres-la-victoire-de-united\/\",\"url\":\"https:\/\/footdavant.fr\/actualites\/bryan-mbeumo-se-moque-de-latmosphere-danfield-apres-la-victoire-de-united\/\",\"name\":\"Bryan Mbeumo se moque de l&#39;atmosph\u00e8re d&#39;Anfield apr\u00e8s la victoire de United -\",\"isPartOf\":{\"@id\":\"https:\/\/footdavant.fr\/actualites\/#website\"},\"datePublished\":\"2025-10-20T22:48:44+00:00\",\"dateModified\":\"2025-10-20T22:48:47+00:00\",\"breadcrumb\":{\"@id\":\"https:\/\/footdavant.fr\/actualites\/bryan-mbeumo-se-moque-de-latmosphere-danfield-apres-la-victoire-de-united\/#breadcrumb\"},\"inLanguage\":\"fr-FR\",\"potentialAction\":[{\"@type\":\"ReadAction\",\"target\":[\"https:\/\/footdavant.fr\/actualites\/bryan-mbeumo-se-moque-de-latmosphere-danfield-apres-la-victoire-de-united\/\"]}]},{\"@type\":\"BreadcrumbList\",\"@id\":\"https:\/\/footdavant.fr\/actualites\/bryan-mbeumo-se-moque-de-latmosphere-danfield-apres-la-victoire-de-united\/#breadcrumb\",\"itemListElement\":[{\"@type\":\"ListItem\",\"position\":1,\"name\":\"Accueil\",\"item\":\"https:\/\/footdavant.fr\/actualites\/\"},{\"@type\":\"ListItem\",\"position\":2,\"name\":\"Bryan Mbeumo se moque de l&#39;atmosph\u00e8re d&#39;Anfield apr\u00e8s la victoire de United &#8211;\"}]},{\"@type\":\"WebSite\",\"@id\":\"https:\/\/footdavant.fr\/actualites\/#website\",\"url\":\"https:\/\/footdavant.fr\/actualites\/\",\"name\":\"Foot d'avant\",\"description\":\"\",\"publisher\":{\"@id\":\"https:\/\/footdavant.fr\/actualites\/#organization\"},\"potentialAction\":[{\"@type\":\"SearchAction\",\"target\":{\"@type\":\"EntryPoint\",\"urlTemplate\":\"https:\/\/footdavant.fr\/actualites\/?s={search_term_string}\"},\"query-input\":\"required name=search_term_string\"}],\"inLanguage\":\"fr-FR\"},{\"@type\":\"Organization\",\"@id\":\"https:\/\/footdavant.fr\/actualites\/#organization\",\"name\":\"Foot d'avant\",\"url\":\"https:\/\/footdavant.fr\/actualites\/\",\"logo\":{\"@type\":\"ImageObject\",\"inLanguage\":\"fr-FR\",\"@id\":\"https:\/\/footdavant.fr\/actualites\/#\/schema\/logo\/image\/\",\"url\":\"https:\/\/footdavant.fr\/actualites\/wp-content\/uploads\/2023\/09\/Copy-of-FootDavant-Logo.png\",\"contentUrl\":\"https:\/\/footdavant.fr\/actualites\/wp-content\/uploads\/2023\/09\/Copy-of-FootDavant-Logo.png\",\"width\":936,\"height\":549,\"caption\":\"Foot d'avant\"},\"image\":{\"@id\":\"https:\/\/footdavant.fr\/actualites\/#\/schema\/logo\/image\/\"},\"sameAs\":[\"https:\/\/www.facebook.com\/Footdavant\/\",\"https:\/\/twitter.com\/FootdavantFr\",\"https:\/\/www.instagram.com\/footdavant.fr\/\"]},{\"@type\":\"Person\",\"@id\":\"https:\/\/footdavant.fr\/actualites\/#\/schema\/person\/bc222566d95871b37e597b3ed3ba5e1d\",\"name\":\"Cl\u00e9ment\",\"image\":{\"@type\":\"ImageObject\",\"inLanguage\":\"fr-FR\",\"@id\":\"https:\/\/footdavant.fr\/actualites\/#\/schema\/person\/image\/\",\"url\":\"https:\/\/secure.gravatar.com\/avatar\/7728b29aac2719421e1a9159b2254c44?s=96&d=mm&r=g\",\"contentUrl\":\"https:\/\/secure.gravatar.com\/avatar\/7728b29aac2719421e1a9159b2254c44?s=96&d=mm&r=g\",\"caption\":\"Cl\u00e9ment\"},\"sameAs\":[\"https:\/\/footdavant.fr\/\"]}]}<\/script>\n<!-- \/ Yoast SEO plugin. -->","yoast_head_json":{"title":"Bryan Mbeumo se moque de l&#39;atmosph\u00e8re d&#39;Anfield apr\u00e8s la victoire de United -","robots":{"index":"index","follow":"follow","max-snippet":"max-snippet:-1","max-image-preview":"max-image-preview:large","max-video-preview":"max-video-preview:-1"},"canonical":"https:\/\/footdavant.fr\/actualites\/bryan-mbeumo-se-moque-de-latmosphere-danfield-apres-la-victoire-de-united\/","og_locale":"fr_FR","og_type":"article","og_title":"Bryan Mbeumo se moque de l&#39;atmosph\u00e8re d&#39;Anfield apr\u00e8s la victoire de United -","og_description":"3 Manchester United a mis fin dimanche \u00e0 neuf ans d&#39;attente pour une victoire \u00e0 Anfield, avec une victoire 2-1 contre Liverpool en Premier League.","og_url":"https:\/\/footdavant.fr\/actualites\/bryan-mbeumo-se-moque-de-latmosphere-danfield-apres-la-victoire-de-united\/","og_site_name":"Foot d&#039;avant","article_publisher":"https:\/\/www.facebook.com\/Footdavant\/","article_published_time":"2025-10-20T22:48:44+00:00","article_modified_time":"2025-10-20T22:48:47+00:00","og_image":[{"width":1600,"height":708,"url":"https:\/\/footdavant.fr\/actualites\/wp-content\/uploads\/2025\/10\/Bryan-Mbeumo-se-moque-de-l39atmosphere-d39Anfield-apres-la-victoire.jpg","type":"image\/jpeg"}],"author":"Cl\u00e9ment","twitter_card":"summary_large_image","twitter_creator":"@FootdavantFr","twitter_site":"@FootdavantFr","twitter_misc":{"\u00c9crit par":"Cl\u00e9ment","Dur\u00e9e de lecture estim\u00e9e":"2 minutes"},"schema":{"@context":"https:\/\/schema.org","@graph":[{"@type":"Article","@id":"https:\/\/footdavant.fr\/actualites\/bryan-mbeumo-se-moque-de-latmosphere-danfield-apres-la-victoire-de-united\/#article","isPartOf":{"@id":"https:\/\/footdavant.fr\/actualites\/bryan-mbeumo-se-moque-de-latmosphere-danfield-apres-la-victoire-de-united\/"},"author":{"name":"Cl\u00e9ment","@id":"https:\/\/footdavant.fr\/actualites\/#\/schema\/person\/bc222566d95871b37e597b3ed3ba5e1d"},"headline":"Bryan Mbeumo se moque de l&#39;atmosph\u00e8re d&#39;Anfield apr\u00e8s la victoire de United &#8211;","datePublished":"2025-10-20T22:48:44+00:00","dateModified":"2025-10-20T22:48:47+00:00","mainEntityOfPage":{"@id":"https:\/\/footdavant.fr\/actualites\/bryan-mbeumo-se-moque-de-latmosphere-danfield-apres-la-victoire-de-united\/"},"wordCount":510,"publisher":{"@id":"https:\/\/footdavant.fr\/actualites\/#organization"},"keywords":["apr\u00e8s","Bryan","d39Anfield","l39atmosph\u00e8re","Mbeumo","moque","United","victoire"],"articleSection":["Football"],"inLanguage":"fr-FR"},{"@type":"WebPage","@id":"https:\/\/footdavant.fr\/actualites\/bryan-mbeumo-se-moque-de-latmosphere-danfield-apres-la-victoire-de-united\/","url":"https:\/\/footdavant.fr\/actualites\/bryan-mbeumo-se-moque-de-latmosphere-danfield-apres-la-victoire-de-united\/","name":"Bryan Mbeumo se moque de l&#39;atmosph\u00e8re d&#39;Anfield apr\u00e8s la victoire de United -","isPartOf":{"@id":"https:\/\/footdavant.fr\/actualites\/#website"},"datePublished":"2025-10-20T22:48:44+00:00","dateModified":"2025-10-20T22:48:47+00:00","breadcrumb":{"@id":"https:\/\/footdavant.fr\/actualites\/bryan-mbeumo-se-moque-de-latmosphere-danfield-apres-la-victoire-de-united\/#breadcrumb"},"inLanguage":"fr-FR","potentialAction":[{"@type":"ReadAction","target":["https:\/\/footdavant.fr\/actualites\/bryan-mbeumo-se-moque-de-latmosphere-danfield-apres-la-victoire-de-united\/"]}]},{"@type":"BreadcrumbList","@id":"https:\/\/footdavant.fr\/actualites\/bryan-mbeumo-se-moque-de-latmosphere-danfield-apres-la-victoire-de-united\/#breadcrumb","itemListElement":[{"@type":"ListItem","position":1,"name":"Accueil","item":"https:\/\/footdavant.fr\/actualites\/"},{"@type":"ListItem","position":2,"name":"Bryan Mbeumo se moque de l&#39;atmosph\u00e8re d&#39;Anfield apr\u00e8s la victoire de United &#8211;"}]},{"@type":"WebSite","@id":"https:\/\/footdavant.fr\/actualites\/#website","url":"https:\/\/footdavant.fr\/actualites\/","name":"Foot d'avant","description":"","publisher":{"@id":"https:\/\/footdavant.fr\/actualites\/#organization"},"potentialAction":[{"@type":"SearchAction","target":{"@type":"EntryPoint","urlTemplate":"https:\/\/footdavant.fr\/actualites\/?s={search_term_string}"},"query-input":"required name=search_term_string"}],"inLanguage":"fr-FR"},{"@type":"Organization","@id":"https:\/\/footdavant.fr\/actualites\/#organization","name":"Foot d'avant","url":"https:\/\/footdavant.fr\/actualites\/","logo":{"@type":"ImageObject","inLanguage":"fr-FR","@id":"https:\/\/footdavant.fr\/actualites\/#\/schema\/logo\/image\/","url":"https:\/\/footdavant.fr\/actualites\/wp-content\/uploads\/2023\/09\/Copy-of-FootDavant-Logo.png","contentUrl":"https:\/\/footdavant.fr\/actualites\/wp-content\/uploads\/2023\/09\/Copy-of-FootDavant-Logo.png","width":936,"height":549,"caption":"Foot d'avant"},"image":{"@id":"https:\/\/footdavant.fr\/actualites\/#\/schema\/logo\/image\/"},"sameAs":["https:\/\/www.facebook.com\/Footdavant\/","https:\/\/twitter.com\/FootdavantFr","https:\/\/www.instagram.com\/footdavant.fr\/"]},{"@type":"Person","@id":"https:\/\/footdavant.fr\/actualites\/#\/schema\/person\/bc222566d95871b37e597b3ed3ba5e1d","name":"Cl\u00e9ment","image":{"@type":"ImageObject","inLanguage":"fr-FR","@id":"https:\/\/footdavant.fr\/actualites\/#\/schema\/person\/image\/","url":"https:\/\/secure.gravatar.com\/avatar\/7728b29aac2719421e1a9159b2254c44?s=96&d=mm&r=g","contentUrl":"https:\/\/secure.gravatar.com\/avatar\/7728b29aac2719421e1a9159b2254c44?s=96&d=mm&r=g","caption":"Cl\u00e9ment"},"sameAs":["https:\/\/footdavant.fr\/"]}]}},"_links":{"self":[{"href":"https:\/\/footdavant.fr\/actualites\/wp-json\/wp\/v2\/posts\/30074"}],"collection":[{"href":"https:\/\/footdavant.fr\/actualites\/wp-json\/wp\/v2\/posts"}],"about":[{"href":"https:\/\/footdavant.fr\/actualites\/wp-json\/wp\/v2\/types\/post"}],"author":[{"embeddable":true,"href":"https:\/\/footdavant.fr\/actualites\/wp-json\/wp\/v2\/users\/1"}],"replies":[{"embeddable":true,"href":"https:\/\/footdavant.fr\/actualites\/wp-json\/wp\/v2\/comments?post=30074"}],"version-history":[{"count":1,"href":"https:\/\/footdavant.fr\/actualites\/wp-json\/wp\/v2\/posts\/30074\/revisions"}],"predecessor-version":[{"id":30076,"href":"https:\/\/footdavant.fr\/actualites\/wp-json\/wp\/v2\/posts\/30074\/revisions\/30076"}],"wp:featuredmedia":[{"embeddable":true,"href":"https:\/\/footdavant.fr\/actualites\/wp-json\/wp\/v2\/media\/30075"}],"wp:attachment":[{"href":"https:\/\/footdavant.fr\/actualites\/wp-json\/wp\/v2\/media?parent=30074"}],"wp:term":[{"taxonomy":"category","embeddable":true,"href":"https:\/\/footdavant.fr\/actualites\/wp-json\/wp\/v2\/categories?post=30074"},{"taxonomy":"post_tag","embeddable":true,"href":"https:\/\/footdavant.fr\/actualites\/wp-json\/wp\/v2\/tags?post=30074"}],"curies":[{"name":"wp","href":"https:\/\/api.w.org\/{rel}","templated":true}]}}