{"id":30083,"date":"2025-10-21T04:48:24","date_gmt":"2025-10-21T02:48:24","guid":{"rendered":"https:\/\/footdavant.fr\/actualites\/la-position-pragmatique-denzo-maresca-convient-bien-mieux-a-chelsea\/"},"modified":"2025-10-21T04:48:24","modified_gmt":"2025-10-21T02:48:24","slug":"la-position-pragmatique-denzo-maresca-convient-bien-mieux-a-chelsea","status":"publish","type":"post","link":"https:\/\/footdavant.fr\/actualites\/la-position-pragmatique-denzo-maresca-convient-bien-mieux-a-chelsea\/","title":{"rendered":"La position pragmatique d&#39;Enzo Maresca convient bien mieux \u00e0 Chelsea"},"content":{"rendered":"<div>\n<p>Enzo Maresca montre qu&#39;il peut \u00eatre audacieux et courageux pour apporter des changements MASSIFS dans le jeu lorsque les choses ne vont pas bien. J&#39;aime \u00e7a chez lui.<\/p>\n<p>Il lance des appels acharn\u00e9s et n\u2019a pas peur de faire sortir du terrain tout joueur qui, selon lui, n\u2019en fait pas assez. Cela peut para\u00eetre dur \u00e0 certains, mais c\u2019est absolument n\u00e9cessaire et je le soutiens. Il n&#39;y a AUCUNE marge d&#39;erreur sous Maresca, et il montre qu&#39;il \u00e9tablit cette loi maintenant et qu&#39;il n&#39;y a aucune excuse pour qu&#39;un joueur ne fasse pas d&#39;efforts \u00e0 100 % et ne soit pas compl\u00e8tement activ\u00e9 pendant tout le match. Si vous n&#39;\u00eates pas aux courses, vous serez assis sur le banc. J\u2019aime cette fa\u00e7on de fonctionner.<\/p>\n<div class=\"captioned-image-container\">\n<figure>\n<div class=\"image2-inset\"><img loading=\"lazy\" decoding=\"async\" class=\"sizing-normal\" title=\"Image\" src=\"https:\/\/footdavant.fr\/actualites\/wp-content\/uploads\/2025\/10\/La-position-pragmatique-d39Enzo-Maresca-convient-bien-mieux-a-Chelsea.jpeg\" alt=\"Image\" width=\"864\" height=\"1080\" data-attrs='{\"src\":\"https:\/\/substack-post-media.s3.amazonaws.com\/public\/images\/07cfba05-3e2a-400e-901c-35cb529b825c_864x1080.jpeg\",\"srcNoWatermark\":null,\"fullscreen\":null,\"imageSize\":null,\"height\":1080,\"width\":864,\"resizeWidth\":null,\"bytes\":null,\"alt\":\"Image\",\"title\":null,\"type\":null,\"href\":null,\"belowTheFold\":false,\"topImage\":false,\"internalRedirect\":null,\"isProcessing\":false,\"align\":null,\"offset\":false}'><\/p>\n<\/div>\n<\/figure>\n<\/div>\n<p>Certes, nous avons des blessures en ce moment, mais nous avons une grande \u00e9quipe et Maresca peut se permettre de vous laisser tomber si vous ne faites pas votre part. Il y a toujours quelqu&#39;un d&#39;autre qui veut votre poste et est pr\u00eat \u00e0 intervenir si vous ne l&#39;\u00eates pas. C\u2019est une excellente position \u00e0 avoir.<\/p>\n<p>Je ne pense pas que nous ayons toujours vu cela de la part de Maresca, mais il gagne maintenant en stature, en confiance, et il fait preuve de plus de discipline et ne prend pas de d\u00e9cisions absurdes.<\/p>\n<p>Faire TROIS changements \u00e0 la mi-temps hier \u00e9tait un risque \u00e9norme et une d\u00e9cision massive. Mais il l\u2019a fait et cela a chang\u00e9 la donne. Je lui adresse donc un grand bravo pour cela.<\/p>\n<p>J&#39;aime toujours \u00eatre \u00e9quilibr\u00e9 sur ce site comme je le dis, et je trouve qu&#39;il est tout aussi important de complimenter et de f\u00e9liciter pour des choses comme celle-ci que d&#39;analyser et de critiquer de mani\u00e8re constructive, ce que j&#39;ai souvent fait et continuerai de faire avec Maresca, tout joueur, r\u00e9alisateur ou propri\u00e9taire dont je sens que je dois parler.<\/p>\n<p>Alors soyez pr\u00e9venus, joueurs de Chelsea, si vous fant\u00f4mez un match ou si vous n\u2019y \u00eates pas encore pr\u00e9sent, vous feriez mieux d\u2019\u00eatre pr\u00eat \u00e0 aller r\u00e9chauffer le banc \u00e0 la place. Maresca ne prend pas de b\u00eatises et je suis l\u00e0 pour \u00e7a !<\/p>\n<\/p><\/div>\n","protected":false},"excerpt":{"rendered":"<p>Enzo Maresca montre qu&#39;il peut \u00eatre audacieux et courageux pour apporter des changements MASSIFS dans le jeu lorsque les choses ne vont pas bien. J&#39;aime<\/p>\n","protected":false},"author":1,"featured_media":0,"comment_status":"","ping_status":"","sticky":false,"template":"","format":"standard","meta":{"footnotes":""},"categories":[3],"tags":[962,171,4922,4631,5107,1544,2283,10812],"yoast_head":"<!-- This site is optimized with the Yoast SEO plugin v21.0 - https:\/\/yoast.com\/wordpress\/plugins\/seo\/ -->\n<title>La position pragmatique d&#039;Enzo Maresca convient bien mieux \u00e0 Chelsea<\/title>\n<meta name=\"robots\" content=\"index, follow, max-snippet:-1, max-image-preview:large, max-video-preview:-1\" \/>\n<link rel=\"canonical\" href=\"https:\/\/footdavant.fr\/actualites\/la-position-pragmatique-denzo-maresca-convient-bien-mieux-a-chelsea\/\" \/>\n<meta property=\"og:locale\" content=\"fr_FR\" \/>\n<meta property=\"og:type\" content=\"article\" \/>\n<meta property=\"og:title\" content=\"La position pragmatique d&#039;Enzo Maresca convient bien mieux \u00e0 Chelsea\" \/>\n<meta property=\"og:description\" content=\"Enzo Maresca montre qu&#039;il peut \u00eatre audacieux et courageux pour apporter des changements MASSIFS dans le jeu lorsque les choses ne vont pas bien. J&#039;aime\" \/>\n<meta property=\"og:url\" content=\"https:\/\/footdavant.fr\/actualites\/la-position-pragmatique-denzo-maresca-convient-bien-mieux-a-chelsea\/\" \/>\n<meta property=\"og:site_name\" content=\"Foot d&#039;avant\" \/>\n<meta property=\"article:publisher\" content=\"https:\/\/www.facebook.com\/Footdavant\/\" \/>\n<meta property=\"article:published_time\" content=\"2025-10-21T02:48:24+00:00\" \/>\n<meta property=\"og:image\" content=\"https:\/\/footdavant.fr\/actualites\/wp-content\/uploads\/2025\/10\/La-position-pragmatique-d39Enzo-Maresca-convient-bien-mieux-a-Chelsea.jpeg\" \/>\n<meta name=\"author\" content=\"Cl\u00e9ment\" \/>\n<meta name=\"twitter:card\" content=\"summary_large_image\" \/>\n<meta name=\"twitter:creator\" content=\"@FootdavantFr\" \/>\n<meta name=\"twitter:site\" content=\"@FootdavantFr\" \/>\n<meta name=\"twitter:label1\" content=\"\u00c9crit par\" \/>\n\t<meta name=\"twitter:data1\" content=\"Cl\u00e9ment\" \/>\n\t<meta name=\"twitter:label2\" content=\"Dur\u00e9e de lecture estim\u00e9e\" \/>\n\t<meta name=\"twitter:data2\" content=\"2 minutes\" \/>\n<script type=\"application\/ld+json\" class=\"yoast-schema-graph\">{\"@context\":\"https:\/\/schema.org\",\"@graph\":[{\"@type\":\"Article\",\"@id\":\"https:\/\/footdavant.fr\/actualites\/la-position-pragmatique-denzo-maresca-convient-bien-mieux-a-chelsea\/#article\",\"isPartOf\":{\"@id\":\"https:\/\/footdavant.fr\/actualites\/la-position-pragmatique-denzo-maresca-convient-bien-mieux-a-chelsea\/\"},\"author\":{\"name\":\"Cl\u00e9ment\",\"@id\":\"https:\/\/footdavant.fr\/actualites\/#\/schema\/person\/bc222566d95871b37e597b3ed3ba5e1d\"},\"headline\":\"La position pragmatique d&#39;Enzo Maresca convient bien mieux \u00e0 Chelsea\",\"datePublished\":\"2025-10-21T02:48:24+00:00\",\"dateModified\":\"2025-10-21T02:48:24+00:00\",\"mainEntityOfPage\":{\"@id\":\"https:\/\/footdavant.fr\/actualites\/la-position-pragmatique-denzo-maresca-convient-bien-mieux-a-chelsea\/\"},\"wordCount\":400,\"publisher\":{\"@id\":\"https:\/\/footdavant.fr\/actualites\/#organization\"},\"keywords\":[\"bien..\",\"Chelsea\",\"convient\",\"d39Enzo\",\"Maresca\",\"mieux\",\"position\",\"pragmatique\"],\"articleSection\":[\"Football\"],\"inLanguage\":\"fr-FR\"},{\"@type\":\"WebPage\",\"@id\":\"https:\/\/footdavant.fr\/actualites\/la-position-pragmatique-denzo-maresca-convient-bien-mieux-a-chelsea\/\",\"url\":\"https:\/\/footdavant.fr\/actualites\/la-position-pragmatique-denzo-maresca-convient-bien-mieux-a-chelsea\/\",\"name\":\"La position pragmatique d&#39;Enzo Maresca convient bien mieux \u00e0 Chelsea\",\"isPartOf\":{\"@id\":\"https:\/\/footdavant.fr\/actualites\/#website\"},\"datePublished\":\"2025-10-21T02:48:24+00:00\",\"dateModified\":\"2025-10-21T02:48:24+00:00\",\"breadcrumb\":{\"@id\":\"https:\/\/footdavant.fr\/actualites\/la-position-pragmatique-denzo-maresca-convient-bien-mieux-a-chelsea\/#breadcrumb\"},\"inLanguage\":\"fr-FR\",\"potentialAction\":[{\"@type\":\"ReadAction\",\"target\":[\"https:\/\/footdavant.fr\/actualites\/la-position-pragmatique-denzo-maresca-convient-bien-mieux-a-chelsea\/\"]}]},{\"@type\":\"BreadcrumbList\",\"@id\":\"https:\/\/footdavant.fr\/actualites\/la-position-pragmatique-denzo-maresca-convient-bien-mieux-a-chelsea\/#breadcrumb\",\"itemListElement\":[{\"@type\":\"ListItem\",\"position\":1,\"name\":\"Accueil\",\"item\":\"https:\/\/footdavant.fr\/actualites\/\"},{\"@type\":\"ListItem\",\"position\":2,\"name\":\"La position pragmatique d&#39;Enzo Maresca convient bien mieux \u00e0 Chelsea\"}]},{\"@type\":\"WebSite\",\"@id\":\"https:\/\/footdavant.fr\/actualites\/#website\",\"url\":\"https:\/\/footdavant.fr\/actualites\/\",\"name\":\"Foot d'avant\",\"description\":\"\",\"publisher\":{\"@id\":\"https:\/\/footdavant.fr\/actualites\/#organization\"},\"potentialAction\":[{\"@type\":\"SearchAction\",\"target\":{\"@type\":\"EntryPoint\",\"urlTemplate\":\"https:\/\/footdavant.fr\/actualites\/?s={search_term_string}\"},\"query-input\":\"required name=search_term_string\"}],\"inLanguage\":\"fr-FR\"},{\"@type\":\"Organization\",\"@id\":\"https:\/\/footdavant.fr\/actualites\/#organization\",\"name\":\"Foot d'avant\",\"url\":\"https:\/\/footdavant.fr\/actualites\/\",\"logo\":{\"@type\":\"ImageObject\",\"inLanguage\":\"fr-FR\",\"@id\":\"https:\/\/footdavant.fr\/actualites\/#\/schema\/logo\/image\/\",\"url\":\"https:\/\/footdavant.fr\/actualites\/wp-content\/uploads\/2023\/09\/Copy-of-FootDavant-Logo.png\",\"contentUrl\":\"https:\/\/footdavant.fr\/actualites\/wp-content\/uploads\/2023\/09\/Copy-of-FootDavant-Logo.png\",\"width\":936,\"height\":549,\"caption\":\"Foot d'avant\"},\"image\":{\"@id\":\"https:\/\/footdavant.fr\/actualites\/#\/schema\/logo\/image\/\"},\"sameAs\":[\"https:\/\/www.facebook.com\/Footdavant\/\",\"https:\/\/twitter.com\/FootdavantFr\",\"https:\/\/www.instagram.com\/footdavant.fr\/\"]},{\"@type\":\"Person\",\"@id\":\"https:\/\/footdavant.fr\/actualites\/#\/schema\/person\/bc222566d95871b37e597b3ed3ba5e1d\",\"name\":\"Cl\u00e9ment\",\"image\":{\"@type\":\"ImageObject\",\"inLanguage\":\"fr-FR\",\"@id\":\"https:\/\/footdavant.fr\/actualites\/#\/schema\/person\/image\/\",\"url\":\"https:\/\/secure.gravatar.com\/avatar\/7728b29aac2719421e1a9159b2254c44?s=96&d=mm&r=g\",\"contentUrl\":\"https:\/\/secure.gravatar.com\/avatar\/7728b29aac2719421e1a9159b2254c44?s=96&d=mm&r=g\",\"caption\":\"Cl\u00e9ment\"},\"sameAs\":[\"https:\/\/footdavant.fr\/\"]}]}<\/script>\n<!-- \/ Yoast SEO plugin. -->","yoast_head_json":{"title":"La position pragmatique d&#39;Enzo Maresca convient bien mieux \u00e0 Chelsea","robots":{"index":"index","follow":"follow","max-snippet":"max-snippet:-1","max-image-preview":"max-image-preview:large","max-video-preview":"max-video-preview:-1"},"canonical":"https:\/\/footdavant.fr\/actualites\/la-position-pragmatique-denzo-maresca-convient-bien-mieux-a-chelsea\/","og_locale":"fr_FR","og_type":"article","og_title":"La position pragmatique d&#39;Enzo Maresca convient bien mieux \u00e0 Chelsea","og_description":"Enzo Maresca montre qu&#39;il peut \u00eatre audacieux et courageux pour apporter des changements MASSIFS dans le jeu lorsque les choses ne vont pas bien. J&#39;aime","og_url":"https:\/\/footdavant.fr\/actualites\/la-position-pragmatique-denzo-maresca-convient-bien-mieux-a-chelsea\/","og_site_name":"Foot d&#039;avant","article_publisher":"https:\/\/www.facebook.com\/Footdavant\/","article_published_time":"2025-10-21T02:48:24+00:00","og_image":[{"url":"https:\/\/footdavant.fr\/actualites\/wp-content\/uploads\/2025\/10\/La-position-pragmatique-d39Enzo-Maresca-convient-bien-mieux-a-Chelsea.jpeg"}],"author":"Cl\u00e9ment","twitter_card":"summary_large_image","twitter_creator":"@FootdavantFr","twitter_site":"@FootdavantFr","twitter_misc":{"\u00c9crit par":"Cl\u00e9ment","Dur\u00e9e de lecture estim\u00e9e":"2 minutes"},"schema":{"@context":"https:\/\/schema.org","@graph":[{"@type":"Article","@id":"https:\/\/footdavant.fr\/actualites\/la-position-pragmatique-denzo-maresca-convient-bien-mieux-a-chelsea\/#article","isPartOf":{"@id":"https:\/\/footdavant.fr\/actualites\/la-position-pragmatique-denzo-maresca-convient-bien-mieux-a-chelsea\/"},"author":{"name":"Cl\u00e9ment","@id":"https:\/\/footdavant.fr\/actualites\/#\/schema\/person\/bc222566d95871b37e597b3ed3ba5e1d"},"headline":"La position pragmatique d&#39;Enzo Maresca convient bien mieux \u00e0 Chelsea","datePublished":"2025-10-21T02:48:24+00:00","dateModified":"2025-10-21T02:48:24+00:00","mainEntityOfPage":{"@id":"https:\/\/footdavant.fr\/actualites\/la-position-pragmatique-denzo-maresca-convient-bien-mieux-a-chelsea\/"},"wordCount":400,"publisher":{"@id":"https:\/\/footdavant.fr\/actualites\/#organization"},"keywords":["bien..","Chelsea","convient","d39Enzo","Maresca","mieux","position","pragmatique"],"articleSection":["Football"],"inLanguage":"fr-FR"},{"@type":"WebPage","@id":"https:\/\/footdavant.fr\/actualites\/la-position-pragmatique-denzo-maresca-convient-bien-mieux-a-chelsea\/","url":"https:\/\/footdavant.fr\/actualites\/la-position-pragmatique-denzo-maresca-convient-bien-mieux-a-chelsea\/","name":"La position pragmatique d&#39;Enzo Maresca convient bien mieux \u00e0 Chelsea","isPartOf":{"@id":"https:\/\/footdavant.fr\/actualites\/#website"},"datePublished":"2025-10-21T02:48:24+00:00","dateModified":"2025-10-21T02:48:24+00:00","breadcrumb":{"@id":"https:\/\/footdavant.fr\/actualites\/la-position-pragmatique-denzo-maresca-convient-bien-mieux-a-chelsea\/#breadcrumb"},"inLanguage":"fr-FR","potentialAction":[{"@type":"ReadAction","target":["https:\/\/footdavant.fr\/actualites\/la-position-pragmatique-denzo-maresca-convient-bien-mieux-a-chelsea\/"]}]},{"@type":"BreadcrumbList","@id":"https:\/\/footdavant.fr\/actualites\/la-position-pragmatique-denzo-maresca-convient-bien-mieux-a-chelsea\/#breadcrumb","itemListElement":[{"@type":"ListItem","position":1,"name":"Accueil","item":"https:\/\/footdavant.fr\/actualites\/"},{"@type":"ListItem","position":2,"name":"La position pragmatique d&#39;Enzo Maresca convient bien mieux \u00e0 Chelsea"}]},{"@type":"WebSite","@id":"https:\/\/footdavant.fr\/actualites\/#website","url":"https:\/\/footdavant.fr\/actualites\/","name":"Foot d'avant","description":"","publisher":{"@id":"https:\/\/footdavant.fr\/actualites\/#organization"},"potentialAction":[{"@type":"SearchAction","target":{"@type":"EntryPoint","urlTemplate":"https:\/\/footdavant.fr\/actualites\/?s={search_term_string}"},"query-input":"required name=search_term_string"}],"inLanguage":"fr-FR"},{"@type":"Organization","@id":"https:\/\/footdavant.fr\/actualites\/#organization","name":"Foot d'avant","url":"https:\/\/footdavant.fr\/actualites\/","logo":{"@type":"ImageObject","inLanguage":"fr-FR","@id":"https:\/\/footdavant.fr\/actualites\/#\/schema\/logo\/image\/","url":"https:\/\/footdavant.fr\/actualites\/wp-content\/uploads\/2023\/09\/Copy-of-FootDavant-Logo.png","contentUrl":"https:\/\/footdavant.fr\/actualites\/wp-content\/uploads\/2023\/09\/Copy-of-FootDavant-Logo.png","width":936,"height":549,"caption":"Foot d'avant"},"image":{"@id":"https:\/\/footdavant.fr\/actualites\/#\/schema\/logo\/image\/"},"sameAs":["https:\/\/www.facebook.com\/Footdavant\/","https:\/\/twitter.com\/FootdavantFr","https:\/\/www.instagram.com\/footdavant.fr\/"]},{"@type":"Person","@id":"https:\/\/footdavant.fr\/actualites\/#\/schema\/person\/bc222566d95871b37e597b3ed3ba5e1d","name":"Cl\u00e9ment","image":{"@type":"ImageObject","inLanguage":"fr-FR","@id":"https:\/\/footdavant.fr\/actualites\/#\/schema\/person\/image\/","url":"https:\/\/secure.gravatar.com\/avatar\/7728b29aac2719421e1a9159b2254c44?s=96&d=mm&r=g","contentUrl":"https:\/\/secure.gravatar.com\/avatar\/7728b29aac2719421e1a9159b2254c44?s=96&d=mm&r=g","caption":"Cl\u00e9ment"},"sameAs":["https:\/\/footdavant.fr\/"]}]}},"_links":{"self":[{"href":"https:\/\/footdavant.fr\/actualites\/wp-json\/wp\/v2\/posts\/30083"}],"collection":[{"href":"https:\/\/footdavant.fr\/actualites\/wp-json\/wp\/v2\/posts"}],"about":[{"href":"https:\/\/footdavant.fr\/actualites\/wp-json\/wp\/v2\/types\/post"}],"author":[{"embeddable":true,"href":"https:\/\/footdavant.fr\/actualites\/wp-json\/wp\/v2\/users\/1"}],"replies":[{"embeddable":true,"href":"https:\/\/footdavant.fr\/actualites\/wp-json\/wp\/v2\/comments?post=30083"}],"version-history":[{"count":0,"href":"https:\/\/footdavant.fr\/actualites\/wp-json\/wp\/v2\/posts\/30083\/revisions"}],"wp:attachment":[{"href":"https:\/\/footdavant.fr\/actualites\/wp-json\/wp\/v2\/media?parent=30083"}],"wp:term":[{"taxonomy":"category","embeddable":true,"href":"https:\/\/footdavant.fr\/actualites\/wp-json\/wp\/v2\/categories?post=30083"},{"taxonomy":"post_tag","embeddable":true,"href":"https:\/\/footdavant.fr\/actualites\/wp-json\/wp\/v2\/tags?post=30083"}],"curies":[{"name":"wp","href":"https:\/\/api.w.org\/{rel}","templated":true}]}}