{"id":30102,"date":"2025-10-21T13:50:33","date_gmt":"2025-10-21T11:50:33","guid":{"rendered":"https:\/\/footdavant.fr\/actualites\/arsenal-contre-atletico-madrid-un-scenario-de-suspension-de-reve-emerge-pour-mikel-arteta-avant-le-choc-de-la-ligue-des-champions\/"},"modified":"2025-10-21T13:50:34","modified_gmt":"2025-10-21T11:50:34","slug":"arsenal-contre-atletico-madrid-un-scenario-de-suspension-de-reve-emerge-pour-mikel-arteta-avant-le-choc-de-la-ligue-des-champions","status":"publish","type":"post","link":"https:\/\/footdavant.fr\/actualites\/arsenal-contre-atletico-madrid-un-scenario-de-suspension-de-reve-emerge-pour-mikel-arteta-avant-le-choc-de-la-ligue-des-champions\/","title":{"rendered":"Arsenal contre Atletico Madrid : un sc\u00e9nario de suspension de r\u00eave \u00e9merge pour Mikel Arteta avant le choc de la Ligue des champions"},"content":{"rendered":"<div><\/div>\n<p>Arsenal pourrait subir un double coup de suspension qui pourrait s&#39;av\u00e9rer \u00eatre une b\u00e9n\u00e9diction d\u00e9guis\u00e9e lors de la bataille de mardi en Ligue des champions contre l&#39;Atletico Madrid \u00e0 l&#39;Emirates.<\/p>\n<div id=\"article_body\" itemprop=\"articleBody\">\n<h3 class=\"firstPara\"><\/h3>\n<p><strong class=\"autotag\">Arsenal pourrait subir un double coup de suspension qui pourrait s&#39;av\u00e9rer \u00eatre une b\u00e9n\u00e9diction d\u00e9guis\u00e9e lors du match de mardi. <strong class=\"autotag\">Bataille de Ligue des Champions avec <strong class=\"autotag\">Atl\u00e9tico Madrid aux Emirats.<\/p>\n<p>Les Gunners tentent d&#39;atteindre le score de trois sur trois lors du tournoi 2025-26 apr\u00e8s des victoires cons\u00e9cutives 2-0 contre l&#39;Athletic Bilbao et l&#39;Olympiacos lors des deux premi\u00e8res semaines de match.<\/p>\n<p><strong class=\"autotag\">Les hommes de Mikel Arteta se retrouvent n\u00e9anmoins men\u00e9s <strong class=\"autotag\">Le Bayern Munich, le Paris Saint-Germain, le Real Madrid et l&#39;Inter Milan comptent 36 \u00e9quipes dans le classement de la phase de championnat, mais ils sont en t\u00eate du classement de la Premier League apr\u00e8s la victoire 1-0 de samedi contre Fulham.<\/p>\n<p>Avec un \u00e9cart de cinq jours entre le match de mardi et la visite de Crystal Palace en premi\u00e8re division dimanche, Arteta devrait se rapprocher d&#39;un effectif complet contre l&#39;Atletico, qui a battu l&#39;Eintracht Francfort 5-1 lors de la deuxi\u00e8me journ\u00e9e de la Ligue des Champions.<\/p>\n<p>En cons\u00e9quence, il est pr\u00e9vu que les milieux de terrain r\u00e9guliers <strong class=\"autotag\">Martin Zubimendi et <strong class=\"autotag\">Declan Rice fera partie du premier onze de l&#39;Espagnol dans le nord de Londres, o\u00f9 ils fouleront tous les deux la corde raide disciplinaire.<\/p>\n<h2>Martin Zubimendi d&#39;Arsenal et Declan Rice \u00e0 un carton pr\u00e8s de l&#39;interdiction de la Ligue des champions<\/h2>\n<p class=\"imgI\">\n<p>Rice et Zubimendi ont tous deux re\u00e7u un carton jaune lors des victoires des Gunners contre l&#39;Olympiacos et l&#39;Athletic Bilbao, et trois cartons jaunes en phase de championnat de la Ligue des champions entra\u00eenent une suspension d&#39;un match.<\/p>\n<p>Le duo de milieux de terrain encourra donc des interdictions s&#39;ils sont avertis contre l&#39;Atletico Madrid mardi soir, mais ces sanctions pourraient en fait \u00eatre pr\u00e9f\u00e9rables \u00e0 une \u00e9ventuelle alternative pour Arteta.<\/p>\n<p>Si Rice et Zubimendi sont r\u00e9serv\u00e9s mardi, ils rateront le d\u00e9placement des Gunners au Slavia Prague lors de la quatri\u00e8me journ\u00e9e de la Ligue des champions, un match nul qu&#39;Arsenal devrait remporter m\u00eame sans leurs options de premier choix disponibles.<\/p>\n<p>Cependant, si les deux joueurs \u00e9taient avertis contre le Slavia Prague, ils rateraient le match \u00e0 domicile \u00e0 succ\u00e8s contre le Bayern Munich &#8211; qui occupe actuellement la premi\u00e8re place du classement de la phase de championnat &#8211; le 26 novembre.<\/p>\n<p>En cons\u00e9quence, Rice et Zubimendi \u00e9copant de cartons jaunes contre l&#39;Atletico, absents du match contre le Slavia Prague mais revenant pour la visite du Bayern ne seraient pas le pire r\u00e9sultat au monde pour Arteta cette semaine.<\/p>\n<h2>Comment Arsenal pourrait-il remplacer Martin Zubimendi, Declan Rice ?<\/h2>\n<p class=\"imgI\">\n<p>Alors qu&#39;Arteta ne devrait pas persuader Rice et Zubimendi d&#39;encourir des cartons jaunes mardi soir, de nombreux Gooners conviendraient s\u00fbrement qu&#39;il est pr\u00e9f\u00e9rable pour les deux de rater le Slavia Prague plut\u00f4t que de regarder impuissants contre le Bayern.<\/p>\n<p>L&#39;entra\u00eeneur d&#39;Arsenal n&#39;est pas non plus d\u00e9pourvu d&#39;options de changement au milieu du parc, et l&#39;absence de Zubimendi devrait \u00eatre couverte par <strong class=\"autotag\">Christian Norgaard, malgr\u00e9 le manque d&#39;action du Danois depuis qu&#39;il a rejoint les Gunners depuis Brentford.<\/p>\n<p>Dans le r\u00f4le de huiti\u00e8me gauche de Rice, Mikel Merino est une valeur s\u00fbre pour remplacer l&#39;international anglais de 105 millions de livres sterling, mais le patron des Gunners pourrait \u00e9galement exp\u00e9rimenter avec <strong class=\"autotag\">Eberechi Eze dans cette fente.<\/p>\n<p>L&#39;ancien attaquant de Crystal Palace n&#39;a pas encore brill\u00e9 dans le r\u00f4le de droitier de Martin Odegaard et a traditionnellement produit son meilleur travail \u00e0 gauche, o\u00f9 l&#39;\u00e9ventuelle interdiction de Rice pourrait jouer en sa faveur.<\/p>\n<p>Eze op\u00e9rant \u00e0 gauche serait optimiste quant aux chances d&#39;Ethan Nwaneri de enfin commencer un match de Ligue des champions, mais Arteta a jusqu&#39;\u00e0 pr\u00e9sent pr\u00e9f\u00e9r\u00e9 Merino \u00e0 l&#39;adolescent de la machine \u00e0 sous Odegaard.<\/p>\n<div class=\"author_box\">\n<div class=\"author_box_banner\"> <\/div>\n<\/div>\n<\/div>\n","protected":false},"excerpt":{"rendered":"<p>Arsenal pourrait subir un double coup de suspension qui pourrait s&#39;av\u00e9rer \u00eatre une b\u00e9n\u00e9diction d\u00e9guis\u00e9e lors de la bataille de mardi en Ligue des champions<\/p>\n","protected":false},"author":1,"featured_media":30103,"comment_status":"closed","ping_status":"","sticky":false,"template":"","format":"standard","meta":{"footnotes":""},"categories":[4],"tags":[67,211,414,491,31,332,20,12,5267,30,303,210,51,163,3230,18],"yoast_head":"<!-- This site is optimized with the Yoast SEO plugin v21.0 - https:\/\/yoast.com\/wordpress\/plugins\/seo\/ -->\n<title>Arsenal contre Atletico Madrid : un sc\u00e9nario de suspension de r\u00eave \u00e9merge pour Mikel Arteta avant le choc de la Ligue des champions<\/title>\n<meta name=\"robots\" content=\"index, follow, max-snippet:-1, max-image-preview:large, max-video-preview:-1\" \/>\n<link rel=\"canonical\" href=\"https:\/\/footdavant.fr\/actualites\/arsenal-contre-atletico-madrid-un-scenario-de-suspension-de-reve-emerge-pour-mikel-arteta-avant-le-choc-de-la-ligue-des-champions\/\" \/>\n<meta property=\"og:locale\" content=\"fr_FR\" \/>\n<meta property=\"og:type\" content=\"article\" \/>\n<meta property=\"og:title\" content=\"Arsenal contre Atletico Madrid : un sc\u00e9nario de suspension de r\u00eave \u00e9merge pour Mikel Arteta avant le choc de la Ligue des champions\" \/>\n<meta property=\"og:description\" content=\"Arsenal pourrait subir un double coup de suspension qui pourrait s&#039;av\u00e9rer \u00eatre une b\u00e9n\u00e9diction d\u00e9guis\u00e9e lors de la bataille de mardi en Ligue des champions\" \/>\n<meta property=\"og:url\" content=\"https:\/\/footdavant.fr\/actualites\/arsenal-contre-atletico-madrid-un-scenario-de-suspension-de-reve-emerge-pour-mikel-arteta-avant-le-choc-de-la-ligue-des-champions\/\" \/>\n<meta property=\"og:site_name\" content=\"Foot d&#039;avant\" \/>\n<meta property=\"article:publisher\" content=\"https:\/\/www.facebook.com\/Footdavant\/\" \/>\n<meta property=\"article:published_time\" content=\"2025-10-21T11:50:33+00:00\" \/>\n<meta property=\"article:modified_time\" content=\"2025-10-21T11:50:34+00:00\" \/>\n<meta property=\"og:image\" content=\"https:\/\/footdavant.fr\/actualites\/wp-content\/uploads\/2025\/10\/Arsenal-contre-Atletico-Madrid-un-scenario-de-suspension-de.jpg\" \/>\n\t<meta property=\"og:image:width\" content=\"640\" \/>\n\t<meta property=\"og:image:height\" content=\"480\" \/>\n\t<meta property=\"og:image:type\" content=\"image\/jpeg\" \/>\n<meta name=\"author\" content=\"Cl\u00e9ment\" \/>\n<meta name=\"twitter:card\" content=\"summary_large_image\" \/>\n<meta name=\"twitter:creator\" content=\"@FootdavantFr\" \/>\n<meta name=\"twitter:site\" content=\"@FootdavantFr\" \/>\n<meta name=\"twitter:label1\" content=\"\u00c9crit par\" \/>\n\t<meta name=\"twitter:data1\" content=\"Cl\u00e9ment\" \/>\n\t<meta name=\"twitter:label2\" content=\"Dur\u00e9e de lecture estim\u00e9e\" \/>\n\t<meta name=\"twitter:data2\" content=\"4 minutes\" \/>\n<script type=\"application\/ld+json\" class=\"yoast-schema-graph\">{\"@context\":\"https:\/\/schema.org\",\"@graph\":[{\"@type\":\"Article\",\"@id\":\"https:\/\/footdavant.fr\/actualites\/arsenal-contre-atletico-madrid-un-scenario-de-suspension-de-reve-emerge-pour-mikel-arteta-avant-le-choc-de-la-ligue-des-champions\/#article\",\"isPartOf\":{\"@id\":\"https:\/\/footdavant.fr\/actualites\/arsenal-contre-atletico-madrid-un-scenario-de-suspension-de-reve-emerge-pour-mikel-arteta-avant-le-choc-de-la-ligue-des-champions\/\"},\"author\":{\"name\":\"Cl\u00e9ment\",\"@id\":\"https:\/\/footdavant.fr\/actualites\/#\/schema\/person\/bc222566d95871b37e597b3ed3ba5e1d\"},\"headline\":\"Arsenal contre Atletico Madrid : un sc\u00e9nario de suspension de r\u00eave \u00e9merge pour Mikel Arteta avant le choc de la Ligue des champions\",\"datePublished\":\"2025-10-21T11:50:33+00:00\",\"dateModified\":\"2025-10-21T11:50:34+00:00\",\"mainEntityOfPage\":{\"@id\":\"https:\/\/footdavant.fr\/actualites\/arsenal-contre-atletico-madrid-un-scenario-de-suspension-de-reve-emerge-pour-mikel-arteta-avant-le-choc-de-la-ligue-des-champions\/\"},\"wordCount\":728,\"publisher\":{\"@id\":\"https:\/\/footdavant.fr\/actualites\/#organization\"},\"keywords\":[\"Arsenal\",\"Arteta\",\"Atletico\",\"avant\",\"champions\",\"choc\",\"contre\",\"des\",\"\u00e9merge\",\"Ligue\",\"Madrid\",\"Mikel\",\"pour\",\"r\u00eave\",\"sc\u00e9nario\",\"suspension\"],\"articleSection\":[\"Champions League\"],\"inLanguage\":\"fr-FR\"},{\"@type\":\"WebPage\",\"@id\":\"https:\/\/footdavant.fr\/actualites\/arsenal-contre-atletico-madrid-un-scenario-de-suspension-de-reve-emerge-pour-mikel-arteta-avant-le-choc-de-la-ligue-des-champions\/\",\"url\":\"https:\/\/footdavant.fr\/actualites\/arsenal-contre-atletico-madrid-un-scenario-de-suspension-de-reve-emerge-pour-mikel-arteta-avant-le-choc-de-la-ligue-des-champions\/\",\"name\":\"Arsenal contre Atletico Madrid : un sc\u00e9nario de suspension de r\u00eave \u00e9merge pour Mikel Arteta avant le choc de la Ligue des champions\",\"isPartOf\":{\"@id\":\"https:\/\/footdavant.fr\/actualites\/#website\"},\"datePublished\":\"2025-10-21T11:50:33+00:00\",\"dateModified\":\"2025-10-21T11:50:34+00:00\",\"breadcrumb\":{\"@id\":\"https:\/\/footdavant.fr\/actualites\/arsenal-contre-atletico-madrid-un-scenario-de-suspension-de-reve-emerge-pour-mikel-arteta-avant-le-choc-de-la-ligue-des-champions\/#breadcrumb\"},\"inLanguage\":\"fr-FR\",\"potentialAction\":[{\"@type\":\"ReadAction\",\"target\":[\"https:\/\/footdavant.fr\/actualites\/arsenal-contre-atletico-madrid-un-scenario-de-suspension-de-reve-emerge-pour-mikel-arteta-avant-le-choc-de-la-ligue-des-champions\/\"]}]},{\"@type\":\"BreadcrumbList\",\"@id\":\"https:\/\/footdavant.fr\/actualites\/arsenal-contre-atletico-madrid-un-scenario-de-suspension-de-reve-emerge-pour-mikel-arteta-avant-le-choc-de-la-ligue-des-champions\/#breadcrumb\",\"itemListElement\":[{\"@type\":\"ListItem\",\"position\":1,\"name\":\"Accueil\",\"item\":\"https:\/\/footdavant.fr\/actualites\/\"},{\"@type\":\"ListItem\",\"position\":2,\"name\":\"Arsenal contre Atletico Madrid : un sc\u00e9nario de suspension de r\u00eave \u00e9merge pour Mikel Arteta avant le choc de la Ligue des champions\"}]},{\"@type\":\"WebSite\",\"@id\":\"https:\/\/footdavant.fr\/actualites\/#website\",\"url\":\"https:\/\/footdavant.fr\/actualites\/\",\"name\":\"Foot d'avant\",\"description\":\"\",\"publisher\":{\"@id\":\"https:\/\/footdavant.fr\/actualites\/#organization\"},\"potentialAction\":[{\"@type\":\"SearchAction\",\"target\":{\"@type\":\"EntryPoint\",\"urlTemplate\":\"https:\/\/footdavant.fr\/actualites\/?s={search_term_string}\"},\"query-input\":\"required name=search_term_string\"}],\"inLanguage\":\"fr-FR\"},{\"@type\":\"Organization\",\"@id\":\"https:\/\/footdavant.fr\/actualites\/#organization\",\"name\":\"Foot d'avant\",\"url\":\"https:\/\/footdavant.fr\/actualites\/\",\"logo\":{\"@type\":\"ImageObject\",\"inLanguage\":\"fr-FR\",\"@id\":\"https:\/\/footdavant.fr\/actualites\/#\/schema\/logo\/image\/\",\"url\":\"https:\/\/footdavant.fr\/actualites\/wp-content\/uploads\/2023\/09\/Copy-of-FootDavant-Logo.png\",\"contentUrl\":\"https:\/\/footdavant.fr\/actualites\/wp-content\/uploads\/2023\/09\/Copy-of-FootDavant-Logo.png\",\"width\":936,\"height\":549,\"caption\":\"Foot d'avant\"},\"image\":{\"@id\":\"https:\/\/footdavant.fr\/actualites\/#\/schema\/logo\/image\/\"},\"sameAs\":[\"https:\/\/www.facebook.com\/Footdavant\/\",\"https:\/\/twitter.com\/FootdavantFr\",\"https:\/\/www.instagram.com\/footdavant.fr\/\"]},{\"@type\":\"Person\",\"@id\":\"https:\/\/footdavant.fr\/actualites\/#\/schema\/person\/bc222566d95871b37e597b3ed3ba5e1d\",\"name\":\"Cl\u00e9ment\",\"image\":{\"@type\":\"ImageObject\",\"inLanguage\":\"fr-FR\",\"@id\":\"https:\/\/footdavant.fr\/actualites\/#\/schema\/person\/image\/\",\"url\":\"https:\/\/secure.gravatar.com\/avatar\/7728b29aac2719421e1a9159b2254c44?s=96&d=mm&r=g\",\"contentUrl\":\"https:\/\/secure.gravatar.com\/avatar\/7728b29aac2719421e1a9159b2254c44?s=96&d=mm&r=g\",\"caption\":\"Cl\u00e9ment\"},\"sameAs\":[\"https:\/\/footdavant.fr\/\"]}]}<\/script>\n<!-- \/ Yoast SEO plugin. -->","yoast_head_json":{"title":"Arsenal contre Atletico Madrid : un sc\u00e9nario de suspension de r\u00eave \u00e9merge pour Mikel Arteta avant le choc de la Ligue des champions","robots":{"index":"index","follow":"follow","max-snippet":"max-snippet:-1","max-image-preview":"max-image-preview:large","max-video-preview":"max-video-preview:-1"},"canonical":"https:\/\/footdavant.fr\/actualites\/arsenal-contre-atletico-madrid-un-scenario-de-suspension-de-reve-emerge-pour-mikel-arteta-avant-le-choc-de-la-ligue-des-champions\/","og_locale":"fr_FR","og_type":"article","og_title":"Arsenal contre Atletico Madrid : un sc\u00e9nario de suspension de r\u00eave \u00e9merge pour Mikel Arteta avant le choc de la Ligue des champions","og_description":"Arsenal pourrait subir un double coup de suspension qui pourrait s&#39;av\u00e9rer \u00eatre une b\u00e9n\u00e9diction d\u00e9guis\u00e9e lors de la bataille de mardi en Ligue des champions","og_url":"https:\/\/footdavant.fr\/actualites\/arsenal-contre-atletico-madrid-un-scenario-de-suspension-de-reve-emerge-pour-mikel-arteta-avant-le-choc-de-la-ligue-des-champions\/","og_site_name":"Foot d&#039;avant","article_publisher":"https:\/\/www.facebook.com\/Footdavant\/","article_published_time":"2025-10-21T11:50:33+00:00","article_modified_time":"2025-10-21T11:50:34+00:00","og_image":[{"width":640,"height":480,"url":"https:\/\/footdavant.fr\/actualites\/wp-content\/uploads\/2025\/10\/Arsenal-contre-Atletico-Madrid-un-scenario-de-suspension-de.jpg","type":"image\/jpeg"}],"author":"Cl\u00e9ment","twitter_card":"summary_large_image","twitter_creator":"@FootdavantFr","twitter_site":"@FootdavantFr","twitter_misc":{"\u00c9crit par":"Cl\u00e9ment","Dur\u00e9e de lecture estim\u00e9e":"4 minutes"},"schema":{"@context":"https:\/\/schema.org","@graph":[{"@type":"Article","@id":"https:\/\/footdavant.fr\/actualites\/arsenal-contre-atletico-madrid-un-scenario-de-suspension-de-reve-emerge-pour-mikel-arteta-avant-le-choc-de-la-ligue-des-champions\/#article","isPartOf":{"@id":"https:\/\/footdavant.fr\/actualites\/arsenal-contre-atletico-madrid-un-scenario-de-suspension-de-reve-emerge-pour-mikel-arteta-avant-le-choc-de-la-ligue-des-champions\/"},"author":{"name":"Cl\u00e9ment","@id":"https:\/\/footdavant.fr\/actualites\/#\/schema\/person\/bc222566d95871b37e597b3ed3ba5e1d"},"headline":"Arsenal contre Atletico Madrid : un sc\u00e9nario de suspension de r\u00eave \u00e9merge pour Mikel Arteta avant le choc de la Ligue des champions","datePublished":"2025-10-21T11:50:33+00:00","dateModified":"2025-10-21T11:50:34+00:00","mainEntityOfPage":{"@id":"https:\/\/footdavant.fr\/actualites\/arsenal-contre-atletico-madrid-un-scenario-de-suspension-de-reve-emerge-pour-mikel-arteta-avant-le-choc-de-la-ligue-des-champions\/"},"wordCount":728,"publisher":{"@id":"https:\/\/footdavant.fr\/actualites\/#organization"},"keywords":["Arsenal","Arteta","Atletico","avant","champions","choc","contre","des","\u00e9merge","Ligue","Madrid","Mikel","pour","r\u00eave","sc\u00e9nario","suspension"],"articleSection":["Champions League"],"inLanguage":"fr-FR"},{"@type":"WebPage","@id":"https:\/\/footdavant.fr\/actualites\/arsenal-contre-atletico-madrid-un-scenario-de-suspension-de-reve-emerge-pour-mikel-arteta-avant-le-choc-de-la-ligue-des-champions\/","url":"https:\/\/footdavant.fr\/actualites\/arsenal-contre-atletico-madrid-un-scenario-de-suspension-de-reve-emerge-pour-mikel-arteta-avant-le-choc-de-la-ligue-des-champions\/","name":"Arsenal contre Atletico Madrid : un sc\u00e9nario de suspension de r\u00eave \u00e9merge pour Mikel Arteta avant le choc de la Ligue des champions","isPartOf":{"@id":"https:\/\/footdavant.fr\/actualites\/#website"},"datePublished":"2025-10-21T11:50:33+00:00","dateModified":"2025-10-21T11:50:34+00:00","breadcrumb":{"@id":"https:\/\/footdavant.fr\/actualites\/arsenal-contre-atletico-madrid-un-scenario-de-suspension-de-reve-emerge-pour-mikel-arteta-avant-le-choc-de-la-ligue-des-champions\/#breadcrumb"},"inLanguage":"fr-FR","potentialAction":[{"@type":"ReadAction","target":["https:\/\/footdavant.fr\/actualites\/arsenal-contre-atletico-madrid-un-scenario-de-suspension-de-reve-emerge-pour-mikel-arteta-avant-le-choc-de-la-ligue-des-champions\/"]}]},{"@type":"BreadcrumbList","@id":"https:\/\/footdavant.fr\/actualites\/arsenal-contre-atletico-madrid-un-scenario-de-suspension-de-reve-emerge-pour-mikel-arteta-avant-le-choc-de-la-ligue-des-champions\/#breadcrumb","itemListElement":[{"@type":"ListItem","position":1,"name":"Accueil","item":"https:\/\/footdavant.fr\/actualites\/"},{"@type":"ListItem","position":2,"name":"Arsenal contre Atletico Madrid : un sc\u00e9nario de suspension de r\u00eave \u00e9merge pour Mikel Arteta avant le choc de la Ligue des champions"}]},{"@type":"WebSite","@id":"https:\/\/footdavant.fr\/actualites\/#website","url":"https:\/\/footdavant.fr\/actualites\/","name":"Foot d'avant","description":"","publisher":{"@id":"https:\/\/footdavant.fr\/actualites\/#organization"},"potentialAction":[{"@type":"SearchAction","target":{"@type":"EntryPoint","urlTemplate":"https:\/\/footdavant.fr\/actualites\/?s={search_term_string}"},"query-input":"required name=search_term_string"}],"inLanguage":"fr-FR"},{"@type":"Organization","@id":"https:\/\/footdavant.fr\/actualites\/#organization","name":"Foot d'avant","url":"https:\/\/footdavant.fr\/actualites\/","logo":{"@type":"ImageObject","inLanguage":"fr-FR","@id":"https:\/\/footdavant.fr\/actualites\/#\/schema\/logo\/image\/","url":"https:\/\/footdavant.fr\/actualites\/wp-content\/uploads\/2023\/09\/Copy-of-FootDavant-Logo.png","contentUrl":"https:\/\/footdavant.fr\/actualites\/wp-content\/uploads\/2023\/09\/Copy-of-FootDavant-Logo.png","width":936,"height":549,"caption":"Foot d'avant"},"image":{"@id":"https:\/\/footdavant.fr\/actualites\/#\/schema\/logo\/image\/"},"sameAs":["https:\/\/www.facebook.com\/Footdavant\/","https:\/\/twitter.com\/FootdavantFr","https:\/\/www.instagram.com\/footdavant.fr\/"]},{"@type":"Person","@id":"https:\/\/footdavant.fr\/actualites\/#\/schema\/person\/bc222566d95871b37e597b3ed3ba5e1d","name":"Cl\u00e9ment","image":{"@type":"ImageObject","inLanguage":"fr-FR","@id":"https:\/\/footdavant.fr\/actualites\/#\/schema\/person\/image\/","url":"https:\/\/secure.gravatar.com\/avatar\/7728b29aac2719421e1a9159b2254c44?s=96&d=mm&r=g","contentUrl":"https:\/\/secure.gravatar.com\/avatar\/7728b29aac2719421e1a9159b2254c44?s=96&d=mm&r=g","caption":"Cl\u00e9ment"},"sameAs":["https:\/\/footdavant.fr\/"]}]}},"_links":{"self":[{"href":"https:\/\/footdavant.fr\/actualites\/wp-json\/wp\/v2\/posts\/30102"}],"collection":[{"href":"https:\/\/footdavant.fr\/actualites\/wp-json\/wp\/v2\/posts"}],"about":[{"href":"https:\/\/footdavant.fr\/actualites\/wp-json\/wp\/v2\/types\/post"}],"author":[{"embeddable":true,"href":"https:\/\/footdavant.fr\/actualites\/wp-json\/wp\/v2\/users\/1"}],"replies":[{"embeddable":true,"href":"https:\/\/footdavant.fr\/actualites\/wp-json\/wp\/v2\/comments?post=30102"}],"version-history":[{"count":1,"href":"https:\/\/footdavant.fr\/actualites\/wp-json\/wp\/v2\/posts\/30102\/revisions"}],"predecessor-version":[{"id":30104,"href":"https:\/\/footdavant.fr\/actualites\/wp-json\/wp\/v2\/posts\/30102\/revisions\/30104"}],"wp:featuredmedia":[{"embeddable":true,"href":"https:\/\/footdavant.fr\/actualites\/wp-json\/wp\/v2\/media\/30103"}],"wp:attachment":[{"href":"https:\/\/footdavant.fr\/actualites\/wp-json\/wp\/v2\/media?parent=30102"}],"wp:term":[{"taxonomy":"category","embeddable":true,"href":"https:\/\/footdavant.fr\/actualites\/wp-json\/wp\/v2\/categories?post=30102"},{"taxonomy":"post_tag","embeddable":true,"href":"https:\/\/footdavant.fr\/actualites\/wp-json\/wp\/v2\/tags?post=30102"}],"curies":[{"name":"wp","href":"https:\/\/api.w.org\/{rel}","templated":true}]}}