{"id":30105,"date":"2025-10-21T14:48:43","date_gmt":"2025-10-21T12:48:43","guid":{"rendered":"https:\/\/footdavant.fr\/actualites\/composition-de-west-ham-united-contre-brentford-xi-prevu-pour-le-choc-de-premier-league-alors-que-nuno-espirito-santo-fait-face-au-dilemme-de-tomas-soucek\/"},"modified":"2025-10-21T14:48:44","modified_gmt":"2025-10-21T12:48:44","slug":"composition-de-west-ham-united-contre-brentford-xi-prevu-pour-le-choc-de-premier-league-alors-que-nuno-espirito-santo-fait-face-au-dilemme-de-tomas-soucek","status":"publish","type":"post","link":"https:\/\/footdavant.fr\/actualites\/composition-de-west-ham-united-contre-brentford-xi-prevu-pour-le-choc-de-premier-league-alors-que-nuno-espirito-santo-fait-face-au-dilemme-de-tomas-soucek\/","title":{"rendered":"Composition de West Ham United contre Brentford\u00a0: XI pr\u00e9vu pour le choc de Premier League alors que Nuno Espirito Santo fait face au dilemme de Tomas Soucek"},"content":{"rendered":"<p>Sports Mole examine en profondeur la fa\u00e7on dont West Ham United pourrait s&#39;aligner pour le choc de Premier League de lundi contre Brentford.<\/p>\n<div id=\"article_body\" itemprop=\"articleBody\">\n<p><strong class=\"autotag\">West Ham United pourra s\u00e9lectionner le milieu de terrain <strong class=\"autotag\">Tomas Soucek contre <strong class=\"autotag\">Brentford lundi, m\u00eame si sa forme met en doute sa place dans le XI.<\/p>\n<p>Directeur <strong class=\"autotag\">Nuno Espirito Santo n&#39;a pas encore gagn\u00e9 de match en tant que patron des Hammers, et il voudra former une \u00e9quipe combative contre les Bees, alors peut-\u00eatre que Soucek devra se contenter d&#39;une place sur le banc.<\/p>\n<p>Consid\u00e9rant que les Londoniens ont souvent manqu\u00e9 de dynamisme au milieu du terrain, attendez-vous \u00e0 <strong class=\"autotag\">Mateus Fernandes et <strong class=\"autotag\">Soungoutou Magassa s&#39;associera lundi.<\/p>\n<p><strong class=\"autotag\">Lucas Paqueta a sans doute \u00e9t\u00e9 le meilleur joueur du club cette saison, et il est certain de d\u00e9buter dans un r\u00f4le offensif, tandis que <strong class=\"autotag\">Jarrod Bowen et <strong class=\"autotag\">Crysencio Summerville sont des candidats \u00e0 aligner largement.<\/p>\n<p>Avec le num\u00e9ro neuf <strong class=\"autotag\">Niclas Fullkrug est sur le point d&#39;\u00eatre absent, il n&#39;y a aucune raison de douter de l&#39;inclusion de <strong class=\"autotag\">Callum Wilson devant.<\/p>\n<p><strong class=\"autotag\">Aaron Wan-Bissaka sera probablement choisi avant <strong class=\"autotag\">Kyle Walker-Peters sur le c\u00f4t\u00e9 droit de la d\u00e9fense, avec <strong class=\"autotag\">El Hadji Malick Diouf une option sur le c\u00f4t\u00e9 gauche.<\/p>\n<p>D\u00e9fenseurs centraux <strong class=\"autotag\">Konstantinos Mavropanos et <strong class=\"autotag\">Max Kilman pourrait \u00eatre plac\u00e9 devant le gardien de but <strong class=\"autotag\">Alphonse Ar\u00e9ola.<\/p>\n<p>Onze de d\u00e9part possible de West Ham United :<\/p>\n<p>Ar\u00e9ole; Wan-Bissaka, Mavropanos, Kilman, Diouf ; Fernandes, Magassa; Bowen, Paqueta, Summerville\u00a0; Wilson<\/p>\n<p>> Cliquez ici pour voir comment Brentford pourrait s&#39;aligner pour ce match<\/p>\n<div class=\"author_box\">\n<div class=\"author_box_banner\"> <\/div>\n<\/div>\n<\/div>\n","protected":false},"excerpt":{"rendered":"<p>Sports Mole examine en profondeur la fa\u00e7on dont West Ham United pourrait s&#39;aligner pour le choc de Premier League de lundi contre Brentford. West Ham<\/p>\n","protected":false},"author":1,"featured_media":30106,"comment_status":"closed","ping_status":"","sticky":false,"template":"","format":"standard","meta":{"footnotes":""},"categories":[5],"tags":[318,52,332,2291,20,4608,6682,1062,152,286,202,6681,51,201,3924,6683,10814,10813,13,285],"yoast_head":"<!-- This site is optimized with the Yoast SEO plugin v21.0 - https:\/\/yoast.com\/wordpress\/plugins\/seo\/ -->\n<title>Composition de West Ham United contre Brentford\u00a0: XI pr\u00e9vu pour le choc de Premier League alors que Nuno Espirito Santo fait face au dilemme de Tomas Soucek<\/title>\n<meta name=\"robots\" content=\"index, follow, max-snippet:-1, max-image-preview:large, max-video-preview:-1\" \/>\n<link rel=\"canonical\" href=\"https:\/\/footdavant.fr\/actualites\/composition-de-west-ham-united-contre-brentford-xi-prevu-pour-le-choc-de-premier-league-alors-que-nuno-espirito-santo-fait-face-au-dilemme-de-tomas-soucek\/\" \/>\n<meta property=\"og:locale\" content=\"fr_FR\" \/>\n<meta property=\"og:type\" content=\"article\" \/>\n<meta property=\"og:title\" content=\"Composition de West Ham United contre Brentford\u00a0: XI pr\u00e9vu pour le choc de Premier League alors que Nuno Espirito Santo fait face au dilemme de Tomas Soucek\" \/>\n<meta property=\"og:description\" content=\"Sports Mole examine en profondeur la fa\u00e7on dont West Ham United pourrait s&#039;aligner pour le choc de Premier League de lundi contre Brentford. West Ham\" \/>\n<meta property=\"og:url\" content=\"https:\/\/footdavant.fr\/actualites\/composition-de-west-ham-united-contre-brentford-xi-prevu-pour-le-choc-de-premier-league-alors-que-nuno-espirito-santo-fait-face-au-dilemme-de-tomas-soucek\/\" \/>\n<meta property=\"og:site_name\" content=\"Foot d&#039;avant\" \/>\n<meta property=\"article:publisher\" content=\"https:\/\/www.facebook.com\/Footdavant\/\" \/>\n<meta property=\"article:published_time\" content=\"2025-10-21T12:48:43+00:00\" \/>\n<meta property=\"article:modified_time\" content=\"2025-10-21T12:48:44+00:00\" \/>\n<meta property=\"og:image\" content=\"https:\/\/footdavant.fr\/actualites\/wp-content\/uploads\/2025\/06\/1750009695_989_Fenetre-de-transfert-d39ete-d39Everton-2025-cibles-superieures-budget-signatures.jpg\" \/>\n\t<meta property=\"og:image:width\" content=\"640\" \/>\n\t<meta property=\"og:image:height\" content=\"480\" \/>\n\t<meta property=\"og:image:type\" content=\"image\/jpeg\" \/>\n<meta name=\"author\" content=\"Cl\u00e9ment\" \/>\n<meta name=\"twitter:card\" content=\"summary_large_image\" \/>\n<meta name=\"twitter:creator\" content=\"@FootdavantFr\" \/>\n<meta name=\"twitter:site\" content=\"@FootdavantFr\" \/>\n<meta name=\"twitter:label1\" content=\"\u00c9crit par\" \/>\n\t<meta name=\"twitter:data1\" content=\"Cl\u00e9ment\" \/>\n\t<meta name=\"twitter:label2\" content=\"Dur\u00e9e de lecture estim\u00e9e\" \/>\n\t<meta name=\"twitter:data2\" content=\"1 minute\" \/>\n<script type=\"application\/ld+json\" class=\"yoast-schema-graph\">{\"@context\":\"https:\/\/schema.org\",\"@graph\":[{\"@type\":\"Article\",\"@id\":\"https:\/\/footdavant.fr\/actualites\/composition-de-west-ham-united-contre-brentford-xi-prevu-pour-le-choc-de-premier-league-alors-que-nuno-espirito-santo-fait-face-au-dilemme-de-tomas-soucek\/#article\",\"isPartOf\":{\"@id\":\"https:\/\/footdavant.fr\/actualites\/composition-de-west-ham-united-contre-brentford-xi-prevu-pour-le-choc-de-premier-league-alors-que-nuno-espirito-santo-fait-face-au-dilemme-de-tomas-soucek\/\"},\"author\":{\"name\":\"Cl\u00e9ment\",\"@id\":\"https:\/\/footdavant.fr\/actualites\/#\/schema\/person\/bc222566d95871b37e597b3ed3ba5e1d\"},\"headline\":\"Composition de West Ham United contre Brentford\u00a0: XI pr\u00e9vu pour le choc de Premier League alors que Nuno Espirito Santo fait face au dilemme de Tomas Soucek\",\"datePublished\":\"2025-10-21T12:48:43+00:00\",\"dateModified\":\"2025-10-21T12:48:44+00:00\",\"mainEntityOfPage\":{\"@id\":\"https:\/\/footdavant.fr\/actualites\/composition-de-west-ham-united-contre-brentford-xi-prevu-pour-le-choc-de-premier-league-alors-que-nuno-espirito-santo-fait-face-au-dilemme-de-tomas-soucek\/\"},\"wordCount\":292,\"publisher\":{\"@id\":\"https:\/\/footdavant.fr\/actualites\/#organization\"},\"keywords\":[\"alors\",\"Brentford\",\"choc\",\"composition\",\"contre\",\"dilemme\",\"Espirito\",\"face\",\"fait\",\"Ham\",\"League\",\"Nuno\",\"pour\",\"Premier\",\"pr\u00e9vu\",\"Santo\",\"Soucek\",\"Tomas\",\"United\",\"West\"],\"articleSection\":[\"Premier League\"],\"inLanguage\":\"fr-FR\"},{\"@type\":\"WebPage\",\"@id\":\"https:\/\/footdavant.fr\/actualites\/composition-de-west-ham-united-contre-brentford-xi-prevu-pour-le-choc-de-premier-league-alors-que-nuno-espirito-santo-fait-face-au-dilemme-de-tomas-soucek\/\",\"url\":\"https:\/\/footdavant.fr\/actualites\/composition-de-west-ham-united-contre-brentford-xi-prevu-pour-le-choc-de-premier-league-alors-que-nuno-espirito-santo-fait-face-au-dilemme-de-tomas-soucek\/\",\"name\":\"Composition de West Ham United contre Brentford\u00a0: XI pr\u00e9vu pour le choc de Premier League alors que Nuno Espirito Santo fait face au dilemme de Tomas Soucek\",\"isPartOf\":{\"@id\":\"https:\/\/footdavant.fr\/actualites\/#website\"},\"datePublished\":\"2025-10-21T12:48:43+00:00\",\"dateModified\":\"2025-10-21T12:48:44+00:00\",\"breadcrumb\":{\"@id\":\"https:\/\/footdavant.fr\/actualites\/composition-de-west-ham-united-contre-brentford-xi-prevu-pour-le-choc-de-premier-league-alors-que-nuno-espirito-santo-fait-face-au-dilemme-de-tomas-soucek\/#breadcrumb\"},\"inLanguage\":\"fr-FR\",\"potentialAction\":[{\"@type\":\"ReadAction\",\"target\":[\"https:\/\/footdavant.fr\/actualites\/composition-de-west-ham-united-contre-brentford-xi-prevu-pour-le-choc-de-premier-league-alors-que-nuno-espirito-santo-fait-face-au-dilemme-de-tomas-soucek\/\"]}]},{\"@type\":\"BreadcrumbList\",\"@id\":\"https:\/\/footdavant.fr\/actualites\/composition-de-west-ham-united-contre-brentford-xi-prevu-pour-le-choc-de-premier-league-alors-que-nuno-espirito-santo-fait-face-au-dilemme-de-tomas-soucek\/#breadcrumb\",\"itemListElement\":[{\"@type\":\"ListItem\",\"position\":1,\"name\":\"Accueil\",\"item\":\"https:\/\/footdavant.fr\/actualites\/\"},{\"@type\":\"ListItem\",\"position\":2,\"name\":\"Composition de West Ham United contre Brentford\u00a0: XI pr\u00e9vu pour le choc de Premier League alors que Nuno Espirito Santo fait face au dilemme de Tomas Soucek\"}]},{\"@type\":\"WebSite\",\"@id\":\"https:\/\/footdavant.fr\/actualites\/#website\",\"url\":\"https:\/\/footdavant.fr\/actualites\/\",\"name\":\"Foot d'avant\",\"description\":\"\",\"publisher\":{\"@id\":\"https:\/\/footdavant.fr\/actualites\/#organization\"},\"potentialAction\":[{\"@type\":\"SearchAction\",\"target\":{\"@type\":\"EntryPoint\",\"urlTemplate\":\"https:\/\/footdavant.fr\/actualites\/?s={search_term_string}\"},\"query-input\":\"required name=search_term_string\"}],\"inLanguage\":\"fr-FR\"},{\"@type\":\"Organization\",\"@id\":\"https:\/\/footdavant.fr\/actualites\/#organization\",\"name\":\"Foot d'avant\",\"url\":\"https:\/\/footdavant.fr\/actualites\/\",\"logo\":{\"@type\":\"ImageObject\",\"inLanguage\":\"fr-FR\",\"@id\":\"https:\/\/footdavant.fr\/actualites\/#\/schema\/logo\/image\/\",\"url\":\"https:\/\/footdavant.fr\/actualites\/wp-content\/uploads\/2023\/09\/Copy-of-FootDavant-Logo.png\",\"contentUrl\":\"https:\/\/footdavant.fr\/actualites\/wp-content\/uploads\/2023\/09\/Copy-of-FootDavant-Logo.png\",\"width\":936,\"height\":549,\"caption\":\"Foot d'avant\"},\"image\":{\"@id\":\"https:\/\/footdavant.fr\/actualites\/#\/schema\/logo\/image\/\"},\"sameAs\":[\"https:\/\/www.facebook.com\/Footdavant\/\",\"https:\/\/twitter.com\/FootdavantFr\",\"https:\/\/www.instagram.com\/footdavant.fr\/\"]},{\"@type\":\"Person\",\"@id\":\"https:\/\/footdavant.fr\/actualites\/#\/schema\/person\/bc222566d95871b37e597b3ed3ba5e1d\",\"name\":\"Cl\u00e9ment\",\"image\":{\"@type\":\"ImageObject\",\"inLanguage\":\"fr-FR\",\"@id\":\"https:\/\/footdavant.fr\/actualites\/#\/schema\/person\/image\/\",\"url\":\"https:\/\/secure.gravatar.com\/avatar\/7728b29aac2719421e1a9159b2254c44?s=96&d=mm&r=g\",\"contentUrl\":\"https:\/\/secure.gravatar.com\/avatar\/7728b29aac2719421e1a9159b2254c44?s=96&d=mm&r=g\",\"caption\":\"Cl\u00e9ment\"},\"sameAs\":[\"https:\/\/footdavant.fr\/\"]}]}<\/script>\n<!-- \/ Yoast SEO plugin. -->","yoast_head_json":{"title":"Composition de West Ham United contre Brentford\u00a0: XI pr\u00e9vu pour le choc de Premier League alors que Nuno Espirito Santo fait face au dilemme de Tomas Soucek","robots":{"index":"index","follow":"follow","max-snippet":"max-snippet:-1","max-image-preview":"max-image-preview:large","max-video-preview":"max-video-preview:-1"},"canonical":"https:\/\/footdavant.fr\/actualites\/composition-de-west-ham-united-contre-brentford-xi-prevu-pour-le-choc-de-premier-league-alors-que-nuno-espirito-santo-fait-face-au-dilemme-de-tomas-soucek\/","og_locale":"fr_FR","og_type":"article","og_title":"Composition de West Ham United contre Brentford\u00a0: XI pr\u00e9vu pour le choc de Premier League alors que Nuno Espirito Santo fait face au dilemme de Tomas Soucek","og_description":"Sports Mole examine en profondeur la fa\u00e7on dont West Ham United pourrait s&#39;aligner pour le choc de Premier League de lundi contre Brentford. West Ham","og_url":"https:\/\/footdavant.fr\/actualites\/composition-de-west-ham-united-contre-brentford-xi-prevu-pour-le-choc-de-premier-league-alors-que-nuno-espirito-santo-fait-face-au-dilemme-de-tomas-soucek\/","og_site_name":"Foot d&#039;avant","article_publisher":"https:\/\/www.facebook.com\/Footdavant\/","article_published_time":"2025-10-21T12:48:43+00:00","article_modified_time":"2025-10-21T12:48:44+00:00","og_image":[{"width":640,"height":480,"url":"https:\/\/footdavant.fr\/actualites\/wp-content\/uploads\/2025\/06\/1750009695_989_Fenetre-de-transfert-d39ete-d39Everton-2025-cibles-superieures-budget-signatures.jpg","type":"image\/jpeg"}],"author":"Cl\u00e9ment","twitter_card":"summary_large_image","twitter_creator":"@FootdavantFr","twitter_site":"@FootdavantFr","twitter_misc":{"\u00c9crit par":"Cl\u00e9ment","Dur\u00e9e de lecture estim\u00e9e":"1 minute"},"schema":{"@context":"https:\/\/schema.org","@graph":[{"@type":"Article","@id":"https:\/\/footdavant.fr\/actualites\/composition-de-west-ham-united-contre-brentford-xi-prevu-pour-le-choc-de-premier-league-alors-que-nuno-espirito-santo-fait-face-au-dilemme-de-tomas-soucek\/#article","isPartOf":{"@id":"https:\/\/footdavant.fr\/actualites\/composition-de-west-ham-united-contre-brentford-xi-prevu-pour-le-choc-de-premier-league-alors-que-nuno-espirito-santo-fait-face-au-dilemme-de-tomas-soucek\/"},"author":{"name":"Cl\u00e9ment","@id":"https:\/\/footdavant.fr\/actualites\/#\/schema\/person\/bc222566d95871b37e597b3ed3ba5e1d"},"headline":"Composition de West Ham United contre Brentford\u00a0: XI pr\u00e9vu pour le choc de Premier League alors que Nuno Espirito Santo fait face au dilemme de Tomas Soucek","datePublished":"2025-10-21T12:48:43+00:00","dateModified":"2025-10-21T12:48:44+00:00","mainEntityOfPage":{"@id":"https:\/\/footdavant.fr\/actualites\/composition-de-west-ham-united-contre-brentford-xi-prevu-pour-le-choc-de-premier-league-alors-que-nuno-espirito-santo-fait-face-au-dilemme-de-tomas-soucek\/"},"wordCount":292,"publisher":{"@id":"https:\/\/footdavant.fr\/actualites\/#organization"},"keywords":["alors","Brentford","choc","composition","contre","dilemme","Espirito","face","fait","Ham","League","Nuno","pour","Premier","pr\u00e9vu","Santo","Soucek","Tomas","United","West"],"articleSection":["Premier League"],"inLanguage":"fr-FR"},{"@type":"WebPage","@id":"https:\/\/footdavant.fr\/actualites\/composition-de-west-ham-united-contre-brentford-xi-prevu-pour-le-choc-de-premier-league-alors-que-nuno-espirito-santo-fait-face-au-dilemme-de-tomas-soucek\/","url":"https:\/\/footdavant.fr\/actualites\/composition-de-west-ham-united-contre-brentford-xi-prevu-pour-le-choc-de-premier-league-alors-que-nuno-espirito-santo-fait-face-au-dilemme-de-tomas-soucek\/","name":"Composition de West Ham United contre Brentford\u00a0: XI pr\u00e9vu pour le choc de Premier League alors que Nuno Espirito Santo fait face au dilemme de Tomas Soucek","isPartOf":{"@id":"https:\/\/footdavant.fr\/actualites\/#website"},"datePublished":"2025-10-21T12:48:43+00:00","dateModified":"2025-10-21T12:48:44+00:00","breadcrumb":{"@id":"https:\/\/footdavant.fr\/actualites\/composition-de-west-ham-united-contre-brentford-xi-prevu-pour-le-choc-de-premier-league-alors-que-nuno-espirito-santo-fait-face-au-dilemme-de-tomas-soucek\/#breadcrumb"},"inLanguage":"fr-FR","potentialAction":[{"@type":"ReadAction","target":["https:\/\/footdavant.fr\/actualites\/composition-de-west-ham-united-contre-brentford-xi-prevu-pour-le-choc-de-premier-league-alors-que-nuno-espirito-santo-fait-face-au-dilemme-de-tomas-soucek\/"]}]},{"@type":"BreadcrumbList","@id":"https:\/\/footdavant.fr\/actualites\/composition-de-west-ham-united-contre-brentford-xi-prevu-pour-le-choc-de-premier-league-alors-que-nuno-espirito-santo-fait-face-au-dilemme-de-tomas-soucek\/#breadcrumb","itemListElement":[{"@type":"ListItem","position":1,"name":"Accueil","item":"https:\/\/footdavant.fr\/actualites\/"},{"@type":"ListItem","position":2,"name":"Composition de West Ham United contre Brentford\u00a0: XI pr\u00e9vu pour le choc de Premier League alors que Nuno Espirito Santo fait face au dilemme de Tomas Soucek"}]},{"@type":"WebSite","@id":"https:\/\/footdavant.fr\/actualites\/#website","url":"https:\/\/footdavant.fr\/actualites\/","name":"Foot d'avant","description":"","publisher":{"@id":"https:\/\/footdavant.fr\/actualites\/#organization"},"potentialAction":[{"@type":"SearchAction","target":{"@type":"EntryPoint","urlTemplate":"https:\/\/footdavant.fr\/actualites\/?s={search_term_string}"},"query-input":"required name=search_term_string"}],"inLanguage":"fr-FR"},{"@type":"Organization","@id":"https:\/\/footdavant.fr\/actualites\/#organization","name":"Foot d'avant","url":"https:\/\/footdavant.fr\/actualites\/","logo":{"@type":"ImageObject","inLanguage":"fr-FR","@id":"https:\/\/footdavant.fr\/actualites\/#\/schema\/logo\/image\/","url":"https:\/\/footdavant.fr\/actualites\/wp-content\/uploads\/2023\/09\/Copy-of-FootDavant-Logo.png","contentUrl":"https:\/\/footdavant.fr\/actualites\/wp-content\/uploads\/2023\/09\/Copy-of-FootDavant-Logo.png","width":936,"height":549,"caption":"Foot d'avant"},"image":{"@id":"https:\/\/footdavant.fr\/actualites\/#\/schema\/logo\/image\/"},"sameAs":["https:\/\/www.facebook.com\/Footdavant\/","https:\/\/twitter.com\/FootdavantFr","https:\/\/www.instagram.com\/footdavant.fr\/"]},{"@type":"Person","@id":"https:\/\/footdavant.fr\/actualites\/#\/schema\/person\/bc222566d95871b37e597b3ed3ba5e1d","name":"Cl\u00e9ment","image":{"@type":"ImageObject","inLanguage":"fr-FR","@id":"https:\/\/footdavant.fr\/actualites\/#\/schema\/person\/image\/","url":"https:\/\/secure.gravatar.com\/avatar\/7728b29aac2719421e1a9159b2254c44?s=96&d=mm&r=g","contentUrl":"https:\/\/secure.gravatar.com\/avatar\/7728b29aac2719421e1a9159b2254c44?s=96&d=mm&r=g","caption":"Cl\u00e9ment"},"sameAs":["https:\/\/footdavant.fr\/"]}]}},"_links":{"self":[{"href":"https:\/\/footdavant.fr\/actualites\/wp-json\/wp\/v2\/posts\/30105"}],"collection":[{"href":"https:\/\/footdavant.fr\/actualites\/wp-json\/wp\/v2\/posts"}],"about":[{"href":"https:\/\/footdavant.fr\/actualites\/wp-json\/wp\/v2\/types\/post"}],"author":[{"embeddable":true,"href":"https:\/\/footdavant.fr\/actualites\/wp-json\/wp\/v2\/users\/1"}],"replies":[{"embeddable":true,"href":"https:\/\/footdavant.fr\/actualites\/wp-json\/wp\/v2\/comments?post=30105"}],"version-history":[{"count":1,"href":"https:\/\/footdavant.fr\/actualites\/wp-json\/wp\/v2\/posts\/30105\/revisions"}],"predecessor-version":[{"id":30107,"href":"https:\/\/footdavant.fr\/actualites\/wp-json\/wp\/v2\/posts\/30105\/revisions\/30107"}],"wp:featuredmedia":[{"embeddable":true,"href":"https:\/\/footdavant.fr\/actualites\/wp-json\/wp\/v2\/media\/30106"}],"wp:attachment":[{"href":"https:\/\/footdavant.fr\/actualites\/wp-json\/wp\/v2\/media?parent=30105"}],"wp:term":[{"taxonomy":"category","embeddable":true,"href":"https:\/\/footdavant.fr\/actualites\/wp-json\/wp\/v2\/categories?post=30105"},{"taxonomy":"post_tag","embeddable":true,"href":"https:\/\/footdavant.fr\/actualites\/wp-json\/wp\/v2\/tags?post=30105"}],"curies":[{"name":"wp","href":"https:\/\/api.w.org\/{rel}","templated":true}]}}