{"id":30108,"date":"2025-10-21T16:48:54","date_gmt":"2025-10-21T14:48:54","guid":{"rendered":"https:\/\/footdavant.fr\/actualites\/bryce-young-cheville-des-panthers-devrait-manquer-la-semaine-8-contre-les-bills\/"},"modified":"2025-10-21T16:48:55","modified_gmt":"2025-10-21T14:48:55","slug":"bryce-young-cheville-des-panthers-devrait-manquer-la-semaine-8-contre-les-bills","status":"publish","type":"post","link":"https:\/\/footdavant.fr\/actualites\/bryce-young-cheville-des-panthers-devrait-manquer-la-semaine-8-contre-les-bills\/","title":{"rendered":"Bryce Young (cheville) des Panthers devrait manquer la semaine 8 contre les Bills"},"content":{"rendered":"<div>\n<p>C&#39;\u00e9tait un concours \u00e0 faible score lors de la semaine 7 entre la Caroline et New York. Les Panthers sont repartis avec une victoire de 13-6 et ont une fiche de 4-3. Pour la premi\u00e8re fois depuis octobre 2021, les Panthers affichent un record sup\u00e9rieur \u00e0 .500. Lors de cette victoire contre les Jets, le quart Bryce Young s&#39;est bless\u00e9 \u00e0 la cheville. Il a quitt\u00e9 le match tr\u00e8s t\u00f4t et Andy Dalton est entr\u00e9 pour remplacer Young. Les initi\u00e9s de la NFL ont rapport\u00e9 que Bryce Young souffrait d&#39;une entorse \u00e0 la cheville et devrait rater la semaine 8 contre les Bills.<\/p>\n<h2>Andy Dalton d\u00e9butera probablement pour les Panthers de la Caroline lors de la semaine 8<\/h2>\n<blockquote class=\"twitter-tweet\">\n<p dir=\"ltr\" lang=\"en\"><a rel=\"nofollow\" href=\"https:\/\/twitter.com\/hashtag\/Panthers?src=hash&amp;ref_src=twsrc%5Etfw\">#Panth\u00e8res<\/a> Le quart Bryce Young a subi une entorse \u00e0 la cheville dimanche, a r\u00e9v\u00e9l\u00e9 une IRM, et il devrait rater le match de cette semaine contre le <a rel=\"nofollow\" href=\"https:\/\/twitter.com\/hashtag\/Bills?src=hash&amp;ref_src=twsrc%5Etfw\">#Factures<\/a>selon les sources.<\/p>\n<p>Andy Dalton est d\u00e9sormais en lice pour d\u00e9buter contre Buffalo, et tr\u00e8s probablement au-del\u00e0. <a rel=\"nofollow\" href=\"https:\/\/t.co\/hHFmT7MWfP\">pic.twitter.com\/hHFmT7MWfP<\/a><\/p>\n<p>\u2013 Tom Pelissero (@TomPelissero) <a rel=\"nofollow\" href=\"https:\/\/twitter.com\/TomPelissero\/status\/1980299385784373554?ref_src=twsrc%5Etfw\">20 octobre 2025<\/a><\/p>\n<\/blockquote>\n<p>Au cours de la semaine 8 contre les Bills, la Caroline sera priv\u00e9e du quart titulaire Bryce Young. L&#39;ancien choix n\u00b01 au classement g\u00e9n\u00e9ral a subi une entorse \u00e0 la cheville lors de la semaine 7 contre les Jets. Young a \u00e9t\u00e9 accidentellement pi\u00e9tin\u00e9 par un d\u00e9fenseur et est tomb\u00e9. Il quitta lentement le terrain et se dirigea vers les vestiaires. Bryce Young n&#39;est pas revenu pour les Panthers. Cependant, Andy Dalton a pris le relais et a fait juste ce qu&#39;il fallait pour gagner le match.<\/p>\n<p>La Caroline a \u00e9galement b\u00e9n\u00e9fici\u00e9 du fait de jouer contre une \u00e9quipe dysfonctionnelle comme les Jets. Bien qu&#39;ils n&#39;aient marqu\u00e9 que 13 points lors de la semaine 7, les Panthers ont pu s&#39;appuyer sur leur jeu de course. Rico Dowdle a men\u00e9 l&#39;\u00e9quipe avec 17 courses pour 79 verges. Chuba Hubbard a pris le d\u00e9part dimanche et il a port\u00e9 le ballon 14 fois pour 31 verges. Andy Dalton est entr\u00e9 en jeu et a remplac\u00e9 Bryce Young apr\u00e8s s&#39;\u00eatre bless\u00e9. Dalton avait une fiche de 4-7 en passant sur 60 verges et a \u00e9t\u00e9 limog\u00e9 une fois.<\/p>\n<blockquote class=\"twitter-tweet\">\n<p dir=\"ltr\" lang=\"en\">Depuis <a rel=\"nofollow\" href=\"https:\/\/twitter.com\/nflnetwork?ref_src=twsrc%5Etfw\">@NFLNetwork<\/a>: Le <a rel=\"nofollow\" href=\"https:\/\/twitter.com\/hashtag\/Panthers?src=hash&amp;ref_src=twsrc%5Etfw\">#Panth\u00e8res<\/a> pourrait \u00eatre sans le quart Bryce Young cette semaine, car il souffre d&#39;une entorse \u00e0 la cheville haute. Il y a deux ans, lorsqu&#39;il s&#39;est bless\u00e9 \u00e0 la m\u00eame cheville, il n&#39;a manqu\u00e9 qu&#39;une semaine. Son calendrier est \u00e0 d\u00e9terminer. <a rel=\"nofollow\" href=\"https:\/\/t.co\/rBhs0nGvtK\">pic.twitter.com\/rBhs0nGvtK<\/a><\/p>\n<p>\u2013 Ian Rapoport (@RapSheet) <a rel=\"nofollow\" href=\"https:\/\/twitter.com\/RapSheet\/status\/1980310135349096954?ref_src=twsrc%5Etfw\">20 octobre 2025<\/a><\/p>\n<\/blockquote>\n<p>Bryce Young souffre d&#39;une entorse \u00e0 la cheville apr\u00e8s une victoire de la semaine 7 contre les Jets. L&#39;initi\u00e9 de la NFL, Tom Pelissero, a rapport\u00e9 que Bryce Young devrait \u00eatre absent au cours de la semaine 8. Le rempla\u00e7ant v\u00e9t\u00e9ran Andy Dalton d\u00e9butera au cours de la semaine 8. Dalton est le rempla\u00e7ant en Caroline depuis que Bryce Young est entr\u00e9 dans la ligue en 2023. Il a \u00e9t\u00e9 un mentor pr\u00e9cieux pour le jeune QB. Andt Dalton a des ann\u00e9es d&#39;exp\u00e9rience de d\u00e9part et la sagesse de la NFL \u00e0 partager avec Young.<\/p>\n<p>Alors que le titulaire de la Caroline sera absent lors de la semaine 8, Andy Dalton prendra le d\u00e9part. Lorsqu&#39;il entrera sur le terrain ce dimanche, Dalton aura d\u00e9but\u00e9 au moins un match au cours de ses trois saisons avec les Panthers. Il a une fiche de 1-5 en six d\u00e9parts pour la Caroline. Dalton a men\u00e9 l&#39;\u00e9quipe \u00e0 une victoire de 36-22 contre les Raiders en 2024 pour son seul match avec les Panthers. L&#39;\u00e9quipe a un adversaire coriace lors de la semaine 8. Josh Allen et les Bills ont perdu deux fois de suite et viennent de passer une semaine de cong\u00e9. La Caroline devra se battre pour une victoire lors de la semaine 8 pour battre Buffalo.<\/p>\n<\/p><\/div>\n<p><script async src=\"https:\/\/platform.twitter.com\/widgets.js\" charset=\"utf-8\"><\/script><\/p>\n","protected":false},"excerpt":{"rendered":"<p>C&#39;\u00e9tait un concours \u00e0 faible score lors de la semaine 7 entre la Caroline et New York. Les Panthers sont repartis avec une victoire de<\/p>\n","protected":false},"author":1,"featured_media":30109,"comment_status":"closed","ping_status":"","sticky":false,"template":"","format":"standard","meta":{"footnotes":""},"categories":[3],"tags":[3169,8075,805,20,12,757,93,1128,3281,29,65],"yoast_head":"<!-- This site is optimized with the Yoast SEO plugin v21.0 - https:\/\/yoast.com\/wordpress\/plugins\/seo\/ -->\n<title>Bryce Young (cheville) des Panthers devrait manquer la semaine 8 contre les Bills<\/title>\n<meta name=\"robots\" content=\"index, follow, max-snippet:-1, max-image-preview:large, max-video-preview:-1\" \/>\n<link rel=\"canonical\" href=\"https:\/\/footdavant.fr\/actualites\/bryce-young-cheville-des-panthers-devrait-manquer-la-semaine-8-contre-les-bills\/\" \/>\n<meta property=\"og:locale\" content=\"fr_FR\" \/>\n<meta property=\"og:type\" content=\"article\" \/>\n<meta property=\"og:title\" content=\"Bryce Young (cheville) des Panthers devrait manquer la semaine 8 contre les Bills\" \/>\n<meta property=\"og:description\" content=\"C&#039;\u00e9tait un concours \u00e0 faible score lors de la semaine 7 entre la Caroline et New York. Les Panthers sont repartis avec une victoire de\" \/>\n<meta property=\"og:url\" content=\"https:\/\/footdavant.fr\/actualites\/bryce-young-cheville-des-panthers-devrait-manquer-la-semaine-8-contre-les-bills\/\" \/>\n<meta property=\"og:site_name\" content=\"Foot d&#039;avant\" \/>\n<meta property=\"article:publisher\" content=\"https:\/\/www.facebook.com\/Footdavant\/\" \/>\n<meta property=\"article:published_time\" content=\"2025-10-21T14:48:54+00:00\" \/>\n<meta property=\"article:modified_time\" content=\"2025-10-21T14:48:55+00:00\" \/>\n<meta property=\"og:image\" content=\"https:\/\/footdavant.fr\/actualites\/wp-content\/uploads\/2025\/10\/Bryce-Young-cheville-des-Panthers-devrait-manquer-la-semaine-8.jpg\" \/>\n\t<meta property=\"og:image:width\" content=\"696\" \/>\n\t<meta property=\"og:image:height\" content=\"464\" \/>\n\t<meta property=\"og:image:type\" content=\"image\/jpeg\" \/>\n<meta name=\"author\" content=\"Cl\u00e9ment\" \/>\n<meta name=\"twitter:card\" content=\"summary_large_image\" \/>\n<meta name=\"twitter:creator\" content=\"@FootdavantFr\" \/>\n<meta name=\"twitter:site\" content=\"@FootdavantFr\" \/>\n<meta name=\"twitter:label1\" content=\"\u00c9crit par\" \/>\n\t<meta name=\"twitter:data1\" content=\"Cl\u00e9ment\" \/>\n\t<meta name=\"twitter:label2\" content=\"Dur\u00e9e de lecture estim\u00e9e\" \/>\n\t<meta name=\"twitter:data2\" content=\"3 minutes\" \/>\n<script type=\"application\/ld+json\" class=\"yoast-schema-graph\">{\"@context\":\"https:\/\/schema.org\",\"@graph\":[{\"@type\":\"Article\",\"@id\":\"https:\/\/footdavant.fr\/actualites\/bryce-young-cheville-des-panthers-devrait-manquer-la-semaine-8-contre-les-bills\/#article\",\"isPartOf\":{\"@id\":\"https:\/\/footdavant.fr\/actualites\/bryce-young-cheville-des-panthers-devrait-manquer-la-semaine-8-contre-les-bills\/\"},\"author\":{\"name\":\"Cl\u00e9ment\",\"@id\":\"https:\/\/footdavant.fr\/actualites\/#\/schema\/person\/bc222566d95871b37e597b3ed3ba5e1d\"},\"headline\":\"Bryce Young (cheville) des Panthers devrait manquer la semaine 8 contre les Bills\",\"datePublished\":\"2025-10-21T14:48:54+00:00\",\"dateModified\":\"2025-10-21T14:48:55+00:00\",\"mainEntityOfPage\":{\"@id\":\"https:\/\/footdavant.fr\/actualites\/bryce-young-cheville-des-panthers-devrait-manquer-la-semaine-8-contre-les-bills\/\"},\"wordCount\":662,\"publisher\":{\"@id\":\"https:\/\/footdavant.fr\/actualites\/#organization\"},\"keywords\":[\"Bills\",\"Bryce\",\"cheville\",\"contre\",\"des\",\"devrait\",\"les\",\"manquer\",\"Panthers\",\"semaine\",\"Young\"],\"articleSection\":[\"Football\"],\"inLanguage\":\"fr-FR\"},{\"@type\":\"WebPage\",\"@id\":\"https:\/\/footdavant.fr\/actualites\/bryce-young-cheville-des-panthers-devrait-manquer-la-semaine-8-contre-les-bills\/\",\"url\":\"https:\/\/footdavant.fr\/actualites\/bryce-young-cheville-des-panthers-devrait-manquer-la-semaine-8-contre-les-bills\/\",\"name\":\"Bryce Young (cheville) des Panthers devrait manquer la semaine 8 contre les Bills\",\"isPartOf\":{\"@id\":\"https:\/\/footdavant.fr\/actualites\/#website\"},\"datePublished\":\"2025-10-21T14:48:54+00:00\",\"dateModified\":\"2025-10-21T14:48:55+00:00\",\"breadcrumb\":{\"@id\":\"https:\/\/footdavant.fr\/actualites\/bryce-young-cheville-des-panthers-devrait-manquer-la-semaine-8-contre-les-bills\/#breadcrumb\"},\"inLanguage\":\"fr-FR\",\"potentialAction\":[{\"@type\":\"ReadAction\",\"target\":[\"https:\/\/footdavant.fr\/actualites\/bryce-young-cheville-des-panthers-devrait-manquer-la-semaine-8-contre-les-bills\/\"]}]},{\"@type\":\"BreadcrumbList\",\"@id\":\"https:\/\/footdavant.fr\/actualites\/bryce-young-cheville-des-panthers-devrait-manquer-la-semaine-8-contre-les-bills\/#breadcrumb\",\"itemListElement\":[{\"@type\":\"ListItem\",\"position\":1,\"name\":\"Accueil\",\"item\":\"https:\/\/footdavant.fr\/actualites\/\"},{\"@type\":\"ListItem\",\"position\":2,\"name\":\"Bryce Young (cheville) des Panthers devrait manquer la semaine 8 contre les Bills\"}]},{\"@type\":\"WebSite\",\"@id\":\"https:\/\/footdavant.fr\/actualites\/#website\",\"url\":\"https:\/\/footdavant.fr\/actualites\/\",\"name\":\"Foot d'avant\",\"description\":\"\",\"publisher\":{\"@id\":\"https:\/\/footdavant.fr\/actualites\/#organization\"},\"potentialAction\":[{\"@type\":\"SearchAction\",\"target\":{\"@type\":\"EntryPoint\",\"urlTemplate\":\"https:\/\/footdavant.fr\/actualites\/?s={search_term_string}\"},\"query-input\":\"required name=search_term_string\"}],\"inLanguage\":\"fr-FR\"},{\"@type\":\"Organization\",\"@id\":\"https:\/\/footdavant.fr\/actualites\/#organization\",\"name\":\"Foot d'avant\",\"url\":\"https:\/\/footdavant.fr\/actualites\/\",\"logo\":{\"@type\":\"ImageObject\",\"inLanguage\":\"fr-FR\",\"@id\":\"https:\/\/footdavant.fr\/actualites\/#\/schema\/logo\/image\/\",\"url\":\"https:\/\/footdavant.fr\/actualites\/wp-content\/uploads\/2023\/09\/Copy-of-FootDavant-Logo.png\",\"contentUrl\":\"https:\/\/footdavant.fr\/actualites\/wp-content\/uploads\/2023\/09\/Copy-of-FootDavant-Logo.png\",\"width\":936,\"height\":549,\"caption\":\"Foot d'avant\"},\"image\":{\"@id\":\"https:\/\/footdavant.fr\/actualites\/#\/schema\/logo\/image\/\"},\"sameAs\":[\"https:\/\/www.facebook.com\/Footdavant\/\",\"https:\/\/twitter.com\/FootdavantFr\",\"https:\/\/www.instagram.com\/footdavant.fr\/\"]},{\"@type\":\"Person\",\"@id\":\"https:\/\/footdavant.fr\/actualites\/#\/schema\/person\/bc222566d95871b37e597b3ed3ba5e1d\",\"name\":\"Cl\u00e9ment\",\"image\":{\"@type\":\"ImageObject\",\"inLanguage\":\"fr-FR\",\"@id\":\"https:\/\/footdavant.fr\/actualites\/#\/schema\/person\/image\/\",\"url\":\"https:\/\/secure.gravatar.com\/avatar\/7728b29aac2719421e1a9159b2254c44?s=96&d=mm&r=g\",\"contentUrl\":\"https:\/\/secure.gravatar.com\/avatar\/7728b29aac2719421e1a9159b2254c44?s=96&d=mm&r=g\",\"caption\":\"Cl\u00e9ment\"},\"sameAs\":[\"https:\/\/footdavant.fr\/\"]}]}<\/script>\n<!-- \/ Yoast SEO plugin. -->","yoast_head_json":{"title":"Bryce Young (cheville) des Panthers devrait manquer la semaine 8 contre les Bills","robots":{"index":"index","follow":"follow","max-snippet":"max-snippet:-1","max-image-preview":"max-image-preview:large","max-video-preview":"max-video-preview:-1"},"canonical":"https:\/\/footdavant.fr\/actualites\/bryce-young-cheville-des-panthers-devrait-manquer-la-semaine-8-contre-les-bills\/","og_locale":"fr_FR","og_type":"article","og_title":"Bryce Young (cheville) des Panthers devrait manquer la semaine 8 contre les Bills","og_description":"C&#39;\u00e9tait un concours \u00e0 faible score lors de la semaine 7 entre la Caroline et New York. Les Panthers sont repartis avec une victoire de","og_url":"https:\/\/footdavant.fr\/actualites\/bryce-young-cheville-des-panthers-devrait-manquer-la-semaine-8-contre-les-bills\/","og_site_name":"Foot d&#039;avant","article_publisher":"https:\/\/www.facebook.com\/Footdavant\/","article_published_time":"2025-10-21T14:48:54+00:00","article_modified_time":"2025-10-21T14:48:55+00:00","og_image":[{"width":696,"height":464,"url":"https:\/\/footdavant.fr\/actualites\/wp-content\/uploads\/2025\/10\/Bryce-Young-cheville-des-Panthers-devrait-manquer-la-semaine-8.jpg","type":"image\/jpeg"}],"author":"Cl\u00e9ment","twitter_card":"summary_large_image","twitter_creator":"@FootdavantFr","twitter_site":"@FootdavantFr","twitter_misc":{"\u00c9crit par":"Cl\u00e9ment","Dur\u00e9e de lecture estim\u00e9e":"3 minutes"},"schema":{"@context":"https:\/\/schema.org","@graph":[{"@type":"Article","@id":"https:\/\/footdavant.fr\/actualites\/bryce-young-cheville-des-panthers-devrait-manquer-la-semaine-8-contre-les-bills\/#article","isPartOf":{"@id":"https:\/\/footdavant.fr\/actualites\/bryce-young-cheville-des-panthers-devrait-manquer-la-semaine-8-contre-les-bills\/"},"author":{"name":"Cl\u00e9ment","@id":"https:\/\/footdavant.fr\/actualites\/#\/schema\/person\/bc222566d95871b37e597b3ed3ba5e1d"},"headline":"Bryce Young (cheville) des Panthers devrait manquer la semaine 8 contre les Bills","datePublished":"2025-10-21T14:48:54+00:00","dateModified":"2025-10-21T14:48:55+00:00","mainEntityOfPage":{"@id":"https:\/\/footdavant.fr\/actualites\/bryce-young-cheville-des-panthers-devrait-manquer-la-semaine-8-contre-les-bills\/"},"wordCount":662,"publisher":{"@id":"https:\/\/footdavant.fr\/actualites\/#organization"},"keywords":["Bills","Bryce","cheville","contre","des","devrait","les","manquer","Panthers","semaine","Young"],"articleSection":["Football"],"inLanguage":"fr-FR"},{"@type":"WebPage","@id":"https:\/\/footdavant.fr\/actualites\/bryce-young-cheville-des-panthers-devrait-manquer-la-semaine-8-contre-les-bills\/","url":"https:\/\/footdavant.fr\/actualites\/bryce-young-cheville-des-panthers-devrait-manquer-la-semaine-8-contre-les-bills\/","name":"Bryce Young (cheville) des Panthers devrait manquer la semaine 8 contre les Bills","isPartOf":{"@id":"https:\/\/footdavant.fr\/actualites\/#website"},"datePublished":"2025-10-21T14:48:54+00:00","dateModified":"2025-10-21T14:48:55+00:00","breadcrumb":{"@id":"https:\/\/footdavant.fr\/actualites\/bryce-young-cheville-des-panthers-devrait-manquer-la-semaine-8-contre-les-bills\/#breadcrumb"},"inLanguage":"fr-FR","potentialAction":[{"@type":"ReadAction","target":["https:\/\/footdavant.fr\/actualites\/bryce-young-cheville-des-panthers-devrait-manquer-la-semaine-8-contre-les-bills\/"]}]},{"@type":"BreadcrumbList","@id":"https:\/\/footdavant.fr\/actualites\/bryce-young-cheville-des-panthers-devrait-manquer-la-semaine-8-contre-les-bills\/#breadcrumb","itemListElement":[{"@type":"ListItem","position":1,"name":"Accueil","item":"https:\/\/footdavant.fr\/actualites\/"},{"@type":"ListItem","position":2,"name":"Bryce Young (cheville) des Panthers devrait manquer la semaine 8 contre les Bills"}]},{"@type":"WebSite","@id":"https:\/\/footdavant.fr\/actualites\/#website","url":"https:\/\/footdavant.fr\/actualites\/","name":"Foot d'avant","description":"","publisher":{"@id":"https:\/\/footdavant.fr\/actualites\/#organization"},"potentialAction":[{"@type":"SearchAction","target":{"@type":"EntryPoint","urlTemplate":"https:\/\/footdavant.fr\/actualites\/?s={search_term_string}"},"query-input":"required name=search_term_string"}],"inLanguage":"fr-FR"},{"@type":"Organization","@id":"https:\/\/footdavant.fr\/actualites\/#organization","name":"Foot d'avant","url":"https:\/\/footdavant.fr\/actualites\/","logo":{"@type":"ImageObject","inLanguage":"fr-FR","@id":"https:\/\/footdavant.fr\/actualites\/#\/schema\/logo\/image\/","url":"https:\/\/footdavant.fr\/actualites\/wp-content\/uploads\/2023\/09\/Copy-of-FootDavant-Logo.png","contentUrl":"https:\/\/footdavant.fr\/actualites\/wp-content\/uploads\/2023\/09\/Copy-of-FootDavant-Logo.png","width":936,"height":549,"caption":"Foot d'avant"},"image":{"@id":"https:\/\/footdavant.fr\/actualites\/#\/schema\/logo\/image\/"},"sameAs":["https:\/\/www.facebook.com\/Footdavant\/","https:\/\/twitter.com\/FootdavantFr","https:\/\/www.instagram.com\/footdavant.fr\/"]},{"@type":"Person","@id":"https:\/\/footdavant.fr\/actualites\/#\/schema\/person\/bc222566d95871b37e597b3ed3ba5e1d","name":"Cl\u00e9ment","image":{"@type":"ImageObject","inLanguage":"fr-FR","@id":"https:\/\/footdavant.fr\/actualites\/#\/schema\/person\/image\/","url":"https:\/\/secure.gravatar.com\/avatar\/7728b29aac2719421e1a9159b2254c44?s=96&d=mm&r=g","contentUrl":"https:\/\/secure.gravatar.com\/avatar\/7728b29aac2719421e1a9159b2254c44?s=96&d=mm&r=g","caption":"Cl\u00e9ment"},"sameAs":["https:\/\/footdavant.fr\/"]}]}},"_links":{"self":[{"href":"https:\/\/footdavant.fr\/actualites\/wp-json\/wp\/v2\/posts\/30108"}],"collection":[{"href":"https:\/\/footdavant.fr\/actualites\/wp-json\/wp\/v2\/posts"}],"about":[{"href":"https:\/\/footdavant.fr\/actualites\/wp-json\/wp\/v2\/types\/post"}],"author":[{"embeddable":true,"href":"https:\/\/footdavant.fr\/actualites\/wp-json\/wp\/v2\/users\/1"}],"replies":[{"embeddable":true,"href":"https:\/\/footdavant.fr\/actualites\/wp-json\/wp\/v2\/comments?post=30108"}],"version-history":[{"count":1,"href":"https:\/\/footdavant.fr\/actualites\/wp-json\/wp\/v2\/posts\/30108\/revisions"}],"predecessor-version":[{"id":30110,"href":"https:\/\/footdavant.fr\/actualites\/wp-json\/wp\/v2\/posts\/30108\/revisions\/30110"}],"wp:featuredmedia":[{"embeddable":true,"href":"https:\/\/footdavant.fr\/actualites\/wp-json\/wp\/v2\/media\/30109"}],"wp:attachment":[{"href":"https:\/\/footdavant.fr\/actualites\/wp-json\/wp\/v2\/media?parent=30108"}],"wp:term":[{"taxonomy":"category","embeddable":true,"href":"https:\/\/footdavant.fr\/actualites\/wp-json\/wp\/v2\/categories?post=30108"},{"taxonomy":"post_tag","embeddable":true,"href":"https:\/\/footdavant.fr\/actualites\/wp-json\/wp\/v2\/tags?post=30108"}],"curies":[{"name":"wp","href":"https:\/\/api.w.org\/{rel}","templated":true}]}}