{"id":30111,"date":"2025-10-21T17:48:54","date_gmt":"2025-10-21T15:48:54","guid":{"rendered":"https:\/\/footdavant.fr\/actualites\/composition-du-real-madrid-contre-la-juventus-xi-prevu-pour-le-choc-de-la-ligue-des-champions-alors-que-xabi-alonso-apporte-des-changements-avant-le-clasico\/"},"modified":"2025-10-21T17:48:55","modified_gmt":"2025-10-21T15:48:55","slug":"composition-du-real-madrid-contre-la-juventus-xi-prevu-pour-le-choc-de-la-ligue-des-champions-alors-que-xabi-alonso-apporte-des-changements-avant-le-clasico","status":"publish","type":"post","link":"https:\/\/footdavant.fr\/actualites\/composition-du-real-madrid-contre-la-juventus-xi-prevu-pour-le-choc-de-la-ligue-des-champions-alors-que-xabi-alonso-apporte-des-changements-avant-le-clasico\/","title":{"rendered":"Composition du Real Madrid contre la Juventus\u00a0: XI pr\u00e9vu pour le choc de la Ligue des champions, alors que Xabi Alonso apporte des changements avant le Clasico"},"content":{"rendered":"<p>Sports Mole examine en profondeur comment le Real Madrid pourrait s&#39;aligner pour le choc de la Ligue des Champions de mercredi avec la Juventus.<\/p>\n<div id=\"article_body\" itemprop=\"articleBody\">\n<p><strong class=\"autotag\">Le Real Madrid reviendra au stade Santiago Bernabeu mercredi soir, alors que les g\u00e9ants espagnols<b> <\/b>accueillir le club le plus titr\u00e9 d&#39;Italie, la Juventus, en Ligue des Champions.<\/p>\n<p>Bien que Madrid ait jusqu&#39;\u00e0 pr\u00e9sent le maximum de points au tableau &#8211; contre seulement deux sur six possibles pour la Juve &#8211; il se peut que les h\u00f4tes manquent de plusieurs d\u00e9fenseurs.<\/p>\n<p>Antonio Rudiger est certainement absent, tandis que Dani Carvajal est peut-\u00eatre sur le point de revenir de blessure mais doit purger une suspension de l&#39;UEFA ; <strong class=\"autotag\">Dean Huijsen, jeune dipl\u00f4m\u00e9 de la Juventus, est \u00e9galement incertain, Trent Alexander-Arnold vient tout juste de reprendre l&#39;entra\u00eenement et <strong class=\"autotag\">Ferland Mendy approche de la fin de son long chemin vers la gu\u00e9rison d&#39;une rupture de la cuisse.<\/p>\n<p>M\u00eame si l&#39;un de ces derniers trio se d\u00e9clare disponible, le patron des Blancos <strong class=\"autotag\">Xabi Alonso donnera certainement la priorit\u00e9 au Clasico, qui aura lieu dimanche.<\/p>\n<p>Apr\u00e8s avoir finalement fait sa premi\u00e8re titularisation en championnat ce week-end, David Alaba a \u00e9t\u00e9 forfait \u00e0 la mi-temps en raison d&#39;un mollet serr\u00e9, ce qui a permis \u00e0 Raul Asencio de continuer en d\u00e9fense centrale ; \u00e9tant donn\u00e9 le manque d&#39;options, l&#39;utilitaire Fede Valverde est susceptible de le remplacer \u00e0 l&#39;arri\u00e8re droit.<\/p>\n<p>Mieux encore, Dani Ceballos pourrait \u00eatre pr\u00eat \u00e0 jouer un r\u00f4le si n\u00e9cessaire. Reste \u00e0 voir comment est compos\u00e9 le milieu de terrain madril\u00e8ne. <strong class=\"autotag\">Jude Bellingham est candidat au repos avant l&#39;arriv\u00e9e de Barcelone.<\/p>\n<p>R\u00e9ticent \u00e0 rater toute chance de marquer davantage <strong class=\"autotag\">Buts en Ligue des Champions, <strong class=\"autotag\">Kylian Mbappe en a d\u00e9j\u00e0 pill\u00e9 cinq jusqu&#39;\u00e0 pr\u00e9sent &#8211; il est ce qui se rapproche le plus d&#39;un certain choix dans l&#39;attaque aux multiples talents de l&#39;\u00e9quipe locale. <\/p>\n<p>Si Bellingham abandonne, Arda Guler pourrait revenir dans la formation de d\u00e9part, aux c\u00f4t\u00e9s du non-conformiste br\u00e9silien <strong class=\"autotag\">Vinicius Junior.<\/p>\n<p>Onze de d\u00e9part possible du Real Madrid :<\/p>\n<p>Courtois; Valverde, Militao, Asencio, Carreras\u00a0; Tchouameni, Camavinga; Mastantuono, Guler, Vinicius\u00a0; Mbapp\u00e9<\/p>\n<div class=\"author_box\">\n<div class=\"author_box_banner\"> <\/div>\n<\/div>\n<\/div>\n","protected":false},"excerpt":{"rendered":"<p>Sports Mole examine en profondeur comment le Real Madrid pourrait s&#39;aligner pour le choc de la Ligue des Champions de mercredi avec la Juventus. Le<\/p>\n","protected":false},"author":1,"featured_media":30112,"comment_status":"closed","ping_status":"","sticky":false,"template":"","format":"standard","meta":{"footnotes":""},"categories":[4],"tags":[3450,318,411,491,31,412,332,8062,2291,20,12,711,30,303,51,3924,302,3608],"yoast_head":"<!-- This site is optimized with the Yoast SEO plugin v21.0 - https:\/\/yoast.com\/wordpress\/plugins\/seo\/ -->\n<title>Composition du Real Madrid contre la Juventus\u00a0: XI pr\u00e9vu pour le choc de la Ligue des champions, alors que Xabi Alonso apporte des changements avant le Clasico<\/title>\n<meta name=\"robots\" content=\"index, follow, max-snippet:-1, max-image-preview:large, max-video-preview:-1\" \/>\n<link rel=\"canonical\" href=\"https:\/\/footdavant.fr\/actualites\/composition-du-real-madrid-contre-la-juventus-xi-prevu-pour-le-choc-de-la-ligue-des-champions-alors-que-xabi-alonso-apporte-des-changements-avant-le-clasico\/\" \/>\n<meta property=\"og:locale\" content=\"fr_FR\" \/>\n<meta property=\"og:type\" content=\"article\" \/>\n<meta property=\"og:title\" content=\"Composition du Real Madrid contre la Juventus\u00a0: XI pr\u00e9vu pour le choc de la Ligue des champions, alors que Xabi Alonso apporte des changements avant le Clasico\" \/>\n<meta property=\"og:description\" content=\"Sports Mole examine en profondeur comment le Real Madrid pourrait s&#039;aligner pour le choc de la Ligue des Champions de mercredi avec la Juventus. Le\" \/>\n<meta property=\"og:url\" content=\"https:\/\/footdavant.fr\/actualites\/composition-du-real-madrid-contre-la-juventus-xi-prevu-pour-le-choc-de-la-ligue-des-champions-alors-que-xabi-alonso-apporte-des-changements-avant-le-clasico\/\" \/>\n<meta property=\"og:site_name\" content=\"Foot d&#039;avant\" \/>\n<meta property=\"article:publisher\" content=\"https:\/\/www.facebook.com\/Footdavant\/\" \/>\n<meta property=\"article:published_time\" content=\"2025-10-21T15:48:54+00:00\" \/>\n<meta property=\"article:modified_time\" content=\"2025-10-21T15:48:55+00:00\" \/>\n<meta property=\"og:image\" content=\"https:\/\/footdavant.fr\/actualites\/wp-content\/uploads\/2025\/10\/Composition-du-Real-Madrid-contre-la-Juventus-XI-prevu-pour.jpg\" \/>\n\t<meta property=\"og:image:width\" content=\"640\" \/>\n\t<meta property=\"og:image:height\" content=\"480\" \/>\n\t<meta property=\"og:image:type\" content=\"image\/jpeg\" \/>\n<meta name=\"author\" content=\"Cl\u00e9ment\" \/>\n<meta name=\"twitter:card\" content=\"summary_large_image\" \/>\n<meta name=\"twitter:creator\" content=\"@FootdavantFr\" \/>\n<meta name=\"twitter:site\" content=\"@FootdavantFr\" \/>\n<meta name=\"twitter:label1\" content=\"\u00c9crit par\" \/>\n\t<meta name=\"twitter:data1\" content=\"Cl\u00e9ment\" \/>\n\t<meta name=\"twitter:label2\" content=\"Dur\u00e9e de lecture estim\u00e9e\" \/>\n\t<meta name=\"twitter:data2\" content=\"2 minutes\" \/>\n<script type=\"application\/ld+json\" class=\"yoast-schema-graph\">{\"@context\":\"https:\/\/schema.org\",\"@graph\":[{\"@type\":\"Article\",\"@id\":\"https:\/\/footdavant.fr\/actualites\/composition-du-real-madrid-contre-la-juventus-xi-prevu-pour-le-choc-de-la-ligue-des-champions-alors-que-xabi-alonso-apporte-des-changements-avant-le-clasico\/#article\",\"isPartOf\":{\"@id\":\"https:\/\/footdavant.fr\/actualites\/composition-du-real-madrid-contre-la-juventus-xi-prevu-pour-le-choc-de-la-ligue-des-champions-alors-que-xabi-alonso-apporte-des-changements-avant-le-clasico\/\"},\"author\":{\"name\":\"Cl\u00e9ment\",\"@id\":\"https:\/\/footdavant.fr\/actualites\/#\/schema\/person\/bc222566d95871b37e597b3ed3ba5e1d\"},\"headline\":\"Composition du Real Madrid contre la Juventus\u00a0: XI pr\u00e9vu pour le choc de la Ligue des champions, alors que Xabi Alonso apporte des changements avant le Clasico\",\"datePublished\":\"2025-10-21T15:48:54+00:00\",\"dateModified\":\"2025-10-21T15:48:55+00:00\",\"mainEntityOfPage\":{\"@id\":\"https:\/\/footdavant.fr\/actualites\/composition-du-real-madrid-contre-la-juventus-xi-prevu-pour-le-choc-de-la-ligue-des-champions-alors-que-xabi-alonso-apporte-des-changements-avant-le-clasico\/\"},\"wordCount\":401,\"publisher\":{\"@id\":\"https:\/\/footdavant.fr\/actualites\/#organization\"},\"keywords\":[\"Alonso\",\"alors\",\"apporte\",\"avant\",\"champions\",\"changements\",\"choc\",\"Clasico\",\"composition\",\"contre\",\"des\",\"Juventus\",\"Ligue\",\"Madrid\",\"pour\",\"pr\u00e9vu\",\"Real\",\"Xabi\"],\"articleSection\":[\"Champions League\"],\"inLanguage\":\"fr-FR\"},{\"@type\":\"WebPage\",\"@id\":\"https:\/\/footdavant.fr\/actualites\/composition-du-real-madrid-contre-la-juventus-xi-prevu-pour-le-choc-de-la-ligue-des-champions-alors-que-xabi-alonso-apporte-des-changements-avant-le-clasico\/\",\"url\":\"https:\/\/footdavant.fr\/actualites\/composition-du-real-madrid-contre-la-juventus-xi-prevu-pour-le-choc-de-la-ligue-des-champions-alors-que-xabi-alonso-apporte-des-changements-avant-le-clasico\/\",\"name\":\"Composition du Real Madrid contre la Juventus\u00a0: XI pr\u00e9vu pour le choc de la Ligue des champions, alors que Xabi Alonso apporte des changements avant le Clasico\",\"isPartOf\":{\"@id\":\"https:\/\/footdavant.fr\/actualites\/#website\"},\"datePublished\":\"2025-10-21T15:48:54+00:00\",\"dateModified\":\"2025-10-21T15:48:55+00:00\",\"breadcrumb\":{\"@id\":\"https:\/\/footdavant.fr\/actualites\/composition-du-real-madrid-contre-la-juventus-xi-prevu-pour-le-choc-de-la-ligue-des-champions-alors-que-xabi-alonso-apporte-des-changements-avant-le-clasico\/#breadcrumb\"},\"inLanguage\":\"fr-FR\",\"potentialAction\":[{\"@type\":\"ReadAction\",\"target\":[\"https:\/\/footdavant.fr\/actualites\/composition-du-real-madrid-contre-la-juventus-xi-prevu-pour-le-choc-de-la-ligue-des-champions-alors-que-xabi-alonso-apporte-des-changements-avant-le-clasico\/\"]}]},{\"@type\":\"BreadcrumbList\",\"@id\":\"https:\/\/footdavant.fr\/actualites\/composition-du-real-madrid-contre-la-juventus-xi-prevu-pour-le-choc-de-la-ligue-des-champions-alors-que-xabi-alonso-apporte-des-changements-avant-le-clasico\/#breadcrumb\",\"itemListElement\":[{\"@type\":\"ListItem\",\"position\":1,\"name\":\"Accueil\",\"item\":\"https:\/\/footdavant.fr\/actualites\/\"},{\"@type\":\"ListItem\",\"position\":2,\"name\":\"Composition du Real Madrid contre la Juventus\u00a0: XI pr\u00e9vu pour le choc de la Ligue des champions, alors que Xabi Alonso apporte des changements avant le Clasico\"}]},{\"@type\":\"WebSite\",\"@id\":\"https:\/\/footdavant.fr\/actualites\/#website\",\"url\":\"https:\/\/footdavant.fr\/actualites\/\",\"name\":\"Foot d'avant\",\"description\":\"\",\"publisher\":{\"@id\":\"https:\/\/footdavant.fr\/actualites\/#organization\"},\"potentialAction\":[{\"@type\":\"SearchAction\",\"target\":{\"@type\":\"EntryPoint\",\"urlTemplate\":\"https:\/\/footdavant.fr\/actualites\/?s={search_term_string}\"},\"query-input\":\"required name=search_term_string\"}],\"inLanguage\":\"fr-FR\"},{\"@type\":\"Organization\",\"@id\":\"https:\/\/footdavant.fr\/actualites\/#organization\",\"name\":\"Foot d'avant\",\"url\":\"https:\/\/footdavant.fr\/actualites\/\",\"logo\":{\"@type\":\"ImageObject\",\"inLanguage\":\"fr-FR\",\"@id\":\"https:\/\/footdavant.fr\/actualites\/#\/schema\/logo\/image\/\",\"url\":\"https:\/\/footdavant.fr\/actualites\/wp-content\/uploads\/2023\/09\/Copy-of-FootDavant-Logo.png\",\"contentUrl\":\"https:\/\/footdavant.fr\/actualites\/wp-content\/uploads\/2023\/09\/Copy-of-FootDavant-Logo.png\",\"width\":936,\"height\":549,\"caption\":\"Foot d'avant\"},\"image\":{\"@id\":\"https:\/\/footdavant.fr\/actualites\/#\/schema\/logo\/image\/\"},\"sameAs\":[\"https:\/\/www.facebook.com\/Footdavant\/\",\"https:\/\/twitter.com\/FootdavantFr\",\"https:\/\/www.instagram.com\/footdavant.fr\/\"]},{\"@type\":\"Person\",\"@id\":\"https:\/\/footdavant.fr\/actualites\/#\/schema\/person\/bc222566d95871b37e597b3ed3ba5e1d\",\"name\":\"Cl\u00e9ment\",\"image\":{\"@type\":\"ImageObject\",\"inLanguage\":\"fr-FR\",\"@id\":\"https:\/\/footdavant.fr\/actualites\/#\/schema\/person\/image\/\",\"url\":\"https:\/\/secure.gravatar.com\/avatar\/7728b29aac2719421e1a9159b2254c44?s=96&d=mm&r=g\",\"contentUrl\":\"https:\/\/secure.gravatar.com\/avatar\/7728b29aac2719421e1a9159b2254c44?s=96&d=mm&r=g\",\"caption\":\"Cl\u00e9ment\"},\"sameAs\":[\"https:\/\/footdavant.fr\/\"]}]}<\/script>\n<!-- \/ Yoast SEO plugin. -->","yoast_head_json":{"title":"Composition du Real Madrid contre la Juventus\u00a0: XI pr\u00e9vu pour le choc de la Ligue des champions, alors que Xabi Alonso apporte des changements avant le Clasico","robots":{"index":"index","follow":"follow","max-snippet":"max-snippet:-1","max-image-preview":"max-image-preview:large","max-video-preview":"max-video-preview:-1"},"canonical":"https:\/\/footdavant.fr\/actualites\/composition-du-real-madrid-contre-la-juventus-xi-prevu-pour-le-choc-de-la-ligue-des-champions-alors-que-xabi-alonso-apporte-des-changements-avant-le-clasico\/","og_locale":"fr_FR","og_type":"article","og_title":"Composition du Real Madrid contre la Juventus\u00a0: XI pr\u00e9vu pour le choc de la Ligue des champions, alors que Xabi Alonso apporte des changements avant le Clasico","og_description":"Sports Mole examine en profondeur comment le Real Madrid pourrait s&#39;aligner pour le choc de la Ligue des Champions de mercredi avec la Juventus. Le","og_url":"https:\/\/footdavant.fr\/actualites\/composition-du-real-madrid-contre-la-juventus-xi-prevu-pour-le-choc-de-la-ligue-des-champions-alors-que-xabi-alonso-apporte-des-changements-avant-le-clasico\/","og_site_name":"Foot d&#039;avant","article_publisher":"https:\/\/www.facebook.com\/Footdavant\/","article_published_time":"2025-10-21T15:48:54+00:00","article_modified_time":"2025-10-21T15:48:55+00:00","og_image":[{"width":640,"height":480,"url":"https:\/\/footdavant.fr\/actualites\/wp-content\/uploads\/2025\/10\/Composition-du-Real-Madrid-contre-la-Juventus-XI-prevu-pour.jpg","type":"image\/jpeg"}],"author":"Cl\u00e9ment","twitter_card":"summary_large_image","twitter_creator":"@FootdavantFr","twitter_site":"@FootdavantFr","twitter_misc":{"\u00c9crit par":"Cl\u00e9ment","Dur\u00e9e de lecture estim\u00e9e":"2 minutes"},"schema":{"@context":"https:\/\/schema.org","@graph":[{"@type":"Article","@id":"https:\/\/footdavant.fr\/actualites\/composition-du-real-madrid-contre-la-juventus-xi-prevu-pour-le-choc-de-la-ligue-des-champions-alors-que-xabi-alonso-apporte-des-changements-avant-le-clasico\/#article","isPartOf":{"@id":"https:\/\/footdavant.fr\/actualites\/composition-du-real-madrid-contre-la-juventus-xi-prevu-pour-le-choc-de-la-ligue-des-champions-alors-que-xabi-alonso-apporte-des-changements-avant-le-clasico\/"},"author":{"name":"Cl\u00e9ment","@id":"https:\/\/footdavant.fr\/actualites\/#\/schema\/person\/bc222566d95871b37e597b3ed3ba5e1d"},"headline":"Composition du Real Madrid contre la Juventus\u00a0: XI pr\u00e9vu pour le choc de la Ligue des champions, alors que Xabi Alonso apporte des changements avant le Clasico","datePublished":"2025-10-21T15:48:54+00:00","dateModified":"2025-10-21T15:48:55+00:00","mainEntityOfPage":{"@id":"https:\/\/footdavant.fr\/actualites\/composition-du-real-madrid-contre-la-juventus-xi-prevu-pour-le-choc-de-la-ligue-des-champions-alors-que-xabi-alonso-apporte-des-changements-avant-le-clasico\/"},"wordCount":401,"publisher":{"@id":"https:\/\/footdavant.fr\/actualites\/#organization"},"keywords":["Alonso","alors","apporte","avant","champions","changements","choc","Clasico","composition","contre","des","Juventus","Ligue","Madrid","pour","pr\u00e9vu","Real","Xabi"],"articleSection":["Champions League"],"inLanguage":"fr-FR"},{"@type":"WebPage","@id":"https:\/\/footdavant.fr\/actualites\/composition-du-real-madrid-contre-la-juventus-xi-prevu-pour-le-choc-de-la-ligue-des-champions-alors-que-xabi-alonso-apporte-des-changements-avant-le-clasico\/","url":"https:\/\/footdavant.fr\/actualites\/composition-du-real-madrid-contre-la-juventus-xi-prevu-pour-le-choc-de-la-ligue-des-champions-alors-que-xabi-alonso-apporte-des-changements-avant-le-clasico\/","name":"Composition du Real Madrid contre la Juventus\u00a0: XI pr\u00e9vu pour le choc de la Ligue des champions, alors que Xabi Alonso apporte des changements avant le Clasico","isPartOf":{"@id":"https:\/\/footdavant.fr\/actualites\/#website"},"datePublished":"2025-10-21T15:48:54+00:00","dateModified":"2025-10-21T15:48:55+00:00","breadcrumb":{"@id":"https:\/\/footdavant.fr\/actualites\/composition-du-real-madrid-contre-la-juventus-xi-prevu-pour-le-choc-de-la-ligue-des-champions-alors-que-xabi-alonso-apporte-des-changements-avant-le-clasico\/#breadcrumb"},"inLanguage":"fr-FR","potentialAction":[{"@type":"ReadAction","target":["https:\/\/footdavant.fr\/actualites\/composition-du-real-madrid-contre-la-juventus-xi-prevu-pour-le-choc-de-la-ligue-des-champions-alors-que-xabi-alonso-apporte-des-changements-avant-le-clasico\/"]}]},{"@type":"BreadcrumbList","@id":"https:\/\/footdavant.fr\/actualites\/composition-du-real-madrid-contre-la-juventus-xi-prevu-pour-le-choc-de-la-ligue-des-champions-alors-que-xabi-alonso-apporte-des-changements-avant-le-clasico\/#breadcrumb","itemListElement":[{"@type":"ListItem","position":1,"name":"Accueil","item":"https:\/\/footdavant.fr\/actualites\/"},{"@type":"ListItem","position":2,"name":"Composition du Real Madrid contre la Juventus\u00a0: XI pr\u00e9vu pour le choc de la Ligue des champions, alors que Xabi Alonso apporte des changements avant le Clasico"}]},{"@type":"WebSite","@id":"https:\/\/footdavant.fr\/actualites\/#website","url":"https:\/\/footdavant.fr\/actualites\/","name":"Foot d'avant","description":"","publisher":{"@id":"https:\/\/footdavant.fr\/actualites\/#organization"},"potentialAction":[{"@type":"SearchAction","target":{"@type":"EntryPoint","urlTemplate":"https:\/\/footdavant.fr\/actualites\/?s={search_term_string}"},"query-input":"required name=search_term_string"}],"inLanguage":"fr-FR"},{"@type":"Organization","@id":"https:\/\/footdavant.fr\/actualites\/#organization","name":"Foot d'avant","url":"https:\/\/footdavant.fr\/actualites\/","logo":{"@type":"ImageObject","inLanguage":"fr-FR","@id":"https:\/\/footdavant.fr\/actualites\/#\/schema\/logo\/image\/","url":"https:\/\/footdavant.fr\/actualites\/wp-content\/uploads\/2023\/09\/Copy-of-FootDavant-Logo.png","contentUrl":"https:\/\/footdavant.fr\/actualites\/wp-content\/uploads\/2023\/09\/Copy-of-FootDavant-Logo.png","width":936,"height":549,"caption":"Foot d'avant"},"image":{"@id":"https:\/\/footdavant.fr\/actualites\/#\/schema\/logo\/image\/"},"sameAs":["https:\/\/www.facebook.com\/Footdavant\/","https:\/\/twitter.com\/FootdavantFr","https:\/\/www.instagram.com\/footdavant.fr\/"]},{"@type":"Person","@id":"https:\/\/footdavant.fr\/actualites\/#\/schema\/person\/bc222566d95871b37e597b3ed3ba5e1d","name":"Cl\u00e9ment","image":{"@type":"ImageObject","inLanguage":"fr-FR","@id":"https:\/\/footdavant.fr\/actualites\/#\/schema\/person\/image\/","url":"https:\/\/secure.gravatar.com\/avatar\/7728b29aac2719421e1a9159b2254c44?s=96&d=mm&r=g","contentUrl":"https:\/\/secure.gravatar.com\/avatar\/7728b29aac2719421e1a9159b2254c44?s=96&d=mm&r=g","caption":"Cl\u00e9ment"},"sameAs":["https:\/\/footdavant.fr\/"]}]}},"_links":{"self":[{"href":"https:\/\/footdavant.fr\/actualites\/wp-json\/wp\/v2\/posts\/30111"}],"collection":[{"href":"https:\/\/footdavant.fr\/actualites\/wp-json\/wp\/v2\/posts"}],"about":[{"href":"https:\/\/footdavant.fr\/actualites\/wp-json\/wp\/v2\/types\/post"}],"author":[{"embeddable":true,"href":"https:\/\/footdavant.fr\/actualites\/wp-json\/wp\/v2\/users\/1"}],"replies":[{"embeddable":true,"href":"https:\/\/footdavant.fr\/actualites\/wp-json\/wp\/v2\/comments?post=30111"}],"version-history":[{"count":1,"href":"https:\/\/footdavant.fr\/actualites\/wp-json\/wp\/v2\/posts\/30111\/revisions"}],"predecessor-version":[{"id":30113,"href":"https:\/\/footdavant.fr\/actualites\/wp-json\/wp\/v2\/posts\/30111\/revisions\/30113"}],"wp:featuredmedia":[{"embeddable":true,"href":"https:\/\/footdavant.fr\/actualites\/wp-json\/wp\/v2\/media\/30112"}],"wp:attachment":[{"href":"https:\/\/footdavant.fr\/actualites\/wp-json\/wp\/v2\/media?parent=30111"}],"wp:term":[{"taxonomy":"category","embeddable":true,"href":"https:\/\/footdavant.fr\/actualites\/wp-json\/wp\/v2\/categories?post=30111"},{"taxonomy":"post_tag","embeddable":true,"href":"https:\/\/footdavant.fr\/actualites\/wp-json\/wp\/v2\/tags?post=30111"}],"curies":[{"name":"wp","href":"https:\/\/api.w.org\/{rel}","templated":true}]}}