{"id":30117,"date":"2025-10-21T20:48:35","date_gmt":"2025-10-21T18:48:35","guid":{"rendered":"https:\/\/footdavant.fr\/actualites\/barcelone-6-1-olympiacos-rashford-au-double\/"},"modified":"2025-10-21T20:48:36","modified_gmt":"2025-10-21T18:48:36","slug":"barcelone-6-1-olympiacos-rashford-au-double","status":"publish","type":"post","link":"https:\/\/footdavant.fr\/actualites\/barcelone-6-1-olympiacos-rashford-au-double\/","title":{"rendered":"Barcelone 6-1 Olympiacos &#8211; Rashford au doubl\u00e9"},"content":{"rendered":"<div>\n<p>Marcus Rashford figurait parmi les buteurs alors qu&#39;une jeune \u00e9quipe de Barcelone a fait un travail facile contre l&#39;Olympiacos \u2013 avec Fermin Lopez r\u00e9ussissant un tripl\u00e9.<\/p>\n<p>L&#39;attaquant anglais a marqu\u00e9 le quatri\u00e8me but apr\u00e8s que l&#39;adolescent Dro Fernandez ait vol\u00e9 la vedette en premi\u00e8re mi-temps en marquant le deuxi\u00e8me de la soir\u00e9e de Lopez.<\/p>\n<figure class=\"wp-block-embed is-type-rich is-provider-twitter wp-block-embed-twitter\">\n<div class=\"wp-block-embed__wrapper\">\n<blockquote class=\"twitter-tweet\" data-width=\"500\" data-dnt=\"true\">\n<p lang=\"en\" dir=\"ltr\">2 \u2013 A 17 ans et 282 jours, Dro Fern\u00e1ndez est le deuxi\u00e8me plus jeune joueur \u00e0 d\u00e9livrer une passe d\u00e9cisive pour ses d\u00e9buts en Ligue des Champions, derri\u00e8re Giovanni Reyna avec le Borussia Dortmund en f\u00e9vrier 2020 (17 ans et 97 jours). Gemme. <a rel=\"nofollow\" href=\"https:\/\/t.co\/FBl61oCb1a\" rel=\"nofollow\">pic.twitter.com\/FBl61oCb1a<\/a><\/p>\n<p>\u2013 OptaJose (@OptaJose) <a rel=\"nofollow\" href=\"https:\/\/twitter.com\/OptaJose\/status\/1980689050009796980?ref_src=twsrc%5Etfw\" rel=\"nofollow noopener\">21 octobre 2025<\/a><\/p><\/blockquote>\n<\/div>\n<\/figure>\n<p>Un autre jeune fabuleusement talentueux, Lamine Yamal, a d\u00e9croch\u00e9 le troisi\u00e8me apr\u00e8s la pause du point de penalty \u2013 malgr\u00e9 un tripl\u00e9 de Fermin \u2013 et le quatri\u00e8me de Rashford a ensuite \u00e9t\u00e9 compl\u00e9t\u00e9 par le troisi\u00e8me de Fermin, devenant remarquablement le premier joueur espagnol \u00e0 remporter un tripl\u00e9 pour le club dans la comp\u00e9tition.<\/p>\n<p>Rashford a marqu\u00e9 six buts avec son deuxi\u00e8me, ce qui porte d\u00e9j\u00e0 \u00e0 quatre buts en Ligue des champions pour son nouveau club.<\/p>\n<figure class=\"wp-block-embed is-type-rich is-provider-twitter wp-block-embed-twitter\">\n<div class=\"wp-block-embed__wrapper\">\n<blockquote class=\"twitter-tweet\" data-width=\"500\" data-dnt=\"true\">\n<p lang=\"en\" dir=\"ltr\">3 \u2013 Ferm\u00edn L\u00f3pez est devenu le premier joueur espagnol \u00e0 r\u00e9aliser un tripl\u00e9 pour le FC Barcelone dans l&#39;histoire de la Ligue des Champions. Instinct. <a rel=\"nofollow\" href=\"https:\/\/t.co\/rLIzW67Mtq\" rel=\"nofollow\">pic.twitter.com\/rLIzW67Mtq<\/a><\/p>\n<p>\u2013 OptaJose (@OptaJose) <a rel=\"nofollow\" href=\"https:\/\/twitter.com\/OptaJose\/status\/1980701732964626885?ref_src=twsrc%5Etfw\" rel=\"nofollow noopener\">21 octobre 2025<\/a><\/p><\/blockquote>\n<\/div>\n<\/figure>\n<p>La t\u00e2che des visiteurs n&#39;a pas \u00e9t\u00e9 facilit\u00e9e par l&#39;expulsion de Santiago Hezze en seconde p\u00e9riode pour une deuxi\u00e8me faute passible d&#39;un avertissement.<\/p>\n<p>Le Bar\u00e7a a d\u00e9sormais marqu\u00e9 lors de ses 23 derniers matches de Ligue des Champions et ressemble \u00e0 l&#39;une des \u00e9quipes \u00e0 battre en Europe cette saison.<\/p>\n<\/p><\/div>\n<p><script async src=\"https:\/\/platform.twitter.com\/widgets.js\" charset=\"utf-8\"><\/script><\/p>\n","protected":false},"excerpt":{"rendered":"<p>Marcus Rashford figurait parmi les buteurs alors qu&#39;une jeune \u00e9quipe de Barcelone a fait un travail facile contre l&#39;Olympiacos \u2013 avec Fermin Lopez r\u00e9ussissant un<\/p>\n","protected":false},"author":1,"featured_media":30118,"comment_status":"closed","ping_status":"","sticky":false,"template":"","format":"standard","meta":{"footnotes":""},"categories":[3],"tags":[130,317,4891,423],"yoast_head":"<!-- This site is optimized with the Yoast SEO plugin v21.0 - https:\/\/yoast.com\/wordpress\/plugins\/seo\/ -->\n<title>Barcelone 6-1 Olympiacos - Rashford au doubl\u00e9<\/title>\n<meta name=\"robots\" content=\"index, follow, max-snippet:-1, max-image-preview:large, max-video-preview:-1\" \/>\n<link rel=\"canonical\" href=\"https:\/\/footdavant.fr\/actualites\/barcelone-6-1-olympiacos-rashford-au-double\/\" \/>\n<meta property=\"og:locale\" content=\"fr_FR\" \/>\n<meta property=\"og:type\" content=\"article\" \/>\n<meta property=\"og:title\" content=\"Barcelone 6-1 Olympiacos - Rashford au doubl\u00e9\" \/>\n<meta property=\"og:description\" content=\"Marcus Rashford figurait parmi les buteurs alors qu&#039;une jeune \u00e9quipe de Barcelone a fait un travail facile contre l&#039;Olympiacos \u2013 avec Fermin Lopez r\u00e9ussissant un\" \/>\n<meta property=\"og:url\" content=\"https:\/\/footdavant.fr\/actualites\/barcelone-6-1-olympiacos-rashford-au-double\/\" \/>\n<meta property=\"og:site_name\" content=\"Foot d&#039;avant\" \/>\n<meta property=\"article:publisher\" content=\"https:\/\/www.facebook.com\/Footdavant\/\" \/>\n<meta property=\"article:published_time\" content=\"2025-10-21T18:48:35+00:00\" \/>\n<meta property=\"article:modified_time\" content=\"2025-10-21T18:48:36+00:00\" \/>\n<meta property=\"og:image\" content=\"https:\/\/footdavant.fr\/actualites\/wp-content\/uploads\/2025\/10\/Barcelone-6-1-Olympiacos-Rashford-au-double.jpg\" \/>\n\t<meta property=\"og:image:width\" content=\"1200\" \/>\n\t<meta property=\"og:image:height\" content=\"801\" \/>\n\t<meta property=\"og:image:type\" content=\"image\/jpeg\" \/>\n<meta name=\"author\" content=\"Cl\u00e9ment\" \/>\n<meta name=\"twitter:card\" content=\"summary_large_image\" \/>\n<meta name=\"twitter:creator\" content=\"@FootdavantFr\" \/>\n<meta name=\"twitter:site\" content=\"@FootdavantFr\" \/>\n<meta name=\"twitter:label1\" content=\"\u00c9crit par\" \/>\n\t<meta name=\"twitter:data1\" content=\"Cl\u00e9ment\" \/>\n\t<meta name=\"twitter:label2\" content=\"Dur\u00e9e de lecture estim\u00e9e\" \/>\n\t<meta name=\"twitter:data2\" content=\"1 minute\" \/>\n<script type=\"application\/ld+json\" class=\"yoast-schema-graph\">{\"@context\":\"https:\/\/schema.org\",\"@graph\":[{\"@type\":\"Article\",\"@id\":\"https:\/\/footdavant.fr\/actualites\/barcelone-6-1-olympiacos-rashford-au-double\/#article\",\"isPartOf\":{\"@id\":\"https:\/\/footdavant.fr\/actualites\/barcelone-6-1-olympiacos-rashford-au-double\/\"},\"author\":{\"name\":\"Cl\u00e9ment\",\"@id\":\"https:\/\/footdavant.fr\/actualites\/#\/schema\/person\/bc222566d95871b37e597b3ed3ba5e1d\"},\"headline\":\"Barcelone 6-1 Olympiacos &#8211; Rashford au doubl\u00e9\",\"datePublished\":\"2025-10-21T18:48:35+00:00\",\"dateModified\":\"2025-10-21T18:48:36+00:00\",\"mainEntityOfPage\":{\"@id\":\"https:\/\/footdavant.fr\/actualites\/barcelone-6-1-olympiacos-rashford-au-double\/\"},\"wordCount\":297,\"publisher\":{\"@id\":\"https:\/\/footdavant.fr\/actualites\/#organization\"},\"keywords\":[\"Barcelone\",\"doubl\u00e9\",\"Olympiacos\",\"Rashford\"],\"articleSection\":[\"Football\"],\"inLanguage\":\"fr-FR\"},{\"@type\":\"WebPage\",\"@id\":\"https:\/\/footdavant.fr\/actualites\/barcelone-6-1-olympiacos-rashford-au-double\/\",\"url\":\"https:\/\/footdavant.fr\/actualites\/barcelone-6-1-olympiacos-rashford-au-double\/\",\"name\":\"Barcelone 6-1 Olympiacos - Rashford au doubl\u00e9\",\"isPartOf\":{\"@id\":\"https:\/\/footdavant.fr\/actualites\/#website\"},\"datePublished\":\"2025-10-21T18:48:35+00:00\",\"dateModified\":\"2025-10-21T18:48:36+00:00\",\"breadcrumb\":{\"@id\":\"https:\/\/footdavant.fr\/actualites\/barcelone-6-1-olympiacos-rashford-au-double\/#breadcrumb\"},\"inLanguage\":\"fr-FR\",\"potentialAction\":[{\"@type\":\"ReadAction\",\"target\":[\"https:\/\/footdavant.fr\/actualites\/barcelone-6-1-olympiacos-rashford-au-double\/\"]}]},{\"@type\":\"BreadcrumbList\",\"@id\":\"https:\/\/footdavant.fr\/actualites\/barcelone-6-1-olympiacos-rashford-au-double\/#breadcrumb\",\"itemListElement\":[{\"@type\":\"ListItem\",\"position\":1,\"name\":\"Accueil\",\"item\":\"https:\/\/footdavant.fr\/actualites\/\"},{\"@type\":\"ListItem\",\"position\":2,\"name\":\"Barcelone 6-1 Olympiacos &#8211; Rashford au doubl\u00e9\"}]},{\"@type\":\"WebSite\",\"@id\":\"https:\/\/footdavant.fr\/actualites\/#website\",\"url\":\"https:\/\/footdavant.fr\/actualites\/\",\"name\":\"Foot d'avant\",\"description\":\"\",\"publisher\":{\"@id\":\"https:\/\/footdavant.fr\/actualites\/#organization\"},\"potentialAction\":[{\"@type\":\"SearchAction\",\"target\":{\"@type\":\"EntryPoint\",\"urlTemplate\":\"https:\/\/footdavant.fr\/actualites\/?s={search_term_string}\"},\"query-input\":\"required name=search_term_string\"}],\"inLanguage\":\"fr-FR\"},{\"@type\":\"Organization\",\"@id\":\"https:\/\/footdavant.fr\/actualites\/#organization\",\"name\":\"Foot d'avant\",\"url\":\"https:\/\/footdavant.fr\/actualites\/\",\"logo\":{\"@type\":\"ImageObject\",\"inLanguage\":\"fr-FR\",\"@id\":\"https:\/\/footdavant.fr\/actualites\/#\/schema\/logo\/image\/\",\"url\":\"https:\/\/footdavant.fr\/actualites\/wp-content\/uploads\/2023\/09\/Copy-of-FootDavant-Logo.png\",\"contentUrl\":\"https:\/\/footdavant.fr\/actualites\/wp-content\/uploads\/2023\/09\/Copy-of-FootDavant-Logo.png\",\"width\":936,\"height\":549,\"caption\":\"Foot d'avant\"},\"image\":{\"@id\":\"https:\/\/footdavant.fr\/actualites\/#\/schema\/logo\/image\/\"},\"sameAs\":[\"https:\/\/www.facebook.com\/Footdavant\/\",\"https:\/\/twitter.com\/FootdavantFr\",\"https:\/\/www.instagram.com\/footdavant.fr\/\"]},{\"@type\":\"Person\",\"@id\":\"https:\/\/footdavant.fr\/actualites\/#\/schema\/person\/bc222566d95871b37e597b3ed3ba5e1d\",\"name\":\"Cl\u00e9ment\",\"image\":{\"@type\":\"ImageObject\",\"inLanguage\":\"fr-FR\",\"@id\":\"https:\/\/footdavant.fr\/actualites\/#\/schema\/person\/image\/\",\"url\":\"https:\/\/secure.gravatar.com\/avatar\/7728b29aac2719421e1a9159b2254c44?s=96&d=mm&r=g\",\"contentUrl\":\"https:\/\/secure.gravatar.com\/avatar\/7728b29aac2719421e1a9159b2254c44?s=96&d=mm&r=g\",\"caption\":\"Cl\u00e9ment\"},\"sameAs\":[\"https:\/\/footdavant.fr\/\"]}]}<\/script>\n<!-- \/ Yoast SEO plugin. -->","yoast_head_json":{"title":"Barcelone 6-1 Olympiacos - Rashford au doubl\u00e9","robots":{"index":"index","follow":"follow","max-snippet":"max-snippet:-1","max-image-preview":"max-image-preview:large","max-video-preview":"max-video-preview:-1"},"canonical":"https:\/\/footdavant.fr\/actualites\/barcelone-6-1-olympiacos-rashford-au-double\/","og_locale":"fr_FR","og_type":"article","og_title":"Barcelone 6-1 Olympiacos - Rashford au doubl\u00e9","og_description":"Marcus Rashford figurait parmi les buteurs alors qu&#39;une jeune \u00e9quipe de Barcelone a fait un travail facile contre l&#39;Olympiacos \u2013 avec Fermin Lopez r\u00e9ussissant un","og_url":"https:\/\/footdavant.fr\/actualites\/barcelone-6-1-olympiacos-rashford-au-double\/","og_site_name":"Foot d&#039;avant","article_publisher":"https:\/\/www.facebook.com\/Footdavant\/","article_published_time":"2025-10-21T18:48:35+00:00","article_modified_time":"2025-10-21T18:48:36+00:00","og_image":[{"width":1200,"height":801,"url":"https:\/\/footdavant.fr\/actualites\/wp-content\/uploads\/2025\/10\/Barcelone-6-1-Olympiacos-Rashford-au-double.jpg","type":"image\/jpeg"}],"author":"Cl\u00e9ment","twitter_card":"summary_large_image","twitter_creator":"@FootdavantFr","twitter_site":"@FootdavantFr","twitter_misc":{"\u00c9crit par":"Cl\u00e9ment","Dur\u00e9e de lecture estim\u00e9e":"1 minute"},"schema":{"@context":"https:\/\/schema.org","@graph":[{"@type":"Article","@id":"https:\/\/footdavant.fr\/actualites\/barcelone-6-1-olympiacos-rashford-au-double\/#article","isPartOf":{"@id":"https:\/\/footdavant.fr\/actualites\/barcelone-6-1-olympiacos-rashford-au-double\/"},"author":{"name":"Cl\u00e9ment","@id":"https:\/\/footdavant.fr\/actualites\/#\/schema\/person\/bc222566d95871b37e597b3ed3ba5e1d"},"headline":"Barcelone 6-1 Olympiacos &#8211; Rashford au doubl\u00e9","datePublished":"2025-10-21T18:48:35+00:00","dateModified":"2025-10-21T18:48:36+00:00","mainEntityOfPage":{"@id":"https:\/\/footdavant.fr\/actualites\/barcelone-6-1-olympiacos-rashford-au-double\/"},"wordCount":297,"publisher":{"@id":"https:\/\/footdavant.fr\/actualites\/#organization"},"keywords":["Barcelone","doubl\u00e9","Olympiacos","Rashford"],"articleSection":["Football"],"inLanguage":"fr-FR"},{"@type":"WebPage","@id":"https:\/\/footdavant.fr\/actualites\/barcelone-6-1-olympiacos-rashford-au-double\/","url":"https:\/\/footdavant.fr\/actualites\/barcelone-6-1-olympiacos-rashford-au-double\/","name":"Barcelone 6-1 Olympiacos - Rashford au doubl\u00e9","isPartOf":{"@id":"https:\/\/footdavant.fr\/actualites\/#website"},"datePublished":"2025-10-21T18:48:35+00:00","dateModified":"2025-10-21T18:48:36+00:00","breadcrumb":{"@id":"https:\/\/footdavant.fr\/actualites\/barcelone-6-1-olympiacos-rashford-au-double\/#breadcrumb"},"inLanguage":"fr-FR","potentialAction":[{"@type":"ReadAction","target":["https:\/\/footdavant.fr\/actualites\/barcelone-6-1-olympiacos-rashford-au-double\/"]}]},{"@type":"BreadcrumbList","@id":"https:\/\/footdavant.fr\/actualites\/barcelone-6-1-olympiacos-rashford-au-double\/#breadcrumb","itemListElement":[{"@type":"ListItem","position":1,"name":"Accueil","item":"https:\/\/footdavant.fr\/actualites\/"},{"@type":"ListItem","position":2,"name":"Barcelone 6-1 Olympiacos &#8211; Rashford au doubl\u00e9"}]},{"@type":"WebSite","@id":"https:\/\/footdavant.fr\/actualites\/#website","url":"https:\/\/footdavant.fr\/actualites\/","name":"Foot d'avant","description":"","publisher":{"@id":"https:\/\/footdavant.fr\/actualites\/#organization"},"potentialAction":[{"@type":"SearchAction","target":{"@type":"EntryPoint","urlTemplate":"https:\/\/footdavant.fr\/actualites\/?s={search_term_string}"},"query-input":"required name=search_term_string"}],"inLanguage":"fr-FR"},{"@type":"Organization","@id":"https:\/\/footdavant.fr\/actualites\/#organization","name":"Foot d'avant","url":"https:\/\/footdavant.fr\/actualites\/","logo":{"@type":"ImageObject","inLanguage":"fr-FR","@id":"https:\/\/footdavant.fr\/actualites\/#\/schema\/logo\/image\/","url":"https:\/\/footdavant.fr\/actualites\/wp-content\/uploads\/2023\/09\/Copy-of-FootDavant-Logo.png","contentUrl":"https:\/\/footdavant.fr\/actualites\/wp-content\/uploads\/2023\/09\/Copy-of-FootDavant-Logo.png","width":936,"height":549,"caption":"Foot d'avant"},"image":{"@id":"https:\/\/footdavant.fr\/actualites\/#\/schema\/logo\/image\/"},"sameAs":["https:\/\/www.facebook.com\/Footdavant\/","https:\/\/twitter.com\/FootdavantFr","https:\/\/www.instagram.com\/footdavant.fr\/"]},{"@type":"Person","@id":"https:\/\/footdavant.fr\/actualites\/#\/schema\/person\/bc222566d95871b37e597b3ed3ba5e1d","name":"Cl\u00e9ment","image":{"@type":"ImageObject","inLanguage":"fr-FR","@id":"https:\/\/footdavant.fr\/actualites\/#\/schema\/person\/image\/","url":"https:\/\/secure.gravatar.com\/avatar\/7728b29aac2719421e1a9159b2254c44?s=96&d=mm&r=g","contentUrl":"https:\/\/secure.gravatar.com\/avatar\/7728b29aac2719421e1a9159b2254c44?s=96&d=mm&r=g","caption":"Cl\u00e9ment"},"sameAs":["https:\/\/footdavant.fr\/"]}]}},"_links":{"self":[{"href":"https:\/\/footdavant.fr\/actualites\/wp-json\/wp\/v2\/posts\/30117"}],"collection":[{"href":"https:\/\/footdavant.fr\/actualites\/wp-json\/wp\/v2\/posts"}],"about":[{"href":"https:\/\/footdavant.fr\/actualites\/wp-json\/wp\/v2\/types\/post"}],"author":[{"embeddable":true,"href":"https:\/\/footdavant.fr\/actualites\/wp-json\/wp\/v2\/users\/1"}],"replies":[{"embeddable":true,"href":"https:\/\/footdavant.fr\/actualites\/wp-json\/wp\/v2\/comments?post=30117"}],"version-history":[{"count":1,"href":"https:\/\/footdavant.fr\/actualites\/wp-json\/wp\/v2\/posts\/30117\/revisions"}],"predecessor-version":[{"id":30119,"href":"https:\/\/footdavant.fr\/actualites\/wp-json\/wp\/v2\/posts\/30117\/revisions\/30119"}],"wp:featuredmedia":[{"embeddable":true,"href":"https:\/\/footdavant.fr\/actualites\/wp-json\/wp\/v2\/media\/30118"}],"wp:attachment":[{"href":"https:\/\/footdavant.fr\/actualites\/wp-json\/wp\/v2\/media?parent=30117"}],"wp:term":[{"taxonomy":"category","embeddable":true,"href":"https:\/\/footdavant.fr\/actualites\/wp-json\/wp\/v2\/categories?post=30117"},{"taxonomy":"post_tag","embeddable":true,"href":"https:\/\/footdavant.fr\/actualites\/wp-json\/wp\/v2\/tags?post=30117"}],"curies":[{"name":"wp","href":"https:\/\/api.w.org\/{rel}","templated":true}]}}