{"id":3012,"date":"2023-12-25T15:03:37","date_gmt":"2023-12-25T14:03:37","guid":{"rendered":"https:\/\/footdavant.fr\/actualites\/liverpool-pourrait-aligner-le-premier-transfert-de-janvier\/"},"modified":"2023-12-25T15:03:47","modified_gmt":"2023-12-25T14:03:47","slug":"liverpool-pourrait-aligner-le-premier-transfert-de-janvier","status":"publish","type":"post","link":"https:\/\/footdavant.fr\/actualites\/liverpool-pourrait-aligner-le-premier-transfert-de-janvier\/","title":{"rendered":"Liverpool pourrait aligner le premier transfert de janvier"},"content":{"rendered":"<div id=\"article-body\">\n<!-- Article Start --><\/p>\n<p>Cela vient du journaliste de Sportitalia Alfredo Pudella sur son site Web personnel, le journaliste affirmant que les Reds ont \u00e9t\u00e9 rejoints par Fulham dans la conduite des efforts exploratoires.<\/p>\n<p>Les hommes de Jurgen Klopp pourraient \u00eatre pr\u00eats \u00e0 entrer sur le march\u00e9 pour un d\u00e9fenseur cet hiver alors que Kostas Tsimikas a rejoint Joel Matip dans la salle de soins apr\u00e8s avoir subi une fracture de la clavicule.<\/p>\n<\/p>\n<h2>A prendre avec une pinc\u00e9e de sel<\/h2>\n<p>M\u00eame s&rsquo;il ne faut manquer de respect \u00e0 Pudella, il est difficile d&rsquo;imaginer que Liverpool s&rsquo;int\u00e9resse s\u00e9rieusement au d\u00e9fenseur central de 26 ans.<\/p>\n<p>FBref a enregistr\u00e9 des statistiques assez impressionnantes de la part du Br\u00e9silien, il faut le reconna\u00eetre, le joueur s&rsquo;inscrivant dans le 97e centile pour la r\u00e9ussite des passes et le 93e centile pour les port\u00e9es progressives.<\/p>\n<figure class=\"wp-caption alignnone\"><figcaption class=\"wp-caption-text\">Nino (\u00e0 droite) tenant le troph\u00e9e de la Copa Libertadores \u2013 (Photo de Buda Mendes\/Getty Images)<\/figcaption><\/figure>\n<p>Il a \u00e9galement une pr\u00e9sence a\u00e9rienne raisonnable (79e centile pour les sauts gagn\u00e9s), m\u00eame si nous imaginions plut\u00f4t que nous aurions un d\u00e9fenseur plus jeune capable de succ\u00e9der \u00e0 Virgil van Dijk sur toute la ligne.<\/p>\n<p>\u00c0 moins, bien s\u00fbr, que nous ayons pris go\u00fbt aux statistiques progressives et \u00e0 la capacit\u00e9 de Nino avec le ballon et que nous imaginions la vie avec lui rempla\u00e7ant notre Camerounais bless\u00e9.<\/p>\n<p>\u00c0 prendre avec des pincettes, pour l\u2019instant, nous sugg\u00e9rons.<\/p>\n<\/p>\n<p><span class=\"embed-youtube\" style=\"text-align:center; display: block;\"><\/span><\/p>\n<p><!-- Article End -->\t\t\t\t<\/div>\n","protected":false},"excerpt":{"rendered":"<p>Cela vient du journaliste de Sportitalia Alfredo Pudella sur son site Web personnel, le journaliste affirmant que les Reds ont \u00e9t\u00e9 rejoints par Fulham dans<\/p>\n","protected":false},"author":1,"featured_media":3013,"comment_status":"closed","ping_status":"","sticky":false,"template":"","format":"standard","meta":{"footnotes":""},"categories":[3],"tags":[2525,166,53,269,201,700],"yoast_head":"<!-- This site is optimized with the Yoast SEO plugin v21.0 - https:\/\/yoast.com\/wordpress\/plugins\/seo\/ -->\n<title>Liverpool pourrait aligner le premier transfert de janvier<\/title>\n<meta name=\"robots\" content=\"index, follow, max-snippet:-1, max-image-preview:large, max-video-preview:-1\" \/>\n<link rel=\"canonical\" href=\"https:\/\/footdavant.fr\/actualites\/liverpool-pourrait-aligner-le-premier-transfert-de-janvier\/\" \/>\n<meta property=\"og:locale\" content=\"fr_FR\" \/>\n<meta property=\"og:type\" content=\"article\" \/>\n<meta property=\"og:title\" content=\"Liverpool pourrait aligner le premier transfert de janvier\" \/>\n<meta property=\"og:description\" content=\"Cela vient du journaliste de Sportitalia Alfredo Pudella sur son site Web personnel, le journaliste affirmant que les Reds ont \u00e9t\u00e9 rejoints par Fulham dans\" \/>\n<meta property=\"og:url\" content=\"https:\/\/footdavant.fr\/actualites\/liverpool-pourrait-aligner-le-premier-transfert-de-janvier\/\" \/>\n<meta property=\"og:site_name\" content=\"Foot d&#039;avant\" \/>\n<meta property=\"article:publisher\" content=\"https:\/\/www.facebook.com\/Footdavant\/\" \/>\n<meta property=\"article:published_time\" content=\"2023-12-25T14:03:37+00:00\" \/>\n<meta property=\"article:modified_time\" content=\"2023-12-25T14:03:47+00:00\" \/>\n<meta property=\"og:image\" content=\"https:\/\/footdavant.fr\/actualites\/wp-content\/uploads\/2023\/12\/1703513018_Liverpool-pourrait-aligner-le-premier-transfert-de-janvier-scaled.jpg\" \/>\n\t<meta property=\"og:image:width\" content=\"2560\" \/>\n\t<meta property=\"og:image:height\" content=\"1707\" \/>\n\t<meta property=\"og:image:type\" content=\"image\/jpeg\" \/>\n<meta name=\"author\" content=\"Cl\u00e9ment\" \/>\n<meta name=\"twitter:card\" content=\"summary_large_image\" \/>\n<meta name=\"twitter:creator\" content=\"@FootdavantFr\" \/>\n<meta name=\"twitter:site\" content=\"@FootdavantFr\" \/>\n<meta name=\"twitter:label1\" content=\"\u00c9crit par\" \/>\n\t<meta name=\"twitter:data1\" content=\"Cl\u00e9ment\" \/>\n\t<meta name=\"twitter:label2\" content=\"Dur\u00e9e de lecture estim\u00e9e\" \/>\n\t<meta name=\"twitter:data2\" content=\"1 minute\" \/>\n<script type=\"application\/ld+json\" class=\"yoast-schema-graph\">{\"@context\":\"https:\/\/schema.org\",\"@graph\":[{\"@type\":\"Article\",\"@id\":\"https:\/\/footdavant.fr\/actualites\/liverpool-pourrait-aligner-le-premier-transfert-de-janvier\/#article\",\"isPartOf\":{\"@id\":\"https:\/\/footdavant.fr\/actualites\/liverpool-pourrait-aligner-le-premier-transfert-de-janvier\/\"},\"author\":{\"name\":\"Cl\u00e9ment\",\"@id\":\"https:\/\/footdavant.fr\/actualites\/#\/schema\/person\/bc222566d95871b37e597b3ed3ba5e1d\"},\"headline\":\"Liverpool pourrait aligner le premier transfert de janvier\",\"datePublished\":\"2023-12-25T14:03:37+00:00\",\"dateModified\":\"2023-12-25T14:03:47+00:00\",\"mainEntityOfPage\":{\"@id\":\"https:\/\/footdavant.fr\/actualites\/liverpool-pourrait-aligner-le-premier-transfert-de-janvier\/\"},\"wordCount\":254,\"publisher\":{\"@id\":\"https:\/\/footdavant.fr\/actualites\/#organization\"},\"keywords\":[\"aligner\",\"janvier\",\"Liverpool\",\"pourrait\",\"Premier\",\"transfert\"],\"articleSection\":[\"Football\"],\"inLanguage\":\"fr-FR\"},{\"@type\":\"WebPage\",\"@id\":\"https:\/\/footdavant.fr\/actualites\/liverpool-pourrait-aligner-le-premier-transfert-de-janvier\/\",\"url\":\"https:\/\/footdavant.fr\/actualites\/liverpool-pourrait-aligner-le-premier-transfert-de-janvier\/\",\"name\":\"Liverpool pourrait aligner le premier transfert de janvier\",\"isPartOf\":{\"@id\":\"https:\/\/footdavant.fr\/actualites\/#website\"},\"datePublished\":\"2023-12-25T14:03:37+00:00\",\"dateModified\":\"2023-12-25T14:03:47+00:00\",\"breadcrumb\":{\"@id\":\"https:\/\/footdavant.fr\/actualites\/liverpool-pourrait-aligner-le-premier-transfert-de-janvier\/#breadcrumb\"},\"inLanguage\":\"fr-FR\",\"potentialAction\":[{\"@type\":\"ReadAction\",\"target\":[\"https:\/\/footdavant.fr\/actualites\/liverpool-pourrait-aligner-le-premier-transfert-de-janvier\/\"]}]},{\"@type\":\"BreadcrumbList\",\"@id\":\"https:\/\/footdavant.fr\/actualites\/liverpool-pourrait-aligner-le-premier-transfert-de-janvier\/#breadcrumb\",\"itemListElement\":[{\"@type\":\"ListItem\",\"position\":1,\"name\":\"Accueil\",\"item\":\"https:\/\/footdavant.fr\/actualites\/\"},{\"@type\":\"ListItem\",\"position\":2,\"name\":\"Liverpool pourrait aligner le premier transfert de janvier\"}]},{\"@type\":\"WebSite\",\"@id\":\"https:\/\/footdavant.fr\/actualites\/#website\",\"url\":\"https:\/\/footdavant.fr\/actualites\/\",\"name\":\"Foot d'avant\",\"description\":\"\",\"publisher\":{\"@id\":\"https:\/\/footdavant.fr\/actualites\/#organization\"},\"potentialAction\":[{\"@type\":\"SearchAction\",\"target\":{\"@type\":\"EntryPoint\",\"urlTemplate\":\"https:\/\/footdavant.fr\/actualites\/?s={search_term_string}\"},\"query-input\":\"required name=search_term_string\"}],\"inLanguage\":\"fr-FR\"},{\"@type\":\"Organization\",\"@id\":\"https:\/\/footdavant.fr\/actualites\/#organization\",\"name\":\"Foot d'avant\",\"url\":\"https:\/\/footdavant.fr\/actualites\/\",\"logo\":{\"@type\":\"ImageObject\",\"inLanguage\":\"fr-FR\",\"@id\":\"https:\/\/footdavant.fr\/actualites\/#\/schema\/logo\/image\/\",\"url\":\"https:\/\/footdavant.fr\/actualites\/wp-content\/uploads\/2023\/09\/Copy-of-FootDavant-Logo.png\",\"contentUrl\":\"https:\/\/footdavant.fr\/actualites\/wp-content\/uploads\/2023\/09\/Copy-of-FootDavant-Logo.png\",\"width\":936,\"height\":549,\"caption\":\"Foot d'avant\"},\"image\":{\"@id\":\"https:\/\/footdavant.fr\/actualites\/#\/schema\/logo\/image\/\"},\"sameAs\":[\"https:\/\/www.facebook.com\/Footdavant\/\",\"https:\/\/twitter.com\/FootdavantFr\",\"https:\/\/www.instagram.com\/footdavant.fr\/\"]},{\"@type\":\"Person\",\"@id\":\"https:\/\/footdavant.fr\/actualites\/#\/schema\/person\/bc222566d95871b37e597b3ed3ba5e1d\",\"name\":\"Cl\u00e9ment\",\"image\":{\"@type\":\"ImageObject\",\"inLanguage\":\"fr-FR\",\"@id\":\"https:\/\/footdavant.fr\/actualites\/#\/schema\/person\/image\/\",\"url\":\"https:\/\/secure.gravatar.com\/avatar\/7728b29aac2719421e1a9159b2254c44?s=96&d=mm&r=g\",\"contentUrl\":\"https:\/\/secure.gravatar.com\/avatar\/7728b29aac2719421e1a9159b2254c44?s=96&d=mm&r=g\",\"caption\":\"Cl\u00e9ment\"},\"sameAs\":[\"https:\/\/footdavant.fr\/\"]}]}<\/script>\n<!-- \/ Yoast SEO plugin. -->","yoast_head_json":{"title":"Liverpool pourrait aligner le premier transfert de janvier","robots":{"index":"index","follow":"follow","max-snippet":"max-snippet:-1","max-image-preview":"max-image-preview:large","max-video-preview":"max-video-preview:-1"},"canonical":"https:\/\/footdavant.fr\/actualites\/liverpool-pourrait-aligner-le-premier-transfert-de-janvier\/","og_locale":"fr_FR","og_type":"article","og_title":"Liverpool pourrait aligner le premier transfert de janvier","og_description":"Cela vient du journaliste de Sportitalia Alfredo Pudella sur son site Web personnel, le journaliste affirmant que les Reds ont \u00e9t\u00e9 rejoints par Fulham dans","og_url":"https:\/\/footdavant.fr\/actualites\/liverpool-pourrait-aligner-le-premier-transfert-de-janvier\/","og_site_name":"Foot d&#039;avant","article_publisher":"https:\/\/www.facebook.com\/Footdavant\/","article_published_time":"2023-12-25T14:03:37+00:00","article_modified_time":"2023-12-25T14:03:47+00:00","og_image":[{"width":2560,"height":1707,"url":"https:\/\/footdavant.fr\/actualites\/wp-content\/uploads\/2023\/12\/1703513018_Liverpool-pourrait-aligner-le-premier-transfert-de-janvier-scaled.jpg","type":"image\/jpeg"}],"author":"Cl\u00e9ment","twitter_card":"summary_large_image","twitter_creator":"@FootdavantFr","twitter_site":"@FootdavantFr","twitter_misc":{"\u00c9crit par":"Cl\u00e9ment","Dur\u00e9e de lecture estim\u00e9e":"1 minute"},"schema":{"@context":"https:\/\/schema.org","@graph":[{"@type":"Article","@id":"https:\/\/footdavant.fr\/actualites\/liverpool-pourrait-aligner-le-premier-transfert-de-janvier\/#article","isPartOf":{"@id":"https:\/\/footdavant.fr\/actualites\/liverpool-pourrait-aligner-le-premier-transfert-de-janvier\/"},"author":{"name":"Cl\u00e9ment","@id":"https:\/\/footdavant.fr\/actualites\/#\/schema\/person\/bc222566d95871b37e597b3ed3ba5e1d"},"headline":"Liverpool pourrait aligner le premier transfert de janvier","datePublished":"2023-12-25T14:03:37+00:00","dateModified":"2023-12-25T14:03:47+00:00","mainEntityOfPage":{"@id":"https:\/\/footdavant.fr\/actualites\/liverpool-pourrait-aligner-le-premier-transfert-de-janvier\/"},"wordCount":254,"publisher":{"@id":"https:\/\/footdavant.fr\/actualites\/#organization"},"keywords":["aligner","janvier","Liverpool","pourrait","Premier","transfert"],"articleSection":["Football"],"inLanguage":"fr-FR"},{"@type":"WebPage","@id":"https:\/\/footdavant.fr\/actualites\/liverpool-pourrait-aligner-le-premier-transfert-de-janvier\/","url":"https:\/\/footdavant.fr\/actualites\/liverpool-pourrait-aligner-le-premier-transfert-de-janvier\/","name":"Liverpool pourrait aligner le premier transfert de janvier","isPartOf":{"@id":"https:\/\/footdavant.fr\/actualites\/#website"},"datePublished":"2023-12-25T14:03:37+00:00","dateModified":"2023-12-25T14:03:47+00:00","breadcrumb":{"@id":"https:\/\/footdavant.fr\/actualites\/liverpool-pourrait-aligner-le-premier-transfert-de-janvier\/#breadcrumb"},"inLanguage":"fr-FR","potentialAction":[{"@type":"ReadAction","target":["https:\/\/footdavant.fr\/actualites\/liverpool-pourrait-aligner-le-premier-transfert-de-janvier\/"]}]},{"@type":"BreadcrumbList","@id":"https:\/\/footdavant.fr\/actualites\/liverpool-pourrait-aligner-le-premier-transfert-de-janvier\/#breadcrumb","itemListElement":[{"@type":"ListItem","position":1,"name":"Accueil","item":"https:\/\/footdavant.fr\/actualites\/"},{"@type":"ListItem","position":2,"name":"Liverpool pourrait aligner le premier transfert de janvier"}]},{"@type":"WebSite","@id":"https:\/\/footdavant.fr\/actualites\/#website","url":"https:\/\/footdavant.fr\/actualites\/","name":"Foot d'avant","description":"","publisher":{"@id":"https:\/\/footdavant.fr\/actualites\/#organization"},"potentialAction":[{"@type":"SearchAction","target":{"@type":"EntryPoint","urlTemplate":"https:\/\/footdavant.fr\/actualites\/?s={search_term_string}"},"query-input":"required name=search_term_string"}],"inLanguage":"fr-FR"},{"@type":"Organization","@id":"https:\/\/footdavant.fr\/actualites\/#organization","name":"Foot d'avant","url":"https:\/\/footdavant.fr\/actualites\/","logo":{"@type":"ImageObject","inLanguage":"fr-FR","@id":"https:\/\/footdavant.fr\/actualites\/#\/schema\/logo\/image\/","url":"https:\/\/footdavant.fr\/actualites\/wp-content\/uploads\/2023\/09\/Copy-of-FootDavant-Logo.png","contentUrl":"https:\/\/footdavant.fr\/actualites\/wp-content\/uploads\/2023\/09\/Copy-of-FootDavant-Logo.png","width":936,"height":549,"caption":"Foot d'avant"},"image":{"@id":"https:\/\/footdavant.fr\/actualites\/#\/schema\/logo\/image\/"},"sameAs":["https:\/\/www.facebook.com\/Footdavant\/","https:\/\/twitter.com\/FootdavantFr","https:\/\/www.instagram.com\/footdavant.fr\/"]},{"@type":"Person","@id":"https:\/\/footdavant.fr\/actualites\/#\/schema\/person\/bc222566d95871b37e597b3ed3ba5e1d","name":"Cl\u00e9ment","image":{"@type":"ImageObject","inLanguage":"fr-FR","@id":"https:\/\/footdavant.fr\/actualites\/#\/schema\/person\/image\/","url":"https:\/\/secure.gravatar.com\/avatar\/7728b29aac2719421e1a9159b2254c44?s=96&d=mm&r=g","contentUrl":"https:\/\/secure.gravatar.com\/avatar\/7728b29aac2719421e1a9159b2254c44?s=96&d=mm&r=g","caption":"Cl\u00e9ment"},"sameAs":["https:\/\/footdavant.fr\/"]}]}},"_links":{"self":[{"href":"https:\/\/footdavant.fr\/actualites\/wp-json\/wp\/v2\/posts\/3012"}],"collection":[{"href":"https:\/\/footdavant.fr\/actualites\/wp-json\/wp\/v2\/posts"}],"about":[{"href":"https:\/\/footdavant.fr\/actualites\/wp-json\/wp\/v2\/types\/post"}],"author":[{"embeddable":true,"href":"https:\/\/footdavant.fr\/actualites\/wp-json\/wp\/v2\/users\/1"}],"replies":[{"embeddable":true,"href":"https:\/\/footdavant.fr\/actualites\/wp-json\/wp\/v2\/comments?post=3012"}],"version-history":[{"count":1,"href":"https:\/\/footdavant.fr\/actualites\/wp-json\/wp\/v2\/posts\/3012\/revisions"}],"predecessor-version":[{"id":3014,"href":"https:\/\/footdavant.fr\/actualites\/wp-json\/wp\/v2\/posts\/3012\/revisions\/3014"}],"wp:featuredmedia":[{"embeddable":true,"href":"https:\/\/footdavant.fr\/actualites\/wp-json\/wp\/v2\/media\/3013"}],"wp:attachment":[{"href":"https:\/\/footdavant.fr\/actualites\/wp-json\/wp\/v2\/media?parent=3012"}],"wp:term":[{"taxonomy":"category","embeddable":true,"href":"https:\/\/footdavant.fr\/actualites\/wp-json\/wp\/v2\/categories?post=3012"},{"taxonomy":"post_tag","embeddable":true,"href":"https:\/\/footdavant.fr\/actualites\/wp-json\/wp\/v2\/tags?post=3012"}],"curies":[{"name":"wp","href":"https:\/\/api.w.org\/{rel}","templated":true}]}}