{"id":30126,"date":"2025-10-22T00:48:35","date_gmt":"2025-10-21T22:48:35","guid":{"rendered":"https:\/\/footdavant.fr\/actualites\/danny-welbeck-lattaquant-de-brighton-souvre-avant-le-retour-dold-trafford-au-milieu-des-rumeurs-de-transfert\/"},"modified":"2025-10-22T00:48:39","modified_gmt":"2025-10-21T22:48:39","slug":"danny-welbeck-lattaquant-de-brighton-souvre-avant-le-retour-dold-trafford-au-milieu-des-rumeurs-de-transfert","status":"publish","type":"post","link":"https:\/\/footdavant.fr\/actualites\/danny-welbeck-lattaquant-de-brighton-souvre-avant-le-retour-dold-trafford-au-milieu-des-rumeurs-de-transfert\/","title":{"rendered":"Danny Welbeck: l&#39;attaquant de Brighton s&#39;ouvre avant le retour d&#39;Old Trafford au milieu des rumeurs de transfert &#8211;"},"content":{"rendered":"<div id=\"penci-post-entry-inner\">\n<p>\t\t\t<i class=\"penci-post-countview-number-check\" style=\"display:none\">2<\/i><\/p>\n<p><!--Article Start--><br \/>Apr\u00e8s la victoire 2-1 contre Liverpool et sans football europ\u00e9en cette saison, Manchester United peut d\u00e9sormais se concentrer pleinement sur le choc de samedi contre Brighton &#038; Hove Albion.<\/p>\n<p>Brighton s\u2019est av\u00e9r\u00e9 un match d\u00e9licat pour United ces derniers temps.<\/p>\n<p>Lors des cinq derni\u00e8res rencontres entre les deux \u00e9quipes, United n&#39;a gagn\u00e9 qu&#39;une seule fois, perdant les quatre autres, y compris les d\u00e9faites lors des deux derni\u00e8res rencontres.<\/p>\n<p>Alors que le r\u00e9cit principal du week-end se concentre sur la fa\u00e7on dont United peut mettre fin \u00e0 sa mauvaise course contre les Seagulls, d\u2019autres intrigues commencent \u00e0 \u00e9merger.<\/p>\n<p>L&#39;un d&#39;entre eux est le retour de Danny Welbeck \u00e0 Old Trafford.<\/p>\n<p>Bien s\u00fbr, ce n\u2019est pas la premi\u00e8re fois que le fan d\u2019enfance de United revient au Theatre of Dreams depuis sa vente \u00e0 Arsenal en 2014 pour 16 millions de livres sterling.<\/p>\n<p>Depuis, il a effectu\u00e9 plusieurs visites, essayant \u00e0 chaque fois de bouleverser le club qu&#39;il soutenait en grandissant.<\/p>\n<h2>Un retour sp\u00e9cial au milieu de liens de transfert persistants<\/h2>\n<p>Mais m\u00eame s&#39;il l&#39;a fait au fil des ann\u00e9es, cette visite imminente semble diff\u00e9rente, rendue sp\u00e9ciale par les liens de transfert apparus l&#39;\u00e9t\u00e9 dernier.<\/p>\n<p>Apr\u00e8s la fermeture de la fen\u00eatre, des rapports ont r\u00e9v\u00e9l\u00e9 que United avait explor\u00e9 les conditions pour ramener Welbeck \u00e0 Old Trafford suite \u00e0 leur \u00e9chec \u00e0 faire atterrir Liam Delap.<\/p>\n<p>Il a ensuite \u00e9t\u00e9 r\u00e9v\u00e9l\u00e9 que l&#39;attaquant avait conclu des conditions personnelles avec United, un accord pour un retour au M16 devant \u00eatre conclu en janvier.<\/p>\n<p>Bien que les choses soient devenues calmes depuis ces r\u00e9v\u00e9lations, la visite de Welbeck \u00e0 Old Trafford avec Brighton, \u00e0 la lumi\u00e8re de ces liens, allait toujours \u00eatre un point d&#39;int\u00e9r\u00eat.<\/p>\n<h2>Les aveux de Welbeck<\/h2>\n<p>Alors que tous les regards seront tourn\u00e9s vers Welbeck, potentiellement auditionn\u00e9 pour ce transfert hivernal, il a expliqu\u00e9 \u00e0 quel point il a toujours \u00e9t\u00e9 sp\u00e9cial de revenir \u00e0 United.<\/p>\n<p>\u00ab\u00a0Ouais, j&#39;adore \u00e7a. Je suis un gar\u00e7on de Manchester, je suis un fan dans l&#39;\u00e2me. Donc c&#39;est comme si c&#39;\u00e9tait juste chez moi et comme si mes amis et ma famille \u00e9taient tous l\u00e0\u00a0\u00bb, a d\u00e9clar\u00e9 Welbeck sur le podcast BBC Monday Night.<\/p>\n<p>\u00ab\u00a0\u00c9videmment, la premi\u00e8re fois que j&#39;y suis retourn\u00e9, c&#39;\u00e9tait tr\u00e8s \u00e9trange, dirais-je, car \u00e9videmment, ayant grandi \u00e0 Manchester United, c&#39;\u00e9tait tout ce que je savais.<\/p>\n<p>\u00ab\u00a0Donc, aimer revenir s&#39;\u00e9chauffer de l&#39;autre c\u00f4t\u00e9 du terrain ou aller dans un autre vestiaire, c&#39;est tellement \u00e9trange. Mais je l&#39;ai fait plusieurs fois maintenant, et c&#39;est vraiment comme n&#39;importe quel autre match.\u00a0\u00bb<\/p>\n<p>Fra\u00eechement sorti d&#39;une excellente performance contre Newcastle, o\u00f9 il a inscrit un doubl\u00e9 lors de la victoire 2-1 de Brighton, les fans de United esp\u00e8rent qu&#39;il ne reviendra pas (\u00e0 Old Trafford ce week-end) pour les hanter.<\/p>\n<p>Avec quatre buts en huit matchs cette saison, le joueur de 34 ans semble toujours vif devant le but.<\/p>\n<h2>Un retour frustrant ?<\/h2>\n<p>Une masterclass de Welbeck \u00e0 Old Trafford samedi serait l&#39;audition parfaite pour convaincre United de faire pression pour un transfert hivernal, voire un transfert gratuit l&#39;\u00e9t\u00e9 prochain, l&#39;attaquant \u00e9tant d\u00e9sormais dans les 12 derniers mois de son contrat.<\/p>\n<p>Mais du point de vue de United, ils esp\u00e8rent qu\u2019il n\u2019impressionne pas.<\/p>\n<p>Ils doivent surclasser les Seagulls, et ils auront du mal \u00e0 y parvenir si Welbeck vole la vedette.<\/p>\n<\/p>\n<hr>\n<p>The Peoples Person est l&#39;un des principaux sites d&#39;information de Man United au monde depuis plus d&#39;une d\u00e9cennie. Suivez-nous sur Bluesky\u00a0: @peoplesperson.bsky.social<\/p>\n<\/p>\n<p><!-- CONTENT END 2 --><\/p><\/div>\n","protected":false},"excerpt":{"rendered":"<p>2 Apr\u00e8s la victoire 2-1 contre Liverpool et sans football europ\u00e9en cette saison, Manchester United peut d\u00e9sormais se concentrer pleinement sur le choc de samedi<\/p>\n","protected":false},"author":1,"featured_media":30127,"comment_status":"closed","ping_status":"","sticky":false,"template":"","format":"standard","meta":{"footnotes":""},"categories":[3],"tags":[491,349,6516,1508,12,4304,441,393,976,6110,2090,700,7096],"yoast_head":"<!-- This site is optimized with the Yoast SEO plugin v21.0 - https:\/\/yoast.com\/wordpress\/plugins\/seo\/ -->\n<title>Danny Welbeck: l&#039;attaquant de Brighton s&#039;ouvre avant le retour d&#039;Old Trafford au milieu des rumeurs de transfert -<\/title>\n<meta name=\"robots\" content=\"index, follow, max-snippet:-1, max-image-preview:large, max-video-preview:-1\" \/>\n<link rel=\"canonical\" href=\"https:\/\/footdavant.fr\/actualites\/danny-welbeck-lattaquant-de-brighton-souvre-avant-le-retour-dold-trafford-au-milieu-des-rumeurs-de-transfert\/\" \/>\n<meta property=\"og:locale\" content=\"fr_FR\" \/>\n<meta property=\"og:type\" content=\"article\" \/>\n<meta property=\"og:title\" content=\"Danny Welbeck: l&#039;attaquant de Brighton s&#039;ouvre avant le retour d&#039;Old Trafford au milieu des rumeurs de transfert -\" \/>\n<meta property=\"og:description\" content=\"2 Apr\u00e8s la victoire 2-1 contre Liverpool et sans football europ\u00e9en cette saison, Manchester United peut d\u00e9sormais se concentrer pleinement sur le choc de samedi\" \/>\n<meta property=\"og:url\" content=\"https:\/\/footdavant.fr\/actualites\/danny-welbeck-lattaquant-de-brighton-souvre-avant-le-retour-dold-trafford-au-milieu-des-rumeurs-de-transfert\/\" \/>\n<meta property=\"og:site_name\" content=\"Foot d&#039;avant\" \/>\n<meta property=\"article:publisher\" content=\"https:\/\/www.facebook.com\/Footdavant\/\" \/>\n<meta property=\"article:published_time\" content=\"2025-10-21T22:48:35+00:00\" \/>\n<meta property=\"article:modified_time\" content=\"2025-10-21T22:48:39+00:00\" \/>\n<meta property=\"og:image\" content=\"https:\/\/footdavant.fr\/actualites\/wp-content\/uploads\/2025\/10\/Danny-Welbeck-l39attaquant-de-Brighton-s39ouvre-avant-le-retour-d39Old.jpg\" \/>\n\t<meta property=\"og:image:width\" content=\"1600\" \/>\n\t<meta property=\"og:image:height\" content=\"705\" \/>\n\t<meta property=\"og:image:type\" content=\"image\/jpeg\" \/>\n<meta name=\"author\" content=\"Cl\u00e9ment\" \/>\n<meta name=\"twitter:card\" content=\"summary_large_image\" \/>\n<meta name=\"twitter:creator\" content=\"@FootdavantFr\" \/>\n<meta name=\"twitter:site\" content=\"@FootdavantFr\" \/>\n<meta name=\"twitter:label1\" content=\"\u00c9crit par\" \/>\n\t<meta name=\"twitter:data1\" content=\"Cl\u00e9ment\" \/>\n\t<meta name=\"twitter:label2\" content=\"Dur\u00e9e de lecture estim\u00e9e\" \/>\n\t<meta name=\"twitter:data2\" content=\"3 minutes\" \/>\n<script type=\"application\/ld+json\" class=\"yoast-schema-graph\">{\"@context\":\"https:\/\/schema.org\",\"@graph\":[{\"@type\":\"Article\",\"@id\":\"https:\/\/footdavant.fr\/actualites\/danny-welbeck-lattaquant-de-brighton-souvre-avant-le-retour-dold-trafford-au-milieu-des-rumeurs-de-transfert\/#article\",\"isPartOf\":{\"@id\":\"https:\/\/footdavant.fr\/actualites\/danny-welbeck-lattaquant-de-brighton-souvre-avant-le-retour-dold-trafford-au-milieu-des-rumeurs-de-transfert\/\"},\"author\":{\"name\":\"Cl\u00e9ment\",\"@id\":\"https:\/\/footdavant.fr\/actualites\/#\/schema\/person\/bc222566d95871b37e597b3ed3ba5e1d\"},\"headline\":\"Danny Welbeck: l&#39;attaquant de Brighton s&#39;ouvre avant le retour d&#39;Old Trafford au milieu des rumeurs de transfert &#8211;\",\"datePublished\":\"2025-10-21T22:48:35+00:00\",\"dateModified\":\"2025-10-21T22:48:39+00:00\",\"mainEntityOfPage\":{\"@id\":\"https:\/\/footdavant.fr\/actualites\/danny-welbeck-lattaquant-de-brighton-souvre-avant-le-retour-dold-trafford-au-milieu-des-rumeurs-de-transfert\/\"},\"wordCount\":644,\"publisher\":{\"@id\":\"https:\/\/footdavant.fr\/actualites\/#organization\"},\"keywords\":[\"avant\",\"Brighton\",\"d39Old\",\"Danny\",\"des\",\"l39attaquant\",\"milieu\",\"retour\",\"rumeurs\",\"s39ouvre\",\"Trafford\",\"transfert\",\"Welbeck\"],\"articleSection\":[\"Football\"],\"inLanguage\":\"fr-FR\"},{\"@type\":\"WebPage\",\"@id\":\"https:\/\/footdavant.fr\/actualites\/danny-welbeck-lattaquant-de-brighton-souvre-avant-le-retour-dold-trafford-au-milieu-des-rumeurs-de-transfert\/\",\"url\":\"https:\/\/footdavant.fr\/actualites\/danny-welbeck-lattaquant-de-brighton-souvre-avant-le-retour-dold-trafford-au-milieu-des-rumeurs-de-transfert\/\",\"name\":\"Danny Welbeck: l&#39;attaquant de Brighton s&#39;ouvre avant le retour d&#39;Old Trafford au milieu des rumeurs de transfert -\",\"isPartOf\":{\"@id\":\"https:\/\/footdavant.fr\/actualites\/#website\"},\"datePublished\":\"2025-10-21T22:48:35+00:00\",\"dateModified\":\"2025-10-21T22:48:39+00:00\",\"breadcrumb\":{\"@id\":\"https:\/\/footdavant.fr\/actualites\/danny-welbeck-lattaquant-de-brighton-souvre-avant-le-retour-dold-trafford-au-milieu-des-rumeurs-de-transfert\/#breadcrumb\"},\"inLanguage\":\"fr-FR\",\"potentialAction\":[{\"@type\":\"ReadAction\",\"target\":[\"https:\/\/footdavant.fr\/actualites\/danny-welbeck-lattaquant-de-brighton-souvre-avant-le-retour-dold-trafford-au-milieu-des-rumeurs-de-transfert\/\"]}]},{\"@type\":\"BreadcrumbList\",\"@id\":\"https:\/\/footdavant.fr\/actualites\/danny-welbeck-lattaquant-de-brighton-souvre-avant-le-retour-dold-trafford-au-milieu-des-rumeurs-de-transfert\/#breadcrumb\",\"itemListElement\":[{\"@type\":\"ListItem\",\"position\":1,\"name\":\"Accueil\",\"item\":\"https:\/\/footdavant.fr\/actualites\/\"},{\"@type\":\"ListItem\",\"position\":2,\"name\":\"Danny Welbeck: l&#39;attaquant de Brighton s&#39;ouvre avant le retour d&#39;Old Trafford au milieu des rumeurs de transfert &#8211;\"}]},{\"@type\":\"WebSite\",\"@id\":\"https:\/\/footdavant.fr\/actualites\/#website\",\"url\":\"https:\/\/footdavant.fr\/actualites\/\",\"name\":\"Foot d'avant\",\"description\":\"\",\"publisher\":{\"@id\":\"https:\/\/footdavant.fr\/actualites\/#organization\"},\"potentialAction\":[{\"@type\":\"SearchAction\",\"target\":{\"@type\":\"EntryPoint\",\"urlTemplate\":\"https:\/\/footdavant.fr\/actualites\/?s={search_term_string}\"},\"query-input\":\"required name=search_term_string\"}],\"inLanguage\":\"fr-FR\"},{\"@type\":\"Organization\",\"@id\":\"https:\/\/footdavant.fr\/actualites\/#organization\",\"name\":\"Foot d'avant\",\"url\":\"https:\/\/footdavant.fr\/actualites\/\",\"logo\":{\"@type\":\"ImageObject\",\"inLanguage\":\"fr-FR\",\"@id\":\"https:\/\/footdavant.fr\/actualites\/#\/schema\/logo\/image\/\",\"url\":\"https:\/\/footdavant.fr\/actualites\/wp-content\/uploads\/2023\/09\/Copy-of-FootDavant-Logo.png\",\"contentUrl\":\"https:\/\/footdavant.fr\/actualites\/wp-content\/uploads\/2023\/09\/Copy-of-FootDavant-Logo.png\",\"width\":936,\"height\":549,\"caption\":\"Foot d'avant\"},\"image\":{\"@id\":\"https:\/\/footdavant.fr\/actualites\/#\/schema\/logo\/image\/\"},\"sameAs\":[\"https:\/\/www.facebook.com\/Footdavant\/\",\"https:\/\/twitter.com\/FootdavantFr\",\"https:\/\/www.instagram.com\/footdavant.fr\/\"]},{\"@type\":\"Person\",\"@id\":\"https:\/\/footdavant.fr\/actualites\/#\/schema\/person\/bc222566d95871b37e597b3ed3ba5e1d\",\"name\":\"Cl\u00e9ment\",\"image\":{\"@type\":\"ImageObject\",\"inLanguage\":\"fr-FR\",\"@id\":\"https:\/\/footdavant.fr\/actualites\/#\/schema\/person\/image\/\",\"url\":\"https:\/\/secure.gravatar.com\/avatar\/7728b29aac2719421e1a9159b2254c44?s=96&d=mm&r=g\",\"contentUrl\":\"https:\/\/secure.gravatar.com\/avatar\/7728b29aac2719421e1a9159b2254c44?s=96&d=mm&r=g\",\"caption\":\"Cl\u00e9ment\"},\"sameAs\":[\"https:\/\/footdavant.fr\/\"]}]}<\/script>\n<!-- \/ Yoast SEO plugin. -->","yoast_head_json":{"title":"Danny Welbeck: l&#39;attaquant de Brighton s&#39;ouvre avant le retour d&#39;Old Trafford au milieu des rumeurs de transfert -","robots":{"index":"index","follow":"follow","max-snippet":"max-snippet:-1","max-image-preview":"max-image-preview:large","max-video-preview":"max-video-preview:-1"},"canonical":"https:\/\/footdavant.fr\/actualites\/danny-welbeck-lattaquant-de-brighton-souvre-avant-le-retour-dold-trafford-au-milieu-des-rumeurs-de-transfert\/","og_locale":"fr_FR","og_type":"article","og_title":"Danny Welbeck: l&#39;attaquant de Brighton s&#39;ouvre avant le retour d&#39;Old Trafford au milieu des rumeurs de transfert -","og_description":"2 Apr\u00e8s la victoire 2-1 contre Liverpool et sans football europ\u00e9en cette saison, Manchester United peut d\u00e9sormais se concentrer pleinement sur le choc de samedi","og_url":"https:\/\/footdavant.fr\/actualites\/danny-welbeck-lattaquant-de-brighton-souvre-avant-le-retour-dold-trafford-au-milieu-des-rumeurs-de-transfert\/","og_site_name":"Foot d&#039;avant","article_publisher":"https:\/\/www.facebook.com\/Footdavant\/","article_published_time":"2025-10-21T22:48:35+00:00","article_modified_time":"2025-10-21T22:48:39+00:00","og_image":[{"width":1600,"height":705,"url":"https:\/\/footdavant.fr\/actualites\/wp-content\/uploads\/2025\/10\/Danny-Welbeck-l39attaquant-de-Brighton-s39ouvre-avant-le-retour-d39Old.jpg","type":"image\/jpeg"}],"author":"Cl\u00e9ment","twitter_card":"summary_large_image","twitter_creator":"@FootdavantFr","twitter_site":"@FootdavantFr","twitter_misc":{"\u00c9crit par":"Cl\u00e9ment","Dur\u00e9e de lecture estim\u00e9e":"3 minutes"},"schema":{"@context":"https:\/\/schema.org","@graph":[{"@type":"Article","@id":"https:\/\/footdavant.fr\/actualites\/danny-welbeck-lattaquant-de-brighton-souvre-avant-le-retour-dold-trafford-au-milieu-des-rumeurs-de-transfert\/#article","isPartOf":{"@id":"https:\/\/footdavant.fr\/actualites\/danny-welbeck-lattaquant-de-brighton-souvre-avant-le-retour-dold-trafford-au-milieu-des-rumeurs-de-transfert\/"},"author":{"name":"Cl\u00e9ment","@id":"https:\/\/footdavant.fr\/actualites\/#\/schema\/person\/bc222566d95871b37e597b3ed3ba5e1d"},"headline":"Danny Welbeck: l&#39;attaquant de Brighton s&#39;ouvre avant le retour d&#39;Old Trafford au milieu des rumeurs de transfert &#8211;","datePublished":"2025-10-21T22:48:35+00:00","dateModified":"2025-10-21T22:48:39+00:00","mainEntityOfPage":{"@id":"https:\/\/footdavant.fr\/actualites\/danny-welbeck-lattaquant-de-brighton-souvre-avant-le-retour-dold-trafford-au-milieu-des-rumeurs-de-transfert\/"},"wordCount":644,"publisher":{"@id":"https:\/\/footdavant.fr\/actualites\/#organization"},"keywords":["avant","Brighton","d39Old","Danny","des","l39attaquant","milieu","retour","rumeurs","s39ouvre","Trafford","transfert","Welbeck"],"articleSection":["Football"],"inLanguage":"fr-FR"},{"@type":"WebPage","@id":"https:\/\/footdavant.fr\/actualites\/danny-welbeck-lattaquant-de-brighton-souvre-avant-le-retour-dold-trafford-au-milieu-des-rumeurs-de-transfert\/","url":"https:\/\/footdavant.fr\/actualites\/danny-welbeck-lattaquant-de-brighton-souvre-avant-le-retour-dold-trafford-au-milieu-des-rumeurs-de-transfert\/","name":"Danny Welbeck: l&#39;attaquant de Brighton s&#39;ouvre avant le retour d&#39;Old Trafford au milieu des rumeurs de transfert -","isPartOf":{"@id":"https:\/\/footdavant.fr\/actualites\/#website"},"datePublished":"2025-10-21T22:48:35+00:00","dateModified":"2025-10-21T22:48:39+00:00","breadcrumb":{"@id":"https:\/\/footdavant.fr\/actualites\/danny-welbeck-lattaquant-de-brighton-souvre-avant-le-retour-dold-trafford-au-milieu-des-rumeurs-de-transfert\/#breadcrumb"},"inLanguage":"fr-FR","potentialAction":[{"@type":"ReadAction","target":["https:\/\/footdavant.fr\/actualites\/danny-welbeck-lattaquant-de-brighton-souvre-avant-le-retour-dold-trafford-au-milieu-des-rumeurs-de-transfert\/"]}]},{"@type":"BreadcrumbList","@id":"https:\/\/footdavant.fr\/actualites\/danny-welbeck-lattaquant-de-brighton-souvre-avant-le-retour-dold-trafford-au-milieu-des-rumeurs-de-transfert\/#breadcrumb","itemListElement":[{"@type":"ListItem","position":1,"name":"Accueil","item":"https:\/\/footdavant.fr\/actualites\/"},{"@type":"ListItem","position":2,"name":"Danny Welbeck: l&#39;attaquant de Brighton s&#39;ouvre avant le retour d&#39;Old Trafford au milieu des rumeurs de transfert &#8211;"}]},{"@type":"WebSite","@id":"https:\/\/footdavant.fr\/actualites\/#website","url":"https:\/\/footdavant.fr\/actualites\/","name":"Foot d'avant","description":"","publisher":{"@id":"https:\/\/footdavant.fr\/actualites\/#organization"},"potentialAction":[{"@type":"SearchAction","target":{"@type":"EntryPoint","urlTemplate":"https:\/\/footdavant.fr\/actualites\/?s={search_term_string}"},"query-input":"required name=search_term_string"}],"inLanguage":"fr-FR"},{"@type":"Organization","@id":"https:\/\/footdavant.fr\/actualites\/#organization","name":"Foot d'avant","url":"https:\/\/footdavant.fr\/actualites\/","logo":{"@type":"ImageObject","inLanguage":"fr-FR","@id":"https:\/\/footdavant.fr\/actualites\/#\/schema\/logo\/image\/","url":"https:\/\/footdavant.fr\/actualites\/wp-content\/uploads\/2023\/09\/Copy-of-FootDavant-Logo.png","contentUrl":"https:\/\/footdavant.fr\/actualites\/wp-content\/uploads\/2023\/09\/Copy-of-FootDavant-Logo.png","width":936,"height":549,"caption":"Foot d'avant"},"image":{"@id":"https:\/\/footdavant.fr\/actualites\/#\/schema\/logo\/image\/"},"sameAs":["https:\/\/www.facebook.com\/Footdavant\/","https:\/\/twitter.com\/FootdavantFr","https:\/\/www.instagram.com\/footdavant.fr\/"]},{"@type":"Person","@id":"https:\/\/footdavant.fr\/actualites\/#\/schema\/person\/bc222566d95871b37e597b3ed3ba5e1d","name":"Cl\u00e9ment","image":{"@type":"ImageObject","inLanguage":"fr-FR","@id":"https:\/\/footdavant.fr\/actualites\/#\/schema\/person\/image\/","url":"https:\/\/secure.gravatar.com\/avatar\/7728b29aac2719421e1a9159b2254c44?s=96&d=mm&r=g","contentUrl":"https:\/\/secure.gravatar.com\/avatar\/7728b29aac2719421e1a9159b2254c44?s=96&d=mm&r=g","caption":"Cl\u00e9ment"},"sameAs":["https:\/\/footdavant.fr\/"]}]}},"_links":{"self":[{"href":"https:\/\/footdavant.fr\/actualites\/wp-json\/wp\/v2\/posts\/30126"}],"collection":[{"href":"https:\/\/footdavant.fr\/actualites\/wp-json\/wp\/v2\/posts"}],"about":[{"href":"https:\/\/footdavant.fr\/actualites\/wp-json\/wp\/v2\/types\/post"}],"author":[{"embeddable":true,"href":"https:\/\/footdavant.fr\/actualites\/wp-json\/wp\/v2\/users\/1"}],"replies":[{"embeddable":true,"href":"https:\/\/footdavant.fr\/actualites\/wp-json\/wp\/v2\/comments?post=30126"}],"version-history":[{"count":1,"href":"https:\/\/footdavant.fr\/actualites\/wp-json\/wp\/v2\/posts\/30126\/revisions"}],"predecessor-version":[{"id":30128,"href":"https:\/\/footdavant.fr\/actualites\/wp-json\/wp\/v2\/posts\/30126\/revisions\/30128"}],"wp:featuredmedia":[{"embeddable":true,"href":"https:\/\/footdavant.fr\/actualites\/wp-json\/wp\/v2\/media\/30127"}],"wp:attachment":[{"href":"https:\/\/footdavant.fr\/actualites\/wp-json\/wp\/v2\/media?parent=30126"}],"wp:term":[{"taxonomy":"category","embeddable":true,"href":"https:\/\/footdavant.fr\/actualites\/wp-json\/wp\/v2\/categories?post=30126"},{"taxonomy":"post_tag","embeddable":true,"href":"https:\/\/footdavant.fr\/actualites\/wp-json\/wp\/v2\/tags?post=30126"}],"curies":[{"name":"wp","href":"https:\/\/api.w.org\/{rel}","templated":true}]}}