{"id":30153,"date":"2025-10-22T13:48:02","date_gmt":"2025-10-22T11:48:02","guid":{"rendered":"https:\/\/footdavant.fr\/actualites\/apercuathletic-bilbao-vs-qarabag-fk-pronostics-actualites-de-lequipe-compositions\/"},"modified":"2025-10-22T13:48:02","modified_gmt":"2025-10-22T11:48:02","slug":"apercuathletic-bilbao-vs-qarabag-fk-pronostics-actualites-de-lequipe-compositions","status":"publish","type":"post","link":"https:\/\/footdavant.fr\/actualites\/apercuathletic-bilbao-vs-qarabag-fk-pronostics-actualites-de-lequipe-compositions\/","title":{"rendered":"Aper\u00e7u:Athletic Bilbao vs Qarabag FK \u2013 pronostics, actualit\u00e9s de l\u2019\u00e9quipe, compositions"},"content":{"rendered":"<p>Sports Mole pr\u00e9sente un aper\u00e7u du choc de la Ligue des Champions de mercredi entre l&#39;Athletic Bilbao et le Qarabag FK, y compris les pronostics, les nouvelles de l&#39;\u00e9quipe et les compositions possibles.<\/p>\n<div id=\"article_body\" itemprop=\"articleBody\">\n<p><strong class=\"autotag\">L&#39;Athletic Bilbao visera \u00e0 rebondir apr\u00e8s les d\u00e9faites successives de cette saison. <strong class=\"autotag\">Ligue des champions alors qu&#39;ils reprennent leur phase de championnat \u00e0 domicile dans une forme <strong class=\"autotag\">Qarabag FK mercredi soir.<\/p>\n<p>Les Lions sont 34e sur le classement des 36 \u00e9quipes de la Ligue des champions, mais l&#39;\u00e9quipe azerba\u00efdjanaise a \u00e9t\u00e9 l&#39;une des surprises jusqu&#39;\u00e0 pr\u00e9sent, r\u00e9coltant six points pour occuper la sixi\u00e8me position du classement.<\/p>\n<p><\/p>\n<h2>Aper\u00e7u du match<\/h2>\n<p>L&#39;Athletic a ouvert sa campagne de phase de ligue des champions 2025-26 avec une d\u00e9faite 2-0 \u00e0 domicile contre Arsenal, avant de s&#39;incliner 4-1 contre le Borussia Dortmund lors de son deuxi\u00e8me match du tournoi, avec z\u00e9ro point en deux matches, ce qui les laisse \u00e0 la 34e place du classement.<\/p>\n<p><strong class=\"autotag\">L&#39;\u00e9quipe d&#39;Ernesto Valverde entrera dans ce match apr\u00e8s un match nul et vierge contre Elche en Liga, et elle n&#39;a r\u00e9ussi \u00e0 remporter qu&#39;un seul de ses neuf derniers matches toutes comp\u00e9titions confondues.<\/p>\n<p>Les Lions ont en fait commenc\u00e9 leur saison avec trois victoires cons\u00e9cutives en championnat contre S\u00e9ville, Rayo Vallecano et Real Betis, mais ils n&#39;ont enregistr\u00e9 qu&#39;une seule victoire depuis, l&#39;\u00e9quipe \u00e9tant huiti\u00e8me du classement de la Liga, avec 14 points en neuf matches.<\/p>\n<p>L&#39;Athletic a termin\u00e9 quatri\u00e8me de la Liga la saison derni\u00e8re pour assurer son retour en Ligue des champions, avec l&#39;\u00e9quipe basque en phase de championnat\/phase de groupes pour la premi\u00e8re fois depuis 2014-15.<\/p>\n<p>La saison derni\u00e8re, l&#39;Athletic a atteint les demi-finales de la Ligue Europa avant de s&#39;incliner face \u00e0 Manchester United, mais il n&#39;a jamais atteint les huiti\u00e8mes de finale de la Ligue des Champions.<\/p>\n<p class=\"imgI\">\n<p>Quant \u00e0 Qarabag, les Bleu et Blanc ont r\u00e9colt\u00e9 six points lors de leurs deux premiers matches de Ligue des Champions cette saison, battant Benfica 3-2 et Copenhague 2-0.<\/p>\n<p id=\"firstHeading\">L&#39;\u00e9quipe de Gurban Gurbanov est sixi\u00e8me au classement g\u00e9n\u00e9ral de la Ligue des champions avec six points, Arsenal, l&#39;Inter Milan, le Paris Saint-Germain, le Real Madrid et le Bayern Munich \u00e9tant les seules autres \u00e9quipes \u00e0 remporter le maximum de points.<\/p>\n<p>Qarabag a remport\u00e9 chacun de ses six derniers matches toutes comp\u00e9titions confondues, dont une victoire 2-1 contre Turan en Premier League azerba\u00efdjanaise vendredi soir.<\/p>\n<p>Les Bleu et Blanc sont en t\u00eate de la Premier League azerba\u00efdjanaise, avec 16 points lors de leurs sept premiers matches, et il ne fait aucun doute qu&#39;ils aborderont ce match en meilleure forme.<\/p>\n<p>Qarabag participe \u00e0 la phase de championnat\/phase de groupes de la Ligue des champions pour la premi\u00e8re fois depuis 2017-18, et cherche \u00e0 atteindre les huiti\u00e8mes de finale du tournoi pour la premi\u00e8re fois de son histoire.<\/p>\n<p>Forme de la Ligue des Champions de l&#39;Athletic Bilbao :<\/p>\n<p>L.L.<\/p>\n<p>Forme de l&#39;Athletic Bilbao (toutes comp\u00e9titions)\u00a0:<\/p>\n<p>LDLWD<\/p>\n<p>Forme de la Ligue des Champions du Qarabag FK\u00a0:<\/p>\n<p>WW<\/p>\n<p>Forme Qarabag FK (toutes comp\u00e9titions) :<\/p>\n<p>WWWWWW<\/p>\n<p><\/p>\n<h2>Nouvelles de l&#39;\u00e9quipe<\/h2>\n<p class=\"imgI\">\n<p>L&#39;Athletic sera de nouveau priv\u00e9 des services de Yeray Alvarez pour cause de suspension, tandis que <strong class=\"autotag\">Benat Prados et Unai Egiluz sont absents du match de Ligue des champions mercredi soir.<\/p>\n<p>Un contr\u00f4le tardif doit \u00eatre effectu\u00e9 <strong class=\"autotag\">Inaki Williams, qui a un probl\u00e8me musculaire, mais l&#39;attaquant exp\u00e9riment\u00e9 devrait \u00eatre disponible pour d\u00e9buter, tandis que son fr\u00e8re <strong class=\"autotag\">Nico Williams sera \u00e9galement dans le XI.<\/p>\n<p>On ne s&#39;attend pas \u00e0 de grosses surprises dans l&#39;\u00e9quipe de l&#39;Athletic mercredi, avec Oihan Sancet et <strong class=\"autotag\">Gorka Guruzeta devrait \u00e9galement figurer dans le dernier tiers du peloton.<\/p>\n<p>Quant \u00e0 Qarabag, aucun probl\u00e8me de blessure n&#39;a \u00e9t\u00e9 signal\u00e9, les visiteurs pourraient donc disposer d&#39;un effectif complet pour cette comp\u00e9tition, et ils disposent d&#39;un certain nombre de joueurs en excellente forme.<\/p>\n<p>Abdellah Zoubir a marqu\u00e9 quatre buts et enregistr\u00e9 quatre passes d\u00e9cisives toutes comp\u00e9titions confondues cette saison, et le joueur de 33 ans sera parmi les titulaires de Qarabag contre l&#39;Athletic.<\/p>\n<p>Leandro Andrade compte quatre buts et trois passes d\u00e9cisives cette saison et fera \u00e9galement partie du onze, tandis que Kady Borges et Camilo Duran devraient \u00e9galement figurer d\u00e8s le premier coup de sifflet du match europ\u00e9en.<\/p>\n<p>Composition de d\u00e9part possible de l&#39;Athletic Bilbao :<\/p>\n<p>Simon; Areso, Vivian, Laporte, Berchiche; Jauregizar, Ruiz de Galarreta; Je Williams, Sancet, N Williams; Guruzeta<\/p>\n<p>Qarabag FK composition de d\u00e9part possible :<\/p>\n<p>Kochalski; Silva, Medina, Mustafazada, Cafarquliyev ; Borges, Bicalho; Kachchuk, Andrade, Zoubir ; Duran<\/p>\n<p class=\"sm_center\">\n<h2 class=\"sm_center\">Nous disons : Athletic Bilbao 1-1 Qarabag FK<\/h2>\n<p> <\/p>\n<p>L&#39;Athletic aura l&#39;avantage du terrain mercredi, mais Qarabag est une \u00e9quipe \u00e0 prendre incroyablement au s\u00e9rieux en raison de sa forme impressionnante cette saison. Nous nous attendons \u00e0 un match serr\u00e9 ici, avec des points potentiellement partag\u00e9s lors d&#39;un match nul 1-1. <\/p>\n<p>Pour l\u2019analyse des donn\u00e9es des r\u00e9sultats les plus probables, des scores et plus encore pour ce match, veuillez cliquer ici.<\/p>\n<p><\/p>\n<div class=\"author_box\">\n<div class=\"author_box_banner\"> <\/div>\n<\/div>\n<h2>Aper\u00e7us par email<\/h2>\n<div>Cliquez ici pour recevoir l&#39;e-mail quotidien de Sports Mole contenant des aper\u00e7us et des pronostics pour chaque jeu majeur\u00a0!<\/div>\n<p><\/div>\n","protected":false},"excerpt":{"rendered":"<p>Sports Mole pr\u00e9sente un aper\u00e7u du choc de la Ligue des Champions de mercredi entre l&#39;Athletic Bilbao et le Qarabag FK, y compris les pronostics,<\/p>\n","protected":false},"author":1,"featured_media":30154,"comment_status":"closed","ping_status":"","sticky":false,"template":"","format":"standard","meta":{"footnotes":""},"categories":[4],"tags":[7,10821,1101,383,9,382,5878],"yoast_head":"<!-- This site is optimized with the Yoast SEO plugin v21.0 - https:\/\/yoast.com\/wordpress\/plugins\/seo\/ -->\n<title>Aper\u00e7u:Athletic Bilbao vs Qarabag FK \u2013 pronostics, actualit\u00e9s de l\u2019\u00e9quipe, compositions<\/title>\n<meta name=\"robots\" content=\"index, follow, max-snippet:-1, max-image-preview:large, max-video-preview:-1\" \/>\n<link rel=\"canonical\" href=\"https:\/\/footdavant.fr\/actualites\/apercuathletic-bilbao-vs-qarabag-fk-pronostics-actualites-de-lequipe-compositions\/\" \/>\n<meta property=\"og:locale\" content=\"fr_FR\" \/>\n<meta property=\"og:type\" content=\"article\" \/>\n<meta property=\"og:title\" content=\"Aper\u00e7u:Athletic Bilbao vs Qarabag FK \u2013 pronostics, actualit\u00e9s de l\u2019\u00e9quipe, compositions\" \/>\n<meta property=\"og:description\" content=\"Sports Mole pr\u00e9sente un aper\u00e7u du choc de la Ligue des Champions de mercredi entre l&#039;Athletic Bilbao et le Qarabag FK, y compris les pronostics,\" \/>\n<meta property=\"og:url\" content=\"https:\/\/footdavant.fr\/actualites\/apercuathletic-bilbao-vs-qarabag-fk-pronostics-actualites-de-lequipe-compositions\/\" \/>\n<meta property=\"og:site_name\" content=\"Foot d&#039;avant\" \/>\n<meta property=\"article:publisher\" content=\"https:\/\/www.facebook.com\/Footdavant\/\" \/>\n<meta property=\"article:published_time\" content=\"2025-10-22T11:48:02+00:00\" \/>\n<meta property=\"og:image\" content=\"https:\/\/footdavant.fr\/actualites\/wp-content\/uploads\/2025\/10\/ApercuAthletic-Bilbao-vs-Qarabag-FK-\u2013-pronostics-actualites-de-lequipe.jpg\" \/>\n\t<meta property=\"og:image:width\" content=\"640\" \/>\n\t<meta property=\"og:image:height\" content=\"480\" \/>\n\t<meta property=\"og:image:type\" content=\"image\/jpeg\" \/>\n<meta name=\"author\" content=\"Cl\u00e9ment\" \/>\n<meta name=\"twitter:card\" content=\"summary_large_image\" \/>\n<meta name=\"twitter:creator\" content=\"@FootdavantFr\" \/>\n<meta name=\"twitter:site\" content=\"@FootdavantFr\" \/>\n<meta name=\"twitter:label1\" content=\"\u00c9crit par\" \/>\n\t<meta name=\"twitter:data1\" content=\"Cl\u00e9ment\" \/>\n\t<meta name=\"twitter:label2\" content=\"Dur\u00e9e de lecture estim\u00e9e\" \/>\n\t<meta name=\"twitter:data2\" content=\"4 minutes\" \/>\n<script type=\"application\/ld+json\" class=\"yoast-schema-graph\">{\"@context\":\"https:\/\/schema.org\",\"@graph\":[{\"@type\":\"Article\",\"@id\":\"https:\/\/footdavant.fr\/actualites\/apercuathletic-bilbao-vs-qarabag-fk-pronostics-actualites-de-lequipe-compositions\/#article\",\"isPartOf\":{\"@id\":\"https:\/\/footdavant.fr\/actualites\/apercuathletic-bilbao-vs-qarabag-fk-pronostics-actualites-de-lequipe-compositions\/\"},\"author\":{\"name\":\"Cl\u00e9ment\",\"@id\":\"https:\/\/footdavant.fr\/actualites\/#\/schema\/person\/bc222566d95871b37e597b3ed3ba5e1d\"},\"headline\":\"Aper\u00e7u:Athletic Bilbao vs Qarabag FK \u2013 pronostics, actualit\u00e9s de l\u2019\u00e9quipe, compositions\",\"datePublished\":\"2025-10-22T11:48:02+00:00\",\"dateModified\":\"2025-10-22T11:48:02+00:00\",\"mainEntityOfPage\":{\"@id\":\"https:\/\/footdavant.fr\/actualites\/apercuathletic-bilbao-vs-qarabag-fk-pronostics-actualites-de-lequipe-compositions\/\"},\"wordCount\":911,\"publisher\":{\"@id\":\"https:\/\/footdavant.fr\/actualites\/#organization\"},\"keywords\":[\"Actualit\u00e9s\",\"Aper\u00e7uAthletic\",\"Bilbao\",\"compositions\",\"l\u00e9quipe\",\"pronostics\",\"Qarabag\"],\"articleSection\":[\"Champions League\"],\"inLanguage\":\"fr-FR\"},{\"@type\":\"WebPage\",\"@id\":\"https:\/\/footdavant.fr\/actualites\/apercuathletic-bilbao-vs-qarabag-fk-pronostics-actualites-de-lequipe-compositions\/\",\"url\":\"https:\/\/footdavant.fr\/actualites\/apercuathletic-bilbao-vs-qarabag-fk-pronostics-actualites-de-lequipe-compositions\/\",\"name\":\"Aper\u00e7u:Athletic Bilbao vs Qarabag FK \u2013 pronostics, actualit\u00e9s de l\u2019\u00e9quipe, compositions\",\"isPartOf\":{\"@id\":\"https:\/\/footdavant.fr\/actualites\/#website\"},\"datePublished\":\"2025-10-22T11:48:02+00:00\",\"dateModified\":\"2025-10-22T11:48:02+00:00\",\"breadcrumb\":{\"@id\":\"https:\/\/footdavant.fr\/actualites\/apercuathletic-bilbao-vs-qarabag-fk-pronostics-actualites-de-lequipe-compositions\/#breadcrumb\"},\"inLanguage\":\"fr-FR\",\"potentialAction\":[{\"@type\":\"ReadAction\",\"target\":[\"https:\/\/footdavant.fr\/actualites\/apercuathletic-bilbao-vs-qarabag-fk-pronostics-actualites-de-lequipe-compositions\/\"]}]},{\"@type\":\"BreadcrumbList\",\"@id\":\"https:\/\/footdavant.fr\/actualites\/apercuathletic-bilbao-vs-qarabag-fk-pronostics-actualites-de-lequipe-compositions\/#breadcrumb\",\"itemListElement\":[{\"@type\":\"ListItem\",\"position\":1,\"name\":\"Accueil\",\"item\":\"https:\/\/footdavant.fr\/actualites\/\"},{\"@type\":\"ListItem\",\"position\":2,\"name\":\"Aper\u00e7u:Athletic Bilbao vs Qarabag FK \u2013 pronostics, actualit\u00e9s de l\u2019\u00e9quipe, compositions\"}]},{\"@type\":\"WebSite\",\"@id\":\"https:\/\/footdavant.fr\/actualites\/#website\",\"url\":\"https:\/\/footdavant.fr\/actualites\/\",\"name\":\"Foot d'avant\",\"description\":\"\",\"publisher\":{\"@id\":\"https:\/\/footdavant.fr\/actualites\/#organization\"},\"potentialAction\":[{\"@type\":\"SearchAction\",\"target\":{\"@type\":\"EntryPoint\",\"urlTemplate\":\"https:\/\/footdavant.fr\/actualites\/?s={search_term_string}\"},\"query-input\":\"required name=search_term_string\"}],\"inLanguage\":\"fr-FR\"},{\"@type\":\"Organization\",\"@id\":\"https:\/\/footdavant.fr\/actualites\/#organization\",\"name\":\"Foot d'avant\",\"url\":\"https:\/\/footdavant.fr\/actualites\/\",\"logo\":{\"@type\":\"ImageObject\",\"inLanguage\":\"fr-FR\",\"@id\":\"https:\/\/footdavant.fr\/actualites\/#\/schema\/logo\/image\/\",\"url\":\"https:\/\/footdavant.fr\/actualites\/wp-content\/uploads\/2023\/09\/Copy-of-FootDavant-Logo.png\",\"contentUrl\":\"https:\/\/footdavant.fr\/actualites\/wp-content\/uploads\/2023\/09\/Copy-of-FootDavant-Logo.png\",\"width\":936,\"height\":549,\"caption\":\"Foot d'avant\"},\"image\":{\"@id\":\"https:\/\/footdavant.fr\/actualites\/#\/schema\/logo\/image\/\"},\"sameAs\":[\"https:\/\/www.facebook.com\/Footdavant\/\",\"https:\/\/twitter.com\/FootdavantFr\",\"https:\/\/www.instagram.com\/footdavant.fr\/\"]},{\"@type\":\"Person\",\"@id\":\"https:\/\/footdavant.fr\/actualites\/#\/schema\/person\/bc222566d95871b37e597b3ed3ba5e1d\",\"name\":\"Cl\u00e9ment\",\"image\":{\"@type\":\"ImageObject\",\"inLanguage\":\"fr-FR\",\"@id\":\"https:\/\/footdavant.fr\/actualites\/#\/schema\/person\/image\/\",\"url\":\"https:\/\/secure.gravatar.com\/avatar\/7728b29aac2719421e1a9159b2254c44?s=96&d=mm&r=g\",\"contentUrl\":\"https:\/\/secure.gravatar.com\/avatar\/7728b29aac2719421e1a9159b2254c44?s=96&d=mm&r=g\",\"caption\":\"Cl\u00e9ment\"},\"sameAs\":[\"https:\/\/footdavant.fr\/\"]}]}<\/script>\n<!-- \/ Yoast SEO plugin. -->","yoast_head_json":{"title":"Aper\u00e7u:Athletic Bilbao vs Qarabag FK \u2013 pronostics, actualit\u00e9s de l\u2019\u00e9quipe, compositions","robots":{"index":"index","follow":"follow","max-snippet":"max-snippet:-1","max-image-preview":"max-image-preview:large","max-video-preview":"max-video-preview:-1"},"canonical":"https:\/\/footdavant.fr\/actualites\/apercuathletic-bilbao-vs-qarabag-fk-pronostics-actualites-de-lequipe-compositions\/","og_locale":"fr_FR","og_type":"article","og_title":"Aper\u00e7u:Athletic Bilbao vs Qarabag FK \u2013 pronostics, actualit\u00e9s de l\u2019\u00e9quipe, compositions","og_description":"Sports Mole pr\u00e9sente un aper\u00e7u du choc de la Ligue des Champions de mercredi entre l&#39;Athletic Bilbao et le Qarabag FK, y compris les pronostics,","og_url":"https:\/\/footdavant.fr\/actualites\/apercuathletic-bilbao-vs-qarabag-fk-pronostics-actualites-de-lequipe-compositions\/","og_site_name":"Foot d&#039;avant","article_publisher":"https:\/\/www.facebook.com\/Footdavant\/","article_published_time":"2025-10-22T11:48:02+00:00","og_image":[{"width":640,"height":480,"url":"https:\/\/footdavant.fr\/actualites\/wp-content\/uploads\/2025\/10\/ApercuAthletic-Bilbao-vs-Qarabag-FK-\u2013-pronostics-actualites-de-lequipe.jpg","type":"image\/jpeg"}],"author":"Cl\u00e9ment","twitter_card":"summary_large_image","twitter_creator":"@FootdavantFr","twitter_site":"@FootdavantFr","twitter_misc":{"\u00c9crit par":"Cl\u00e9ment","Dur\u00e9e de lecture estim\u00e9e":"4 minutes"},"schema":{"@context":"https:\/\/schema.org","@graph":[{"@type":"Article","@id":"https:\/\/footdavant.fr\/actualites\/apercuathletic-bilbao-vs-qarabag-fk-pronostics-actualites-de-lequipe-compositions\/#article","isPartOf":{"@id":"https:\/\/footdavant.fr\/actualites\/apercuathletic-bilbao-vs-qarabag-fk-pronostics-actualites-de-lequipe-compositions\/"},"author":{"name":"Cl\u00e9ment","@id":"https:\/\/footdavant.fr\/actualites\/#\/schema\/person\/bc222566d95871b37e597b3ed3ba5e1d"},"headline":"Aper\u00e7u:Athletic Bilbao vs Qarabag FK \u2013 pronostics, actualit\u00e9s de l\u2019\u00e9quipe, compositions","datePublished":"2025-10-22T11:48:02+00:00","dateModified":"2025-10-22T11:48:02+00:00","mainEntityOfPage":{"@id":"https:\/\/footdavant.fr\/actualites\/apercuathletic-bilbao-vs-qarabag-fk-pronostics-actualites-de-lequipe-compositions\/"},"wordCount":911,"publisher":{"@id":"https:\/\/footdavant.fr\/actualites\/#organization"},"keywords":["Actualit\u00e9s","Aper\u00e7uAthletic","Bilbao","compositions","l\u00e9quipe","pronostics","Qarabag"],"articleSection":["Champions League"],"inLanguage":"fr-FR"},{"@type":"WebPage","@id":"https:\/\/footdavant.fr\/actualites\/apercuathletic-bilbao-vs-qarabag-fk-pronostics-actualites-de-lequipe-compositions\/","url":"https:\/\/footdavant.fr\/actualites\/apercuathletic-bilbao-vs-qarabag-fk-pronostics-actualites-de-lequipe-compositions\/","name":"Aper\u00e7u:Athletic Bilbao vs Qarabag FK \u2013 pronostics, actualit\u00e9s de l\u2019\u00e9quipe, compositions","isPartOf":{"@id":"https:\/\/footdavant.fr\/actualites\/#website"},"datePublished":"2025-10-22T11:48:02+00:00","dateModified":"2025-10-22T11:48:02+00:00","breadcrumb":{"@id":"https:\/\/footdavant.fr\/actualites\/apercuathletic-bilbao-vs-qarabag-fk-pronostics-actualites-de-lequipe-compositions\/#breadcrumb"},"inLanguage":"fr-FR","potentialAction":[{"@type":"ReadAction","target":["https:\/\/footdavant.fr\/actualites\/apercuathletic-bilbao-vs-qarabag-fk-pronostics-actualites-de-lequipe-compositions\/"]}]},{"@type":"BreadcrumbList","@id":"https:\/\/footdavant.fr\/actualites\/apercuathletic-bilbao-vs-qarabag-fk-pronostics-actualites-de-lequipe-compositions\/#breadcrumb","itemListElement":[{"@type":"ListItem","position":1,"name":"Accueil","item":"https:\/\/footdavant.fr\/actualites\/"},{"@type":"ListItem","position":2,"name":"Aper\u00e7u:Athletic Bilbao vs Qarabag FK \u2013 pronostics, actualit\u00e9s de l\u2019\u00e9quipe, compositions"}]},{"@type":"WebSite","@id":"https:\/\/footdavant.fr\/actualites\/#website","url":"https:\/\/footdavant.fr\/actualites\/","name":"Foot d'avant","description":"","publisher":{"@id":"https:\/\/footdavant.fr\/actualites\/#organization"},"potentialAction":[{"@type":"SearchAction","target":{"@type":"EntryPoint","urlTemplate":"https:\/\/footdavant.fr\/actualites\/?s={search_term_string}"},"query-input":"required name=search_term_string"}],"inLanguage":"fr-FR"},{"@type":"Organization","@id":"https:\/\/footdavant.fr\/actualites\/#organization","name":"Foot d'avant","url":"https:\/\/footdavant.fr\/actualites\/","logo":{"@type":"ImageObject","inLanguage":"fr-FR","@id":"https:\/\/footdavant.fr\/actualites\/#\/schema\/logo\/image\/","url":"https:\/\/footdavant.fr\/actualites\/wp-content\/uploads\/2023\/09\/Copy-of-FootDavant-Logo.png","contentUrl":"https:\/\/footdavant.fr\/actualites\/wp-content\/uploads\/2023\/09\/Copy-of-FootDavant-Logo.png","width":936,"height":549,"caption":"Foot d'avant"},"image":{"@id":"https:\/\/footdavant.fr\/actualites\/#\/schema\/logo\/image\/"},"sameAs":["https:\/\/www.facebook.com\/Footdavant\/","https:\/\/twitter.com\/FootdavantFr","https:\/\/www.instagram.com\/footdavant.fr\/"]},{"@type":"Person","@id":"https:\/\/footdavant.fr\/actualites\/#\/schema\/person\/bc222566d95871b37e597b3ed3ba5e1d","name":"Cl\u00e9ment","image":{"@type":"ImageObject","inLanguage":"fr-FR","@id":"https:\/\/footdavant.fr\/actualites\/#\/schema\/person\/image\/","url":"https:\/\/secure.gravatar.com\/avatar\/7728b29aac2719421e1a9159b2254c44?s=96&d=mm&r=g","contentUrl":"https:\/\/secure.gravatar.com\/avatar\/7728b29aac2719421e1a9159b2254c44?s=96&d=mm&r=g","caption":"Cl\u00e9ment"},"sameAs":["https:\/\/footdavant.fr\/"]}]}},"_links":{"self":[{"href":"https:\/\/footdavant.fr\/actualites\/wp-json\/wp\/v2\/posts\/30153"}],"collection":[{"href":"https:\/\/footdavant.fr\/actualites\/wp-json\/wp\/v2\/posts"}],"about":[{"href":"https:\/\/footdavant.fr\/actualites\/wp-json\/wp\/v2\/types\/post"}],"author":[{"embeddable":true,"href":"https:\/\/footdavant.fr\/actualites\/wp-json\/wp\/v2\/users\/1"}],"replies":[{"embeddable":true,"href":"https:\/\/footdavant.fr\/actualites\/wp-json\/wp\/v2\/comments?post=30153"}],"version-history":[{"count":1,"href":"https:\/\/footdavant.fr\/actualites\/wp-json\/wp\/v2\/posts\/30153\/revisions"}],"predecessor-version":[{"id":30155,"href":"https:\/\/footdavant.fr\/actualites\/wp-json\/wp\/v2\/posts\/30153\/revisions\/30155"}],"wp:featuredmedia":[{"embeddable":true,"href":"https:\/\/footdavant.fr\/actualites\/wp-json\/wp\/v2\/media\/30154"}],"wp:attachment":[{"href":"https:\/\/footdavant.fr\/actualites\/wp-json\/wp\/v2\/media?parent=30153"}],"wp:term":[{"taxonomy":"category","embeddable":true,"href":"https:\/\/footdavant.fr\/actualites\/wp-json\/wp\/v2\/categories?post=30153"},{"taxonomy":"post_tag","embeddable":true,"href":"https:\/\/footdavant.fr\/actualites\/wp-json\/wp\/v2\/tags?post=30153"}],"curies":[{"name":"wp","href":"https:\/\/api.w.org\/{rel}","templated":true}]}}