{"id":30156,"date":"2025-10-22T14:48:03","date_gmt":"2025-10-22T12:48:03","guid":{"rendered":"https:\/\/footdavant.fr\/actualites\/nouvelles-du-transfert-darsenal-desir-de-coupe-du-monde-et-decision-de-mikel-arteta-de-forcer-lavance\/"},"modified":"2025-10-22T14:48:04","modified_gmt":"2025-10-22T12:48:04","slug":"nouvelles-du-transfert-darsenal-desir-de-coupe-du-monde-et-decision-de-mikel-arteta-de-forcer-lavance","status":"publish","type":"post","link":"https:\/\/footdavant.fr\/actualites\/nouvelles-du-transfert-darsenal-desir-de-coupe-du-monde-et-decision-de-mikel-arteta-de-forcer-lavance\/","title":{"rendered":"Nouvelles du transfert d&#39;Arsenal : d\u00e9sir de Coupe du monde et d\u00e9cision de Mikel Arteta de \u00ab forcer \u00bb l&#39;avance"},"content":{"rendered":"<p>La refonte attendue de l&#39;\u00e9quipe d&#39;Arsenal par Mikel Arteta soul\u00e8ve des questions sur l&#39;avenir d&#39;un attaquant polyvalent.<\/p>\n<div id=\"article_body\" itemprop=\"articleBody\">\n<h3 class=\"firstPara\"><meta charset=\"UTF-8\"><br \/><\/h3>\n<p>Mikel Arteta aurait l&#39;intention de restructurer et de r\u00e9organiser le <strong class=\"autotag\">L\u2019\u00e9quipe d\u2019Arsenal, ce qui peut impliquer qu\u2019un attaquant descende plus bas dans la hi\u00e9rarchie. <\/p>\n<p>Les Gunners ont sign\u00e9 Eberechi Eze et Noni Madueke apr\u00e8s la capture marquante de Viktor Gyokeres, ajoutant ainsi plusieurs options \u00e0 leur attaque.<\/p>\n<p>Alors que Gyokeres est un pur n\u00b09, Eze et Madueke sont des joueurs polyvalents capables de jouer dans diverses positions et configurations tactiques, offrant \u00e0 l&#39;\u00e9quipe du nord de Londres une dimension suppl\u00e9mentaire \u00e0 l&#39;avant.<\/p>\n<p>Un attaquant adaptable dans l\u2019\u00e9quipe d\u2019Arsenal est <strong class=\"autotag\">Gabriel Jesus, ancien de Manchester City, et l&#39;attaquant actuellement bless\u00e9, sont li\u00e9s \u00e0 un transfert loin de l&#39;Emirates Stadium. <\/p>\n<h2>Gabriel Jesus : l&#39;attaquant d&#39;Arsenal envisagerait de partir<\/h2>\n<p class=\"imgI\">\n<p>Selon <em>Fiches<\/em>Jesus pourrait \u00eatre victime du projet d&#39;Arteta de r\u00e9organiser l&#39;\u00e9quipe cet hiver, tandis que son ambition de disputer la Coupe du monde 2026 pourrait le motiver \u00e0 faire pression pour bouger.<\/p>\n<p>L&#39;attaquant a rejoint le club depuis Man City en juillet 2022 apr\u00e8s cinq ans et demi sous la direction de Pep Guardiola au stade Etihad, o\u00f9 il a remport\u00e9 quatre titres de Premier League.<\/p>\n<p>Apr\u00e8s des d\u00e9buts encourageants dans le nord de Londres, les blessures ont souvent g\u00ean\u00e9 le joueur de 28 ans, la plus grave l&#39;emp\u00eachant d&#39;entrer depuis le d\u00e9but de l&#39;ann\u00e9e.<\/p>\n<p>Malgr\u00e9 la blessure au genou de Jesus, Flamengo serait un pr\u00e9tendant potentiel puisque l&#39;attaquant envisage de quitter Arsenal pour am\u00e9liorer ses chances de jouer pour le Br\u00e9sil lors du tournoi mondial de l&#39;ann\u00e9e prochaine.<\/p>\n<p>Avec J\u00e9sus derri\u00e8re Gyokeres et Kai Havertz dans la hi\u00e9rarchie, quitter le club pourrait \u00eatre une sage d\u00e9cision pour lui.<\/p>\n<h2>Gabriel Jesus : Arsenal devrait-il autoriser l&#39;attaquant \u00e0 partir ?<\/h2>\n<p class=\"imgI\"><img decoding=\"async\" alt=\"Gabriel Jesus d&#39;Arsenal photographi\u00e9 le 19 octobre 2024\" class=\"vanilla-lazyload article-image\" src=\"https:\/\/footdavant.fr\/actualites\/wp-content\/uploads\/2025\/07\/Arsenal-Transfer-News-l39offre-de-Gabriel-Jesus-Loan-to-buy.jpg\"><\/p>\n<p>Si l&#39;ambition du Br\u00e9silien de participer \u00e0 la Coupe du Monde est compr\u00e9hensible, les comp\u00e9tences uniques de l&#39;attaquant pourraient \u00eatre cruciales pour les Gunners lors de certains matches.<\/p>\n<p>Le club serait d\u00e9sireux de lib\u00e9rer de l&#39;espace salarial, et Jesus est le deuxi\u00e8me revenu le plus \u00e9lev\u00e9 du club, bien qu&#39;il soit le troisi\u00e8me attaquant derri\u00e8re Gyokeres et Havertz.<\/p>\n<p>Si le physique et la menace de Gyokeres dans les situations de contre-attaque se d\u00e9marquent, l&#39;Allemand offre un autre type de menace, tout comme Jesus, dont la polyvalence et la capacit\u00e9 en possession renforcent sa valeur au-del\u00e0 du simple but.<\/p>\n<p>Reste \u00e0 savoir si cela influencera l&#39;approche plus large d&#39;Arsenal sur le march\u00e9\u00a0; cependant, l&#39;adaptabilit\u00e9 du Br\u00e9silien dans diff\u00e9rents \u00e9tats de jeu pourrait \u00eatre importante dans la course au titre dans la seconde moiti\u00e9 de la saison. <\/p>\n<\/div>\n","protected":false},"excerpt":{"rendered":"<p>La refonte attendue de l&#39;\u00e9quipe d&#39;Arsenal par Mikel Arteta soul\u00e8ve des questions sur l&#39;avenir d&#39;un attaquant polyvalent. Mikel Arteta aurait l&#39;intention de restructurer et de<\/p>\n","protected":false},"author":1,"featured_media":28219,"comment_status":"closed","ping_status":"","sticky":false,"template":"","format":"standard","meta":{"footnotes":""},"categories":[5],"tags":[211,1946,4221,497,1606,2825,7972,210,562,461,700],"yoast_head":"<!-- This site is optimized with the Yoast SEO plugin v21.0 - https:\/\/yoast.com\/wordpress\/plugins\/seo\/ -->\n<title>Nouvelles du transfert d&#039;Arsenal : d\u00e9sir de Coupe du monde et d\u00e9cision de Mikel Arteta de \u00ab forcer \u00bb l&#039;avance<\/title>\n<meta name=\"robots\" content=\"index, follow, max-snippet:-1, max-image-preview:large, max-video-preview:-1\" \/>\n<link rel=\"canonical\" href=\"https:\/\/footdavant.fr\/actualites\/nouvelles-du-transfert-darsenal-desir-de-coupe-du-monde-et-decision-de-mikel-arteta-de-forcer-lavance\/\" \/>\n<meta property=\"og:locale\" content=\"fr_FR\" \/>\n<meta property=\"og:type\" content=\"article\" \/>\n<meta property=\"og:title\" content=\"Nouvelles du transfert d&#039;Arsenal : d\u00e9sir de Coupe du monde et d\u00e9cision de Mikel Arteta de \u00ab forcer \u00bb l&#039;avance\" \/>\n<meta property=\"og:description\" content=\"La refonte attendue de l&#039;\u00e9quipe d&#039;Arsenal par Mikel Arteta soul\u00e8ve des questions sur l&#039;avenir d&#039;un attaquant polyvalent. Mikel Arteta aurait l&#039;intention de restructurer et de\" \/>\n<meta property=\"og:url\" content=\"https:\/\/footdavant.fr\/actualites\/nouvelles-du-transfert-darsenal-desir-de-coupe-du-monde-et-decision-de-mikel-arteta-de-forcer-lavance\/\" \/>\n<meta property=\"og:site_name\" content=\"Foot d&#039;avant\" \/>\n<meta property=\"article:publisher\" content=\"https:\/\/www.facebook.com\/Footdavant\/\" \/>\n<meta property=\"article:published_time\" content=\"2025-10-22T12:48:03+00:00\" \/>\n<meta property=\"article:modified_time\" content=\"2025-10-22T12:48:04+00:00\" \/>\n<meta property=\"og:image\" content=\"https:\/\/footdavant.fr\/actualites\/wp-content\/uploads\/2025\/09\/1757263687_Arsenal-Transfer-News-Aucune-chance-3939-que-les-artilleurs.jpg\" \/>\n\t<meta property=\"og:image:width\" content=\"640\" \/>\n\t<meta property=\"og:image:height\" content=\"480\" \/>\n\t<meta property=\"og:image:type\" content=\"image\/jpeg\" \/>\n<meta name=\"author\" content=\"Cl\u00e9ment\" \/>\n<meta name=\"twitter:card\" content=\"summary_large_image\" \/>\n<meta name=\"twitter:creator\" content=\"@FootdavantFr\" \/>\n<meta name=\"twitter:site\" content=\"@FootdavantFr\" \/>\n<meta name=\"twitter:label1\" content=\"\u00c9crit par\" \/>\n\t<meta name=\"twitter:data1\" content=\"Cl\u00e9ment\" \/>\n\t<meta name=\"twitter:label2\" content=\"Dur\u00e9e de lecture estim\u00e9e\" \/>\n\t<meta name=\"twitter:data2\" content=\"2 minutes\" \/>\n<script type=\"application\/ld+json\" class=\"yoast-schema-graph\">{\"@context\":\"https:\/\/schema.org\",\"@graph\":[{\"@type\":\"Article\",\"@id\":\"https:\/\/footdavant.fr\/actualites\/nouvelles-du-transfert-darsenal-desir-de-coupe-du-monde-et-decision-de-mikel-arteta-de-forcer-lavance\/#article\",\"isPartOf\":{\"@id\":\"https:\/\/footdavant.fr\/actualites\/nouvelles-du-transfert-darsenal-desir-de-coupe-du-monde-et-decision-de-mikel-arteta-de-forcer-lavance\/\"},\"author\":{\"name\":\"Cl\u00e9ment\",\"@id\":\"https:\/\/footdavant.fr\/actualites\/#\/schema\/person\/bc222566d95871b37e597b3ed3ba5e1d\"},\"headline\":\"Nouvelles du transfert d&#39;Arsenal : d\u00e9sir de Coupe du monde et d\u00e9cision de Mikel Arteta de \u00ab forcer \u00bb l&#39;avance\",\"datePublished\":\"2025-10-22T12:48:03+00:00\",\"dateModified\":\"2025-10-22T12:48:04+00:00\",\"mainEntityOfPage\":{\"@id\":\"https:\/\/footdavant.fr\/actualites\/nouvelles-du-transfert-darsenal-desir-de-coupe-du-monde-et-decision-de-mikel-arteta-de-forcer-lavance\/\"},\"wordCount\":500,\"publisher\":{\"@id\":\"https:\/\/footdavant.fr\/actualites\/#organization\"},\"keywords\":[\"Arteta\",\"Coupe\",\"d39Arsenal\",\"d\u00e9cision\",\"d\u00e9sir\",\"forcer\",\"l39avance\",\"Mikel\",\"monde\",\"Nouvelles\",\"transfert\"],\"articleSection\":[\"Premier League\"],\"inLanguage\":\"fr-FR\"},{\"@type\":\"WebPage\",\"@id\":\"https:\/\/footdavant.fr\/actualites\/nouvelles-du-transfert-darsenal-desir-de-coupe-du-monde-et-decision-de-mikel-arteta-de-forcer-lavance\/\",\"url\":\"https:\/\/footdavant.fr\/actualites\/nouvelles-du-transfert-darsenal-desir-de-coupe-du-monde-et-decision-de-mikel-arteta-de-forcer-lavance\/\",\"name\":\"Nouvelles du transfert d&#39;Arsenal : d\u00e9sir de Coupe du monde et d\u00e9cision de Mikel Arteta de \u00ab forcer \u00bb l&#39;avance\",\"isPartOf\":{\"@id\":\"https:\/\/footdavant.fr\/actualites\/#website\"},\"datePublished\":\"2025-10-22T12:48:03+00:00\",\"dateModified\":\"2025-10-22T12:48:04+00:00\",\"breadcrumb\":{\"@id\":\"https:\/\/footdavant.fr\/actualites\/nouvelles-du-transfert-darsenal-desir-de-coupe-du-monde-et-decision-de-mikel-arteta-de-forcer-lavance\/#breadcrumb\"},\"inLanguage\":\"fr-FR\",\"potentialAction\":[{\"@type\":\"ReadAction\",\"target\":[\"https:\/\/footdavant.fr\/actualites\/nouvelles-du-transfert-darsenal-desir-de-coupe-du-monde-et-decision-de-mikel-arteta-de-forcer-lavance\/\"]}]},{\"@type\":\"BreadcrumbList\",\"@id\":\"https:\/\/footdavant.fr\/actualites\/nouvelles-du-transfert-darsenal-desir-de-coupe-du-monde-et-decision-de-mikel-arteta-de-forcer-lavance\/#breadcrumb\",\"itemListElement\":[{\"@type\":\"ListItem\",\"position\":1,\"name\":\"Accueil\",\"item\":\"https:\/\/footdavant.fr\/actualites\/\"},{\"@type\":\"ListItem\",\"position\":2,\"name\":\"Nouvelles du transfert d&#39;Arsenal : d\u00e9sir de Coupe du monde et d\u00e9cision de Mikel Arteta de \u00ab forcer \u00bb l&#39;avance\"}]},{\"@type\":\"WebSite\",\"@id\":\"https:\/\/footdavant.fr\/actualites\/#website\",\"url\":\"https:\/\/footdavant.fr\/actualites\/\",\"name\":\"Foot d'avant\",\"description\":\"\",\"publisher\":{\"@id\":\"https:\/\/footdavant.fr\/actualites\/#organization\"},\"potentialAction\":[{\"@type\":\"SearchAction\",\"target\":{\"@type\":\"EntryPoint\",\"urlTemplate\":\"https:\/\/footdavant.fr\/actualites\/?s={search_term_string}\"},\"query-input\":\"required name=search_term_string\"}],\"inLanguage\":\"fr-FR\"},{\"@type\":\"Organization\",\"@id\":\"https:\/\/footdavant.fr\/actualites\/#organization\",\"name\":\"Foot d'avant\",\"url\":\"https:\/\/footdavant.fr\/actualites\/\",\"logo\":{\"@type\":\"ImageObject\",\"inLanguage\":\"fr-FR\",\"@id\":\"https:\/\/footdavant.fr\/actualites\/#\/schema\/logo\/image\/\",\"url\":\"https:\/\/footdavant.fr\/actualites\/wp-content\/uploads\/2023\/09\/Copy-of-FootDavant-Logo.png\",\"contentUrl\":\"https:\/\/footdavant.fr\/actualites\/wp-content\/uploads\/2023\/09\/Copy-of-FootDavant-Logo.png\",\"width\":936,\"height\":549,\"caption\":\"Foot d'avant\"},\"image\":{\"@id\":\"https:\/\/footdavant.fr\/actualites\/#\/schema\/logo\/image\/\"},\"sameAs\":[\"https:\/\/www.facebook.com\/Footdavant\/\",\"https:\/\/twitter.com\/FootdavantFr\",\"https:\/\/www.instagram.com\/footdavant.fr\/\"]},{\"@type\":\"Person\",\"@id\":\"https:\/\/footdavant.fr\/actualites\/#\/schema\/person\/bc222566d95871b37e597b3ed3ba5e1d\",\"name\":\"Cl\u00e9ment\",\"image\":{\"@type\":\"ImageObject\",\"inLanguage\":\"fr-FR\",\"@id\":\"https:\/\/footdavant.fr\/actualites\/#\/schema\/person\/image\/\",\"url\":\"https:\/\/secure.gravatar.com\/avatar\/7728b29aac2719421e1a9159b2254c44?s=96&d=mm&r=g\",\"contentUrl\":\"https:\/\/secure.gravatar.com\/avatar\/7728b29aac2719421e1a9159b2254c44?s=96&d=mm&r=g\",\"caption\":\"Cl\u00e9ment\"},\"sameAs\":[\"https:\/\/footdavant.fr\/\"]}]}<\/script>\n<!-- \/ Yoast SEO plugin. -->","yoast_head_json":{"title":"Nouvelles du transfert d&#39;Arsenal : d\u00e9sir de Coupe du monde et d\u00e9cision de Mikel Arteta de \u00ab forcer \u00bb l&#39;avance","robots":{"index":"index","follow":"follow","max-snippet":"max-snippet:-1","max-image-preview":"max-image-preview:large","max-video-preview":"max-video-preview:-1"},"canonical":"https:\/\/footdavant.fr\/actualites\/nouvelles-du-transfert-darsenal-desir-de-coupe-du-monde-et-decision-de-mikel-arteta-de-forcer-lavance\/","og_locale":"fr_FR","og_type":"article","og_title":"Nouvelles du transfert d&#39;Arsenal : d\u00e9sir de Coupe du monde et d\u00e9cision de Mikel Arteta de \u00ab forcer \u00bb l&#39;avance","og_description":"La refonte attendue de l&#39;\u00e9quipe d&#39;Arsenal par Mikel Arteta soul\u00e8ve des questions sur l&#39;avenir d&#39;un attaquant polyvalent. Mikel Arteta aurait l&#39;intention de restructurer et de","og_url":"https:\/\/footdavant.fr\/actualites\/nouvelles-du-transfert-darsenal-desir-de-coupe-du-monde-et-decision-de-mikel-arteta-de-forcer-lavance\/","og_site_name":"Foot d&#039;avant","article_publisher":"https:\/\/www.facebook.com\/Footdavant\/","article_published_time":"2025-10-22T12:48:03+00:00","article_modified_time":"2025-10-22T12:48:04+00:00","og_image":[{"width":640,"height":480,"url":"https:\/\/footdavant.fr\/actualites\/wp-content\/uploads\/2025\/09\/1757263687_Arsenal-Transfer-News-Aucune-chance-3939-que-les-artilleurs.jpg","type":"image\/jpeg"}],"author":"Cl\u00e9ment","twitter_card":"summary_large_image","twitter_creator":"@FootdavantFr","twitter_site":"@FootdavantFr","twitter_misc":{"\u00c9crit par":"Cl\u00e9ment","Dur\u00e9e de lecture estim\u00e9e":"2 minutes"},"schema":{"@context":"https:\/\/schema.org","@graph":[{"@type":"Article","@id":"https:\/\/footdavant.fr\/actualites\/nouvelles-du-transfert-darsenal-desir-de-coupe-du-monde-et-decision-de-mikel-arteta-de-forcer-lavance\/#article","isPartOf":{"@id":"https:\/\/footdavant.fr\/actualites\/nouvelles-du-transfert-darsenal-desir-de-coupe-du-monde-et-decision-de-mikel-arteta-de-forcer-lavance\/"},"author":{"name":"Cl\u00e9ment","@id":"https:\/\/footdavant.fr\/actualites\/#\/schema\/person\/bc222566d95871b37e597b3ed3ba5e1d"},"headline":"Nouvelles du transfert d&#39;Arsenal : d\u00e9sir de Coupe du monde et d\u00e9cision de Mikel Arteta de \u00ab forcer \u00bb l&#39;avance","datePublished":"2025-10-22T12:48:03+00:00","dateModified":"2025-10-22T12:48:04+00:00","mainEntityOfPage":{"@id":"https:\/\/footdavant.fr\/actualites\/nouvelles-du-transfert-darsenal-desir-de-coupe-du-monde-et-decision-de-mikel-arteta-de-forcer-lavance\/"},"wordCount":500,"publisher":{"@id":"https:\/\/footdavant.fr\/actualites\/#organization"},"keywords":["Arteta","Coupe","d39Arsenal","d\u00e9cision","d\u00e9sir","forcer","l39avance","Mikel","monde","Nouvelles","transfert"],"articleSection":["Premier League"],"inLanguage":"fr-FR"},{"@type":"WebPage","@id":"https:\/\/footdavant.fr\/actualites\/nouvelles-du-transfert-darsenal-desir-de-coupe-du-monde-et-decision-de-mikel-arteta-de-forcer-lavance\/","url":"https:\/\/footdavant.fr\/actualites\/nouvelles-du-transfert-darsenal-desir-de-coupe-du-monde-et-decision-de-mikel-arteta-de-forcer-lavance\/","name":"Nouvelles du transfert d&#39;Arsenal : d\u00e9sir de Coupe du monde et d\u00e9cision de Mikel Arteta de \u00ab forcer \u00bb l&#39;avance","isPartOf":{"@id":"https:\/\/footdavant.fr\/actualites\/#website"},"datePublished":"2025-10-22T12:48:03+00:00","dateModified":"2025-10-22T12:48:04+00:00","breadcrumb":{"@id":"https:\/\/footdavant.fr\/actualites\/nouvelles-du-transfert-darsenal-desir-de-coupe-du-monde-et-decision-de-mikel-arteta-de-forcer-lavance\/#breadcrumb"},"inLanguage":"fr-FR","potentialAction":[{"@type":"ReadAction","target":["https:\/\/footdavant.fr\/actualites\/nouvelles-du-transfert-darsenal-desir-de-coupe-du-monde-et-decision-de-mikel-arteta-de-forcer-lavance\/"]}]},{"@type":"BreadcrumbList","@id":"https:\/\/footdavant.fr\/actualites\/nouvelles-du-transfert-darsenal-desir-de-coupe-du-monde-et-decision-de-mikel-arteta-de-forcer-lavance\/#breadcrumb","itemListElement":[{"@type":"ListItem","position":1,"name":"Accueil","item":"https:\/\/footdavant.fr\/actualites\/"},{"@type":"ListItem","position":2,"name":"Nouvelles du transfert d&#39;Arsenal : d\u00e9sir de Coupe du monde et d\u00e9cision de Mikel Arteta de \u00ab forcer \u00bb l&#39;avance"}]},{"@type":"WebSite","@id":"https:\/\/footdavant.fr\/actualites\/#website","url":"https:\/\/footdavant.fr\/actualites\/","name":"Foot d'avant","description":"","publisher":{"@id":"https:\/\/footdavant.fr\/actualites\/#organization"},"potentialAction":[{"@type":"SearchAction","target":{"@type":"EntryPoint","urlTemplate":"https:\/\/footdavant.fr\/actualites\/?s={search_term_string}"},"query-input":"required name=search_term_string"}],"inLanguage":"fr-FR"},{"@type":"Organization","@id":"https:\/\/footdavant.fr\/actualites\/#organization","name":"Foot d'avant","url":"https:\/\/footdavant.fr\/actualites\/","logo":{"@type":"ImageObject","inLanguage":"fr-FR","@id":"https:\/\/footdavant.fr\/actualites\/#\/schema\/logo\/image\/","url":"https:\/\/footdavant.fr\/actualites\/wp-content\/uploads\/2023\/09\/Copy-of-FootDavant-Logo.png","contentUrl":"https:\/\/footdavant.fr\/actualites\/wp-content\/uploads\/2023\/09\/Copy-of-FootDavant-Logo.png","width":936,"height":549,"caption":"Foot d'avant"},"image":{"@id":"https:\/\/footdavant.fr\/actualites\/#\/schema\/logo\/image\/"},"sameAs":["https:\/\/www.facebook.com\/Footdavant\/","https:\/\/twitter.com\/FootdavantFr","https:\/\/www.instagram.com\/footdavant.fr\/"]},{"@type":"Person","@id":"https:\/\/footdavant.fr\/actualites\/#\/schema\/person\/bc222566d95871b37e597b3ed3ba5e1d","name":"Cl\u00e9ment","image":{"@type":"ImageObject","inLanguage":"fr-FR","@id":"https:\/\/footdavant.fr\/actualites\/#\/schema\/person\/image\/","url":"https:\/\/secure.gravatar.com\/avatar\/7728b29aac2719421e1a9159b2254c44?s=96&d=mm&r=g","contentUrl":"https:\/\/secure.gravatar.com\/avatar\/7728b29aac2719421e1a9159b2254c44?s=96&d=mm&r=g","caption":"Cl\u00e9ment"},"sameAs":["https:\/\/footdavant.fr\/"]}]}},"_links":{"self":[{"href":"https:\/\/footdavant.fr\/actualites\/wp-json\/wp\/v2\/posts\/30156"}],"collection":[{"href":"https:\/\/footdavant.fr\/actualites\/wp-json\/wp\/v2\/posts"}],"about":[{"href":"https:\/\/footdavant.fr\/actualites\/wp-json\/wp\/v2\/types\/post"}],"author":[{"embeddable":true,"href":"https:\/\/footdavant.fr\/actualites\/wp-json\/wp\/v2\/users\/1"}],"replies":[{"embeddable":true,"href":"https:\/\/footdavant.fr\/actualites\/wp-json\/wp\/v2\/comments?post=30156"}],"version-history":[{"count":1,"href":"https:\/\/footdavant.fr\/actualites\/wp-json\/wp\/v2\/posts\/30156\/revisions"}],"predecessor-version":[{"id":30157,"href":"https:\/\/footdavant.fr\/actualites\/wp-json\/wp\/v2\/posts\/30156\/revisions\/30157"}],"wp:featuredmedia":[{"embeddable":true,"href":"https:\/\/footdavant.fr\/actualites\/wp-json\/wp\/v2\/media\/28219"}],"wp:attachment":[{"href":"https:\/\/footdavant.fr\/actualites\/wp-json\/wp\/v2\/media?parent=30156"}],"wp:term":[{"taxonomy":"category","embeddable":true,"href":"https:\/\/footdavant.fr\/actualites\/wp-json\/wp\/v2\/categories?post=30156"},{"taxonomy":"post_tag","embeddable":true,"href":"https:\/\/footdavant.fr\/actualites\/wp-json\/wp\/v2\/tags?post=30156"}],"curies":[{"name":"wp","href":"https:\/\/api.w.org\/{rel}","templated":true}]}}