{"id":30158,"date":"2025-10-22T16:48:04","date_gmt":"2025-10-22T14:48:04","guid":{"rendered":"https:\/\/footdavant.fr\/actualites\/compositions-confirmees-alors-que-ronaldo-et-ses-collegues-stars-sabsentent\/"},"modified":"2025-10-22T16:48:06","modified_gmt":"2025-10-22T14:48:06","slug":"compositions-confirmees-alors-que-ronaldo-et-ses-collegues-stars-sabsentent","status":"publish","type":"post","link":"https:\/\/footdavant.fr\/actualites\/compositions-confirmees-alors-que-ronaldo-et-ses-collegues-stars-sabsentent\/","title":{"rendered":"Compositions confirm\u00e9es alors que Ronaldo et ses coll\u00e8gues stars s&#39;absentent"},"content":{"rendered":"<div>\n<p>Avec Cristiano Ronaldo \u00e0 Riyad, Al-Nassr a \u00e9galement mis au repos plusieurs autres stars alors qu&#39;ils affrontent Goa en Ligue des champions de l&#39;AFC 2.<\/p>\n<p>Ronaldo n&#39;a pas fait le voyage dans le sud-ouest de l&#39;Inde, l&#39;entra\u00eeneur Jorge Jesus expliquant qu&#39;Al-Nassr avait choisi de lui donner un r\u00e9pit de l&#39;attention que le talisman du Portugal re\u00e7oit en dehors de l&#39;Arabie saoudite.<\/p>\n<p>\u00ab\u00a0Ronaldo est extr\u00eamement populaire en dehors de l&#39;Arabie saoudite et de nombreux fans veulent prendre des photos avec lui, notamment en Inde, en Irak et \u00e0 Hong Kong\u00a0\u00bb, a d\u00e9clar\u00e9 Jesus. <\/p>\n<p>\u00ab\u00a0C&#39;est pourquoi nous avons choisi de le garder \u00e0 Riyad pour maintenir sa pr\u00e9paration.\u00a0\u00bb<\/p>\n<p>Alors que les autres grands noms de l&#39;effectif d&#39;Al-Nassr ont fait le d\u00e9placement, Jesus a \u00e9galement choisi de laisser au repos Kingsley Coman, Sadio Mane et Joao Felix.<\/p>\n<p>Tous les trois ont \u00e9t\u00e9 nomm\u00e9s sur le banc alors qu&#39;Al-Nassr cherche \u00e0 remporter trois victoires sur trois dans le groupe D.<\/p>\n<blockquote class=\"instagram-media\" data-instgrm-captioned=\"\" data-instgrm-permalink=\"https:\/\/www.instagram.com\/p\/DQHJVP8DLTd\/?utm_source=ig_embed&amp;utm_campaign=loading\" data-instgrm-version=\"14\" style=\" background:#FFF; border:0; border-radius:3px; box-shadow:0 0 1px 0 rgba(0,0,0,0.5),0 1px 10px 0 rgba(0,0,0,0.15); margin: 1px; max-width:540px; min-width:326px; padding:0; width:99.375%; width:-webkit-calc(100% - 2px); width:calc(100% - 2px);\"><\/blockquote>\n<p>On s\u2019attendra \u00e0 ce qu\u2019ils fassent exactement cela contre une \u00e9quipe de Goa qui n\u2019a pas encore r\u00e9clam\u00e9 de point dans la comp\u00e9tition.<\/p>\n<p>La s\u00e9lection de Jesus aura sans aucun doute \u00e9t\u00e9 influenc\u00e9e par les prochains matches, avec Al-Hazm prochain en Pro League saoudienne, avant un affrontement en Kings Cup avec Al-Ittihad mardi prochain.<\/p>\n<p>  Tiwari\u00a0; Singh Thangjam, Timor, Sangwan, Pol Moreno\u00a0; Singh, Jhingan, Tavora, Siverio\u00a0; Drazic, Herrera.<\/p>\n<p>  Bento\u00a0; Al Ghanam, Camara, Martinez, Alamri\u00a0; Ghareeb, Alhassan, Gabriel, Wesley\u00a0; Maran, Yahya.<\/p>\n<\/p><\/div>\n<p><script async src=\"\/\/www.instagram.com\/embed.js\"><\/script><\/p>\n","protected":false},"excerpt":{"rendered":"<p>Avec Cristiano Ronaldo \u00e0 Riyad, Al-Nassr a \u00e9galement mis au repos plusieurs autres stars alors qu&#39;ils affrontent Goa en Ligue des champions de l&#39;AFC 2.<\/p>\n","protected":false},"author":1,"featured_media":30159,"comment_status":"closed","ping_status":"","sticky":false,"template":"","format":"standard","meta":{"footnotes":""},"categories":[3],"tags":[318,10822,383,5481,3082,10823,154,2067],"yoast_head":"<!-- This site is optimized with the Yoast SEO plugin v21.0 - https:\/\/yoast.com\/wordpress\/plugins\/seo\/ -->\n<title>Compositions confirm\u00e9es alors que Ronaldo et ses coll\u00e8gues stars s&#039;absentent<\/title>\n<meta name=\"robots\" content=\"index, follow, max-snippet:-1, max-image-preview:large, max-video-preview:-1\" \/>\n<link rel=\"canonical\" href=\"https:\/\/footdavant.fr\/actualites\/compositions-confirmees-alors-que-ronaldo-et-ses-collegues-stars-sabsentent\/\" \/>\n<meta property=\"og:locale\" content=\"fr_FR\" \/>\n<meta property=\"og:type\" content=\"article\" \/>\n<meta property=\"og:title\" content=\"Compositions confirm\u00e9es alors que Ronaldo et ses coll\u00e8gues stars s&#039;absentent\" \/>\n<meta property=\"og:description\" content=\"Avec Cristiano Ronaldo \u00e0 Riyad, Al-Nassr a \u00e9galement mis au repos plusieurs autres stars alors qu&#039;ils affrontent Goa en Ligue des champions de l&#039;AFC 2.\" \/>\n<meta property=\"og:url\" content=\"https:\/\/footdavant.fr\/actualites\/compositions-confirmees-alors-que-ronaldo-et-ses-collegues-stars-sabsentent\/\" \/>\n<meta property=\"og:site_name\" content=\"Foot d&#039;avant\" \/>\n<meta property=\"article:publisher\" content=\"https:\/\/www.facebook.com\/Footdavant\/\" \/>\n<meta property=\"article:published_time\" content=\"2025-10-22T14:48:04+00:00\" \/>\n<meta property=\"article:modified_time\" content=\"2025-10-22T14:48:06+00:00\" \/>\n<meta property=\"og:image\" content=\"https:\/\/footdavant.fr\/actualites\/wp-content\/uploads\/2025\/10\/Compositions-confirmees-alors-que-Ronaldo-et-ses-collegues-stars-s39absentent.jpg\" \/>\n\t<meta property=\"og:image:width\" content=\"1200\" \/>\n\t<meta property=\"og:image:height\" content=\"675\" \/>\n\t<meta property=\"og:image:type\" content=\"image\/jpeg\" \/>\n<meta name=\"author\" content=\"Cl\u00e9ment\" \/>\n<meta name=\"twitter:card\" content=\"summary_large_image\" \/>\n<meta name=\"twitter:creator\" content=\"@FootdavantFr\" \/>\n<meta name=\"twitter:site\" content=\"@FootdavantFr\" \/>\n<meta name=\"twitter:label1\" content=\"\u00c9crit par\" \/>\n\t<meta name=\"twitter:data1\" content=\"Cl\u00e9ment\" \/>\n\t<meta name=\"twitter:label2\" content=\"Dur\u00e9e de lecture estim\u00e9e\" \/>\n\t<meta name=\"twitter:data2\" content=\"1 minute\" \/>\n<script type=\"application\/ld+json\" class=\"yoast-schema-graph\">{\"@context\":\"https:\/\/schema.org\",\"@graph\":[{\"@type\":\"Article\",\"@id\":\"https:\/\/footdavant.fr\/actualites\/compositions-confirmees-alors-que-ronaldo-et-ses-collegues-stars-sabsentent\/#article\",\"isPartOf\":{\"@id\":\"https:\/\/footdavant.fr\/actualites\/compositions-confirmees-alors-que-ronaldo-et-ses-collegues-stars-sabsentent\/\"},\"author\":{\"name\":\"Cl\u00e9ment\",\"@id\":\"https:\/\/footdavant.fr\/actualites\/#\/schema\/person\/bc222566d95871b37e597b3ed3ba5e1d\"},\"headline\":\"Compositions confirm\u00e9es alors que Ronaldo et ses coll\u00e8gues stars s&#39;absentent\",\"datePublished\":\"2025-10-22T14:48:04+00:00\",\"dateModified\":\"2025-10-22T14:48:06+00:00\",\"mainEntityOfPage\":{\"@id\":\"https:\/\/footdavant.fr\/actualites\/compositions-confirmees-alors-que-ronaldo-et-ses-collegues-stars-sabsentent\/\"},\"wordCount\":270,\"publisher\":{\"@id\":\"https:\/\/footdavant.fr\/actualites\/#organization\"},\"keywords\":[\"alors\",\"coll\u00e8gues\",\"compositions\",\"confirm\u00e9es\",\"Ronaldo\",\"s39absentent\",\"ses\",\"stars\"],\"articleSection\":[\"Football\"],\"inLanguage\":\"fr-FR\"},{\"@type\":\"WebPage\",\"@id\":\"https:\/\/footdavant.fr\/actualites\/compositions-confirmees-alors-que-ronaldo-et-ses-collegues-stars-sabsentent\/\",\"url\":\"https:\/\/footdavant.fr\/actualites\/compositions-confirmees-alors-que-ronaldo-et-ses-collegues-stars-sabsentent\/\",\"name\":\"Compositions confirm\u00e9es alors que Ronaldo et ses coll\u00e8gues stars s&#39;absentent\",\"isPartOf\":{\"@id\":\"https:\/\/footdavant.fr\/actualites\/#website\"},\"datePublished\":\"2025-10-22T14:48:04+00:00\",\"dateModified\":\"2025-10-22T14:48:06+00:00\",\"breadcrumb\":{\"@id\":\"https:\/\/footdavant.fr\/actualites\/compositions-confirmees-alors-que-ronaldo-et-ses-collegues-stars-sabsentent\/#breadcrumb\"},\"inLanguage\":\"fr-FR\",\"potentialAction\":[{\"@type\":\"ReadAction\",\"target\":[\"https:\/\/footdavant.fr\/actualites\/compositions-confirmees-alors-que-ronaldo-et-ses-collegues-stars-sabsentent\/\"]}]},{\"@type\":\"BreadcrumbList\",\"@id\":\"https:\/\/footdavant.fr\/actualites\/compositions-confirmees-alors-que-ronaldo-et-ses-collegues-stars-sabsentent\/#breadcrumb\",\"itemListElement\":[{\"@type\":\"ListItem\",\"position\":1,\"name\":\"Accueil\",\"item\":\"https:\/\/footdavant.fr\/actualites\/\"},{\"@type\":\"ListItem\",\"position\":2,\"name\":\"Compositions confirm\u00e9es alors que Ronaldo et ses coll\u00e8gues stars s&#39;absentent\"}]},{\"@type\":\"WebSite\",\"@id\":\"https:\/\/footdavant.fr\/actualites\/#website\",\"url\":\"https:\/\/footdavant.fr\/actualites\/\",\"name\":\"Foot d'avant\",\"description\":\"\",\"publisher\":{\"@id\":\"https:\/\/footdavant.fr\/actualites\/#organization\"},\"potentialAction\":[{\"@type\":\"SearchAction\",\"target\":{\"@type\":\"EntryPoint\",\"urlTemplate\":\"https:\/\/footdavant.fr\/actualites\/?s={search_term_string}\"},\"query-input\":\"required name=search_term_string\"}],\"inLanguage\":\"fr-FR\"},{\"@type\":\"Organization\",\"@id\":\"https:\/\/footdavant.fr\/actualites\/#organization\",\"name\":\"Foot d'avant\",\"url\":\"https:\/\/footdavant.fr\/actualites\/\",\"logo\":{\"@type\":\"ImageObject\",\"inLanguage\":\"fr-FR\",\"@id\":\"https:\/\/footdavant.fr\/actualites\/#\/schema\/logo\/image\/\",\"url\":\"https:\/\/footdavant.fr\/actualites\/wp-content\/uploads\/2023\/09\/Copy-of-FootDavant-Logo.png\",\"contentUrl\":\"https:\/\/footdavant.fr\/actualites\/wp-content\/uploads\/2023\/09\/Copy-of-FootDavant-Logo.png\",\"width\":936,\"height\":549,\"caption\":\"Foot d'avant\"},\"image\":{\"@id\":\"https:\/\/footdavant.fr\/actualites\/#\/schema\/logo\/image\/\"},\"sameAs\":[\"https:\/\/www.facebook.com\/Footdavant\/\",\"https:\/\/twitter.com\/FootdavantFr\",\"https:\/\/www.instagram.com\/footdavant.fr\/\"]},{\"@type\":\"Person\",\"@id\":\"https:\/\/footdavant.fr\/actualites\/#\/schema\/person\/bc222566d95871b37e597b3ed3ba5e1d\",\"name\":\"Cl\u00e9ment\",\"image\":{\"@type\":\"ImageObject\",\"inLanguage\":\"fr-FR\",\"@id\":\"https:\/\/footdavant.fr\/actualites\/#\/schema\/person\/image\/\",\"url\":\"https:\/\/secure.gravatar.com\/avatar\/7728b29aac2719421e1a9159b2254c44?s=96&d=mm&r=g\",\"contentUrl\":\"https:\/\/secure.gravatar.com\/avatar\/7728b29aac2719421e1a9159b2254c44?s=96&d=mm&r=g\",\"caption\":\"Cl\u00e9ment\"},\"sameAs\":[\"https:\/\/footdavant.fr\/\"]}]}<\/script>\n<!-- \/ Yoast SEO plugin. -->","yoast_head_json":{"title":"Compositions confirm\u00e9es alors que Ronaldo et ses coll\u00e8gues stars s&#39;absentent","robots":{"index":"index","follow":"follow","max-snippet":"max-snippet:-1","max-image-preview":"max-image-preview:large","max-video-preview":"max-video-preview:-1"},"canonical":"https:\/\/footdavant.fr\/actualites\/compositions-confirmees-alors-que-ronaldo-et-ses-collegues-stars-sabsentent\/","og_locale":"fr_FR","og_type":"article","og_title":"Compositions confirm\u00e9es alors que Ronaldo et ses coll\u00e8gues stars s&#39;absentent","og_description":"Avec Cristiano Ronaldo \u00e0 Riyad, Al-Nassr a \u00e9galement mis au repos plusieurs autres stars alors qu&#39;ils affrontent Goa en Ligue des champions de l&#39;AFC 2.","og_url":"https:\/\/footdavant.fr\/actualites\/compositions-confirmees-alors-que-ronaldo-et-ses-collegues-stars-sabsentent\/","og_site_name":"Foot d&#039;avant","article_publisher":"https:\/\/www.facebook.com\/Footdavant\/","article_published_time":"2025-10-22T14:48:04+00:00","article_modified_time":"2025-10-22T14:48:06+00:00","og_image":[{"width":1200,"height":675,"url":"https:\/\/footdavant.fr\/actualites\/wp-content\/uploads\/2025\/10\/Compositions-confirmees-alors-que-Ronaldo-et-ses-collegues-stars-s39absentent.jpg","type":"image\/jpeg"}],"author":"Cl\u00e9ment","twitter_card":"summary_large_image","twitter_creator":"@FootdavantFr","twitter_site":"@FootdavantFr","twitter_misc":{"\u00c9crit par":"Cl\u00e9ment","Dur\u00e9e de lecture estim\u00e9e":"1 minute"},"schema":{"@context":"https:\/\/schema.org","@graph":[{"@type":"Article","@id":"https:\/\/footdavant.fr\/actualites\/compositions-confirmees-alors-que-ronaldo-et-ses-collegues-stars-sabsentent\/#article","isPartOf":{"@id":"https:\/\/footdavant.fr\/actualites\/compositions-confirmees-alors-que-ronaldo-et-ses-collegues-stars-sabsentent\/"},"author":{"name":"Cl\u00e9ment","@id":"https:\/\/footdavant.fr\/actualites\/#\/schema\/person\/bc222566d95871b37e597b3ed3ba5e1d"},"headline":"Compositions confirm\u00e9es alors que Ronaldo et ses coll\u00e8gues stars s&#39;absentent","datePublished":"2025-10-22T14:48:04+00:00","dateModified":"2025-10-22T14:48:06+00:00","mainEntityOfPage":{"@id":"https:\/\/footdavant.fr\/actualites\/compositions-confirmees-alors-que-ronaldo-et-ses-collegues-stars-sabsentent\/"},"wordCount":270,"publisher":{"@id":"https:\/\/footdavant.fr\/actualites\/#organization"},"keywords":["alors","coll\u00e8gues","compositions","confirm\u00e9es","Ronaldo","s39absentent","ses","stars"],"articleSection":["Football"],"inLanguage":"fr-FR"},{"@type":"WebPage","@id":"https:\/\/footdavant.fr\/actualites\/compositions-confirmees-alors-que-ronaldo-et-ses-collegues-stars-sabsentent\/","url":"https:\/\/footdavant.fr\/actualites\/compositions-confirmees-alors-que-ronaldo-et-ses-collegues-stars-sabsentent\/","name":"Compositions confirm\u00e9es alors que Ronaldo et ses coll\u00e8gues stars s&#39;absentent","isPartOf":{"@id":"https:\/\/footdavant.fr\/actualites\/#website"},"datePublished":"2025-10-22T14:48:04+00:00","dateModified":"2025-10-22T14:48:06+00:00","breadcrumb":{"@id":"https:\/\/footdavant.fr\/actualites\/compositions-confirmees-alors-que-ronaldo-et-ses-collegues-stars-sabsentent\/#breadcrumb"},"inLanguage":"fr-FR","potentialAction":[{"@type":"ReadAction","target":["https:\/\/footdavant.fr\/actualites\/compositions-confirmees-alors-que-ronaldo-et-ses-collegues-stars-sabsentent\/"]}]},{"@type":"BreadcrumbList","@id":"https:\/\/footdavant.fr\/actualites\/compositions-confirmees-alors-que-ronaldo-et-ses-collegues-stars-sabsentent\/#breadcrumb","itemListElement":[{"@type":"ListItem","position":1,"name":"Accueil","item":"https:\/\/footdavant.fr\/actualites\/"},{"@type":"ListItem","position":2,"name":"Compositions confirm\u00e9es alors que Ronaldo et ses coll\u00e8gues stars s&#39;absentent"}]},{"@type":"WebSite","@id":"https:\/\/footdavant.fr\/actualites\/#website","url":"https:\/\/footdavant.fr\/actualites\/","name":"Foot d'avant","description":"","publisher":{"@id":"https:\/\/footdavant.fr\/actualites\/#organization"},"potentialAction":[{"@type":"SearchAction","target":{"@type":"EntryPoint","urlTemplate":"https:\/\/footdavant.fr\/actualites\/?s={search_term_string}"},"query-input":"required name=search_term_string"}],"inLanguage":"fr-FR"},{"@type":"Organization","@id":"https:\/\/footdavant.fr\/actualites\/#organization","name":"Foot d'avant","url":"https:\/\/footdavant.fr\/actualites\/","logo":{"@type":"ImageObject","inLanguage":"fr-FR","@id":"https:\/\/footdavant.fr\/actualites\/#\/schema\/logo\/image\/","url":"https:\/\/footdavant.fr\/actualites\/wp-content\/uploads\/2023\/09\/Copy-of-FootDavant-Logo.png","contentUrl":"https:\/\/footdavant.fr\/actualites\/wp-content\/uploads\/2023\/09\/Copy-of-FootDavant-Logo.png","width":936,"height":549,"caption":"Foot d'avant"},"image":{"@id":"https:\/\/footdavant.fr\/actualites\/#\/schema\/logo\/image\/"},"sameAs":["https:\/\/www.facebook.com\/Footdavant\/","https:\/\/twitter.com\/FootdavantFr","https:\/\/www.instagram.com\/footdavant.fr\/"]},{"@type":"Person","@id":"https:\/\/footdavant.fr\/actualites\/#\/schema\/person\/bc222566d95871b37e597b3ed3ba5e1d","name":"Cl\u00e9ment","image":{"@type":"ImageObject","inLanguage":"fr-FR","@id":"https:\/\/footdavant.fr\/actualites\/#\/schema\/person\/image\/","url":"https:\/\/secure.gravatar.com\/avatar\/7728b29aac2719421e1a9159b2254c44?s=96&d=mm&r=g","contentUrl":"https:\/\/secure.gravatar.com\/avatar\/7728b29aac2719421e1a9159b2254c44?s=96&d=mm&r=g","caption":"Cl\u00e9ment"},"sameAs":["https:\/\/footdavant.fr\/"]}]}},"_links":{"self":[{"href":"https:\/\/footdavant.fr\/actualites\/wp-json\/wp\/v2\/posts\/30158"}],"collection":[{"href":"https:\/\/footdavant.fr\/actualites\/wp-json\/wp\/v2\/posts"}],"about":[{"href":"https:\/\/footdavant.fr\/actualites\/wp-json\/wp\/v2\/types\/post"}],"author":[{"embeddable":true,"href":"https:\/\/footdavant.fr\/actualites\/wp-json\/wp\/v2\/users\/1"}],"replies":[{"embeddable":true,"href":"https:\/\/footdavant.fr\/actualites\/wp-json\/wp\/v2\/comments?post=30158"}],"version-history":[{"count":1,"href":"https:\/\/footdavant.fr\/actualites\/wp-json\/wp\/v2\/posts\/30158\/revisions"}],"predecessor-version":[{"id":30160,"href":"https:\/\/footdavant.fr\/actualites\/wp-json\/wp\/v2\/posts\/30158\/revisions\/30160"}],"wp:featuredmedia":[{"embeddable":true,"href":"https:\/\/footdavant.fr\/actualites\/wp-json\/wp\/v2\/media\/30159"}],"wp:attachment":[{"href":"https:\/\/footdavant.fr\/actualites\/wp-json\/wp\/v2\/media?parent=30158"}],"wp:term":[{"taxonomy":"category","embeddable":true,"href":"https:\/\/footdavant.fr\/actualites\/wp-json\/wp\/v2\/categories?post=30158"},{"taxonomy":"post_tag","embeddable":true,"href":"https:\/\/footdavant.fr\/actualites\/wp-json\/wp\/v2\/tags?post=30158"}],"curies":[{"name":"wp","href":"https:\/\/api.w.org\/{rel}","templated":true}]}}