{"id":30167,"date":"2025-10-22T20:48:11","date_gmt":"2025-10-22T18:48:11","guid":{"rendered":"https:\/\/footdavant.fr\/actualites\/endrick-un-accord-dechange-brillant-entre-man-united-et-real-madrid-qui-pourrait-voir-ineos-remporter-une-course-brulante-pour-le-joyau-sud-americain\/"},"modified":"2025-10-22T20:48:12","modified_gmt":"2025-10-22T18:48:12","slug":"endrick-un-accord-dechange-brillant-entre-man-united-et-real-madrid-qui-pourrait-voir-ineos-remporter-une-course-brulante-pour-le-joyau-sud-americain","status":"publish","type":"post","link":"https:\/\/footdavant.fr\/actualites\/endrick-un-accord-dechange-brillant-entre-man-united-et-real-madrid-qui-pourrait-voir-ineos-remporter-une-course-brulante-pour-le-joyau-sud-americain\/","title":{"rendered":"Endrick: Un accord d&#39;\u00e9change brillant entre Man United et Real Madrid qui pourrait voir INEOS remporter une course br\u00fblante pour le joyau sud-am\u00e9ricain &#8211;"},"content":{"rendered":"<div id=\"penci-post-entry-inner\">\n<p>\t\t\t<i class=\"penci-post-countview-number-check\" style=\"display:none\">5<\/i><\/p>\n<p><!--Article Start--><br \/>On pense que Kobbie Mainoo souhaite quitter Manchester United cet hiver alors qu&#39;il cherche plus de temps de jeu.<\/p>\n<p>Alors que Mainoo avait esp\u00e9r\u00e9 figurer en bonne place cette saison, il s&#39;est retrouv\u00e9 \u00e0 jouer un r\u00f4le p\u00e9riph\u00e9rique dans le projet United de Ruben Amorim.<\/p>\n<p>N\u00e9anmoins, le prodige de United reste d\u00e9termin\u00e9 \u00e0 gagner une place dans l&#39;\u00e9quipe d&#39;Angleterre de Thomas Tuchel pour la Coupe du Monde de la FIFA l&#39;\u00e9t\u00e9 prochain, qui se d\u00e9roulera au Canada, au Mexique et aux \u00c9tats-Unis.<\/p>\n<p>Pour ce faire, il a besoin d\u2019occasions constantes de mettre en valeur son immense qualit\u00e9, la m\u00eame qualit\u00e9 qui a vu Paul Scholes le qualifier de \u00ab sp\u00e9cial \u00bb.<\/p>\n<p>Alors que beaucoup pensent qu\u2019il devrait jouer davantage, Amorim r\u00e9siste aux pressions pour lui accorder autant de temps de jeu.<\/p>\n<p>Plus t\u00f4t dans la saison, le tacticien portugais a sugg\u00e9r\u00e9 que Mainoo et Bruno Fernandes se disputaient le m\u00eame r\u00f4le dans le double pivot du milieu de terrain de United.<\/p>\n<p>Avec Fernandes pr\u00e9f\u00e9r\u00e9, les chances de Mainoo restent limit\u00e9es.<\/p>\n<h2>Sp\u00e9culation sur les transferts de janvier<\/h2>\n<p>Ce r\u00f4le limit\u00e9 a relanc\u00e9 les sp\u00e9culations selon lesquelles, comme il l&#39;a fait cet \u00e9t\u00e9, Mainoo pourrait demander un pr\u00eat en janvier.<\/p>\n<p>Bien que les rapports sugg\u00e8rent qu&#39;INEOS et Amorim pourraient bloquer sa sortie, que se passerait-il si United admettait que Mainoo ne correspond pas \u00e0 ce projet actuel ? Et s\u2019ils finissaient par convenir que le laisser partir est la meilleure option ?<\/p>\n<h2>Le Real Madrid parmi les pr\u00e9tendants<\/h2>\n<p>Si United choisit de se s\u00e9parer, ils seront inond\u00e9s d\u2019int\u00e9r\u00eat. Plusieurs grands clubs europ\u00e9ens surveillent de pr\u00e8s la situation de Mainoo.<\/p>\n<p>L&#39;un de ces clubs est le Real Madrid. Les g\u00e9ants de la Liga seraient pr\u00eats \u00e0 bondir si une opportunit\u00e9 se pr\u00e9sente.<\/p>\n<p>Vendre Mainoo \u00e0 un prix raisonnable pourrait aider United \u00e0 lever des fonds pour poursuivre des objectifs de milieu de terrain comme Angelo Stiller. Mais et si les Diables Rouges empruntaient une voie diff\u00e9rente ? Et s&#39;ils proposaient Mainoo dans le cadre d&#39;un \u00e9change contre Endrick de Madrid ?<\/p>\n<h2>Endrick pr\u00eat pour un d\u00e9m\u00e9nagement hivernal<\/h2>\n<p>Il a \u00e9t\u00e9 r\u00e9v\u00e9l\u00e9 que l&#39;attaquant du Real Madrid Endrick, qui a eu du mal \u00e0 p\u00e9n\u00e9trer dans l&#39;\u00e9quipe de Xabi Alonso, sera autoris\u00e9 \u00e0 quitter le Santiago Bernabeu cet hiver.<\/p>\n<p>Comme Mainoo, Endrick est tr\u00e8s bien not\u00e9. Surnomm\u00e9 le \u00ab prochain Pel\u00e9 \u00bb, le Br\u00e9silien poss\u00e8de un talent ind\u00e9niable mais n\u2019a pas eu la possibilit\u00e9 de briller.<\/p>\n<p>D\u00e9sireux de faire partie de l&#39;\u00e9quipe br\u00e9silienne pour la Coupe du monde, Endrick devrait quitter Madrid pour un club o\u00f9 il pourra jouer r\u00e9guli\u00e8rement, prouver sa valeur et convaincre le s\u00e9lectionneur de l&#39;\u00e9quipe nationale, Carlo Ancelotti, de lui confier un r\u00f4le cl\u00e9 l&#39;\u00e9t\u00e9 prochain.<\/p>\n<p>Alors que la star de Samba devrait partir, plusieurs clubs, dont United, se positionneraient strat\u00e9giquement pour remporter sa course.<\/p>\n<h2>Un brillant accord d&#39;\u00e9change<\/h2>\n<p>Madrid admire Mainoo. United veut Endrick. Tous deux sont consid\u00e9r\u00e9s comme des talents g\u00e9n\u00e9rationnels. \u00c9changer l\u2019un contre l\u2019autre pourrait \u00eatre gagnant-gagnant.<\/p>\n<p>Mainoo pourrait se r\u00e9inventer en Espagne, tandis qu&#39;Endrick pourrait devenir l&#39;adjoint de Benjamin Sesko dont Amorim a laiss\u00e9 entendre qu&#39;il avait envie.<\/p>\n<p>Joshua Zirkzee devrait \u00e9pauler Sesko, mais comme Mainoo, il n&#39;a pas gagn\u00e9 la confiance totale d&#39;Amorim.<\/p>\n<p>Au-del\u00e0 d&#39;\u00eatre une alternative marquante, la capacit\u00e9 d&#39;Endrick \u00e0 op\u00e9rer comme ailier droit pourrait faire de lui une brillante alternative \u00e0 Bryan Mbeumo ou Amad Diallo \u00e0 droite.<\/p>\n<p>Les dribbles brillants d&#39;Endrick, son sens du but et son rythme explosif en font une capture potentiellement r\u00e9volutionnaire.<\/p>\n<p>Mais c&#39;est sa force, son agilit\u00e9 et son centre de gravit\u00e9 bas qui le rendent si difficile \u00e0 d\u00e9poss\u00e9der dans des espaces restreints, ce qui pourrait bien le voir \u00e9merger comme un atout cl\u00e9 dans le projet United d&#39;Amorim.<\/p>\n<\/p>\n<hr>\n<p>The Peoples Person est l&#39;un des principaux sites d&#39;information de Man United au monde depuis plus d&#39;une d\u00e9cennie. Suivez-nous sur Bluesky\u00a0: @peoplesperson.bsky.social<\/p>\n<\/p>\n<p><!-- CONTENT END 2 --><\/p><\/div>\n","protected":false},"excerpt":{"rendered":"<p>5 On pense que Kobbie Mainoo souhaite quitter Manchester United cet hiver alors qu&#39;il cherche plus de temps de jeu. Alors que Mainoo avait esp\u00e9r\u00e9<\/p>\n","protected":false},"author":1,"featured_media":29931,"comment_status":"closed","ping_status":"","sticky":false,"template":"","format":"standard","meta":{"footnotes":""},"categories":[3],"tags":[277,3379,7326,5463,4273,279,3086,720,303,24,51,269,243,302,1348,5257,92,13,308],"yoast_head":"<!-- This site is optimized with the Yoast SEO plugin v21.0 - https:\/\/yoast.com\/wordpress\/plugins\/seo\/ -->\n<title>Endrick: Un accord d&#039;\u00e9change brillant entre Man United et Real Madrid qui pourrait voir INEOS remporter une course br\u00fblante pour le joyau sud-am\u00e9ricain -<\/title>\n<meta name=\"robots\" content=\"index, follow, max-snippet:-1, max-image-preview:large, max-video-preview:-1\" \/>\n<link rel=\"canonical\" href=\"https:\/\/footdavant.fr\/actualites\/endrick-un-accord-dechange-brillant-entre-man-united-et-real-madrid-qui-pourrait-voir-ineos-remporter-une-course-brulante-pour-le-joyau-sud-americain\/\" \/>\n<meta property=\"og:locale\" content=\"fr_FR\" \/>\n<meta property=\"og:type\" content=\"article\" \/>\n<meta property=\"og:title\" content=\"Endrick: Un accord d&#039;\u00e9change brillant entre Man United et Real Madrid qui pourrait voir INEOS remporter une course br\u00fblante pour le joyau sud-am\u00e9ricain -\" \/>\n<meta property=\"og:description\" content=\"5 On pense que Kobbie Mainoo souhaite quitter Manchester United cet hiver alors qu&#039;il cherche plus de temps de jeu. Alors que Mainoo avait esp\u00e9r\u00e9\" \/>\n<meta property=\"og:url\" content=\"https:\/\/footdavant.fr\/actualites\/endrick-un-accord-dechange-brillant-entre-man-united-et-real-madrid-qui-pourrait-voir-ineos-remporter-une-course-brulante-pour-le-joyau-sud-americain\/\" \/>\n<meta property=\"og:site_name\" content=\"Foot d&#039;avant\" \/>\n<meta property=\"article:publisher\" content=\"https:\/\/www.facebook.com\/Footdavant\/\" \/>\n<meta property=\"article:published_time\" content=\"2025-10-22T18:48:11+00:00\" \/>\n<meta property=\"article:modified_time\" content=\"2025-10-22T18:48:12+00:00\" \/>\n<meta property=\"og:image\" content=\"https:\/\/footdavant.fr\/actualites\/wp-content\/uploads\/2025\/10\/Endrick-Man-United-envisage-une-decision-etonnante-pour-la-starlette.jpg\" \/>\n\t<meta property=\"og:image:width\" content=\"1600\" \/>\n\t<meta property=\"og:image:height\" content=\"700\" \/>\n\t<meta property=\"og:image:type\" content=\"image\/jpeg\" \/>\n<meta name=\"author\" content=\"Cl\u00e9ment\" \/>\n<meta name=\"twitter:card\" content=\"summary_large_image\" \/>\n<meta name=\"twitter:creator\" content=\"@FootdavantFr\" \/>\n<meta name=\"twitter:site\" content=\"@FootdavantFr\" \/>\n<meta name=\"twitter:label1\" content=\"\u00c9crit par\" \/>\n\t<meta name=\"twitter:data1\" content=\"Cl\u00e9ment\" \/>\n\t<meta name=\"twitter:label2\" content=\"Dur\u00e9e de lecture estim\u00e9e\" \/>\n\t<meta name=\"twitter:data2\" content=\"4 minutes\" \/>\n<script type=\"application\/ld+json\" class=\"yoast-schema-graph\">{\"@context\":\"https:\/\/schema.org\",\"@graph\":[{\"@type\":\"Article\",\"@id\":\"https:\/\/footdavant.fr\/actualites\/endrick-un-accord-dechange-brillant-entre-man-united-et-real-madrid-qui-pourrait-voir-ineos-remporter-une-course-brulante-pour-le-joyau-sud-americain\/#article\",\"isPartOf\":{\"@id\":\"https:\/\/footdavant.fr\/actualites\/endrick-un-accord-dechange-brillant-entre-man-united-et-real-madrid-qui-pourrait-voir-ineos-remporter-une-course-brulante-pour-le-joyau-sud-americain\/\"},\"author\":{\"name\":\"Cl\u00e9ment\",\"@id\":\"https:\/\/footdavant.fr\/actualites\/#\/schema\/person\/bc222566d95871b37e597b3ed3ba5e1d\"},\"headline\":\"Endrick: Un accord d&#39;\u00e9change brillant entre Man United et Real Madrid qui pourrait voir INEOS remporter une course br\u00fblante pour le joyau sud-am\u00e9ricain &#8211;\",\"datePublished\":\"2025-10-22T18:48:11+00:00\",\"dateModified\":\"2025-10-22T18:48:12+00:00\",\"mainEntityOfPage\":{\"@id\":\"https:\/\/footdavant.fr\/actualites\/endrick-un-accord-dechange-brillant-entre-man-united-et-real-madrid-qui-pourrait-voir-ineos-remporter-une-course-brulante-pour-le-joyau-sud-americain\/\"},\"wordCount\":741,\"publisher\":{\"@id\":\"https:\/\/footdavant.fr\/actualites\/#organization\"},\"keywords\":[\"accord\",\"brillant\",\"br\u00fblante\",\"d39\u00e9change\",\"Endrick\",\"entre\",\"INEOS\",\"joyau\",\"Madrid\",\"Man\",\"pour\",\"pourrait\",\"qui\",\"Real\",\"remporter\",\"sudam\u00e9ricain\",\"une\",\"United\",\"voir\"],\"articleSection\":[\"Football\"],\"inLanguage\":\"fr-FR\"},{\"@type\":\"WebPage\",\"@id\":\"https:\/\/footdavant.fr\/actualites\/endrick-un-accord-dechange-brillant-entre-man-united-et-real-madrid-qui-pourrait-voir-ineos-remporter-une-course-brulante-pour-le-joyau-sud-americain\/\",\"url\":\"https:\/\/footdavant.fr\/actualites\/endrick-un-accord-dechange-brillant-entre-man-united-et-real-madrid-qui-pourrait-voir-ineos-remporter-une-course-brulante-pour-le-joyau-sud-americain\/\",\"name\":\"Endrick: Un accord d&#39;\u00e9change brillant entre Man United et Real Madrid qui pourrait voir INEOS remporter une course br\u00fblante pour le joyau sud-am\u00e9ricain -\",\"isPartOf\":{\"@id\":\"https:\/\/footdavant.fr\/actualites\/#website\"},\"datePublished\":\"2025-10-22T18:48:11+00:00\",\"dateModified\":\"2025-10-22T18:48:12+00:00\",\"breadcrumb\":{\"@id\":\"https:\/\/footdavant.fr\/actualites\/endrick-un-accord-dechange-brillant-entre-man-united-et-real-madrid-qui-pourrait-voir-ineos-remporter-une-course-brulante-pour-le-joyau-sud-americain\/#breadcrumb\"},\"inLanguage\":\"fr-FR\",\"potentialAction\":[{\"@type\":\"ReadAction\",\"target\":[\"https:\/\/footdavant.fr\/actualites\/endrick-un-accord-dechange-brillant-entre-man-united-et-real-madrid-qui-pourrait-voir-ineos-remporter-une-course-brulante-pour-le-joyau-sud-americain\/\"]}]},{\"@type\":\"BreadcrumbList\",\"@id\":\"https:\/\/footdavant.fr\/actualites\/endrick-un-accord-dechange-brillant-entre-man-united-et-real-madrid-qui-pourrait-voir-ineos-remporter-une-course-brulante-pour-le-joyau-sud-americain\/#breadcrumb\",\"itemListElement\":[{\"@type\":\"ListItem\",\"position\":1,\"name\":\"Accueil\",\"item\":\"https:\/\/footdavant.fr\/actualites\/\"},{\"@type\":\"ListItem\",\"position\":2,\"name\":\"Endrick: Un accord d&#39;\u00e9change brillant entre Man United et Real Madrid qui pourrait voir INEOS remporter une course br\u00fblante pour le joyau sud-am\u00e9ricain &#8211;\"}]},{\"@type\":\"WebSite\",\"@id\":\"https:\/\/footdavant.fr\/actualites\/#website\",\"url\":\"https:\/\/footdavant.fr\/actualites\/\",\"name\":\"Foot d'avant\",\"description\":\"\",\"publisher\":{\"@id\":\"https:\/\/footdavant.fr\/actualites\/#organization\"},\"potentialAction\":[{\"@type\":\"SearchAction\",\"target\":{\"@type\":\"EntryPoint\",\"urlTemplate\":\"https:\/\/footdavant.fr\/actualites\/?s={search_term_string}\"},\"query-input\":\"required name=search_term_string\"}],\"inLanguage\":\"fr-FR\"},{\"@type\":\"Organization\",\"@id\":\"https:\/\/footdavant.fr\/actualites\/#organization\",\"name\":\"Foot d'avant\",\"url\":\"https:\/\/footdavant.fr\/actualites\/\",\"logo\":{\"@type\":\"ImageObject\",\"inLanguage\":\"fr-FR\",\"@id\":\"https:\/\/footdavant.fr\/actualites\/#\/schema\/logo\/image\/\",\"url\":\"https:\/\/footdavant.fr\/actualites\/wp-content\/uploads\/2023\/09\/Copy-of-FootDavant-Logo.png\",\"contentUrl\":\"https:\/\/footdavant.fr\/actualites\/wp-content\/uploads\/2023\/09\/Copy-of-FootDavant-Logo.png\",\"width\":936,\"height\":549,\"caption\":\"Foot d'avant\"},\"image\":{\"@id\":\"https:\/\/footdavant.fr\/actualites\/#\/schema\/logo\/image\/\"},\"sameAs\":[\"https:\/\/www.facebook.com\/Footdavant\/\",\"https:\/\/twitter.com\/FootdavantFr\",\"https:\/\/www.instagram.com\/footdavant.fr\/\"]},{\"@type\":\"Person\",\"@id\":\"https:\/\/footdavant.fr\/actualites\/#\/schema\/person\/bc222566d95871b37e597b3ed3ba5e1d\",\"name\":\"Cl\u00e9ment\",\"image\":{\"@type\":\"ImageObject\",\"inLanguage\":\"fr-FR\",\"@id\":\"https:\/\/footdavant.fr\/actualites\/#\/schema\/person\/image\/\",\"url\":\"https:\/\/secure.gravatar.com\/avatar\/7728b29aac2719421e1a9159b2254c44?s=96&d=mm&r=g\",\"contentUrl\":\"https:\/\/secure.gravatar.com\/avatar\/7728b29aac2719421e1a9159b2254c44?s=96&d=mm&r=g\",\"caption\":\"Cl\u00e9ment\"},\"sameAs\":[\"https:\/\/footdavant.fr\/\"]}]}<\/script>\n<!-- \/ Yoast SEO plugin. -->","yoast_head_json":{"title":"Endrick: Un accord d&#39;\u00e9change brillant entre Man United et Real Madrid qui pourrait voir INEOS remporter une course br\u00fblante pour le joyau sud-am\u00e9ricain -","robots":{"index":"index","follow":"follow","max-snippet":"max-snippet:-1","max-image-preview":"max-image-preview:large","max-video-preview":"max-video-preview:-1"},"canonical":"https:\/\/footdavant.fr\/actualites\/endrick-un-accord-dechange-brillant-entre-man-united-et-real-madrid-qui-pourrait-voir-ineos-remporter-une-course-brulante-pour-le-joyau-sud-americain\/","og_locale":"fr_FR","og_type":"article","og_title":"Endrick: Un accord d&#39;\u00e9change brillant entre Man United et Real Madrid qui pourrait voir INEOS remporter une course br\u00fblante pour le joyau sud-am\u00e9ricain -","og_description":"5 On pense que Kobbie Mainoo souhaite quitter Manchester United cet hiver alors qu&#39;il cherche plus de temps de jeu. Alors que Mainoo avait esp\u00e9r\u00e9","og_url":"https:\/\/footdavant.fr\/actualites\/endrick-un-accord-dechange-brillant-entre-man-united-et-real-madrid-qui-pourrait-voir-ineos-remporter-une-course-brulante-pour-le-joyau-sud-americain\/","og_site_name":"Foot d&#039;avant","article_publisher":"https:\/\/www.facebook.com\/Footdavant\/","article_published_time":"2025-10-22T18:48:11+00:00","article_modified_time":"2025-10-22T18:48:12+00:00","og_image":[{"width":1600,"height":700,"url":"https:\/\/footdavant.fr\/actualites\/wp-content\/uploads\/2025\/10\/Endrick-Man-United-envisage-une-decision-etonnante-pour-la-starlette.jpg","type":"image\/jpeg"}],"author":"Cl\u00e9ment","twitter_card":"summary_large_image","twitter_creator":"@FootdavantFr","twitter_site":"@FootdavantFr","twitter_misc":{"\u00c9crit par":"Cl\u00e9ment","Dur\u00e9e de lecture estim\u00e9e":"4 minutes"},"schema":{"@context":"https:\/\/schema.org","@graph":[{"@type":"Article","@id":"https:\/\/footdavant.fr\/actualites\/endrick-un-accord-dechange-brillant-entre-man-united-et-real-madrid-qui-pourrait-voir-ineos-remporter-une-course-brulante-pour-le-joyau-sud-americain\/#article","isPartOf":{"@id":"https:\/\/footdavant.fr\/actualites\/endrick-un-accord-dechange-brillant-entre-man-united-et-real-madrid-qui-pourrait-voir-ineos-remporter-une-course-brulante-pour-le-joyau-sud-americain\/"},"author":{"name":"Cl\u00e9ment","@id":"https:\/\/footdavant.fr\/actualites\/#\/schema\/person\/bc222566d95871b37e597b3ed3ba5e1d"},"headline":"Endrick: Un accord d&#39;\u00e9change brillant entre Man United et Real Madrid qui pourrait voir INEOS remporter une course br\u00fblante pour le joyau sud-am\u00e9ricain &#8211;","datePublished":"2025-10-22T18:48:11+00:00","dateModified":"2025-10-22T18:48:12+00:00","mainEntityOfPage":{"@id":"https:\/\/footdavant.fr\/actualites\/endrick-un-accord-dechange-brillant-entre-man-united-et-real-madrid-qui-pourrait-voir-ineos-remporter-une-course-brulante-pour-le-joyau-sud-americain\/"},"wordCount":741,"publisher":{"@id":"https:\/\/footdavant.fr\/actualites\/#organization"},"keywords":["accord","brillant","br\u00fblante","d39\u00e9change","Endrick","entre","INEOS","joyau","Madrid","Man","pour","pourrait","qui","Real","remporter","sudam\u00e9ricain","une","United","voir"],"articleSection":["Football"],"inLanguage":"fr-FR"},{"@type":"WebPage","@id":"https:\/\/footdavant.fr\/actualites\/endrick-un-accord-dechange-brillant-entre-man-united-et-real-madrid-qui-pourrait-voir-ineos-remporter-une-course-brulante-pour-le-joyau-sud-americain\/","url":"https:\/\/footdavant.fr\/actualites\/endrick-un-accord-dechange-brillant-entre-man-united-et-real-madrid-qui-pourrait-voir-ineos-remporter-une-course-brulante-pour-le-joyau-sud-americain\/","name":"Endrick: Un accord d&#39;\u00e9change brillant entre Man United et Real Madrid qui pourrait voir INEOS remporter une course br\u00fblante pour le joyau sud-am\u00e9ricain -","isPartOf":{"@id":"https:\/\/footdavant.fr\/actualites\/#website"},"datePublished":"2025-10-22T18:48:11+00:00","dateModified":"2025-10-22T18:48:12+00:00","breadcrumb":{"@id":"https:\/\/footdavant.fr\/actualites\/endrick-un-accord-dechange-brillant-entre-man-united-et-real-madrid-qui-pourrait-voir-ineos-remporter-une-course-brulante-pour-le-joyau-sud-americain\/#breadcrumb"},"inLanguage":"fr-FR","potentialAction":[{"@type":"ReadAction","target":["https:\/\/footdavant.fr\/actualites\/endrick-un-accord-dechange-brillant-entre-man-united-et-real-madrid-qui-pourrait-voir-ineos-remporter-une-course-brulante-pour-le-joyau-sud-americain\/"]}]},{"@type":"BreadcrumbList","@id":"https:\/\/footdavant.fr\/actualites\/endrick-un-accord-dechange-brillant-entre-man-united-et-real-madrid-qui-pourrait-voir-ineos-remporter-une-course-brulante-pour-le-joyau-sud-americain\/#breadcrumb","itemListElement":[{"@type":"ListItem","position":1,"name":"Accueil","item":"https:\/\/footdavant.fr\/actualites\/"},{"@type":"ListItem","position":2,"name":"Endrick: Un accord d&#39;\u00e9change brillant entre Man United et Real Madrid qui pourrait voir INEOS remporter une course br\u00fblante pour le joyau sud-am\u00e9ricain &#8211;"}]},{"@type":"WebSite","@id":"https:\/\/footdavant.fr\/actualites\/#website","url":"https:\/\/footdavant.fr\/actualites\/","name":"Foot d'avant","description":"","publisher":{"@id":"https:\/\/footdavant.fr\/actualites\/#organization"},"potentialAction":[{"@type":"SearchAction","target":{"@type":"EntryPoint","urlTemplate":"https:\/\/footdavant.fr\/actualites\/?s={search_term_string}"},"query-input":"required name=search_term_string"}],"inLanguage":"fr-FR"},{"@type":"Organization","@id":"https:\/\/footdavant.fr\/actualites\/#organization","name":"Foot d'avant","url":"https:\/\/footdavant.fr\/actualites\/","logo":{"@type":"ImageObject","inLanguage":"fr-FR","@id":"https:\/\/footdavant.fr\/actualites\/#\/schema\/logo\/image\/","url":"https:\/\/footdavant.fr\/actualites\/wp-content\/uploads\/2023\/09\/Copy-of-FootDavant-Logo.png","contentUrl":"https:\/\/footdavant.fr\/actualites\/wp-content\/uploads\/2023\/09\/Copy-of-FootDavant-Logo.png","width":936,"height":549,"caption":"Foot d'avant"},"image":{"@id":"https:\/\/footdavant.fr\/actualites\/#\/schema\/logo\/image\/"},"sameAs":["https:\/\/www.facebook.com\/Footdavant\/","https:\/\/twitter.com\/FootdavantFr","https:\/\/www.instagram.com\/footdavant.fr\/"]},{"@type":"Person","@id":"https:\/\/footdavant.fr\/actualites\/#\/schema\/person\/bc222566d95871b37e597b3ed3ba5e1d","name":"Cl\u00e9ment","image":{"@type":"ImageObject","inLanguage":"fr-FR","@id":"https:\/\/footdavant.fr\/actualites\/#\/schema\/person\/image\/","url":"https:\/\/secure.gravatar.com\/avatar\/7728b29aac2719421e1a9159b2254c44?s=96&d=mm&r=g","contentUrl":"https:\/\/secure.gravatar.com\/avatar\/7728b29aac2719421e1a9159b2254c44?s=96&d=mm&r=g","caption":"Cl\u00e9ment"},"sameAs":["https:\/\/footdavant.fr\/"]}]}},"_links":{"self":[{"href":"https:\/\/footdavant.fr\/actualites\/wp-json\/wp\/v2\/posts\/30167"}],"collection":[{"href":"https:\/\/footdavant.fr\/actualites\/wp-json\/wp\/v2\/posts"}],"about":[{"href":"https:\/\/footdavant.fr\/actualites\/wp-json\/wp\/v2\/types\/post"}],"author":[{"embeddable":true,"href":"https:\/\/footdavant.fr\/actualites\/wp-json\/wp\/v2\/users\/1"}],"replies":[{"embeddable":true,"href":"https:\/\/footdavant.fr\/actualites\/wp-json\/wp\/v2\/comments?post=30167"}],"version-history":[{"count":1,"href":"https:\/\/footdavant.fr\/actualites\/wp-json\/wp\/v2\/posts\/30167\/revisions"}],"predecessor-version":[{"id":30168,"href":"https:\/\/footdavant.fr\/actualites\/wp-json\/wp\/v2\/posts\/30167\/revisions\/30168"}],"wp:featuredmedia":[{"embeddable":true,"href":"https:\/\/footdavant.fr\/actualites\/wp-json\/wp\/v2\/media\/29931"}],"wp:attachment":[{"href":"https:\/\/footdavant.fr\/actualites\/wp-json\/wp\/v2\/media?parent=30167"}],"wp:term":[{"taxonomy":"category","embeddable":true,"href":"https:\/\/footdavant.fr\/actualites\/wp-json\/wp\/v2\/categories?post=30167"},{"taxonomy":"post_tag","embeddable":true,"href":"https:\/\/footdavant.fr\/actualites\/wp-json\/wp\/v2\/tags?post=30167"}],"curies":[{"name":"wp","href":"https:\/\/api.w.org\/{rel}","templated":true}]}}