{"id":30212,"date":"2025-10-23T20:48:06","date_gmt":"2025-10-23T18:48:06","guid":{"rendered":"https:\/\/footdavant.fr\/actualites\/ce-que-barcelone-pense-vraiment-de-sceller-immediatement-le-transfert-permanent-de-marcus-rashford\/"},"modified":"2025-10-23T20:48:08","modified_gmt":"2025-10-23T18:48:08","slug":"ce-que-barcelone-pense-vraiment-de-sceller-immediatement-le-transfert-permanent-de-marcus-rashford","status":"publish","type":"post","link":"https:\/\/footdavant.fr\/actualites\/ce-que-barcelone-pense-vraiment-de-sceller-immediatement-le-transfert-permanent-de-marcus-rashford\/","title":{"rendered":"Ce que Barcelone pense vraiment de sceller imm\u00e9diatement le transfert permanent de Marcus Rashford &#8211;"},"content":{"rendered":"<div id=\"penci-post-entry-inner\">\n<p>\t\t\t<i class=\"penci-post-countview-number-check\" style=\"display:none\">4<\/i><\/p>\n<p><!--Article Start--><br \/>Barcelone a peut-\u00eatre d&#39;abord r\u00e9sist\u00e9 au pr\u00eat de Marcus Rashford, mais finalement trouver le courage de r\u00e9ussir le coup s&#39;est av\u00e9r\u00e9 un coup de ma\u00eetre en mati\u00e8re de transfert.<\/p>\n<p>Rashford fait lentement taire ceux qui ont os\u00e9 pr\u00e9tendre qu\u2019il en avait fini.<\/p>\n<p>Il a progressivement trouv\u00e9 ses marques aupr\u00e8s des g\u00e9ants catalans.<\/p>\n<p>En 2024-2025, Barcelone s&#39;est vant\u00e9e de l&#39;une des attaques les plus \u00e9lectrisantes d&#39;Europe. Lamine Yamal, Robert Lewandowski et Raphinha op\u00e9raient \u00e0 un autre niveau, d\u00e9mantelant m\u00eame les d\u00e9fenses les plus solides.<\/p>\n<p>Peu de gens s\u2019attendaient \u00e0 ce que Rashford fasse irruption sur cette ligne de front. Mais c\u2019est exactement ce que la star de Manchester United a fait.<\/p>\n<h2>R\u00e9surgence espagnole<\/h2>\n<p>Bien d\u00e9cid\u00e9 \u00e0 r\u00e9\u00e9crire son histoire et \u00e0 prouver qu\u2019il l\u2019a toujours, le Mancunien monte le niveau de jeu.<\/p>\n<p>Il a travaill\u00e9 dur sur le terrain d\u2019entra\u00eenement et a clairement conquis Hansi Flick et son \u00e9quipe d\u2019entra\u00eeneurs.<\/p>\n<p>Sur les neuf derniers matchs de Barcelone, toutes comp\u00e9titions confondues, Rashford en a d\u00e9but\u00e9 huit, mais n&#39;en a pas d\u00e9but\u00e9 un en raison d&#39;une violation des r\u00e8gles de l&#39;\u00e9quipe et d&#39;un retard de deux minutes \u00e0 une rencontre.<\/p>\n<p>Sur le terrain, il a justifi\u00e9 son choix. Son g\u00e9nie technique a transparu.<\/p>\n<p>Avec cinq buts et cinq passes d\u00e9cisives en 12 apparitions, il est devenu le joueur le plus productif du Bar\u00e7a.<\/p>\n<p>Les rapports sugg\u00e8rent que le club est ravi, non seulement de sa production, mais aussi de son attitude, dont certains craignaient qu&#39;elle ne devienne un probl\u00e8me.<\/p>\n<p>\u00ab\u00a0Rashford contribue non seulement aux buts, mais apporte \u00e9galement de la cr\u00e9ativit\u00e9, des efforts et du leadership \u00e0 l&#39;attaque\u00a0\u00bb, ont d\u00e9clar\u00e9 \u00e0 beIN des sources proches de l&#39;\u00e9quipe d&#39;entra\u00eeneurs.<\/p>\n<p>Tout indique d\u00e9sormais que les champions espagnols d\u00e9clenchent l\u2019option de 30 millions d\u2019euros (26 millions de livres sterling) pour rendre le transfert permanent.<\/p>\n<h2>Alors, qu\u2019en pense Barcelone ?<\/h2>\n<p>Selon le m\u00e9dia espagnol Sport :<\/p>\n<p>\u00ab\u00a0Le Bar\u00e7a n&#39;est pas press\u00e9 de d\u00e9cider de l&#39;avenir de Marcus Rashford.<\/p>\n<p>\u00ab Le club estime qu&#39;il est encore trop t\u00f4t pour finaliser un accord et pr\u00e9f\u00e8re observer l&#39;\u00e9volution de sa saison avant de prendre une d\u00e9cision.<\/p>\n<p>\u00ab\u00a0Le plan est d&#39;attendre quelques mois pour voir si sa performance continue \u00e0 ce niveau \u00e9lev\u00e9 et, si c&#39;est le cas, de commencer \u00e0 tracer les lignes des n\u00e9gociations avec United, qui ne devraient pas \u00eatre tr\u00e8s compliqu\u00e9es, puisque l&#39;option d&#39;achat de 30 millions d&#39;euros a d\u00e9j\u00e0 \u00e9t\u00e9 n\u00e9goci\u00e9e et \u00e9tablie l&#39;\u00e9t\u00e9 dernier.\u00a0\u00bb<\/p>\n<h2>Des mois importants \u00e0 venir<\/h2>\n<p>Cela dit, l\u2019espoir est que Rashford maintienne sa r\u00e9surgence.<\/p>\n<p>Il a r\u00e9cemment admis : \u00ab Je suis pr\u00eat \u00e0 faire ressortir le meilleur de moi-m\u00eame au sein de l&#39;\u00e9quipe. \u00bb<\/p>\n<p>Nous pouvons \u00eatre s\u00fbrs qu\u2019il fera exactement cela. Il gagnera compl\u00e8tement le Bar\u00e7a et offrira \u00e0 United un cadeau d&#39;adieu de 26 millions de livres sterling gr\u00e2ce \u00e0 ses exploits en Catalogne.<\/p>\n<p>Son audition pour un changement permanent au Camp Nou se poursuit ce week-end.<\/p>\n<p>Barcelone affronte le Real Madrid au Santiago Bernabeu lors de son premier El Clasico de la saison, et quelle \u00e9tape pour Rashy de s&#39;annoncer dans cet illustre match.<\/p>\n<p>Apr\u00e8s sa masterclass contre l&#39;Olympiacos, o\u00f9 il a inscrit un doubl\u00e9 en t\u00eate en l&#39;absence de Lewandowski, il pourrait \u00eatre celui qui punira Madrid et propulsera le Bar\u00e7a vers une victoire dans le derby.<\/p>\n<\/p>\n<hr>\n<p>The Peoples Person est l&#39;un des principaux sites d&#39;information de Man United au monde depuis plus d&#39;une d\u00e9cennie. Suivez-nous sur Bluesky\u00a0: @peoplesperson.bsky.social<\/p>\n<\/p>\n<p><!-- CONTENT END 2 --><\/p><\/div>\n","protected":false},"excerpt":{"rendered":"<p>4 Barcelone a peut-\u00eatre d&#39;abord r\u00e9sist\u00e9 au pr\u00eat de Marcus Rashford, mais finalement trouver le courage de r\u00e9ussir le coup s&#39;est av\u00e9r\u00e9 un coup de<\/p>\n","protected":false},"author":1,"featured_media":30213,"comment_status":"closed","ping_status":"","sticky":false,"template":"","format":"standard","meta":{"footnotes":""},"categories":[3],"tags":[130,2547,422,2424,2230,423,3125,700,499],"yoast_head":"<!-- This site is optimized with the Yoast SEO plugin v21.0 - https:\/\/yoast.com\/wordpress\/plugins\/seo\/ -->\n<title>Ce que Barcelone pense vraiment de sceller imm\u00e9diatement le transfert permanent de Marcus Rashford -<\/title>\n<meta name=\"robots\" content=\"index, follow, max-snippet:-1, max-image-preview:large, max-video-preview:-1\" \/>\n<link rel=\"canonical\" href=\"https:\/\/footdavant.fr\/actualites\/ce-que-barcelone-pense-vraiment-de-sceller-immediatement-le-transfert-permanent-de-marcus-rashford\/\" \/>\n<meta property=\"og:locale\" content=\"fr_FR\" \/>\n<meta property=\"og:type\" content=\"article\" \/>\n<meta property=\"og:title\" content=\"Ce que Barcelone pense vraiment de sceller imm\u00e9diatement le transfert permanent de Marcus Rashford -\" \/>\n<meta property=\"og:description\" content=\"4 Barcelone a peut-\u00eatre d&#039;abord r\u00e9sist\u00e9 au pr\u00eat de Marcus Rashford, mais finalement trouver le courage de r\u00e9ussir le coup s&#039;est av\u00e9r\u00e9 un coup de\" \/>\n<meta property=\"og:url\" content=\"https:\/\/footdavant.fr\/actualites\/ce-que-barcelone-pense-vraiment-de-sceller-immediatement-le-transfert-permanent-de-marcus-rashford\/\" \/>\n<meta property=\"og:site_name\" content=\"Foot d&#039;avant\" \/>\n<meta property=\"article:publisher\" content=\"https:\/\/www.facebook.com\/Footdavant\/\" \/>\n<meta property=\"article:published_time\" content=\"2025-10-23T18:48:06+00:00\" \/>\n<meta property=\"article:modified_time\" content=\"2025-10-23T18:48:08+00:00\" \/>\n<meta property=\"og:image\" content=\"https:\/\/footdavant.fr\/actualites\/wp-content\/uploads\/2025\/10\/Ce-que-Barcelone-pense-vraiment-de-sceller-immediatement-le-transfert.jpg\" \/>\n\t<meta property=\"og:image:width\" content=\"1600\" \/>\n\t<meta property=\"og:image:height\" content=\"704\" \/>\n\t<meta property=\"og:image:type\" content=\"image\/jpeg\" \/>\n<meta name=\"author\" content=\"Cl\u00e9ment\" \/>\n<meta name=\"twitter:card\" content=\"summary_large_image\" \/>\n<meta name=\"twitter:creator\" content=\"@FootdavantFr\" \/>\n<meta name=\"twitter:site\" content=\"@FootdavantFr\" \/>\n<meta name=\"twitter:label1\" content=\"\u00c9crit par\" \/>\n\t<meta name=\"twitter:data1\" content=\"Cl\u00e9ment\" \/>\n\t<meta name=\"twitter:label2\" content=\"Dur\u00e9e de lecture estim\u00e9e\" \/>\n\t<meta name=\"twitter:data2\" content=\"3 minutes\" \/>\n<script type=\"application\/ld+json\" class=\"yoast-schema-graph\">{\"@context\":\"https:\/\/schema.org\",\"@graph\":[{\"@type\":\"Article\",\"@id\":\"https:\/\/footdavant.fr\/actualites\/ce-que-barcelone-pense-vraiment-de-sceller-immediatement-le-transfert-permanent-de-marcus-rashford\/#article\",\"isPartOf\":{\"@id\":\"https:\/\/footdavant.fr\/actualites\/ce-que-barcelone-pense-vraiment-de-sceller-immediatement-le-transfert-permanent-de-marcus-rashford\/\"},\"author\":{\"name\":\"Cl\u00e9ment\",\"@id\":\"https:\/\/footdavant.fr\/actualites\/#\/schema\/person\/bc222566d95871b37e597b3ed3ba5e1d\"},\"headline\":\"Ce que Barcelone pense vraiment de sceller imm\u00e9diatement le transfert permanent de Marcus Rashford &#8211;\",\"datePublished\":\"2025-10-23T18:48:06+00:00\",\"dateModified\":\"2025-10-23T18:48:08+00:00\",\"mainEntityOfPage\":{\"@id\":\"https:\/\/footdavant.fr\/actualites\/ce-que-barcelone-pense-vraiment-de-sceller-immediatement-le-transfert-permanent-de-marcus-rashford\/\"},\"wordCount\":659,\"publisher\":{\"@id\":\"https:\/\/footdavant.fr\/actualites\/#organization\"},\"keywords\":[\"Barcelone\",\"imm\u00e9diatement\",\"Marcus\",\"pense\",\"permanent\",\"Rashford\",\"sceller\",\"transfert\",\"vraiment\"],\"articleSection\":[\"Football\"],\"inLanguage\":\"fr-FR\"},{\"@type\":\"WebPage\",\"@id\":\"https:\/\/footdavant.fr\/actualites\/ce-que-barcelone-pense-vraiment-de-sceller-immediatement-le-transfert-permanent-de-marcus-rashford\/\",\"url\":\"https:\/\/footdavant.fr\/actualites\/ce-que-barcelone-pense-vraiment-de-sceller-immediatement-le-transfert-permanent-de-marcus-rashford\/\",\"name\":\"Ce que Barcelone pense vraiment de sceller imm\u00e9diatement le transfert permanent de Marcus Rashford -\",\"isPartOf\":{\"@id\":\"https:\/\/footdavant.fr\/actualites\/#website\"},\"datePublished\":\"2025-10-23T18:48:06+00:00\",\"dateModified\":\"2025-10-23T18:48:08+00:00\",\"breadcrumb\":{\"@id\":\"https:\/\/footdavant.fr\/actualites\/ce-que-barcelone-pense-vraiment-de-sceller-immediatement-le-transfert-permanent-de-marcus-rashford\/#breadcrumb\"},\"inLanguage\":\"fr-FR\",\"potentialAction\":[{\"@type\":\"ReadAction\",\"target\":[\"https:\/\/footdavant.fr\/actualites\/ce-que-barcelone-pense-vraiment-de-sceller-immediatement-le-transfert-permanent-de-marcus-rashford\/\"]}]},{\"@type\":\"BreadcrumbList\",\"@id\":\"https:\/\/footdavant.fr\/actualites\/ce-que-barcelone-pense-vraiment-de-sceller-immediatement-le-transfert-permanent-de-marcus-rashford\/#breadcrumb\",\"itemListElement\":[{\"@type\":\"ListItem\",\"position\":1,\"name\":\"Accueil\",\"item\":\"https:\/\/footdavant.fr\/actualites\/\"},{\"@type\":\"ListItem\",\"position\":2,\"name\":\"Ce que Barcelone pense vraiment de sceller imm\u00e9diatement le transfert permanent de Marcus Rashford &#8211;\"}]},{\"@type\":\"WebSite\",\"@id\":\"https:\/\/footdavant.fr\/actualites\/#website\",\"url\":\"https:\/\/footdavant.fr\/actualites\/\",\"name\":\"Foot d'avant\",\"description\":\"\",\"publisher\":{\"@id\":\"https:\/\/footdavant.fr\/actualites\/#organization\"},\"potentialAction\":[{\"@type\":\"SearchAction\",\"target\":{\"@type\":\"EntryPoint\",\"urlTemplate\":\"https:\/\/footdavant.fr\/actualites\/?s={search_term_string}\"},\"query-input\":\"required name=search_term_string\"}],\"inLanguage\":\"fr-FR\"},{\"@type\":\"Organization\",\"@id\":\"https:\/\/footdavant.fr\/actualites\/#organization\",\"name\":\"Foot d'avant\",\"url\":\"https:\/\/footdavant.fr\/actualites\/\",\"logo\":{\"@type\":\"ImageObject\",\"inLanguage\":\"fr-FR\",\"@id\":\"https:\/\/footdavant.fr\/actualites\/#\/schema\/logo\/image\/\",\"url\":\"https:\/\/footdavant.fr\/actualites\/wp-content\/uploads\/2023\/09\/Copy-of-FootDavant-Logo.png\",\"contentUrl\":\"https:\/\/footdavant.fr\/actualites\/wp-content\/uploads\/2023\/09\/Copy-of-FootDavant-Logo.png\",\"width\":936,\"height\":549,\"caption\":\"Foot d'avant\"},\"image\":{\"@id\":\"https:\/\/footdavant.fr\/actualites\/#\/schema\/logo\/image\/\"},\"sameAs\":[\"https:\/\/www.facebook.com\/Footdavant\/\",\"https:\/\/twitter.com\/FootdavantFr\",\"https:\/\/www.instagram.com\/footdavant.fr\/\"]},{\"@type\":\"Person\",\"@id\":\"https:\/\/footdavant.fr\/actualites\/#\/schema\/person\/bc222566d95871b37e597b3ed3ba5e1d\",\"name\":\"Cl\u00e9ment\",\"image\":{\"@type\":\"ImageObject\",\"inLanguage\":\"fr-FR\",\"@id\":\"https:\/\/footdavant.fr\/actualites\/#\/schema\/person\/image\/\",\"url\":\"https:\/\/secure.gravatar.com\/avatar\/7728b29aac2719421e1a9159b2254c44?s=96&d=mm&r=g\",\"contentUrl\":\"https:\/\/secure.gravatar.com\/avatar\/7728b29aac2719421e1a9159b2254c44?s=96&d=mm&r=g\",\"caption\":\"Cl\u00e9ment\"},\"sameAs\":[\"https:\/\/footdavant.fr\/\"]}]}<\/script>\n<!-- \/ Yoast SEO plugin. -->","yoast_head_json":{"title":"Ce que Barcelone pense vraiment de sceller imm\u00e9diatement le transfert permanent de Marcus Rashford -","robots":{"index":"index","follow":"follow","max-snippet":"max-snippet:-1","max-image-preview":"max-image-preview:large","max-video-preview":"max-video-preview:-1"},"canonical":"https:\/\/footdavant.fr\/actualites\/ce-que-barcelone-pense-vraiment-de-sceller-immediatement-le-transfert-permanent-de-marcus-rashford\/","og_locale":"fr_FR","og_type":"article","og_title":"Ce que Barcelone pense vraiment de sceller imm\u00e9diatement le transfert permanent de Marcus Rashford -","og_description":"4 Barcelone a peut-\u00eatre d&#39;abord r\u00e9sist\u00e9 au pr\u00eat de Marcus Rashford, mais finalement trouver le courage de r\u00e9ussir le coup s&#39;est av\u00e9r\u00e9 un coup de","og_url":"https:\/\/footdavant.fr\/actualites\/ce-que-barcelone-pense-vraiment-de-sceller-immediatement-le-transfert-permanent-de-marcus-rashford\/","og_site_name":"Foot d&#039;avant","article_publisher":"https:\/\/www.facebook.com\/Footdavant\/","article_published_time":"2025-10-23T18:48:06+00:00","article_modified_time":"2025-10-23T18:48:08+00:00","og_image":[{"width":1600,"height":704,"url":"https:\/\/footdavant.fr\/actualites\/wp-content\/uploads\/2025\/10\/Ce-que-Barcelone-pense-vraiment-de-sceller-immediatement-le-transfert.jpg","type":"image\/jpeg"}],"author":"Cl\u00e9ment","twitter_card":"summary_large_image","twitter_creator":"@FootdavantFr","twitter_site":"@FootdavantFr","twitter_misc":{"\u00c9crit par":"Cl\u00e9ment","Dur\u00e9e de lecture estim\u00e9e":"3 minutes"},"schema":{"@context":"https:\/\/schema.org","@graph":[{"@type":"Article","@id":"https:\/\/footdavant.fr\/actualites\/ce-que-barcelone-pense-vraiment-de-sceller-immediatement-le-transfert-permanent-de-marcus-rashford\/#article","isPartOf":{"@id":"https:\/\/footdavant.fr\/actualites\/ce-que-barcelone-pense-vraiment-de-sceller-immediatement-le-transfert-permanent-de-marcus-rashford\/"},"author":{"name":"Cl\u00e9ment","@id":"https:\/\/footdavant.fr\/actualites\/#\/schema\/person\/bc222566d95871b37e597b3ed3ba5e1d"},"headline":"Ce que Barcelone pense vraiment de sceller imm\u00e9diatement le transfert permanent de Marcus Rashford &#8211;","datePublished":"2025-10-23T18:48:06+00:00","dateModified":"2025-10-23T18:48:08+00:00","mainEntityOfPage":{"@id":"https:\/\/footdavant.fr\/actualites\/ce-que-barcelone-pense-vraiment-de-sceller-immediatement-le-transfert-permanent-de-marcus-rashford\/"},"wordCount":659,"publisher":{"@id":"https:\/\/footdavant.fr\/actualites\/#organization"},"keywords":["Barcelone","imm\u00e9diatement","Marcus","pense","permanent","Rashford","sceller","transfert","vraiment"],"articleSection":["Football"],"inLanguage":"fr-FR"},{"@type":"WebPage","@id":"https:\/\/footdavant.fr\/actualites\/ce-que-barcelone-pense-vraiment-de-sceller-immediatement-le-transfert-permanent-de-marcus-rashford\/","url":"https:\/\/footdavant.fr\/actualites\/ce-que-barcelone-pense-vraiment-de-sceller-immediatement-le-transfert-permanent-de-marcus-rashford\/","name":"Ce que Barcelone pense vraiment de sceller imm\u00e9diatement le transfert permanent de Marcus Rashford -","isPartOf":{"@id":"https:\/\/footdavant.fr\/actualites\/#website"},"datePublished":"2025-10-23T18:48:06+00:00","dateModified":"2025-10-23T18:48:08+00:00","breadcrumb":{"@id":"https:\/\/footdavant.fr\/actualites\/ce-que-barcelone-pense-vraiment-de-sceller-immediatement-le-transfert-permanent-de-marcus-rashford\/#breadcrumb"},"inLanguage":"fr-FR","potentialAction":[{"@type":"ReadAction","target":["https:\/\/footdavant.fr\/actualites\/ce-que-barcelone-pense-vraiment-de-sceller-immediatement-le-transfert-permanent-de-marcus-rashford\/"]}]},{"@type":"BreadcrumbList","@id":"https:\/\/footdavant.fr\/actualites\/ce-que-barcelone-pense-vraiment-de-sceller-immediatement-le-transfert-permanent-de-marcus-rashford\/#breadcrumb","itemListElement":[{"@type":"ListItem","position":1,"name":"Accueil","item":"https:\/\/footdavant.fr\/actualites\/"},{"@type":"ListItem","position":2,"name":"Ce que Barcelone pense vraiment de sceller imm\u00e9diatement le transfert permanent de Marcus Rashford &#8211;"}]},{"@type":"WebSite","@id":"https:\/\/footdavant.fr\/actualites\/#website","url":"https:\/\/footdavant.fr\/actualites\/","name":"Foot d'avant","description":"","publisher":{"@id":"https:\/\/footdavant.fr\/actualites\/#organization"},"potentialAction":[{"@type":"SearchAction","target":{"@type":"EntryPoint","urlTemplate":"https:\/\/footdavant.fr\/actualites\/?s={search_term_string}"},"query-input":"required name=search_term_string"}],"inLanguage":"fr-FR"},{"@type":"Organization","@id":"https:\/\/footdavant.fr\/actualites\/#organization","name":"Foot d'avant","url":"https:\/\/footdavant.fr\/actualites\/","logo":{"@type":"ImageObject","inLanguage":"fr-FR","@id":"https:\/\/footdavant.fr\/actualites\/#\/schema\/logo\/image\/","url":"https:\/\/footdavant.fr\/actualites\/wp-content\/uploads\/2023\/09\/Copy-of-FootDavant-Logo.png","contentUrl":"https:\/\/footdavant.fr\/actualites\/wp-content\/uploads\/2023\/09\/Copy-of-FootDavant-Logo.png","width":936,"height":549,"caption":"Foot d'avant"},"image":{"@id":"https:\/\/footdavant.fr\/actualites\/#\/schema\/logo\/image\/"},"sameAs":["https:\/\/www.facebook.com\/Footdavant\/","https:\/\/twitter.com\/FootdavantFr","https:\/\/www.instagram.com\/footdavant.fr\/"]},{"@type":"Person","@id":"https:\/\/footdavant.fr\/actualites\/#\/schema\/person\/bc222566d95871b37e597b3ed3ba5e1d","name":"Cl\u00e9ment","image":{"@type":"ImageObject","inLanguage":"fr-FR","@id":"https:\/\/footdavant.fr\/actualites\/#\/schema\/person\/image\/","url":"https:\/\/secure.gravatar.com\/avatar\/7728b29aac2719421e1a9159b2254c44?s=96&d=mm&r=g","contentUrl":"https:\/\/secure.gravatar.com\/avatar\/7728b29aac2719421e1a9159b2254c44?s=96&d=mm&r=g","caption":"Cl\u00e9ment"},"sameAs":["https:\/\/footdavant.fr\/"]}]}},"_links":{"self":[{"href":"https:\/\/footdavant.fr\/actualites\/wp-json\/wp\/v2\/posts\/30212"}],"collection":[{"href":"https:\/\/footdavant.fr\/actualites\/wp-json\/wp\/v2\/posts"}],"about":[{"href":"https:\/\/footdavant.fr\/actualites\/wp-json\/wp\/v2\/types\/post"}],"author":[{"embeddable":true,"href":"https:\/\/footdavant.fr\/actualites\/wp-json\/wp\/v2\/users\/1"}],"replies":[{"embeddable":true,"href":"https:\/\/footdavant.fr\/actualites\/wp-json\/wp\/v2\/comments?post=30212"}],"version-history":[{"count":1,"href":"https:\/\/footdavant.fr\/actualites\/wp-json\/wp\/v2\/posts\/30212\/revisions"}],"predecessor-version":[{"id":30214,"href":"https:\/\/footdavant.fr\/actualites\/wp-json\/wp\/v2\/posts\/30212\/revisions\/30214"}],"wp:featuredmedia":[{"embeddable":true,"href":"https:\/\/footdavant.fr\/actualites\/wp-json\/wp\/v2\/media\/30213"}],"wp:attachment":[{"href":"https:\/\/footdavant.fr\/actualites\/wp-json\/wp\/v2\/media?parent=30212"}],"wp:term":[{"taxonomy":"category","embeddable":true,"href":"https:\/\/footdavant.fr\/actualites\/wp-json\/wp\/v2\/categories?post=30212"},{"taxonomy":"post_tag","embeddable":true,"href":"https:\/\/footdavant.fr\/actualites\/wp-json\/wp\/v2\/tags?post=30212"}],"curies":[{"name":"wp","href":"https:\/\/api.w.org\/{rel}","templated":true}]}}