{"id":30215,"date":"2025-10-23T21:48:05","date_gmt":"2025-10-23T19:48:05","guid":{"rendered":"https:\/\/footdavant.fr\/actualites\/blessure-a-chelsea-liste-des-suspensions-et-dates-de-retour-pour-lajax-mises-a-jour-de-cole-palmer-benoit-badiashile-et-joao-pedro\/"},"modified":"2025-10-23T21:48:06","modified_gmt":"2025-10-23T19:48:06","slug":"blessure-a-chelsea-liste-des-suspensions-et-dates-de-retour-pour-lajax-mises-a-jour-de-cole-palmer-benoit-badiashile-et-joao-pedro","status":"publish","type":"post","link":"https:\/\/footdavant.fr\/actualites\/blessure-a-chelsea-liste-des-suspensions-et-dates-de-retour-pour-lajax-mises-a-jour-de-cole-palmer-benoit-badiashile-et-joao-pedro\/","title":{"rendered":"Blessure \u00e0 Chelsea, liste des suspensions et dates de retour pour l&#39;Ajax : mises \u00e0 jour de Cole Palmer, Benoit Badiashile et Joao Pedro"},"content":{"rendered":"<p>Sports Mole compl\u00e8te la liste des blessures et des suspensions de Chelsea avant le match de Ligue des champions de mercredi contre l&#39;Ajax \u00e0 Stamford Bridge.<\/p>\n<div id=\"article_body\" itemprop=\"articleBody\">\n<p>Apr\u00e8s avoir d\u00e9croch\u00e9 une troisi\u00e8me victoire cons\u00e9cutive toutes comp\u00e9titions confondues, <strong class=\"autotag\">Chelsea bienvenu <strong class=\"autotag\">Ajax \u00e0 Stamford Bridge mercredi pour le troisi\u00e8me tour du <strong class=\"autotag\">Phase de Ligue des Champions.<\/p>\n<p>Les Blues abordent cette rencontre apr\u00e8s une victoire convaincante 3-0 contre Nottingham Forest, o\u00f9 <strong class=\"autotag\">Enzo Maresca \u2013 qui purgeait une suspension sur la ligne de touche \u2013 a regard\u00e9 depuis les tribunes tandis que son \u00e9quipe d\u00e9mantelait ses h\u00f4tes.<\/p>\n<p>Chelsea a travers\u00e9 une p\u00e9riode de turbulences avec des probl\u00e8mes disciplinaires cette saison, apr\u00e8s avoir \u00e9galement vu des joueurs licenci\u00e9s lors de quatre des six derniers matches, toutes comp\u00e9titions confondues, dont <strong class=\"autotag\">Carton rouge de Malo Gusto samedi.<\/p>\n<p>M\u00eame si la suspension de Gusto n&#39;affectera pas le choc continental avec l&#39;Ajax, les Bleus seront toujours sans personnage cl\u00e9 en attaque apr\u00e8s un carton rouge au tour pr\u00e9c\u00e9dent contre Benfica.<\/p>\n<p>Cela s&#39;ajoute aux probl\u00e8mes croissants de blessures du club, ne laissant \u00e0 Maresca d&#39;autre choix que de remanier son peloton mercredi alors qu&#39;il retourne sur l&#39;abri.<\/p>\n<p>Ici, Sports Mole examine de plus pr\u00e8s la liste des blessures et des suspensions de Chelsea avant leur match \u00e0 domicile contre l&#39;Ajax.<\/p>\n<hr>\n<p class=\"imgI\">\n<p>Statut\u00a0:\u00a0Out<\/p>\n<p>Type de blessure\u00a0: Aine  <\/p>\n<p>Date de retour possible : Inconnue<\/p>\n<p>Cole Palmer devait initialement revenir d&#39;une blessure \u00e0 l&#39;aine dans quelques semaines, mais Maresca a admis avant le match contre Forest que son estimation pr\u00e9c\u00e9dente \u00e9tait inexacte, r\u00e9v\u00e9lant que l&#39;international anglais serait absent pendant \u00ab six semaines suppl\u00e9mentaires \u00bb, ce qui signifie qu&#39;un retour fin novembre semble le plus probable.<\/p>\n<hr>\n<p><\/p>\n<h2>Liam Delap<\/h2>\n<p class=\"imgI\">\n<p>Statut\u00a0:\u00a0Out  <\/p>\n<p>Type de blessure\u00a0: ischio-jambier  <\/p>\n<p>Date de retour possible : Inconnue  <\/p>\n<p><strong class=\"autotag\">Liam Delap s&#39;est bless\u00e9 aux ischio-jambiers contre Fulham le 30 ao\u00fbt et a d\u00e9j\u00e0 \u00e9t\u00e9 exclu jusqu&#39;en d\u00e9cembre, l&#39;attaquant ne jouera donc aucun r\u00f4le contre l&#39;Ajax.<\/p>\n<hr>\n<p class=\"imgI\">\n<p>Statut : doute majeur<\/p>\n<p>Type de blessure : Genou<\/p>\n<p>Date de retour : Inconnue<\/p>\n<p>Enzo Fernandez est revenu de son service international avec un probl\u00e8me au genou qui l&#39;a exclu du match contre Forest, et Maresca l&#39;a d\u00e9crit comme un \u00ab\u00a0petit probl\u00e8me\u00a0\u00bb, mais a admis son incertitude quant \u00e0 savoir si le milieu de terrain argentin sera apte \u00e0 figurer mercredi.<\/p>\n<hr>\n<p class=\"imgI\">\n<p>Statut\u00a0:\u00a0Out<\/p>\n<p>Type de blessure\u00a0: Musculaire <\/p>\n<p>Date de retour possible : Inconnue <\/p>\n<p>Benoit Badiashile, qui venait tout juste de revenir d&#39;une blessure musculaire de longue dur\u00e9e, a souffert de ce qui semble \u00eatre une r\u00e9cidive du m\u00eame probl\u00e8me, et Maresca a confirm\u00e9 que le d\u00e9fenseur fran\u00e7ais ne serait pas disponible avant d\u00e9cembre.<\/p>\n<hr>\n<p><\/p>\n<h2>Levi Colwill<\/h2>\n<p class=\"imgI\">\n<p>Statut\u00a0:\u00a0Out  <\/p>\n<p>Type de blessure : Genou  <\/p>\n<p>Date de retour possible : Inconnue <\/p>\n<p><strong class=\"autotag\">Levi Colwill reste \u00e0 l&#39;\u00e9cart alors qu&#39;il poursuit sa convalescence apr\u00e8s une op\u00e9ration au genou r\u00e9alis\u00e9e d\u00e9but ao\u00fbt et il est peu probable qu&#39;il revienne avant les derni\u00e8res \u00e9tapes de la saison.<\/p>\n<hr>\n<p class=\"imgI\">\n<p>Statut\u00a0:\u00a0Out  <\/p>\n<p>Type de blessure : Cuisse  <\/p>\n<p>Date de retour possible : Inconnue  <\/p>\n<p>Dario Essugo a \u00e9t\u00e9 op\u00e9r\u00e9 apr\u00e8s s&#39;\u00eatre bless\u00e9 \u00e0 la cuisse alors qu&#39;il \u00e9tait en mission internationale avec les moins de 21 ans du Portugal en septembre et ne devrait pas revenir avant la fin de l&#39;ann\u00e9e.<\/p>\n<hr>\n<p><\/p>\n<h2>LISTE DE SUSPENSION DE CHELSEA<\/h2>\n<p class=\"imgI\">\n<p><strong class=\"autotag\">Joao Pedro a \u00e9t\u00e9 expuls\u00e9 dans les derni\u00e8res minutes du choc entre Chelsea et Benfica apr\u00e8s avoir \u00e9cop\u00e9 d&#39;un deuxi\u00e8me carton jaune pour une botte haute. Il purgera donc une suspension pour la rencontre de mercredi avec l&#39;Ajax.<\/p>\n<div class=\"author_box\">\n<div class=\"author_box_banner\"> <\/div>\n<\/div>\n<\/div>\n","protected":false},"excerpt":{"rendered":"<p>Sports Mole compl\u00e8te la liste des blessures et des suspensions de Chelsea avant le match de Ligue des champions de mercredi contre l&#39;Ajax \u00e0 Stamford<\/p>\n","protected":false},"author":1,"featured_media":30216,"comment_status":"closed","ping_status":"","sticky":false,"template":"","format":"standard","meta":{"footnotes":""},"categories":[4],"tags":[7472,7471,15,171,1122,2867,12,150,328,5502,17,2836,1123,396,51,393,2177],"yoast_head":"<!-- This site is optimized with the Yoast SEO plugin v21.0 - https:\/\/yoast.com\/wordpress\/plugins\/seo\/ -->\n<title>Blessure \u00e0 Chelsea, liste des suspensions et dates de retour pour l&#039;Ajax : mises \u00e0 jour de Cole Palmer, Benoit Badiashile et Joao Pedro<\/title>\n<meta name=\"robots\" content=\"index, follow, max-snippet:-1, max-image-preview:large, max-video-preview:-1\" \/>\n<link rel=\"canonical\" href=\"https:\/\/footdavant.fr\/actualites\/blessure-a-chelsea-liste-des-suspensions-et-dates-de-retour-pour-lajax-mises-a-jour-de-cole-palmer-benoit-badiashile-et-joao-pedro\/\" \/>\n<meta property=\"og:locale\" content=\"fr_FR\" \/>\n<meta property=\"og:type\" content=\"article\" \/>\n<meta property=\"og:title\" content=\"Blessure \u00e0 Chelsea, liste des suspensions et dates de retour pour l&#039;Ajax : mises \u00e0 jour de Cole Palmer, Benoit Badiashile et Joao Pedro\" \/>\n<meta property=\"og:description\" content=\"Sports Mole compl\u00e8te la liste des blessures et des suspensions de Chelsea avant le match de Ligue des champions de mercredi contre l&#039;Ajax \u00e0 Stamford\" \/>\n<meta property=\"og:url\" content=\"https:\/\/footdavant.fr\/actualites\/blessure-a-chelsea-liste-des-suspensions-et-dates-de-retour-pour-lajax-mises-a-jour-de-cole-palmer-benoit-badiashile-et-joao-pedro\/\" \/>\n<meta property=\"og:site_name\" content=\"Foot d&#039;avant\" \/>\n<meta property=\"article:publisher\" content=\"https:\/\/www.facebook.com\/Footdavant\/\" \/>\n<meta property=\"article:published_time\" content=\"2025-10-23T19:48:05+00:00\" \/>\n<meta property=\"article:modified_time\" content=\"2025-10-23T19:48:06+00:00\" \/>\n<meta property=\"og:image\" content=\"https:\/\/footdavant.fr\/actualites\/wp-content\/uploads\/2025\/10\/Blessure-a-Chelsea-liste-des-suspensions-et-dates-de-retour.jpg\" \/>\n\t<meta property=\"og:image:width\" content=\"640\" \/>\n\t<meta property=\"og:image:height\" content=\"480\" \/>\n\t<meta property=\"og:image:type\" content=\"image\/jpeg\" \/>\n<meta name=\"author\" content=\"Cl\u00e9ment\" \/>\n<meta name=\"twitter:card\" content=\"summary_large_image\" \/>\n<meta name=\"twitter:creator\" content=\"@FootdavantFr\" \/>\n<meta name=\"twitter:site\" content=\"@FootdavantFr\" \/>\n<meta name=\"twitter:label1\" content=\"\u00c9crit par\" \/>\n\t<meta name=\"twitter:data1\" content=\"Cl\u00e9ment\" \/>\n\t<meta name=\"twitter:label2\" content=\"Dur\u00e9e de lecture estim\u00e9e\" \/>\n\t<meta name=\"twitter:data2\" content=\"3 minutes\" \/>\n<script type=\"application\/ld+json\" class=\"yoast-schema-graph\">{\"@context\":\"https:\/\/schema.org\",\"@graph\":[{\"@type\":\"Article\",\"@id\":\"https:\/\/footdavant.fr\/actualites\/blessure-a-chelsea-liste-des-suspensions-et-dates-de-retour-pour-lajax-mises-a-jour-de-cole-palmer-benoit-badiashile-et-joao-pedro\/#article\",\"isPartOf\":{\"@id\":\"https:\/\/footdavant.fr\/actualites\/blessure-a-chelsea-liste-des-suspensions-et-dates-de-retour-pour-lajax-mises-a-jour-de-cole-palmer-benoit-badiashile-et-joao-pedro\/\"},\"author\":{\"name\":\"Cl\u00e9ment\",\"@id\":\"https:\/\/footdavant.fr\/actualites\/#\/schema\/person\/bc222566d95871b37e597b3ed3ba5e1d\"},\"headline\":\"Blessure \u00e0 Chelsea, liste des suspensions et dates de retour pour l&#39;Ajax : mises \u00e0 jour de Cole Palmer, Benoit Badiashile et Joao Pedro\",\"datePublished\":\"2025-10-23T19:48:05+00:00\",\"dateModified\":\"2025-10-23T19:48:06+00:00\",\"mainEntityOfPage\":{\"@id\":\"https:\/\/footdavant.fr\/actualites\/blessure-a-chelsea-liste-des-suspensions-et-dates-de-retour-pour-lajax-mises-a-jour-de-cole-palmer-benoit-badiashile-et-joao-pedro\/\"},\"wordCount\":641,\"publisher\":{\"@id\":\"https:\/\/footdavant.fr\/actualites\/#organization\"},\"keywords\":[\"Badiashile\",\"Benoit\",\"Blessure\",\"Chelsea\",\"Cole\",\"Dates\",\"des\",\"Joao\",\"jour\",\"l39Ajax\",\"liste\",\"Mises\",\"Palmer\",\"Pedro\",\"pour\",\"retour\",\"suspensions\"],\"articleSection\":[\"Champions League\"],\"inLanguage\":\"fr-FR\"},{\"@type\":\"WebPage\",\"@id\":\"https:\/\/footdavant.fr\/actualites\/blessure-a-chelsea-liste-des-suspensions-et-dates-de-retour-pour-lajax-mises-a-jour-de-cole-palmer-benoit-badiashile-et-joao-pedro\/\",\"url\":\"https:\/\/footdavant.fr\/actualites\/blessure-a-chelsea-liste-des-suspensions-et-dates-de-retour-pour-lajax-mises-a-jour-de-cole-palmer-benoit-badiashile-et-joao-pedro\/\",\"name\":\"Blessure \u00e0 Chelsea, liste des suspensions et dates de retour pour l&#39;Ajax : mises \u00e0 jour de Cole Palmer, Benoit Badiashile et Joao Pedro\",\"isPartOf\":{\"@id\":\"https:\/\/footdavant.fr\/actualites\/#website\"},\"datePublished\":\"2025-10-23T19:48:05+00:00\",\"dateModified\":\"2025-10-23T19:48:06+00:00\",\"breadcrumb\":{\"@id\":\"https:\/\/footdavant.fr\/actualites\/blessure-a-chelsea-liste-des-suspensions-et-dates-de-retour-pour-lajax-mises-a-jour-de-cole-palmer-benoit-badiashile-et-joao-pedro\/#breadcrumb\"},\"inLanguage\":\"fr-FR\",\"potentialAction\":[{\"@type\":\"ReadAction\",\"target\":[\"https:\/\/footdavant.fr\/actualites\/blessure-a-chelsea-liste-des-suspensions-et-dates-de-retour-pour-lajax-mises-a-jour-de-cole-palmer-benoit-badiashile-et-joao-pedro\/\"]}]},{\"@type\":\"BreadcrumbList\",\"@id\":\"https:\/\/footdavant.fr\/actualites\/blessure-a-chelsea-liste-des-suspensions-et-dates-de-retour-pour-lajax-mises-a-jour-de-cole-palmer-benoit-badiashile-et-joao-pedro\/#breadcrumb\",\"itemListElement\":[{\"@type\":\"ListItem\",\"position\":1,\"name\":\"Accueil\",\"item\":\"https:\/\/footdavant.fr\/actualites\/\"},{\"@type\":\"ListItem\",\"position\":2,\"name\":\"Blessure \u00e0 Chelsea, liste des suspensions et dates de retour pour l&#39;Ajax : mises \u00e0 jour de Cole Palmer, Benoit Badiashile et Joao Pedro\"}]},{\"@type\":\"WebSite\",\"@id\":\"https:\/\/footdavant.fr\/actualites\/#website\",\"url\":\"https:\/\/footdavant.fr\/actualites\/\",\"name\":\"Foot d'avant\",\"description\":\"\",\"publisher\":{\"@id\":\"https:\/\/footdavant.fr\/actualites\/#organization\"},\"potentialAction\":[{\"@type\":\"SearchAction\",\"target\":{\"@type\":\"EntryPoint\",\"urlTemplate\":\"https:\/\/footdavant.fr\/actualites\/?s={search_term_string}\"},\"query-input\":\"required name=search_term_string\"}],\"inLanguage\":\"fr-FR\"},{\"@type\":\"Organization\",\"@id\":\"https:\/\/footdavant.fr\/actualites\/#organization\",\"name\":\"Foot d'avant\",\"url\":\"https:\/\/footdavant.fr\/actualites\/\",\"logo\":{\"@type\":\"ImageObject\",\"inLanguage\":\"fr-FR\",\"@id\":\"https:\/\/footdavant.fr\/actualites\/#\/schema\/logo\/image\/\",\"url\":\"https:\/\/footdavant.fr\/actualites\/wp-content\/uploads\/2023\/09\/Copy-of-FootDavant-Logo.png\",\"contentUrl\":\"https:\/\/footdavant.fr\/actualites\/wp-content\/uploads\/2023\/09\/Copy-of-FootDavant-Logo.png\",\"width\":936,\"height\":549,\"caption\":\"Foot d'avant\"},\"image\":{\"@id\":\"https:\/\/footdavant.fr\/actualites\/#\/schema\/logo\/image\/\"},\"sameAs\":[\"https:\/\/www.facebook.com\/Footdavant\/\",\"https:\/\/twitter.com\/FootdavantFr\",\"https:\/\/www.instagram.com\/footdavant.fr\/\"]},{\"@type\":\"Person\",\"@id\":\"https:\/\/footdavant.fr\/actualites\/#\/schema\/person\/bc222566d95871b37e597b3ed3ba5e1d\",\"name\":\"Cl\u00e9ment\",\"image\":{\"@type\":\"ImageObject\",\"inLanguage\":\"fr-FR\",\"@id\":\"https:\/\/footdavant.fr\/actualites\/#\/schema\/person\/image\/\",\"url\":\"https:\/\/secure.gravatar.com\/avatar\/7728b29aac2719421e1a9159b2254c44?s=96&d=mm&r=g\",\"contentUrl\":\"https:\/\/secure.gravatar.com\/avatar\/7728b29aac2719421e1a9159b2254c44?s=96&d=mm&r=g\",\"caption\":\"Cl\u00e9ment\"},\"sameAs\":[\"https:\/\/footdavant.fr\/\"]}]}<\/script>\n<!-- \/ Yoast SEO plugin. -->","yoast_head_json":{"title":"Blessure \u00e0 Chelsea, liste des suspensions et dates de retour pour l&#39;Ajax : mises \u00e0 jour de Cole Palmer, Benoit Badiashile et Joao Pedro","robots":{"index":"index","follow":"follow","max-snippet":"max-snippet:-1","max-image-preview":"max-image-preview:large","max-video-preview":"max-video-preview:-1"},"canonical":"https:\/\/footdavant.fr\/actualites\/blessure-a-chelsea-liste-des-suspensions-et-dates-de-retour-pour-lajax-mises-a-jour-de-cole-palmer-benoit-badiashile-et-joao-pedro\/","og_locale":"fr_FR","og_type":"article","og_title":"Blessure \u00e0 Chelsea, liste des suspensions et dates de retour pour l&#39;Ajax : mises \u00e0 jour de Cole Palmer, Benoit Badiashile et Joao Pedro","og_description":"Sports Mole compl\u00e8te la liste des blessures et des suspensions de Chelsea avant le match de Ligue des champions de mercredi contre l&#39;Ajax \u00e0 Stamford","og_url":"https:\/\/footdavant.fr\/actualites\/blessure-a-chelsea-liste-des-suspensions-et-dates-de-retour-pour-lajax-mises-a-jour-de-cole-palmer-benoit-badiashile-et-joao-pedro\/","og_site_name":"Foot d&#039;avant","article_publisher":"https:\/\/www.facebook.com\/Footdavant\/","article_published_time":"2025-10-23T19:48:05+00:00","article_modified_time":"2025-10-23T19:48:06+00:00","og_image":[{"width":640,"height":480,"url":"https:\/\/footdavant.fr\/actualites\/wp-content\/uploads\/2025\/10\/Blessure-a-Chelsea-liste-des-suspensions-et-dates-de-retour.jpg","type":"image\/jpeg"}],"author":"Cl\u00e9ment","twitter_card":"summary_large_image","twitter_creator":"@FootdavantFr","twitter_site":"@FootdavantFr","twitter_misc":{"\u00c9crit par":"Cl\u00e9ment","Dur\u00e9e de lecture estim\u00e9e":"3 minutes"},"schema":{"@context":"https:\/\/schema.org","@graph":[{"@type":"Article","@id":"https:\/\/footdavant.fr\/actualites\/blessure-a-chelsea-liste-des-suspensions-et-dates-de-retour-pour-lajax-mises-a-jour-de-cole-palmer-benoit-badiashile-et-joao-pedro\/#article","isPartOf":{"@id":"https:\/\/footdavant.fr\/actualites\/blessure-a-chelsea-liste-des-suspensions-et-dates-de-retour-pour-lajax-mises-a-jour-de-cole-palmer-benoit-badiashile-et-joao-pedro\/"},"author":{"name":"Cl\u00e9ment","@id":"https:\/\/footdavant.fr\/actualites\/#\/schema\/person\/bc222566d95871b37e597b3ed3ba5e1d"},"headline":"Blessure \u00e0 Chelsea, liste des suspensions et dates de retour pour l&#39;Ajax : mises \u00e0 jour de Cole Palmer, Benoit Badiashile et Joao Pedro","datePublished":"2025-10-23T19:48:05+00:00","dateModified":"2025-10-23T19:48:06+00:00","mainEntityOfPage":{"@id":"https:\/\/footdavant.fr\/actualites\/blessure-a-chelsea-liste-des-suspensions-et-dates-de-retour-pour-lajax-mises-a-jour-de-cole-palmer-benoit-badiashile-et-joao-pedro\/"},"wordCount":641,"publisher":{"@id":"https:\/\/footdavant.fr\/actualites\/#organization"},"keywords":["Badiashile","Benoit","Blessure","Chelsea","Cole","Dates","des","Joao","jour","l39Ajax","liste","Mises","Palmer","Pedro","pour","retour","suspensions"],"articleSection":["Champions League"],"inLanguage":"fr-FR"},{"@type":"WebPage","@id":"https:\/\/footdavant.fr\/actualites\/blessure-a-chelsea-liste-des-suspensions-et-dates-de-retour-pour-lajax-mises-a-jour-de-cole-palmer-benoit-badiashile-et-joao-pedro\/","url":"https:\/\/footdavant.fr\/actualites\/blessure-a-chelsea-liste-des-suspensions-et-dates-de-retour-pour-lajax-mises-a-jour-de-cole-palmer-benoit-badiashile-et-joao-pedro\/","name":"Blessure \u00e0 Chelsea, liste des suspensions et dates de retour pour l&#39;Ajax : mises \u00e0 jour de Cole Palmer, Benoit Badiashile et Joao Pedro","isPartOf":{"@id":"https:\/\/footdavant.fr\/actualites\/#website"},"datePublished":"2025-10-23T19:48:05+00:00","dateModified":"2025-10-23T19:48:06+00:00","breadcrumb":{"@id":"https:\/\/footdavant.fr\/actualites\/blessure-a-chelsea-liste-des-suspensions-et-dates-de-retour-pour-lajax-mises-a-jour-de-cole-palmer-benoit-badiashile-et-joao-pedro\/#breadcrumb"},"inLanguage":"fr-FR","potentialAction":[{"@type":"ReadAction","target":["https:\/\/footdavant.fr\/actualites\/blessure-a-chelsea-liste-des-suspensions-et-dates-de-retour-pour-lajax-mises-a-jour-de-cole-palmer-benoit-badiashile-et-joao-pedro\/"]}]},{"@type":"BreadcrumbList","@id":"https:\/\/footdavant.fr\/actualites\/blessure-a-chelsea-liste-des-suspensions-et-dates-de-retour-pour-lajax-mises-a-jour-de-cole-palmer-benoit-badiashile-et-joao-pedro\/#breadcrumb","itemListElement":[{"@type":"ListItem","position":1,"name":"Accueil","item":"https:\/\/footdavant.fr\/actualites\/"},{"@type":"ListItem","position":2,"name":"Blessure \u00e0 Chelsea, liste des suspensions et dates de retour pour l&#39;Ajax : mises \u00e0 jour de Cole Palmer, Benoit Badiashile et Joao Pedro"}]},{"@type":"WebSite","@id":"https:\/\/footdavant.fr\/actualites\/#website","url":"https:\/\/footdavant.fr\/actualites\/","name":"Foot d'avant","description":"","publisher":{"@id":"https:\/\/footdavant.fr\/actualites\/#organization"},"potentialAction":[{"@type":"SearchAction","target":{"@type":"EntryPoint","urlTemplate":"https:\/\/footdavant.fr\/actualites\/?s={search_term_string}"},"query-input":"required name=search_term_string"}],"inLanguage":"fr-FR"},{"@type":"Organization","@id":"https:\/\/footdavant.fr\/actualites\/#organization","name":"Foot d'avant","url":"https:\/\/footdavant.fr\/actualites\/","logo":{"@type":"ImageObject","inLanguage":"fr-FR","@id":"https:\/\/footdavant.fr\/actualites\/#\/schema\/logo\/image\/","url":"https:\/\/footdavant.fr\/actualites\/wp-content\/uploads\/2023\/09\/Copy-of-FootDavant-Logo.png","contentUrl":"https:\/\/footdavant.fr\/actualites\/wp-content\/uploads\/2023\/09\/Copy-of-FootDavant-Logo.png","width":936,"height":549,"caption":"Foot d'avant"},"image":{"@id":"https:\/\/footdavant.fr\/actualites\/#\/schema\/logo\/image\/"},"sameAs":["https:\/\/www.facebook.com\/Footdavant\/","https:\/\/twitter.com\/FootdavantFr","https:\/\/www.instagram.com\/footdavant.fr\/"]},{"@type":"Person","@id":"https:\/\/footdavant.fr\/actualites\/#\/schema\/person\/bc222566d95871b37e597b3ed3ba5e1d","name":"Cl\u00e9ment","image":{"@type":"ImageObject","inLanguage":"fr-FR","@id":"https:\/\/footdavant.fr\/actualites\/#\/schema\/person\/image\/","url":"https:\/\/secure.gravatar.com\/avatar\/7728b29aac2719421e1a9159b2254c44?s=96&d=mm&r=g","contentUrl":"https:\/\/secure.gravatar.com\/avatar\/7728b29aac2719421e1a9159b2254c44?s=96&d=mm&r=g","caption":"Cl\u00e9ment"},"sameAs":["https:\/\/footdavant.fr\/"]}]}},"_links":{"self":[{"href":"https:\/\/footdavant.fr\/actualites\/wp-json\/wp\/v2\/posts\/30215"}],"collection":[{"href":"https:\/\/footdavant.fr\/actualites\/wp-json\/wp\/v2\/posts"}],"about":[{"href":"https:\/\/footdavant.fr\/actualites\/wp-json\/wp\/v2\/types\/post"}],"author":[{"embeddable":true,"href":"https:\/\/footdavant.fr\/actualites\/wp-json\/wp\/v2\/users\/1"}],"replies":[{"embeddable":true,"href":"https:\/\/footdavant.fr\/actualites\/wp-json\/wp\/v2\/comments?post=30215"}],"version-history":[{"count":1,"href":"https:\/\/footdavant.fr\/actualites\/wp-json\/wp\/v2\/posts\/30215\/revisions"}],"predecessor-version":[{"id":30217,"href":"https:\/\/footdavant.fr\/actualites\/wp-json\/wp\/v2\/posts\/30215\/revisions\/30217"}],"wp:featuredmedia":[{"embeddable":true,"href":"https:\/\/footdavant.fr\/actualites\/wp-json\/wp\/v2\/media\/30216"}],"wp:attachment":[{"href":"https:\/\/footdavant.fr\/actualites\/wp-json\/wp\/v2\/media?parent=30215"}],"wp:term":[{"taxonomy":"category","embeddable":true,"href":"https:\/\/footdavant.fr\/actualites\/wp-json\/wp\/v2\/categories?post=30215"},{"taxonomy":"post_tag","embeddable":true,"href":"https:\/\/footdavant.fr\/actualites\/wp-json\/wp\/v2\/tags?post=30215"}],"curies":[{"name":"wp","href":"https:\/\/api.w.org\/{rel}","templated":true}]}}