{"id":30226,"date":"2025-10-24T02:48:11","date_gmt":"2025-10-24T00:48:11","guid":{"rendered":"https:\/\/footdavant.fr\/actualites\/nouvelles-du-transfert-de-man-utd-le-club-europeen-bouge-les-yeux-pour-recruter-un-attaquant-de-24-ans-en-janvier\/"},"modified":"2025-10-24T02:48:15","modified_gmt":"2025-10-24T00:48:15","slug":"nouvelles-du-transfert-de-man-utd-le-club-europeen-bouge-les-yeux-pour-recruter-un-attaquant-de-24-ans-en-janvier","status":"publish","type":"post","link":"https:\/\/footdavant.fr\/actualites\/nouvelles-du-transfert-de-man-utd-le-club-europeen-bouge-les-yeux-pour-recruter-un-attaquant-de-24-ans-en-janvier\/","title":{"rendered":"Nouvelles du transfert de Man Utd\u00a0: le club europ\u00e9en \u00ab bouge les yeux \u00bb pour recruter un attaquant de 24 ans en janvier"},"content":{"rendered":"<div>\n<div class=\"article_img_img\">\n<p>\u00a9 Chaque deuxi\u00e8me m\u00e9dia \/ Imago<\/p>\n<\/div>\n<\/div>\n<p>Le Real Betis chercherait \u00e0 recruter l&#39;attaquant de Manchester United Joshua Zirkzee lors de la fen\u00eatre de transfert de janvier apr\u00e8s avoir eu du mal \u00e0 obtenir un temps de jeu r\u00e9gulier.<\/p>\n<div id=\"article_body\" itemprop=\"articleBody\">\n<h3 class=\"firstPara\"><\/h3>\n<p>Tenue de la Liga <strong class=\"autotag\">Le Real Betis chercherait \u00e0 signer <strong class=\"autotag\">L&#39;attaquant de Manchester United <strong class=\"autotag\">Joshua Zirkzee, le N\u00e9erlandais \u00e9tant susceptible de quitter Old Trafford en 2026. <\/p>\n<p>Zirkzee a connu un s\u00e9jour fantastique \u00e0 Bologne qui a incit\u00e9 Man Utd \u00e0 le signer pour un montant de 36,5 millions de livres sterling \u00e0 l&#39;\u00e9t\u00e9 2024, mais il a eu du mal \u00e0 reproduire la forme de son nouveau club. <\/p>\n<p>La saison derni\u00e8re, il n&#39;a r\u00e9ussi que sept buts et trois passes d\u00e9cisives, et a eu du mal \u00e0 trouver du temps de jeu en 2025-26 suite \u00e0 l&#39;arriv\u00e9e massive de <strong class=\"autotag\">Benjamin Sesko dans la fen\u00eatre d&#39;\u00e9t\u00e9. <\/p>\n<p>L&#39;attaquant n\u00e9erlandais n&#39;a r\u00e9ussi que trois apparitions en tant que rempla\u00e7ant, totalisant 74 minutes de jeu en Premier League, et il est apparemment frustr\u00e9 par le manque d&#39;opportunit\u00e9s. <\/p>\n<p>Avec United d\u00e9j\u00e0 hors de la Coupe EFL et sans football europ\u00e9en \u00e0 offrir, il est peu probable que la situation de Zirkzee change de sit\u00f4t. <\/p>\n<h2>Pr\u00eat oculaire au Real Betis pour Joshua Zirkzee ? <\/h2>\n<p class=\"imgI\"><img decoding=\"async\" alt=\"Joshua Zirkzee de Manchester United le 30 ao\u00fbt 2025\" class=\"vanilla-lazyload article-image\" src=\"https:\/\/footdavant.fr\/actualites\/wp-content\/uploads\/2025\/10\/1761266891_124_Nouvelles-du-transfert-de-Man-Utd-le-club-europeen.webp\"><\/p>\n<p>De toute \u00e9vidence, il est d\u00e9sormais l&#39;attaquant de deuxi\u00e8me choix du club derri\u00e8re Sesko, tandis que Ruben Amorim a de nombreuses options sous la forme de Bryan Mbeumo, Matheus Cunha, Amad Diallo, Mason Mount et Bruno Fernandes pour le r\u00f4le de num\u00e9ro 10. <\/p>\n<p>Zirkzee aurait \u00e9t\u00e9 li\u00e9 \u00e0 un d\u00e9m\u00e9nagement en Italie, les clubs de Serie A Roma et C\u00f4me se disputant sa signature. <\/p>\n<p>Selon un rapport de <em>Fiches<\/em>le club espagnol du Real Betis l&#39;a \u00e9galement d\u00e9sign\u00e9 comme cible potentielle et souhaite l&#39;amener au club andalou lors du mercato de janvier en pr\u00eat. <\/p>\n<p>Les Betis tentent de reproduire la strat\u00e9gie de transfert par laquelle ils ont sign\u00e9 Antony de Man Utd, et ils ont d\u00e9j\u00e0 eu des premiers contacts informels avec les repr\u00e9sentants du joueur au sujet d&#39;un \u00e9ventuel transfert. <\/p>\n<h2>Man Utd envisage-t-il d\u00e9j\u00e0 de remplacer Zirkzee ? <\/h2>\n<p class=\"imgI\"><img decoding=\"async\" alt=\"Mateo Retegui d&#39;Atalanta BC fait la f\u00eate le 18 janvier 2025\" class=\"vanilla-lazyload article-image\" src=\"https:\/\/footdavant.fr\/actualites\/wp-content\/uploads\/2025\/10\/Nouvelles-du-transfert-de-Man-Utd-le-club-europeen.jpg\"><\/p>\n<p>Ne vous y trompez pas, Zirkzee est un attaquant fantastique, dot\u00e9 d&#39;une excellente technique, mais la triste r\u00e9alit\u00e9 est qu&#39;il n&#39;a pas \u00e9t\u00e9 en mesure de r\u00e9pondre aux normes \u00e9lev\u00e9es requises pour prosp\u00e9rer dans un club comme United. <\/p>\n<p>Il semble que les Diables Rouges envisagent d\u00e9j\u00e0 de recruter un rempla\u00e7ant, l&#39;attaquant d&#39;Al-Qadsiah Mateo Retegui apparaissant comme une option potentielle. <\/p>\n<p>L&#39;international italien a marqu\u00e9 28 fois toutes comp\u00e9titions confondues lors de la campagne 2024-25 pour l&#39;Atalanta BC avant de rejoindre le club de la Saudi Pro League, o\u00f9 il a marqu\u00e9 trois fois en cinq apparitions jusqu&#39;\u00e0 pr\u00e9sent. <\/p>\n<\/div>\n","protected":false},"excerpt":{"rendered":"<p>\u00a9 Chaque deuxi\u00e8me m\u00e9dia \/ Imago Le Real Betis chercherait \u00e0 recruter l&#39;attaquant de Manchester United Joshua Zirkzee lors de la fen\u00eatre de transfert de<\/p>\n","protected":false},"author":1,"featured_media":30227,"comment_status":"closed","ping_status":"","sticky":false,"template":"","format":"standard","meta":{"footnotes":""},"categories":[5],"tags":[209,778,8556,333,940,166,93,24,461,51,1284,700,296,4897],"yoast_head":"<!-- This site is optimized with the Yoast SEO plugin v21.0 - https:\/\/yoast.com\/wordpress\/plugins\/seo\/ -->\n<title>Nouvelles du transfert de Man Utd\u00a0: le club europ\u00e9en \u00ab bouge les yeux \u00bb pour recruter un attaquant de 24 ans en janvier<\/title>\n<meta name=\"robots\" content=\"index, follow, max-snippet:-1, max-image-preview:large, max-video-preview:-1\" \/>\n<link rel=\"canonical\" href=\"https:\/\/footdavant.fr\/actualites\/nouvelles-du-transfert-de-man-utd-le-club-europeen-bouge-les-yeux-pour-recruter-un-attaquant-de-24-ans-en-janvier\/\" \/>\n<meta property=\"og:locale\" content=\"fr_FR\" \/>\n<meta property=\"og:type\" content=\"article\" \/>\n<meta property=\"og:title\" content=\"Nouvelles du transfert de Man Utd\u00a0: le club europ\u00e9en \u00ab bouge les yeux \u00bb pour recruter un attaquant de 24 ans en janvier\" \/>\n<meta property=\"og:description\" content=\"\u00a9 Chaque deuxi\u00e8me m\u00e9dia \/ Imago Le Real Betis chercherait \u00e0 recruter l&#039;attaquant de Manchester United Joshua Zirkzee lors de la fen\u00eatre de transfert de\" \/>\n<meta property=\"og:url\" content=\"https:\/\/footdavant.fr\/actualites\/nouvelles-du-transfert-de-man-utd-le-club-europeen-bouge-les-yeux-pour-recruter-un-attaquant-de-24-ans-en-janvier\/\" \/>\n<meta property=\"og:site_name\" content=\"Foot d&#039;avant\" \/>\n<meta property=\"article:publisher\" content=\"https:\/\/www.facebook.com\/Footdavant\/\" \/>\n<meta property=\"article:published_time\" content=\"2025-10-24T00:48:11+00:00\" \/>\n<meta property=\"article:modified_time\" content=\"2025-10-24T00:48:15+00:00\" \/>\n<meta property=\"og:image\" content=\"https:\/\/footdavant.fr\/actualites\/wp-content\/uploads\/2025\/10\/Nouvelles-du-transfert-de-Man-Utd-le-club-europeen.webp\" \/>\n\t<meta property=\"og:image:width\" content=\"640\" \/>\n\t<meta property=\"og:image:height\" content=\"480\" \/>\n\t<meta property=\"og:image:type\" content=\"image\/jpeg\" \/>\n<meta name=\"author\" content=\"Cl\u00e9ment\" \/>\n<meta name=\"twitter:card\" content=\"summary_large_image\" \/>\n<meta name=\"twitter:creator\" content=\"@FootdavantFr\" \/>\n<meta name=\"twitter:site\" content=\"@FootdavantFr\" \/>\n<meta name=\"twitter:label1\" content=\"\u00c9crit par\" \/>\n\t<meta name=\"twitter:data1\" content=\"Cl\u00e9ment\" \/>\n\t<meta name=\"twitter:label2\" content=\"Dur\u00e9e de lecture estim\u00e9e\" \/>\n\t<meta name=\"twitter:data2\" content=\"2 minutes\" \/>\n<script type=\"application\/ld+json\" class=\"yoast-schema-graph\">{\"@context\":\"https:\/\/schema.org\",\"@graph\":[{\"@type\":\"Article\",\"@id\":\"https:\/\/footdavant.fr\/actualites\/nouvelles-du-transfert-de-man-utd-le-club-europeen-bouge-les-yeux-pour-recruter-un-attaquant-de-24-ans-en-janvier\/#article\",\"isPartOf\":{\"@id\":\"https:\/\/footdavant.fr\/actualites\/nouvelles-du-transfert-de-man-utd-le-club-europeen-bouge-les-yeux-pour-recruter-un-attaquant-de-24-ans-en-janvier\/\"},\"author\":{\"name\":\"Cl\u00e9ment\",\"@id\":\"https:\/\/footdavant.fr\/actualites\/#\/schema\/person\/bc222566d95871b37e597b3ed3ba5e1d\"},\"headline\":\"Nouvelles du transfert de Man Utd\u00a0: le club europ\u00e9en \u00ab bouge les yeux \u00bb pour recruter un attaquant de 24 ans en janvier\",\"datePublished\":\"2025-10-24T00:48:11+00:00\",\"dateModified\":\"2025-10-24T00:48:15+00:00\",\"mainEntityOfPage\":{\"@id\":\"https:\/\/footdavant.fr\/actualites\/nouvelles-du-transfert-de-man-utd-le-club-europeen-bouge-les-yeux-pour-recruter-un-attaquant-de-24-ans-en-janvier\/\"},\"wordCount\":503,\"publisher\":{\"@id\":\"https:\/\/footdavant.fr\/actualites\/#organization\"},\"keywords\":[\"ans\",\"attaquant\",\"bouge\",\"club\",\"europ\u00e9en\",\"janvier\",\"les\",\"Man\",\"Nouvelles\",\"pour\",\"recruter\",\"transfert\",\"Utd\",\"yeux\"],\"articleSection\":[\"Premier League\"],\"inLanguage\":\"fr-FR\"},{\"@type\":\"WebPage\",\"@id\":\"https:\/\/footdavant.fr\/actualites\/nouvelles-du-transfert-de-man-utd-le-club-europeen-bouge-les-yeux-pour-recruter-un-attaquant-de-24-ans-en-janvier\/\",\"url\":\"https:\/\/footdavant.fr\/actualites\/nouvelles-du-transfert-de-man-utd-le-club-europeen-bouge-les-yeux-pour-recruter-un-attaquant-de-24-ans-en-janvier\/\",\"name\":\"Nouvelles du transfert de Man Utd\u00a0: le club europ\u00e9en \u00ab bouge les yeux \u00bb pour recruter un attaquant de 24 ans en janvier\",\"isPartOf\":{\"@id\":\"https:\/\/footdavant.fr\/actualites\/#website\"},\"datePublished\":\"2025-10-24T00:48:11+00:00\",\"dateModified\":\"2025-10-24T00:48:15+00:00\",\"breadcrumb\":{\"@id\":\"https:\/\/footdavant.fr\/actualites\/nouvelles-du-transfert-de-man-utd-le-club-europeen-bouge-les-yeux-pour-recruter-un-attaquant-de-24-ans-en-janvier\/#breadcrumb\"},\"inLanguage\":\"fr-FR\",\"potentialAction\":[{\"@type\":\"ReadAction\",\"target\":[\"https:\/\/footdavant.fr\/actualites\/nouvelles-du-transfert-de-man-utd-le-club-europeen-bouge-les-yeux-pour-recruter-un-attaquant-de-24-ans-en-janvier\/\"]}]},{\"@type\":\"BreadcrumbList\",\"@id\":\"https:\/\/footdavant.fr\/actualites\/nouvelles-du-transfert-de-man-utd-le-club-europeen-bouge-les-yeux-pour-recruter-un-attaquant-de-24-ans-en-janvier\/#breadcrumb\",\"itemListElement\":[{\"@type\":\"ListItem\",\"position\":1,\"name\":\"Accueil\",\"item\":\"https:\/\/footdavant.fr\/actualites\/\"},{\"@type\":\"ListItem\",\"position\":2,\"name\":\"Nouvelles du transfert de Man Utd\u00a0: le club europ\u00e9en \u00ab bouge les yeux \u00bb pour recruter un attaquant de 24 ans en janvier\"}]},{\"@type\":\"WebSite\",\"@id\":\"https:\/\/footdavant.fr\/actualites\/#website\",\"url\":\"https:\/\/footdavant.fr\/actualites\/\",\"name\":\"Foot d'avant\",\"description\":\"\",\"publisher\":{\"@id\":\"https:\/\/footdavant.fr\/actualites\/#organization\"},\"potentialAction\":[{\"@type\":\"SearchAction\",\"target\":{\"@type\":\"EntryPoint\",\"urlTemplate\":\"https:\/\/footdavant.fr\/actualites\/?s={search_term_string}\"},\"query-input\":\"required name=search_term_string\"}],\"inLanguage\":\"fr-FR\"},{\"@type\":\"Organization\",\"@id\":\"https:\/\/footdavant.fr\/actualites\/#organization\",\"name\":\"Foot d'avant\",\"url\":\"https:\/\/footdavant.fr\/actualites\/\",\"logo\":{\"@type\":\"ImageObject\",\"inLanguage\":\"fr-FR\",\"@id\":\"https:\/\/footdavant.fr\/actualites\/#\/schema\/logo\/image\/\",\"url\":\"https:\/\/footdavant.fr\/actualites\/wp-content\/uploads\/2023\/09\/Copy-of-FootDavant-Logo.png\",\"contentUrl\":\"https:\/\/footdavant.fr\/actualites\/wp-content\/uploads\/2023\/09\/Copy-of-FootDavant-Logo.png\",\"width\":936,\"height\":549,\"caption\":\"Foot d'avant\"},\"image\":{\"@id\":\"https:\/\/footdavant.fr\/actualites\/#\/schema\/logo\/image\/\"},\"sameAs\":[\"https:\/\/www.facebook.com\/Footdavant\/\",\"https:\/\/twitter.com\/FootdavantFr\",\"https:\/\/www.instagram.com\/footdavant.fr\/\"]},{\"@type\":\"Person\",\"@id\":\"https:\/\/footdavant.fr\/actualites\/#\/schema\/person\/bc222566d95871b37e597b3ed3ba5e1d\",\"name\":\"Cl\u00e9ment\",\"image\":{\"@type\":\"ImageObject\",\"inLanguage\":\"fr-FR\",\"@id\":\"https:\/\/footdavant.fr\/actualites\/#\/schema\/person\/image\/\",\"url\":\"https:\/\/secure.gravatar.com\/avatar\/7728b29aac2719421e1a9159b2254c44?s=96&d=mm&r=g\",\"contentUrl\":\"https:\/\/secure.gravatar.com\/avatar\/7728b29aac2719421e1a9159b2254c44?s=96&d=mm&r=g\",\"caption\":\"Cl\u00e9ment\"},\"sameAs\":[\"https:\/\/footdavant.fr\/\"]}]}<\/script>\n<!-- \/ Yoast SEO plugin. -->","yoast_head_json":{"title":"Nouvelles du transfert de Man Utd\u00a0: le club europ\u00e9en \u00ab bouge les yeux \u00bb pour recruter un attaquant de 24 ans en janvier","robots":{"index":"index","follow":"follow","max-snippet":"max-snippet:-1","max-image-preview":"max-image-preview:large","max-video-preview":"max-video-preview:-1"},"canonical":"https:\/\/footdavant.fr\/actualites\/nouvelles-du-transfert-de-man-utd-le-club-europeen-bouge-les-yeux-pour-recruter-un-attaquant-de-24-ans-en-janvier\/","og_locale":"fr_FR","og_type":"article","og_title":"Nouvelles du transfert de Man Utd\u00a0: le club europ\u00e9en \u00ab bouge les yeux \u00bb pour recruter un attaquant de 24 ans en janvier","og_description":"\u00a9 Chaque deuxi\u00e8me m\u00e9dia \/ Imago Le Real Betis chercherait \u00e0 recruter l&#39;attaquant de Manchester United Joshua Zirkzee lors de la fen\u00eatre de transfert de","og_url":"https:\/\/footdavant.fr\/actualites\/nouvelles-du-transfert-de-man-utd-le-club-europeen-bouge-les-yeux-pour-recruter-un-attaquant-de-24-ans-en-janvier\/","og_site_name":"Foot d&#039;avant","article_publisher":"https:\/\/www.facebook.com\/Footdavant\/","article_published_time":"2025-10-24T00:48:11+00:00","article_modified_time":"2025-10-24T00:48:15+00:00","og_image":[{"width":640,"height":480,"url":"https:\/\/footdavant.fr\/actualites\/wp-content\/uploads\/2025\/10\/Nouvelles-du-transfert-de-Man-Utd-le-club-europeen.webp","type":"image\/jpeg"}],"author":"Cl\u00e9ment","twitter_card":"summary_large_image","twitter_creator":"@FootdavantFr","twitter_site":"@FootdavantFr","twitter_misc":{"\u00c9crit par":"Cl\u00e9ment","Dur\u00e9e de lecture estim\u00e9e":"2 minutes"},"schema":{"@context":"https:\/\/schema.org","@graph":[{"@type":"Article","@id":"https:\/\/footdavant.fr\/actualites\/nouvelles-du-transfert-de-man-utd-le-club-europeen-bouge-les-yeux-pour-recruter-un-attaquant-de-24-ans-en-janvier\/#article","isPartOf":{"@id":"https:\/\/footdavant.fr\/actualites\/nouvelles-du-transfert-de-man-utd-le-club-europeen-bouge-les-yeux-pour-recruter-un-attaquant-de-24-ans-en-janvier\/"},"author":{"name":"Cl\u00e9ment","@id":"https:\/\/footdavant.fr\/actualites\/#\/schema\/person\/bc222566d95871b37e597b3ed3ba5e1d"},"headline":"Nouvelles du transfert de Man Utd\u00a0: le club europ\u00e9en \u00ab bouge les yeux \u00bb pour recruter un attaquant de 24 ans en janvier","datePublished":"2025-10-24T00:48:11+00:00","dateModified":"2025-10-24T00:48:15+00:00","mainEntityOfPage":{"@id":"https:\/\/footdavant.fr\/actualites\/nouvelles-du-transfert-de-man-utd-le-club-europeen-bouge-les-yeux-pour-recruter-un-attaquant-de-24-ans-en-janvier\/"},"wordCount":503,"publisher":{"@id":"https:\/\/footdavant.fr\/actualites\/#organization"},"keywords":["ans","attaquant","bouge","club","europ\u00e9en","janvier","les","Man","Nouvelles","pour","recruter","transfert","Utd","yeux"],"articleSection":["Premier League"],"inLanguage":"fr-FR"},{"@type":"WebPage","@id":"https:\/\/footdavant.fr\/actualites\/nouvelles-du-transfert-de-man-utd-le-club-europeen-bouge-les-yeux-pour-recruter-un-attaquant-de-24-ans-en-janvier\/","url":"https:\/\/footdavant.fr\/actualites\/nouvelles-du-transfert-de-man-utd-le-club-europeen-bouge-les-yeux-pour-recruter-un-attaquant-de-24-ans-en-janvier\/","name":"Nouvelles du transfert de Man Utd\u00a0: le club europ\u00e9en \u00ab bouge les yeux \u00bb pour recruter un attaquant de 24 ans en janvier","isPartOf":{"@id":"https:\/\/footdavant.fr\/actualites\/#website"},"datePublished":"2025-10-24T00:48:11+00:00","dateModified":"2025-10-24T00:48:15+00:00","breadcrumb":{"@id":"https:\/\/footdavant.fr\/actualites\/nouvelles-du-transfert-de-man-utd-le-club-europeen-bouge-les-yeux-pour-recruter-un-attaquant-de-24-ans-en-janvier\/#breadcrumb"},"inLanguage":"fr-FR","potentialAction":[{"@type":"ReadAction","target":["https:\/\/footdavant.fr\/actualites\/nouvelles-du-transfert-de-man-utd-le-club-europeen-bouge-les-yeux-pour-recruter-un-attaquant-de-24-ans-en-janvier\/"]}]},{"@type":"BreadcrumbList","@id":"https:\/\/footdavant.fr\/actualites\/nouvelles-du-transfert-de-man-utd-le-club-europeen-bouge-les-yeux-pour-recruter-un-attaquant-de-24-ans-en-janvier\/#breadcrumb","itemListElement":[{"@type":"ListItem","position":1,"name":"Accueil","item":"https:\/\/footdavant.fr\/actualites\/"},{"@type":"ListItem","position":2,"name":"Nouvelles du transfert de Man Utd\u00a0: le club europ\u00e9en \u00ab bouge les yeux \u00bb pour recruter un attaquant de 24 ans en janvier"}]},{"@type":"WebSite","@id":"https:\/\/footdavant.fr\/actualites\/#website","url":"https:\/\/footdavant.fr\/actualites\/","name":"Foot d'avant","description":"","publisher":{"@id":"https:\/\/footdavant.fr\/actualites\/#organization"},"potentialAction":[{"@type":"SearchAction","target":{"@type":"EntryPoint","urlTemplate":"https:\/\/footdavant.fr\/actualites\/?s={search_term_string}"},"query-input":"required name=search_term_string"}],"inLanguage":"fr-FR"},{"@type":"Organization","@id":"https:\/\/footdavant.fr\/actualites\/#organization","name":"Foot d'avant","url":"https:\/\/footdavant.fr\/actualites\/","logo":{"@type":"ImageObject","inLanguage":"fr-FR","@id":"https:\/\/footdavant.fr\/actualites\/#\/schema\/logo\/image\/","url":"https:\/\/footdavant.fr\/actualites\/wp-content\/uploads\/2023\/09\/Copy-of-FootDavant-Logo.png","contentUrl":"https:\/\/footdavant.fr\/actualites\/wp-content\/uploads\/2023\/09\/Copy-of-FootDavant-Logo.png","width":936,"height":549,"caption":"Foot d'avant"},"image":{"@id":"https:\/\/footdavant.fr\/actualites\/#\/schema\/logo\/image\/"},"sameAs":["https:\/\/www.facebook.com\/Footdavant\/","https:\/\/twitter.com\/FootdavantFr","https:\/\/www.instagram.com\/footdavant.fr\/"]},{"@type":"Person","@id":"https:\/\/footdavant.fr\/actualites\/#\/schema\/person\/bc222566d95871b37e597b3ed3ba5e1d","name":"Cl\u00e9ment","image":{"@type":"ImageObject","inLanguage":"fr-FR","@id":"https:\/\/footdavant.fr\/actualites\/#\/schema\/person\/image\/","url":"https:\/\/secure.gravatar.com\/avatar\/7728b29aac2719421e1a9159b2254c44?s=96&d=mm&r=g","contentUrl":"https:\/\/secure.gravatar.com\/avatar\/7728b29aac2719421e1a9159b2254c44?s=96&d=mm&r=g","caption":"Cl\u00e9ment"},"sameAs":["https:\/\/footdavant.fr\/"]}]}},"_links":{"self":[{"href":"https:\/\/footdavant.fr\/actualites\/wp-json\/wp\/v2\/posts\/30226"}],"collection":[{"href":"https:\/\/footdavant.fr\/actualites\/wp-json\/wp\/v2\/posts"}],"about":[{"href":"https:\/\/footdavant.fr\/actualites\/wp-json\/wp\/v2\/types\/post"}],"author":[{"embeddable":true,"href":"https:\/\/footdavant.fr\/actualites\/wp-json\/wp\/v2\/users\/1"}],"replies":[{"embeddable":true,"href":"https:\/\/footdavant.fr\/actualites\/wp-json\/wp\/v2\/comments?post=30226"}],"version-history":[{"count":1,"href":"https:\/\/footdavant.fr\/actualites\/wp-json\/wp\/v2\/posts\/30226\/revisions"}],"predecessor-version":[{"id":30228,"href":"https:\/\/footdavant.fr\/actualites\/wp-json\/wp\/v2\/posts\/30226\/revisions\/30228"}],"wp:featuredmedia":[{"embeddable":true,"href":"https:\/\/footdavant.fr\/actualites\/wp-json\/wp\/v2\/media\/30227"}],"wp:attachment":[{"href":"https:\/\/footdavant.fr\/actualites\/wp-json\/wp\/v2\/media?parent=30226"}],"wp:term":[{"taxonomy":"category","embeddable":true,"href":"https:\/\/footdavant.fr\/actualites\/wp-json\/wp\/v2\/categories?post=30226"},{"taxonomy":"post_tag","embeddable":true,"href":"https:\/\/footdavant.fr\/actualites\/wp-json\/wp\/v2\/tags?post=30226"}],"curies":[{"name":"wp","href":"https:\/\/api.w.org\/{rel}","templated":true}]}}