{"id":30232,"date":"2025-10-24T05:48:07","date_gmt":"2025-10-24T03:48:07","guid":{"rendered":"https:\/\/footdavant.fr\/actualites\/composition-de-newcastle-united-contre-benfica-xi-prevu-pour-le-choc-de-la-ligue-des-champions\/"},"modified":"2025-10-24T05:48:08","modified_gmt":"2025-10-24T03:48:08","slug":"composition-de-newcastle-united-contre-benfica-xi-prevu-pour-le-choc-de-la-ligue-des-champions","status":"publish","type":"post","link":"https:\/\/footdavant.fr\/actualites\/composition-de-newcastle-united-contre-benfica-xi-prevu-pour-le-choc-de-la-ligue-des-champions\/","title":{"rendered":"Composition de Newcastle United contre Benfica\u00a0: XI pr\u00e9vu pour le choc de la Ligue des champions"},"content":{"rendered":"<p>Sports Mole rassemble toutes les derni\u00e8res nouvelles sur les blessures et les suspensions avant le choc de la Ligue des champions de mardi contre l&#39;\u00e9quipe de Benfica de Jose Mourinho.<\/p>\n<div id=\"article_body\" itemprop=\"articleBody\">\n<p>Apr\u00e8s avoir nomm\u00e9 une formation inchang\u00e9e pour un troisi\u00e8me match cons\u00e9cutif, <strong class=\"autotag\">Le patron de Newcastle United, Eddie Howe, pourrait envisager d&#39;apporter quelques modifications \u00e0 son onze de d\u00e9part contre <strong class=\"autotag\">Benfica mardi apr\u00e8s la d\u00e9faite 2-1 de samedi \u00e0 Brighton &#038; Hove Albion.<\/p>\n<p>Milieu de terrain <strong class=\"autotag\">Joelinton et ailier <strong class=\"autotag\">Anthony Elanga \u00e9tait tous deux accro \u00e0 la mi-temps apr\u00e8s avoir eu du mal \u00e0 avoir un impact, il ne serait donc pas surprenant que <strong class=\"autotag\">Jacob Murphy et <strong class=\"autotag\">Lewis Miley figure d\u00e8s le d\u00e9part ici, \u00e9tant donn\u00e9 que les Magpies semblaient plus nets apr\u00e8s la pause.<\/p>\n<p>Howe a fait beaucoup d&#39;\u00e9loges \u00e0 l&#39;\u00e9gard de Miley apr\u00e8s son impressionnante apparition au stade AMEX, et comme Joelinton a jou\u00e9 contre Brighton alors qu&#39;il n&#39;\u00e9tait pas en pleine forme, le joueur de 19 ans pourrait se voir offrir une opportunit\u00e9 de d\u00e9part mardi. <\/p>\n<p> Cependant, <strong class=\"autotag\">Jacob Ramsey, revenu de blessure la derni\u00e8re fois, est \u00e9galement en lice pour une place au milieu du parc, tandis que Sandro Tonali et Bruno Guimaraes devraient compl\u00e9ter le trio de milieu de terrain.<\/p>\n<p>La d\u00e9fense pourrait voir un changement possible si l&#39;entra\u00eeneur d\u00e9cide de rappeler Fabian Schar dans l&#39;alignement, le d\u00e9fenseur suisse \u00e9tant titulaire pour la derni\u00e8re fois pour Newcastle contre Barcelone lors du match d&#39;ouverture de la <strong class=\"autotag\">Ligue des Champions, et s&#39;il est r\u00e9tabli sur le c\u00f4t\u00e9, l&#39;un des Sven Botman ou Malick Thiaw pourrait tomber sur le banc.<\/p>\n<p>Entre-temps, <strong class=\"autotag\">Dan Burn devrait continuer \u00e0 l&#39;arri\u00e8re gauche avec <strong class=\"autotag\">Lewis Hall (ischio-jambiers) et Tino Livramento (genou) sont toujours absents, tandis que <strong class=\"autotag\">Kieran Trippier devrait conserver sa place sur le flanc oppos\u00e9.<\/p>\n<p><strong class=\"autotag\">Nick Pope est presque certain de d\u00e9buter \u00e0 nouveau dans les buts, alors qu&#39;il en va de m\u00eame pour <strong class=\"autotag\">Nick Woltemade dans le r\u00f4le du num\u00e9ro neuf, avec <strong class=\"autotag\">Yoane Wissa toujours indisponible, et l&#39;attaquant allemand a confort\u00e9 ses pr\u00e9tentions avec un superbe but contre Brighton.<\/p>\n<p><strong class=\"autotag\">Anthony Gordon est le meilleur buteur de Newcastle en Ligue des champions cette saison avec trois buts, et l&#39;international anglais devrait conserver sa place sur l&#39;aile gauche, m\u00eame si <strong class=\"autotag\">Harvey Barnes est une autre option viable \u00e0 ce poste.<\/p>\n<p>Onze de d\u00e9part possibles de Newcastle United : Pope ; Trippier, Schar, Botman, Br\u00fbler\u00a0; Guimaraes, Tonali, Lewis\u00a0; Murphy, Woltemade, Gordon<\/p>\n<p><u>> Cliquez ici pour voir comment Newcastle United pourrait s&#39;aligner pour cette comp\u00e9tition<\/u><\/p>\n<div class=\"author_box\">\n<div class=\"author_box_banner\"> <\/div>\n<\/div>\n<\/div>\n","protected":false},"excerpt":{"rendered":"<p>Sports Mole rassemble toutes les derni\u00e8res nouvelles sur les blessures et les suspensions avant le choc de la Ligue des champions de mardi contre l&#39;\u00e9quipe<\/p>\n","protected":false},"author":1,"featured_media":30233,"comment_status":"closed","ping_status":"","sticky":false,"template":"","format":"standard","meta":{"footnotes":""},"categories":[4],"tags":[528,31,332,2291,20,12,30,22,51,3924,13],"yoast_head":"<!-- This site is optimized with the Yoast SEO plugin v21.0 - https:\/\/yoast.com\/wordpress\/plugins\/seo\/ -->\n<title>Composition de Newcastle United contre Benfica\u00a0: XI pr\u00e9vu pour le choc de la Ligue des champions<\/title>\n<meta name=\"robots\" content=\"index, follow, max-snippet:-1, max-image-preview:large, max-video-preview:-1\" \/>\n<link rel=\"canonical\" href=\"https:\/\/footdavant.fr\/actualites\/composition-de-newcastle-united-contre-benfica-xi-prevu-pour-le-choc-de-la-ligue-des-champions\/\" \/>\n<meta property=\"og:locale\" content=\"fr_FR\" \/>\n<meta property=\"og:type\" content=\"article\" \/>\n<meta property=\"og:title\" content=\"Composition de Newcastle United contre Benfica\u00a0: XI pr\u00e9vu pour le choc de la Ligue des champions\" \/>\n<meta property=\"og:description\" content=\"Sports Mole rassemble toutes les derni\u00e8res nouvelles sur les blessures et les suspensions avant le choc de la Ligue des champions de mardi contre l&#039;\u00e9quipe\" \/>\n<meta property=\"og:url\" content=\"https:\/\/footdavant.fr\/actualites\/composition-de-newcastle-united-contre-benfica-xi-prevu-pour-le-choc-de-la-ligue-des-champions\/\" \/>\n<meta property=\"og:site_name\" content=\"Foot d&#039;avant\" \/>\n<meta property=\"article:publisher\" content=\"https:\/\/www.facebook.com\/Footdavant\/\" \/>\n<meta property=\"article:published_time\" content=\"2025-10-24T03:48:07+00:00\" \/>\n<meta property=\"article:modified_time\" content=\"2025-10-24T03:48:08+00:00\" \/>\n<meta property=\"og:image\" content=\"https:\/\/footdavant.fr\/actualites\/wp-content\/uploads\/2025\/10\/Composition-de-Newcastle-United-contre-Benfica-XI-prevu-pour-le.jpg\" \/>\n\t<meta property=\"og:image:width\" content=\"640\" \/>\n\t<meta property=\"og:image:height\" content=\"480\" \/>\n\t<meta property=\"og:image:type\" content=\"image\/jpeg\" \/>\n<meta name=\"author\" content=\"Cl\u00e9ment\" \/>\n<meta name=\"twitter:card\" content=\"summary_large_image\" \/>\n<meta name=\"twitter:creator\" content=\"@FootdavantFr\" \/>\n<meta name=\"twitter:site\" content=\"@FootdavantFr\" \/>\n<meta name=\"twitter:label1\" content=\"\u00c9crit par\" \/>\n\t<meta name=\"twitter:data1\" content=\"Cl\u00e9ment\" \/>\n\t<meta name=\"twitter:label2\" content=\"Dur\u00e9e de lecture estim\u00e9e\" \/>\n\t<meta name=\"twitter:data2\" content=\"2 minutes\" \/>\n<script type=\"application\/ld+json\" class=\"yoast-schema-graph\">{\"@context\":\"https:\/\/schema.org\",\"@graph\":[{\"@type\":\"Article\",\"@id\":\"https:\/\/footdavant.fr\/actualites\/composition-de-newcastle-united-contre-benfica-xi-prevu-pour-le-choc-de-la-ligue-des-champions\/#article\",\"isPartOf\":{\"@id\":\"https:\/\/footdavant.fr\/actualites\/composition-de-newcastle-united-contre-benfica-xi-prevu-pour-le-choc-de-la-ligue-des-champions\/\"},\"author\":{\"name\":\"Cl\u00e9ment\",\"@id\":\"https:\/\/footdavant.fr\/actualites\/#\/schema\/person\/bc222566d95871b37e597b3ed3ba5e1d\"},\"headline\":\"Composition de Newcastle United contre Benfica\u00a0: XI pr\u00e9vu pour le choc de la Ligue des champions\",\"datePublished\":\"2025-10-24T03:48:07+00:00\",\"dateModified\":\"2025-10-24T03:48:08+00:00\",\"mainEntityOfPage\":{\"@id\":\"https:\/\/footdavant.fr\/actualites\/composition-de-newcastle-united-contre-benfica-xi-prevu-pour-le-choc-de-la-ligue-des-champions\/\"},\"wordCount\":462,\"publisher\":{\"@id\":\"https:\/\/footdavant.fr\/actualites\/#organization\"},\"keywords\":[\"Benfica\",\"champions\",\"choc\",\"composition\",\"contre\",\"des\",\"Ligue\",\"Newcastle\",\"pour\",\"pr\u00e9vu\",\"United\"],\"articleSection\":[\"Champions League\"],\"inLanguage\":\"fr-FR\"},{\"@type\":\"WebPage\",\"@id\":\"https:\/\/footdavant.fr\/actualites\/composition-de-newcastle-united-contre-benfica-xi-prevu-pour-le-choc-de-la-ligue-des-champions\/\",\"url\":\"https:\/\/footdavant.fr\/actualites\/composition-de-newcastle-united-contre-benfica-xi-prevu-pour-le-choc-de-la-ligue-des-champions\/\",\"name\":\"Composition de Newcastle United contre Benfica\u00a0: XI pr\u00e9vu pour le choc de la Ligue des champions\",\"isPartOf\":{\"@id\":\"https:\/\/footdavant.fr\/actualites\/#website\"},\"datePublished\":\"2025-10-24T03:48:07+00:00\",\"dateModified\":\"2025-10-24T03:48:08+00:00\",\"breadcrumb\":{\"@id\":\"https:\/\/footdavant.fr\/actualites\/composition-de-newcastle-united-contre-benfica-xi-prevu-pour-le-choc-de-la-ligue-des-champions\/#breadcrumb\"},\"inLanguage\":\"fr-FR\",\"potentialAction\":[{\"@type\":\"ReadAction\",\"target\":[\"https:\/\/footdavant.fr\/actualites\/composition-de-newcastle-united-contre-benfica-xi-prevu-pour-le-choc-de-la-ligue-des-champions\/\"]}]},{\"@type\":\"BreadcrumbList\",\"@id\":\"https:\/\/footdavant.fr\/actualites\/composition-de-newcastle-united-contre-benfica-xi-prevu-pour-le-choc-de-la-ligue-des-champions\/#breadcrumb\",\"itemListElement\":[{\"@type\":\"ListItem\",\"position\":1,\"name\":\"Accueil\",\"item\":\"https:\/\/footdavant.fr\/actualites\/\"},{\"@type\":\"ListItem\",\"position\":2,\"name\":\"Composition de Newcastle United contre Benfica\u00a0: XI pr\u00e9vu pour le choc de la Ligue des champions\"}]},{\"@type\":\"WebSite\",\"@id\":\"https:\/\/footdavant.fr\/actualites\/#website\",\"url\":\"https:\/\/footdavant.fr\/actualites\/\",\"name\":\"Foot d'avant\",\"description\":\"\",\"publisher\":{\"@id\":\"https:\/\/footdavant.fr\/actualites\/#organization\"},\"potentialAction\":[{\"@type\":\"SearchAction\",\"target\":{\"@type\":\"EntryPoint\",\"urlTemplate\":\"https:\/\/footdavant.fr\/actualites\/?s={search_term_string}\"},\"query-input\":\"required name=search_term_string\"}],\"inLanguage\":\"fr-FR\"},{\"@type\":\"Organization\",\"@id\":\"https:\/\/footdavant.fr\/actualites\/#organization\",\"name\":\"Foot d'avant\",\"url\":\"https:\/\/footdavant.fr\/actualites\/\",\"logo\":{\"@type\":\"ImageObject\",\"inLanguage\":\"fr-FR\",\"@id\":\"https:\/\/footdavant.fr\/actualites\/#\/schema\/logo\/image\/\",\"url\":\"https:\/\/footdavant.fr\/actualites\/wp-content\/uploads\/2023\/09\/Copy-of-FootDavant-Logo.png\",\"contentUrl\":\"https:\/\/footdavant.fr\/actualites\/wp-content\/uploads\/2023\/09\/Copy-of-FootDavant-Logo.png\",\"width\":936,\"height\":549,\"caption\":\"Foot d'avant\"},\"image\":{\"@id\":\"https:\/\/footdavant.fr\/actualites\/#\/schema\/logo\/image\/\"},\"sameAs\":[\"https:\/\/www.facebook.com\/Footdavant\/\",\"https:\/\/twitter.com\/FootdavantFr\",\"https:\/\/www.instagram.com\/footdavant.fr\/\"]},{\"@type\":\"Person\",\"@id\":\"https:\/\/footdavant.fr\/actualites\/#\/schema\/person\/bc222566d95871b37e597b3ed3ba5e1d\",\"name\":\"Cl\u00e9ment\",\"image\":{\"@type\":\"ImageObject\",\"inLanguage\":\"fr-FR\",\"@id\":\"https:\/\/footdavant.fr\/actualites\/#\/schema\/person\/image\/\",\"url\":\"https:\/\/secure.gravatar.com\/avatar\/7728b29aac2719421e1a9159b2254c44?s=96&d=mm&r=g\",\"contentUrl\":\"https:\/\/secure.gravatar.com\/avatar\/7728b29aac2719421e1a9159b2254c44?s=96&d=mm&r=g\",\"caption\":\"Cl\u00e9ment\"},\"sameAs\":[\"https:\/\/footdavant.fr\/\"]}]}<\/script>\n<!-- \/ Yoast SEO plugin. -->","yoast_head_json":{"title":"Composition de Newcastle United contre Benfica\u00a0: XI pr\u00e9vu pour le choc de la Ligue des champions","robots":{"index":"index","follow":"follow","max-snippet":"max-snippet:-1","max-image-preview":"max-image-preview:large","max-video-preview":"max-video-preview:-1"},"canonical":"https:\/\/footdavant.fr\/actualites\/composition-de-newcastle-united-contre-benfica-xi-prevu-pour-le-choc-de-la-ligue-des-champions\/","og_locale":"fr_FR","og_type":"article","og_title":"Composition de Newcastle United contre Benfica\u00a0: XI pr\u00e9vu pour le choc de la Ligue des champions","og_description":"Sports Mole rassemble toutes les derni\u00e8res nouvelles sur les blessures et les suspensions avant le choc de la Ligue des champions de mardi contre l&#39;\u00e9quipe","og_url":"https:\/\/footdavant.fr\/actualites\/composition-de-newcastle-united-contre-benfica-xi-prevu-pour-le-choc-de-la-ligue-des-champions\/","og_site_name":"Foot d&#039;avant","article_publisher":"https:\/\/www.facebook.com\/Footdavant\/","article_published_time":"2025-10-24T03:48:07+00:00","article_modified_time":"2025-10-24T03:48:08+00:00","og_image":[{"width":640,"height":480,"url":"https:\/\/footdavant.fr\/actualites\/wp-content\/uploads\/2025\/10\/Composition-de-Newcastle-United-contre-Benfica-XI-prevu-pour-le.jpg","type":"image\/jpeg"}],"author":"Cl\u00e9ment","twitter_card":"summary_large_image","twitter_creator":"@FootdavantFr","twitter_site":"@FootdavantFr","twitter_misc":{"\u00c9crit par":"Cl\u00e9ment","Dur\u00e9e de lecture estim\u00e9e":"2 minutes"},"schema":{"@context":"https:\/\/schema.org","@graph":[{"@type":"Article","@id":"https:\/\/footdavant.fr\/actualites\/composition-de-newcastle-united-contre-benfica-xi-prevu-pour-le-choc-de-la-ligue-des-champions\/#article","isPartOf":{"@id":"https:\/\/footdavant.fr\/actualites\/composition-de-newcastle-united-contre-benfica-xi-prevu-pour-le-choc-de-la-ligue-des-champions\/"},"author":{"name":"Cl\u00e9ment","@id":"https:\/\/footdavant.fr\/actualites\/#\/schema\/person\/bc222566d95871b37e597b3ed3ba5e1d"},"headline":"Composition de Newcastle United contre Benfica\u00a0: XI pr\u00e9vu pour le choc de la Ligue des champions","datePublished":"2025-10-24T03:48:07+00:00","dateModified":"2025-10-24T03:48:08+00:00","mainEntityOfPage":{"@id":"https:\/\/footdavant.fr\/actualites\/composition-de-newcastle-united-contre-benfica-xi-prevu-pour-le-choc-de-la-ligue-des-champions\/"},"wordCount":462,"publisher":{"@id":"https:\/\/footdavant.fr\/actualites\/#organization"},"keywords":["Benfica","champions","choc","composition","contre","des","Ligue","Newcastle","pour","pr\u00e9vu","United"],"articleSection":["Champions League"],"inLanguage":"fr-FR"},{"@type":"WebPage","@id":"https:\/\/footdavant.fr\/actualites\/composition-de-newcastle-united-contre-benfica-xi-prevu-pour-le-choc-de-la-ligue-des-champions\/","url":"https:\/\/footdavant.fr\/actualites\/composition-de-newcastle-united-contre-benfica-xi-prevu-pour-le-choc-de-la-ligue-des-champions\/","name":"Composition de Newcastle United contre Benfica\u00a0: XI pr\u00e9vu pour le choc de la Ligue des champions","isPartOf":{"@id":"https:\/\/footdavant.fr\/actualites\/#website"},"datePublished":"2025-10-24T03:48:07+00:00","dateModified":"2025-10-24T03:48:08+00:00","breadcrumb":{"@id":"https:\/\/footdavant.fr\/actualites\/composition-de-newcastle-united-contre-benfica-xi-prevu-pour-le-choc-de-la-ligue-des-champions\/#breadcrumb"},"inLanguage":"fr-FR","potentialAction":[{"@type":"ReadAction","target":["https:\/\/footdavant.fr\/actualites\/composition-de-newcastle-united-contre-benfica-xi-prevu-pour-le-choc-de-la-ligue-des-champions\/"]}]},{"@type":"BreadcrumbList","@id":"https:\/\/footdavant.fr\/actualites\/composition-de-newcastle-united-contre-benfica-xi-prevu-pour-le-choc-de-la-ligue-des-champions\/#breadcrumb","itemListElement":[{"@type":"ListItem","position":1,"name":"Accueil","item":"https:\/\/footdavant.fr\/actualites\/"},{"@type":"ListItem","position":2,"name":"Composition de Newcastle United contre Benfica\u00a0: XI pr\u00e9vu pour le choc de la Ligue des champions"}]},{"@type":"WebSite","@id":"https:\/\/footdavant.fr\/actualites\/#website","url":"https:\/\/footdavant.fr\/actualites\/","name":"Foot d'avant","description":"","publisher":{"@id":"https:\/\/footdavant.fr\/actualites\/#organization"},"potentialAction":[{"@type":"SearchAction","target":{"@type":"EntryPoint","urlTemplate":"https:\/\/footdavant.fr\/actualites\/?s={search_term_string}"},"query-input":"required name=search_term_string"}],"inLanguage":"fr-FR"},{"@type":"Organization","@id":"https:\/\/footdavant.fr\/actualites\/#organization","name":"Foot d'avant","url":"https:\/\/footdavant.fr\/actualites\/","logo":{"@type":"ImageObject","inLanguage":"fr-FR","@id":"https:\/\/footdavant.fr\/actualites\/#\/schema\/logo\/image\/","url":"https:\/\/footdavant.fr\/actualites\/wp-content\/uploads\/2023\/09\/Copy-of-FootDavant-Logo.png","contentUrl":"https:\/\/footdavant.fr\/actualites\/wp-content\/uploads\/2023\/09\/Copy-of-FootDavant-Logo.png","width":936,"height":549,"caption":"Foot d'avant"},"image":{"@id":"https:\/\/footdavant.fr\/actualites\/#\/schema\/logo\/image\/"},"sameAs":["https:\/\/www.facebook.com\/Footdavant\/","https:\/\/twitter.com\/FootdavantFr","https:\/\/www.instagram.com\/footdavant.fr\/"]},{"@type":"Person","@id":"https:\/\/footdavant.fr\/actualites\/#\/schema\/person\/bc222566d95871b37e597b3ed3ba5e1d","name":"Cl\u00e9ment","image":{"@type":"ImageObject","inLanguage":"fr-FR","@id":"https:\/\/footdavant.fr\/actualites\/#\/schema\/person\/image\/","url":"https:\/\/secure.gravatar.com\/avatar\/7728b29aac2719421e1a9159b2254c44?s=96&d=mm&r=g","contentUrl":"https:\/\/secure.gravatar.com\/avatar\/7728b29aac2719421e1a9159b2254c44?s=96&d=mm&r=g","caption":"Cl\u00e9ment"},"sameAs":["https:\/\/footdavant.fr\/"]}]}},"_links":{"self":[{"href":"https:\/\/footdavant.fr\/actualites\/wp-json\/wp\/v2\/posts\/30232"}],"collection":[{"href":"https:\/\/footdavant.fr\/actualites\/wp-json\/wp\/v2\/posts"}],"about":[{"href":"https:\/\/footdavant.fr\/actualites\/wp-json\/wp\/v2\/types\/post"}],"author":[{"embeddable":true,"href":"https:\/\/footdavant.fr\/actualites\/wp-json\/wp\/v2\/users\/1"}],"replies":[{"embeddable":true,"href":"https:\/\/footdavant.fr\/actualites\/wp-json\/wp\/v2\/comments?post=30232"}],"version-history":[{"count":1,"href":"https:\/\/footdavant.fr\/actualites\/wp-json\/wp\/v2\/posts\/30232\/revisions"}],"predecessor-version":[{"id":30234,"href":"https:\/\/footdavant.fr\/actualites\/wp-json\/wp\/v2\/posts\/30232\/revisions\/30234"}],"wp:featuredmedia":[{"embeddable":true,"href":"https:\/\/footdavant.fr\/actualites\/wp-json\/wp\/v2\/media\/30233"}],"wp:attachment":[{"href":"https:\/\/footdavant.fr\/actualites\/wp-json\/wp\/v2\/media?parent=30232"}],"wp:term":[{"taxonomy":"category","embeddable":true,"href":"https:\/\/footdavant.fr\/actualites\/wp-json\/wp\/v2\/categories?post=30232"},{"taxonomy":"post_tag","embeddable":true,"href":"https:\/\/footdavant.fr\/actualites\/wp-json\/wp\/v2\/tags?post=30232"}],"curies":[{"name":"wp","href":"https:\/\/api.w.org\/{rel}","templated":true}]}}