{"id":30238,"date":"2025-10-24T08:48:03","date_gmt":"2025-10-24T06:48:03","guid":{"rendered":"https:\/\/footdavant.fr\/actualites\/comment-rafa-benitez-ma-stupefie-avant-daffronter-la-juventus\/"},"modified":"2025-10-24T08:48:05","modified_gmt":"2025-10-24T06:48:05","slug":"comment-rafa-benitez-ma-stupefie-avant-daffronter-la-juventus","status":"publish","type":"post","link":"https:\/\/footdavant.fr\/actualites\/comment-rafa-benitez-ma-stupefie-avant-daffronter-la-juventus\/","title":{"rendered":"comment Rafa Benitez m&#39;a stup\u00e9fi\u00e9 avant d&#39;affronter la Juventus"},"content":{"rendered":"<div id=\"article-body\">\n<!-- Article Start --><\/p>\n<p>L&#39;ancien gardien de Liverpool, Scott Carson, a annonc\u00e9 sa retraite du football \u2013 mais pas avant de partager une histoire inoubliable sur ses d\u00e9buts surprise en Ligue des champions sous Rafa Benitez.<\/p>\n<p>L&#39;ex-Red s&#39;est entretenu sur Fozcast avec Ben Foster, r\u00e9fl\u00e9chissant \u00e0 ses d\u00e9buts \u00e0 Anfield et au peu de communication qu&#39;il a re\u00e7ue du manager espagnol avant d&#39;\u00eatre lanc\u00e9 dans l&#39;un des plus grands matches d&#39;Europe.<\/p>\n<h2>La d\u00e9cision surprise de Benitez a laiss\u00e9 Carson stup\u00e9fait<\/h2>\n<figure class=\"wp-caption alignnone\"><picture><source type=\"image\/webp\" data- data-><\/source><\/picture><\/figure>\n<p>Carson a rappel\u00e9 : <\/p>\n<\/p>\n<p>L&#39;ancien international anglais n&#39;avait que 19 ans \u00e0 l&#39;\u00e9poque et a admis qu&#39;il l&#39;avait d\u00e9j\u00e0 fait face \u00e0 une \u00e9quipe de la Juventus compos\u00e9e d&#39;Alessandro Del Piero et de Zlatan Ibrahimovic.<\/p>\n<p>dit-il.<\/p>\n<\/p>\n<p>Cette annonce soudaine de l&#39;\u00e9quipe r\u00e9sume parfaitement ce que de nombreux anciens joueurs de Liverpool ont dit \u00e0 propos du style de gestion distant de Benitez \u2013 un th\u00e8me r\u00e9current de cette \u00e9poque.<\/p>\n<p>Lee Peltier et Adam Hammill ont \u00e9galement tous deux expliqu\u00e9 \u00e0 quel point il \u00e9tait difficile de nouer une relation avec l&#39;Espagnol au d\u00e9but de leur carri\u00e8re.<\/p>\n<h2>D&#39;Anfield \u00e0 la retraite : le long parcours footballistique de Carson<\/h2>\n<figure class=\"wp-caption alignnone\"><picture><source type=\"image\/webp\" data- data-><img loading=\"lazy\" decoding=\"async\" width=\"1500\" height=\"1000\" src=\"https:\/\/footdavant.fr\/actualites\/wp-content\/uploads\/2025\/10\/1761288483_927_comment-Rafa-Benitez-m39a-stupefie-avant-d39affronter-la-Juventus.jpg\" class=\"lazyload wp-image-279662 has-webp\" alt=\"Scott Carson dans le but de Liverpool\"  data- style=\"aspect-ratio:1500\/1000;max-width:1500px\"><\/source><\/picture><\/figure>\n<p>L&#39;homme de 39 ans a confirm\u00e9 sa retraite avec une publication sinc\u00e8re sur Instagram, \u00e9crivant : <\/p>\n<\/p>\n<p>L&#39;histoire de Carson \u00e0 Liverpool a peut-\u00eatre \u00e9t\u00e9 courte, mais son exp\u00e9rience en Ligue des champions \u00e0 seulement 19 ans reste l&#39;un des exemples les plus m\u00e9morables de l&#39;approche impr\u00e9visible de Benitez.<\/p>\n<p>Malgr\u00e9 tout ce que l&#39;Espagnol a r\u00e9alis\u00e9 avec nous, des histoires comme celle-ci soulignent pourquoi tant de joueurs l&#39;ont depuis d\u00e9crit comme brillant mais brutalement distant.<\/p>\n<p>Alors qu&#39;il raccroche ses gants, l&#39;histoire de Carson constitue un autre aper\u00e7u fascinant de ce qu&#39;\u00e9tait r\u00e9ellement la vie sous Rafa \u00e0 Melwood.<\/p>\n<\/p>\n<p><span class=\"embed-youtube\" style=\"text-align:center; display: block;\"><\/span><\/p>\n<p><!-- Article End -->\t\t\t\t<\/div>\n<p><script async src=\"\/\/www.instagram.com\/embed.js\"><\/script><\/p>\n","protected":false},"excerpt":{"rendered":"<p>L&#39;ancien gardien de Liverpool, Scott Carson, a annonc\u00e9 sa retraite du football \u2013 mais pas avant de partager une histoire inoubliable sur ses d\u00e9buts surprise<\/p>\n","protected":false},"author":1,"featured_media":30239,"comment_status":"closed","ping_status":"","sticky":false,"template":"","format":"standard","meta":{"footnotes":""},"categories":[3],"tags":[491,10832,1497,10834,711,6060,10831,10833],"yoast_head":"<!-- This site is optimized with the Yoast SEO plugin v21.0 - https:\/\/yoast.com\/wordpress\/plugins\/seo\/ -->\n<title>comment Rafa Benitez m&#039;a stup\u00e9fi\u00e9 avant d&#039;affronter la Juventus<\/title>\n<meta name=\"robots\" content=\"index, follow, max-snippet:-1, max-image-preview:large, max-video-preview:-1\" \/>\n<link rel=\"canonical\" href=\"https:\/\/footdavant.fr\/actualites\/comment-rafa-benitez-ma-stupefie-avant-daffronter-la-juventus\/\" \/>\n<meta property=\"og:locale\" content=\"fr_FR\" \/>\n<meta property=\"og:type\" content=\"article\" \/>\n<meta property=\"og:title\" content=\"comment Rafa Benitez m&#039;a stup\u00e9fi\u00e9 avant d&#039;affronter la Juventus\" \/>\n<meta property=\"og:description\" content=\"L&#039;ancien gardien de Liverpool, Scott Carson, a annonc\u00e9 sa retraite du football \u2013 mais pas avant de partager une histoire inoubliable sur ses d\u00e9buts surprise\" \/>\n<meta property=\"og:url\" content=\"https:\/\/footdavant.fr\/actualites\/comment-rafa-benitez-ma-stupefie-avant-daffronter-la-juventus\/\" \/>\n<meta property=\"og:site_name\" content=\"Foot d&#039;avant\" \/>\n<meta property=\"article:publisher\" content=\"https:\/\/www.facebook.com\/Footdavant\/\" \/>\n<meta property=\"article:published_time\" content=\"2025-10-24T06:48:03+00:00\" \/>\n<meta property=\"article:modified_time\" content=\"2025-10-24T06:48:05+00:00\" \/>\n<meta property=\"og:image\" content=\"https:\/\/footdavant.fr\/actualites\/wp-content\/uploads\/2025\/10\/1761288484_comment-Rafa-Benitez-m39a-stupefie-avant-d39affronter-la-Juventus.jpg\" \/>\n\t<meta property=\"og:image:width\" content=\"1200\" \/>\n\t<meta property=\"og:image:height\" content=\"675\" \/>\n\t<meta property=\"og:image:type\" content=\"image\/jpeg\" \/>\n<meta name=\"author\" content=\"Cl\u00e9ment\" \/>\n<meta name=\"twitter:card\" content=\"summary_large_image\" \/>\n<meta name=\"twitter:creator\" content=\"@FootdavantFr\" \/>\n<meta name=\"twitter:site\" content=\"@FootdavantFr\" \/>\n<meta name=\"twitter:label1\" content=\"\u00c9crit par\" \/>\n\t<meta name=\"twitter:data1\" content=\"Cl\u00e9ment\" \/>\n\t<meta name=\"twitter:label2\" content=\"Dur\u00e9e de lecture estim\u00e9e\" \/>\n\t<meta name=\"twitter:data2\" content=\"2 minutes\" \/>\n<script type=\"application\/ld+json\" class=\"yoast-schema-graph\">{\"@context\":\"https:\/\/schema.org\",\"@graph\":[{\"@type\":\"Article\",\"@id\":\"https:\/\/footdavant.fr\/actualites\/comment-rafa-benitez-ma-stupefie-avant-daffronter-la-juventus\/#article\",\"isPartOf\":{\"@id\":\"https:\/\/footdavant.fr\/actualites\/comment-rafa-benitez-ma-stupefie-avant-daffronter-la-juventus\/\"},\"author\":{\"name\":\"Cl\u00e9ment\",\"@id\":\"https:\/\/footdavant.fr\/actualites\/#\/schema\/person\/bc222566d95871b37e597b3ed3ba5e1d\"},\"headline\":\"comment Rafa Benitez m&#39;a stup\u00e9fi\u00e9 avant d&#39;affronter la Juventus\",\"datePublished\":\"2025-10-24T06:48:03+00:00\",\"dateModified\":\"2025-10-24T06:48:05+00:00\",\"mainEntityOfPage\":{\"@id\":\"https:\/\/footdavant.fr\/actualites\/comment-rafa-benitez-ma-stupefie-avant-daffronter-la-juventus\/\"},\"wordCount\":322,\"publisher\":{\"@id\":\"https:\/\/footdavant.fr\/actualites\/#organization\"},\"keywords\":[\"avant\",\"Benitez\",\"Comment\",\"d39affronter\",\"Juventus\",\"m39a\",\"Rafa\",\"stup\u00e9fi\u00e9\"],\"articleSection\":[\"Football\"],\"inLanguage\":\"fr-FR\"},{\"@type\":\"WebPage\",\"@id\":\"https:\/\/footdavant.fr\/actualites\/comment-rafa-benitez-ma-stupefie-avant-daffronter-la-juventus\/\",\"url\":\"https:\/\/footdavant.fr\/actualites\/comment-rafa-benitez-ma-stupefie-avant-daffronter-la-juventus\/\",\"name\":\"comment Rafa Benitez m&#39;a stup\u00e9fi\u00e9 avant d&#39;affronter la Juventus\",\"isPartOf\":{\"@id\":\"https:\/\/footdavant.fr\/actualites\/#website\"},\"datePublished\":\"2025-10-24T06:48:03+00:00\",\"dateModified\":\"2025-10-24T06:48:05+00:00\",\"breadcrumb\":{\"@id\":\"https:\/\/footdavant.fr\/actualites\/comment-rafa-benitez-ma-stupefie-avant-daffronter-la-juventus\/#breadcrumb\"},\"inLanguage\":\"fr-FR\",\"potentialAction\":[{\"@type\":\"ReadAction\",\"target\":[\"https:\/\/footdavant.fr\/actualites\/comment-rafa-benitez-ma-stupefie-avant-daffronter-la-juventus\/\"]}]},{\"@type\":\"BreadcrumbList\",\"@id\":\"https:\/\/footdavant.fr\/actualites\/comment-rafa-benitez-ma-stupefie-avant-daffronter-la-juventus\/#breadcrumb\",\"itemListElement\":[{\"@type\":\"ListItem\",\"position\":1,\"name\":\"Accueil\",\"item\":\"https:\/\/footdavant.fr\/actualites\/\"},{\"@type\":\"ListItem\",\"position\":2,\"name\":\"comment Rafa Benitez m&#39;a stup\u00e9fi\u00e9 avant d&#39;affronter la Juventus\"}]},{\"@type\":\"WebSite\",\"@id\":\"https:\/\/footdavant.fr\/actualites\/#website\",\"url\":\"https:\/\/footdavant.fr\/actualites\/\",\"name\":\"Foot d'avant\",\"description\":\"\",\"publisher\":{\"@id\":\"https:\/\/footdavant.fr\/actualites\/#organization\"},\"potentialAction\":[{\"@type\":\"SearchAction\",\"target\":{\"@type\":\"EntryPoint\",\"urlTemplate\":\"https:\/\/footdavant.fr\/actualites\/?s={search_term_string}\"},\"query-input\":\"required name=search_term_string\"}],\"inLanguage\":\"fr-FR\"},{\"@type\":\"Organization\",\"@id\":\"https:\/\/footdavant.fr\/actualites\/#organization\",\"name\":\"Foot d'avant\",\"url\":\"https:\/\/footdavant.fr\/actualites\/\",\"logo\":{\"@type\":\"ImageObject\",\"inLanguage\":\"fr-FR\",\"@id\":\"https:\/\/footdavant.fr\/actualites\/#\/schema\/logo\/image\/\",\"url\":\"https:\/\/footdavant.fr\/actualites\/wp-content\/uploads\/2023\/09\/Copy-of-FootDavant-Logo.png\",\"contentUrl\":\"https:\/\/footdavant.fr\/actualites\/wp-content\/uploads\/2023\/09\/Copy-of-FootDavant-Logo.png\",\"width\":936,\"height\":549,\"caption\":\"Foot d'avant\"},\"image\":{\"@id\":\"https:\/\/footdavant.fr\/actualites\/#\/schema\/logo\/image\/\"},\"sameAs\":[\"https:\/\/www.facebook.com\/Footdavant\/\",\"https:\/\/twitter.com\/FootdavantFr\",\"https:\/\/www.instagram.com\/footdavant.fr\/\"]},{\"@type\":\"Person\",\"@id\":\"https:\/\/footdavant.fr\/actualites\/#\/schema\/person\/bc222566d95871b37e597b3ed3ba5e1d\",\"name\":\"Cl\u00e9ment\",\"image\":{\"@type\":\"ImageObject\",\"inLanguage\":\"fr-FR\",\"@id\":\"https:\/\/footdavant.fr\/actualites\/#\/schema\/person\/image\/\",\"url\":\"https:\/\/secure.gravatar.com\/avatar\/7728b29aac2719421e1a9159b2254c44?s=96&d=mm&r=g\",\"contentUrl\":\"https:\/\/secure.gravatar.com\/avatar\/7728b29aac2719421e1a9159b2254c44?s=96&d=mm&r=g\",\"caption\":\"Cl\u00e9ment\"},\"sameAs\":[\"https:\/\/footdavant.fr\/\"]}]}<\/script>\n<!-- \/ Yoast SEO plugin. -->","yoast_head_json":{"title":"comment Rafa Benitez m&#39;a stup\u00e9fi\u00e9 avant d&#39;affronter la Juventus","robots":{"index":"index","follow":"follow","max-snippet":"max-snippet:-1","max-image-preview":"max-image-preview:large","max-video-preview":"max-video-preview:-1"},"canonical":"https:\/\/footdavant.fr\/actualites\/comment-rafa-benitez-ma-stupefie-avant-daffronter-la-juventus\/","og_locale":"fr_FR","og_type":"article","og_title":"comment Rafa Benitez m&#39;a stup\u00e9fi\u00e9 avant d&#39;affronter la Juventus","og_description":"L&#39;ancien gardien de Liverpool, Scott Carson, a annonc\u00e9 sa retraite du football \u2013 mais pas avant de partager une histoire inoubliable sur ses d\u00e9buts surprise","og_url":"https:\/\/footdavant.fr\/actualites\/comment-rafa-benitez-ma-stupefie-avant-daffronter-la-juventus\/","og_site_name":"Foot d&#039;avant","article_publisher":"https:\/\/www.facebook.com\/Footdavant\/","article_published_time":"2025-10-24T06:48:03+00:00","article_modified_time":"2025-10-24T06:48:05+00:00","og_image":[{"width":1200,"height":675,"url":"https:\/\/footdavant.fr\/actualites\/wp-content\/uploads\/2025\/10\/1761288484_comment-Rafa-Benitez-m39a-stupefie-avant-d39affronter-la-Juventus.jpg","type":"image\/jpeg"}],"author":"Cl\u00e9ment","twitter_card":"summary_large_image","twitter_creator":"@FootdavantFr","twitter_site":"@FootdavantFr","twitter_misc":{"\u00c9crit par":"Cl\u00e9ment","Dur\u00e9e de lecture estim\u00e9e":"2 minutes"},"schema":{"@context":"https:\/\/schema.org","@graph":[{"@type":"Article","@id":"https:\/\/footdavant.fr\/actualites\/comment-rafa-benitez-ma-stupefie-avant-daffronter-la-juventus\/#article","isPartOf":{"@id":"https:\/\/footdavant.fr\/actualites\/comment-rafa-benitez-ma-stupefie-avant-daffronter-la-juventus\/"},"author":{"name":"Cl\u00e9ment","@id":"https:\/\/footdavant.fr\/actualites\/#\/schema\/person\/bc222566d95871b37e597b3ed3ba5e1d"},"headline":"comment Rafa Benitez m&#39;a stup\u00e9fi\u00e9 avant d&#39;affronter la Juventus","datePublished":"2025-10-24T06:48:03+00:00","dateModified":"2025-10-24T06:48:05+00:00","mainEntityOfPage":{"@id":"https:\/\/footdavant.fr\/actualites\/comment-rafa-benitez-ma-stupefie-avant-daffronter-la-juventus\/"},"wordCount":322,"publisher":{"@id":"https:\/\/footdavant.fr\/actualites\/#organization"},"keywords":["avant","Benitez","Comment","d39affronter","Juventus","m39a","Rafa","stup\u00e9fi\u00e9"],"articleSection":["Football"],"inLanguage":"fr-FR"},{"@type":"WebPage","@id":"https:\/\/footdavant.fr\/actualites\/comment-rafa-benitez-ma-stupefie-avant-daffronter-la-juventus\/","url":"https:\/\/footdavant.fr\/actualites\/comment-rafa-benitez-ma-stupefie-avant-daffronter-la-juventus\/","name":"comment Rafa Benitez m&#39;a stup\u00e9fi\u00e9 avant d&#39;affronter la Juventus","isPartOf":{"@id":"https:\/\/footdavant.fr\/actualites\/#website"},"datePublished":"2025-10-24T06:48:03+00:00","dateModified":"2025-10-24T06:48:05+00:00","breadcrumb":{"@id":"https:\/\/footdavant.fr\/actualites\/comment-rafa-benitez-ma-stupefie-avant-daffronter-la-juventus\/#breadcrumb"},"inLanguage":"fr-FR","potentialAction":[{"@type":"ReadAction","target":["https:\/\/footdavant.fr\/actualites\/comment-rafa-benitez-ma-stupefie-avant-daffronter-la-juventus\/"]}]},{"@type":"BreadcrumbList","@id":"https:\/\/footdavant.fr\/actualites\/comment-rafa-benitez-ma-stupefie-avant-daffronter-la-juventus\/#breadcrumb","itemListElement":[{"@type":"ListItem","position":1,"name":"Accueil","item":"https:\/\/footdavant.fr\/actualites\/"},{"@type":"ListItem","position":2,"name":"comment Rafa Benitez m&#39;a stup\u00e9fi\u00e9 avant d&#39;affronter la Juventus"}]},{"@type":"WebSite","@id":"https:\/\/footdavant.fr\/actualites\/#website","url":"https:\/\/footdavant.fr\/actualites\/","name":"Foot d'avant","description":"","publisher":{"@id":"https:\/\/footdavant.fr\/actualites\/#organization"},"potentialAction":[{"@type":"SearchAction","target":{"@type":"EntryPoint","urlTemplate":"https:\/\/footdavant.fr\/actualites\/?s={search_term_string}"},"query-input":"required name=search_term_string"}],"inLanguage":"fr-FR"},{"@type":"Organization","@id":"https:\/\/footdavant.fr\/actualites\/#organization","name":"Foot d'avant","url":"https:\/\/footdavant.fr\/actualites\/","logo":{"@type":"ImageObject","inLanguage":"fr-FR","@id":"https:\/\/footdavant.fr\/actualites\/#\/schema\/logo\/image\/","url":"https:\/\/footdavant.fr\/actualites\/wp-content\/uploads\/2023\/09\/Copy-of-FootDavant-Logo.png","contentUrl":"https:\/\/footdavant.fr\/actualites\/wp-content\/uploads\/2023\/09\/Copy-of-FootDavant-Logo.png","width":936,"height":549,"caption":"Foot d'avant"},"image":{"@id":"https:\/\/footdavant.fr\/actualites\/#\/schema\/logo\/image\/"},"sameAs":["https:\/\/www.facebook.com\/Footdavant\/","https:\/\/twitter.com\/FootdavantFr","https:\/\/www.instagram.com\/footdavant.fr\/"]},{"@type":"Person","@id":"https:\/\/footdavant.fr\/actualites\/#\/schema\/person\/bc222566d95871b37e597b3ed3ba5e1d","name":"Cl\u00e9ment","image":{"@type":"ImageObject","inLanguage":"fr-FR","@id":"https:\/\/footdavant.fr\/actualites\/#\/schema\/person\/image\/","url":"https:\/\/secure.gravatar.com\/avatar\/7728b29aac2719421e1a9159b2254c44?s=96&d=mm&r=g","contentUrl":"https:\/\/secure.gravatar.com\/avatar\/7728b29aac2719421e1a9159b2254c44?s=96&d=mm&r=g","caption":"Cl\u00e9ment"},"sameAs":["https:\/\/footdavant.fr\/"]}]}},"_links":{"self":[{"href":"https:\/\/footdavant.fr\/actualites\/wp-json\/wp\/v2\/posts\/30238"}],"collection":[{"href":"https:\/\/footdavant.fr\/actualites\/wp-json\/wp\/v2\/posts"}],"about":[{"href":"https:\/\/footdavant.fr\/actualites\/wp-json\/wp\/v2\/types\/post"}],"author":[{"embeddable":true,"href":"https:\/\/footdavant.fr\/actualites\/wp-json\/wp\/v2\/users\/1"}],"replies":[{"embeddable":true,"href":"https:\/\/footdavant.fr\/actualites\/wp-json\/wp\/v2\/comments?post=30238"}],"version-history":[{"count":1,"href":"https:\/\/footdavant.fr\/actualites\/wp-json\/wp\/v2\/posts\/30238\/revisions"}],"predecessor-version":[{"id":30240,"href":"https:\/\/footdavant.fr\/actualites\/wp-json\/wp\/v2\/posts\/30238\/revisions\/30240"}],"wp:featuredmedia":[{"embeddable":true,"href":"https:\/\/footdavant.fr\/actualites\/wp-json\/wp\/v2\/media\/30239"}],"wp:attachment":[{"href":"https:\/\/footdavant.fr\/actualites\/wp-json\/wp\/v2\/media?parent=30238"}],"wp:term":[{"taxonomy":"category","embeddable":true,"href":"https:\/\/footdavant.fr\/actualites\/wp-json\/wp\/v2\/categories?post=30238"},{"taxonomy":"post_tag","embeddable":true,"href":"https:\/\/footdavant.fr\/actualites\/wp-json\/wp\/v2\/tags?post=30238"}],"curies":[{"name":"wp","href":"https:\/\/api.w.org\/{rel}","templated":true}]}}