{"id":30247,"date":"2025-10-24T12:48:11","date_gmt":"2025-10-24T10:48:11","guid":{"rendered":"https:\/\/footdavant.fr\/actualites\/darren-waller-pectoral-des-dolphins-a-ete-place-sur-lir-pour-miami\/"},"modified":"2025-10-24T12:48:12","modified_gmt":"2025-10-24T10:48:12","slug":"darren-waller-pectoral-des-dolphins-a-ete-place-sur-lir-pour-miami","status":"publish","type":"post","link":"https:\/\/footdavant.fr\/actualites\/darren-waller-pectoral-des-dolphins-a-ete-place-sur-lir-pour-miami\/","title":{"rendered":"Darren Waller (pectoral) des Dolphins a \u00e9t\u00e9 plac\u00e9 sur l&#39;IR pour Miami"},"content":{"rendered":"<div>\n<p>Le mercredi 22 octobre, Miami a annonc\u00e9 que Darren Waller avait \u00e9t\u00e9 plac\u00e9 en IR. Pas id\u00e9al pour une attaque des Dolphins qui a du mal \u00e0 passer le ballon. Waller ratera au moins les quatre prochains matchs en raison d&#39;une blessure. Miami a un laissez-passer pour la semaine 11 et Waller sera \u00e9ligible pour revenir lors de la semaine 12 contre les Saints.<\/p>\n<h2>Darren Waller est en IR avec une blessure aux pectoraux<\/h2>\n<blockquote class=\"twitter-tweet\">\n<p dir=\"ltr\" lang=\"en\">D\u00e9placements de la liste | Nous avons inscrit TE Greg Dulcich sur la liste active de l&#39;\u00e9quipe d&#39;entra\u00eenement et plac\u00e9 TE Darren Waller sur la liste de r\u00e9serve des bless\u00e9s.<\/p>\n<p>Nous avons \u00e9galement recrut\u00e9 TE Chris Myarick dans l&#39;\u00e9quipe d&#39;entra\u00eenement. <a rel=\"nofollow\" href=\"https:\/\/t.co\/XmMnsd9LXW\">pic.twitter.com\/XmMnsd9LXW<\/a><\/p>\n<p>\u2013 Dauphins de Miami (@MiamiDolphins) <a rel=\"nofollow\" href=\"https:\/\/twitter.com\/MiamiDolphins\/status\/1981034127584330192?ref_src=twsrc%5Etfw\">22 octobre 2025<\/a><\/p>\n<\/blockquote>\n<p>Suite \u00e0 sa campagne 2023 avec les Giants de New York, Darren Waller a annonc\u00e9 sa retraite. Il n&#39;a pas jou\u00e9 dans la NFL lors de la saison 2024. Cependant, Waller est sorti de sa retraite pendant l&#39;intersaison 2025 pour rejoindre les Dolphins. Pendant le camp d&#39;entra\u00eenement, Darren Waller s&#39;est bless\u00e9 \u00e0 la hanche. Cela a forc\u00e9 le joueur de 33 ans \u00e0 rater les trois premiers matchs de la saison.<\/p>\n<p>Darren Waller a fait ses d\u00e9buts avec les Dolphins lors de la semaine 4 contre les Jets. Miami a remport\u00e9 ce match 27-21. Waller a r\u00e9ussi trois attrap\u00e9s pour 27 verges et deux touch\u00e9s contre New York. Il a encha\u00een\u00e9 avec cinq attrap\u00e9s pour 78 verges et un touch\u00e9 au cours de la semaine 5. Au cours des semaines six et sept combin\u00e9es, Waller a r\u00e9ussi deux attrap\u00e9s pour 12 verges.<\/p>\n<blockquote class=\"twitter-tweet\">\n<p dir=\"ltr\" lang=\"en\">Les Dolphins ont plac\u00e9 Darren Waller en IR.<\/p>\n<p>Il est maintenant plac\u00e9 en IR depuis trois saisons cons\u00e9cutives au cours desquelles il a jou\u00e9. <a rel=\"nofollow\" href=\"https:\/\/t.co\/beEjH2z6J0\">pic.twitter.com\/beEjH2z6J0<\/a><\/p>\n<p>\u2013 Yahoo Fantasy Sports (@YahooFantasy) <a rel=\"nofollow\" href=\"https:\/\/twitter.com\/YahooFantasy\/status\/1981036817177510023?ref_src=twsrc%5Etfw\">22 octobre 2025<\/a><\/p>\n<\/blockquote>\n<p>Cependant, il a quitt\u00e9 t\u00f4t leur d\u00e9faite 31-6 lors de la semaine 7 contre les Browns en raison d&#39;une blessure pectorale. Mercredi, les Dolphins ont plac\u00e9 le v\u00e9t\u00e9ran TE sur l&#39;IR. Il ratera au moins les quatre prochains matchs. Pas id\u00e9al pour l\u2019offensive de Miami. Les ailiers rapproch\u00e9s Julian Hill et Tanner Conner verront leur temps de jeu augmenter tandis que Waller manquera de temps.<\/p>\n<p>De plus, les Dolphins ont inscrit les anciens Broncos et Giants TE sur la liste active. Dulcich a excell\u00e9 avec New York lors de la pr\u00e9-saison 2025, mais n&#39;a pas fait partie de la liste active. Apr\u00e8s avoir pass\u00e9 sept semaines dans l&#39;\u00e9quipe d&#39;entra\u00eenement, Dulcich sera sur la liste active. Dans un mouvement correspondant, les Dolphins ont recrut\u00e9 TE Chris Mayrick dans l&#39;\u00e9quipe d&#39;entra\u00eenement. Les Dolphins sont en route lors de la semaine 8 pour affronter les Falcons d&#39;Atlanta.<\/p>\n<\/p><\/div>\n<p><script async src=\"https:\/\/platform.twitter.com\/widgets.js\" charset=\"utf-8\"><\/script><\/p>\n","protected":false},"excerpt":{"rendered":"<p>Le mercredi 22 octobre, Miami a annonc\u00e9 que Darren Waller avait \u00e9t\u00e9 plac\u00e9 en IR. Pas id\u00e9al pour une attaque des Dolphins qui a du<\/p>\n","protected":false},"author":1,"featured_media":30248,"comment_status":"closed","ping_status":"","sticky":false,"template":"","format":"standard","meta":{"footnotes":""},"categories":[3],"tags":[1327,12,3059,776,6406,1272,10835,147,51,103,10275],"yoast_head":"<!-- This site is optimized with the Yoast SEO plugin v21.0 - https:\/\/yoast.com\/wordpress\/plugins\/seo\/ -->\n<title>Darren Waller (pectoral) des Dolphins a \u00e9t\u00e9 plac\u00e9 sur l&#039;IR pour Miami<\/title>\n<meta name=\"robots\" content=\"index, follow, max-snippet:-1, max-image-preview:large, max-video-preview:-1\" \/>\n<link rel=\"canonical\" href=\"https:\/\/footdavant.fr\/actualites\/darren-waller-pectoral-des-dolphins-a-ete-place-sur-lir-pour-miami\/\" \/>\n<meta property=\"og:locale\" content=\"fr_FR\" \/>\n<meta property=\"og:type\" content=\"article\" \/>\n<meta property=\"og:title\" content=\"Darren Waller (pectoral) des Dolphins a \u00e9t\u00e9 plac\u00e9 sur l&#039;IR pour Miami\" \/>\n<meta property=\"og:description\" content=\"Le mercredi 22 octobre, Miami a annonc\u00e9 que Darren Waller avait \u00e9t\u00e9 plac\u00e9 en IR. Pas id\u00e9al pour une attaque des Dolphins qui a du\" \/>\n<meta property=\"og:url\" content=\"https:\/\/footdavant.fr\/actualites\/darren-waller-pectoral-des-dolphins-a-ete-place-sur-lir-pour-miami\/\" \/>\n<meta property=\"og:site_name\" content=\"Foot d&#039;avant\" \/>\n<meta property=\"article:publisher\" content=\"https:\/\/www.facebook.com\/Footdavant\/\" \/>\n<meta property=\"article:published_time\" content=\"2025-10-24T10:48:11+00:00\" \/>\n<meta property=\"article:modified_time\" content=\"2025-10-24T10:48:12+00:00\" \/>\n<meta property=\"og:image\" content=\"https:\/\/footdavant.fr\/actualites\/wp-content\/uploads\/2025\/10\/Darren-Waller-pectoral-des-Dolphins-a-ete-place-sur-l39IR.jpg\" \/>\n\t<meta property=\"og:image:width\" content=\"820\" \/>\n\t<meta property=\"og:image:height\" content=\"461\" \/>\n\t<meta property=\"og:image:type\" content=\"image\/jpeg\" \/>\n<meta name=\"author\" content=\"Cl\u00e9ment\" \/>\n<meta name=\"twitter:card\" content=\"summary_large_image\" \/>\n<meta name=\"twitter:creator\" content=\"@FootdavantFr\" \/>\n<meta name=\"twitter:site\" content=\"@FootdavantFr\" \/>\n<meta name=\"twitter:label1\" content=\"\u00c9crit par\" \/>\n\t<meta name=\"twitter:data1\" content=\"Cl\u00e9ment\" \/>\n\t<meta name=\"twitter:label2\" content=\"Dur\u00e9e de lecture estim\u00e9e\" \/>\n\t<meta name=\"twitter:data2\" content=\"2 minutes\" \/>\n<script type=\"application\/ld+json\" class=\"yoast-schema-graph\">{\"@context\":\"https:\/\/schema.org\",\"@graph\":[{\"@type\":\"Article\",\"@id\":\"https:\/\/footdavant.fr\/actualites\/darren-waller-pectoral-des-dolphins-a-ete-place-sur-lir-pour-miami\/#article\",\"isPartOf\":{\"@id\":\"https:\/\/footdavant.fr\/actualites\/darren-waller-pectoral-des-dolphins-a-ete-place-sur-lir-pour-miami\/\"},\"author\":{\"name\":\"Cl\u00e9ment\",\"@id\":\"https:\/\/footdavant.fr\/actualites\/#\/schema\/person\/bc222566d95871b37e597b3ed3ba5e1d\"},\"headline\":\"Darren Waller (pectoral) des Dolphins a \u00e9t\u00e9 plac\u00e9 sur l&#39;IR pour Miami\",\"datePublished\":\"2025-10-24T10:48:11+00:00\",\"dateModified\":\"2025-10-24T10:48:12+00:00\",\"mainEntityOfPage\":{\"@id\":\"https:\/\/footdavant.fr\/actualites\/darren-waller-pectoral-des-dolphins-a-ete-place-sur-lir-pour-miami\/\"},\"wordCount\":483,\"publisher\":{\"@id\":\"https:\/\/footdavant.fr\/actualites\/#organization\"},\"keywords\":[\"Darren\",\"des\",\"Dolphins\",\"\u00e9t\u00e9\",\"l39IR\",\"Miami\",\"pectoral\",\"place\",\"pour\",\"sur\",\"Waller\"],\"articleSection\":[\"Football\"],\"inLanguage\":\"fr-FR\"},{\"@type\":\"WebPage\",\"@id\":\"https:\/\/footdavant.fr\/actualites\/darren-waller-pectoral-des-dolphins-a-ete-place-sur-lir-pour-miami\/\",\"url\":\"https:\/\/footdavant.fr\/actualites\/darren-waller-pectoral-des-dolphins-a-ete-place-sur-lir-pour-miami\/\",\"name\":\"Darren Waller (pectoral) des Dolphins a \u00e9t\u00e9 plac\u00e9 sur l&#39;IR pour Miami\",\"isPartOf\":{\"@id\":\"https:\/\/footdavant.fr\/actualites\/#website\"},\"datePublished\":\"2025-10-24T10:48:11+00:00\",\"dateModified\":\"2025-10-24T10:48:12+00:00\",\"breadcrumb\":{\"@id\":\"https:\/\/footdavant.fr\/actualites\/darren-waller-pectoral-des-dolphins-a-ete-place-sur-lir-pour-miami\/#breadcrumb\"},\"inLanguage\":\"fr-FR\",\"potentialAction\":[{\"@type\":\"ReadAction\",\"target\":[\"https:\/\/footdavant.fr\/actualites\/darren-waller-pectoral-des-dolphins-a-ete-place-sur-lir-pour-miami\/\"]}]},{\"@type\":\"BreadcrumbList\",\"@id\":\"https:\/\/footdavant.fr\/actualites\/darren-waller-pectoral-des-dolphins-a-ete-place-sur-lir-pour-miami\/#breadcrumb\",\"itemListElement\":[{\"@type\":\"ListItem\",\"position\":1,\"name\":\"Accueil\",\"item\":\"https:\/\/footdavant.fr\/actualites\/\"},{\"@type\":\"ListItem\",\"position\":2,\"name\":\"Darren Waller (pectoral) des Dolphins a \u00e9t\u00e9 plac\u00e9 sur l&#39;IR pour Miami\"}]},{\"@type\":\"WebSite\",\"@id\":\"https:\/\/footdavant.fr\/actualites\/#website\",\"url\":\"https:\/\/footdavant.fr\/actualites\/\",\"name\":\"Foot d'avant\",\"description\":\"\",\"publisher\":{\"@id\":\"https:\/\/footdavant.fr\/actualites\/#organization\"},\"potentialAction\":[{\"@type\":\"SearchAction\",\"target\":{\"@type\":\"EntryPoint\",\"urlTemplate\":\"https:\/\/footdavant.fr\/actualites\/?s={search_term_string}\"},\"query-input\":\"required name=search_term_string\"}],\"inLanguage\":\"fr-FR\"},{\"@type\":\"Organization\",\"@id\":\"https:\/\/footdavant.fr\/actualites\/#organization\",\"name\":\"Foot d'avant\",\"url\":\"https:\/\/footdavant.fr\/actualites\/\",\"logo\":{\"@type\":\"ImageObject\",\"inLanguage\":\"fr-FR\",\"@id\":\"https:\/\/footdavant.fr\/actualites\/#\/schema\/logo\/image\/\",\"url\":\"https:\/\/footdavant.fr\/actualites\/wp-content\/uploads\/2023\/09\/Copy-of-FootDavant-Logo.png\",\"contentUrl\":\"https:\/\/footdavant.fr\/actualites\/wp-content\/uploads\/2023\/09\/Copy-of-FootDavant-Logo.png\",\"width\":936,\"height\":549,\"caption\":\"Foot d'avant\"},\"image\":{\"@id\":\"https:\/\/footdavant.fr\/actualites\/#\/schema\/logo\/image\/\"},\"sameAs\":[\"https:\/\/www.facebook.com\/Footdavant\/\",\"https:\/\/twitter.com\/FootdavantFr\",\"https:\/\/www.instagram.com\/footdavant.fr\/\"]},{\"@type\":\"Person\",\"@id\":\"https:\/\/footdavant.fr\/actualites\/#\/schema\/person\/bc222566d95871b37e597b3ed3ba5e1d\",\"name\":\"Cl\u00e9ment\",\"image\":{\"@type\":\"ImageObject\",\"inLanguage\":\"fr-FR\",\"@id\":\"https:\/\/footdavant.fr\/actualites\/#\/schema\/person\/image\/\",\"url\":\"https:\/\/secure.gravatar.com\/avatar\/7728b29aac2719421e1a9159b2254c44?s=96&d=mm&r=g\",\"contentUrl\":\"https:\/\/secure.gravatar.com\/avatar\/7728b29aac2719421e1a9159b2254c44?s=96&d=mm&r=g\",\"caption\":\"Cl\u00e9ment\"},\"sameAs\":[\"https:\/\/footdavant.fr\/\"]}]}<\/script>\n<!-- \/ Yoast SEO plugin. -->","yoast_head_json":{"title":"Darren Waller (pectoral) des Dolphins a \u00e9t\u00e9 plac\u00e9 sur l&#39;IR pour Miami","robots":{"index":"index","follow":"follow","max-snippet":"max-snippet:-1","max-image-preview":"max-image-preview:large","max-video-preview":"max-video-preview:-1"},"canonical":"https:\/\/footdavant.fr\/actualites\/darren-waller-pectoral-des-dolphins-a-ete-place-sur-lir-pour-miami\/","og_locale":"fr_FR","og_type":"article","og_title":"Darren Waller (pectoral) des Dolphins a \u00e9t\u00e9 plac\u00e9 sur l&#39;IR pour Miami","og_description":"Le mercredi 22 octobre, Miami a annonc\u00e9 que Darren Waller avait \u00e9t\u00e9 plac\u00e9 en IR. Pas id\u00e9al pour une attaque des Dolphins qui a du","og_url":"https:\/\/footdavant.fr\/actualites\/darren-waller-pectoral-des-dolphins-a-ete-place-sur-lir-pour-miami\/","og_site_name":"Foot d&#039;avant","article_publisher":"https:\/\/www.facebook.com\/Footdavant\/","article_published_time":"2025-10-24T10:48:11+00:00","article_modified_time":"2025-10-24T10:48:12+00:00","og_image":[{"width":820,"height":461,"url":"https:\/\/footdavant.fr\/actualites\/wp-content\/uploads\/2025\/10\/Darren-Waller-pectoral-des-Dolphins-a-ete-place-sur-l39IR.jpg","type":"image\/jpeg"}],"author":"Cl\u00e9ment","twitter_card":"summary_large_image","twitter_creator":"@FootdavantFr","twitter_site":"@FootdavantFr","twitter_misc":{"\u00c9crit par":"Cl\u00e9ment","Dur\u00e9e de lecture estim\u00e9e":"2 minutes"},"schema":{"@context":"https:\/\/schema.org","@graph":[{"@type":"Article","@id":"https:\/\/footdavant.fr\/actualites\/darren-waller-pectoral-des-dolphins-a-ete-place-sur-lir-pour-miami\/#article","isPartOf":{"@id":"https:\/\/footdavant.fr\/actualites\/darren-waller-pectoral-des-dolphins-a-ete-place-sur-lir-pour-miami\/"},"author":{"name":"Cl\u00e9ment","@id":"https:\/\/footdavant.fr\/actualites\/#\/schema\/person\/bc222566d95871b37e597b3ed3ba5e1d"},"headline":"Darren Waller (pectoral) des Dolphins a \u00e9t\u00e9 plac\u00e9 sur l&#39;IR pour Miami","datePublished":"2025-10-24T10:48:11+00:00","dateModified":"2025-10-24T10:48:12+00:00","mainEntityOfPage":{"@id":"https:\/\/footdavant.fr\/actualites\/darren-waller-pectoral-des-dolphins-a-ete-place-sur-lir-pour-miami\/"},"wordCount":483,"publisher":{"@id":"https:\/\/footdavant.fr\/actualites\/#organization"},"keywords":["Darren","des","Dolphins","\u00e9t\u00e9","l39IR","Miami","pectoral","place","pour","sur","Waller"],"articleSection":["Football"],"inLanguage":"fr-FR"},{"@type":"WebPage","@id":"https:\/\/footdavant.fr\/actualites\/darren-waller-pectoral-des-dolphins-a-ete-place-sur-lir-pour-miami\/","url":"https:\/\/footdavant.fr\/actualites\/darren-waller-pectoral-des-dolphins-a-ete-place-sur-lir-pour-miami\/","name":"Darren Waller (pectoral) des Dolphins a \u00e9t\u00e9 plac\u00e9 sur l&#39;IR pour Miami","isPartOf":{"@id":"https:\/\/footdavant.fr\/actualites\/#website"},"datePublished":"2025-10-24T10:48:11+00:00","dateModified":"2025-10-24T10:48:12+00:00","breadcrumb":{"@id":"https:\/\/footdavant.fr\/actualites\/darren-waller-pectoral-des-dolphins-a-ete-place-sur-lir-pour-miami\/#breadcrumb"},"inLanguage":"fr-FR","potentialAction":[{"@type":"ReadAction","target":["https:\/\/footdavant.fr\/actualites\/darren-waller-pectoral-des-dolphins-a-ete-place-sur-lir-pour-miami\/"]}]},{"@type":"BreadcrumbList","@id":"https:\/\/footdavant.fr\/actualites\/darren-waller-pectoral-des-dolphins-a-ete-place-sur-lir-pour-miami\/#breadcrumb","itemListElement":[{"@type":"ListItem","position":1,"name":"Accueil","item":"https:\/\/footdavant.fr\/actualites\/"},{"@type":"ListItem","position":2,"name":"Darren Waller (pectoral) des Dolphins a \u00e9t\u00e9 plac\u00e9 sur l&#39;IR pour Miami"}]},{"@type":"WebSite","@id":"https:\/\/footdavant.fr\/actualites\/#website","url":"https:\/\/footdavant.fr\/actualites\/","name":"Foot d'avant","description":"","publisher":{"@id":"https:\/\/footdavant.fr\/actualites\/#organization"},"potentialAction":[{"@type":"SearchAction","target":{"@type":"EntryPoint","urlTemplate":"https:\/\/footdavant.fr\/actualites\/?s={search_term_string}"},"query-input":"required name=search_term_string"}],"inLanguage":"fr-FR"},{"@type":"Organization","@id":"https:\/\/footdavant.fr\/actualites\/#organization","name":"Foot d'avant","url":"https:\/\/footdavant.fr\/actualites\/","logo":{"@type":"ImageObject","inLanguage":"fr-FR","@id":"https:\/\/footdavant.fr\/actualites\/#\/schema\/logo\/image\/","url":"https:\/\/footdavant.fr\/actualites\/wp-content\/uploads\/2023\/09\/Copy-of-FootDavant-Logo.png","contentUrl":"https:\/\/footdavant.fr\/actualites\/wp-content\/uploads\/2023\/09\/Copy-of-FootDavant-Logo.png","width":936,"height":549,"caption":"Foot d'avant"},"image":{"@id":"https:\/\/footdavant.fr\/actualites\/#\/schema\/logo\/image\/"},"sameAs":["https:\/\/www.facebook.com\/Footdavant\/","https:\/\/twitter.com\/FootdavantFr","https:\/\/www.instagram.com\/footdavant.fr\/"]},{"@type":"Person","@id":"https:\/\/footdavant.fr\/actualites\/#\/schema\/person\/bc222566d95871b37e597b3ed3ba5e1d","name":"Cl\u00e9ment","image":{"@type":"ImageObject","inLanguage":"fr-FR","@id":"https:\/\/footdavant.fr\/actualites\/#\/schema\/person\/image\/","url":"https:\/\/secure.gravatar.com\/avatar\/7728b29aac2719421e1a9159b2254c44?s=96&d=mm&r=g","contentUrl":"https:\/\/secure.gravatar.com\/avatar\/7728b29aac2719421e1a9159b2254c44?s=96&d=mm&r=g","caption":"Cl\u00e9ment"},"sameAs":["https:\/\/footdavant.fr\/"]}]}},"_links":{"self":[{"href":"https:\/\/footdavant.fr\/actualites\/wp-json\/wp\/v2\/posts\/30247"}],"collection":[{"href":"https:\/\/footdavant.fr\/actualites\/wp-json\/wp\/v2\/posts"}],"about":[{"href":"https:\/\/footdavant.fr\/actualites\/wp-json\/wp\/v2\/types\/post"}],"author":[{"embeddable":true,"href":"https:\/\/footdavant.fr\/actualites\/wp-json\/wp\/v2\/users\/1"}],"replies":[{"embeddable":true,"href":"https:\/\/footdavant.fr\/actualites\/wp-json\/wp\/v2\/comments?post=30247"}],"version-history":[{"count":1,"href":"https:\/\/footdavant.fr\/actualites\/wp-json\/wp\/v2\/posts\/30247\/revisions"}],"predecessor-version":[{"id":30249,"href":"https:\/\/footdavant.fr\/actualites\/wp-json\/wp\/v2\/posts\/30247\/revisions\/30249"}],"wp:featuredmedia":[{"embeddable":true,"href":"https:\/\/footdavant.fr\/actualites\/wp-json\/wp\/v2\/media\/30248"}],"wp:attachment":[{"href":"https:\/\/footdavant.fr\/actualites\/wp-json\/wp\/v2\/media?parent=30247"}],"wp:term":[{"taxonomy":"category","embeddable":true,"href":"https:\/\/footdavant.fr\/actualites\/wp-json\/wp\/v2\/categories?post=30247"},{"taxonomy":"post_tag","embeddable":true,"href":"https:\/\/footdavant.fr\/actualites\/wp-json\/wp\/v2\/tags?post=30247"}],"curies":[{"name":"wp","href":"https:\/\/api.w.org\/{rel}","templated":true}]}}