{"id":30252,"date":"2025-10-24T14:48:02","date_gmt":"2025-10-24T12:48:02","guid":{"rendered":"https:\/\/footdavant.fr\/actualites\/nouvelles-du-transfert-du-real-madrid-la-position-dendrick-revelee-alors-que-les-vainqueurs-de-la-ligue-des-champions-ont-un-interet-reciproque-pour-laccord-de-janvier\/"},"modified":"2025-10-24T14:48:03","modified_gmt":"2025-10-24T12:48:03","slug":"nouvelles-du-transfert-du-real-madrid-la-position-dendrick-revelee-alors-que-les-vainqueurs-de-la-ligue-des-champions-ont-un-interet-reciproque-pour-laccord-de-janvier","status":"publish","type":"post","link":"https:\/\/footdavant.fr\/actualites\/nouvelles-du-transfert-du-real-madrid-la-position-dendrick-revelee-alors-que-les-vainqueurs-de-la-ligue-des-champions-ont-un-interet-reciproque-pour-laccord-de-janvier\/","title":{"rendered":"Nouvelles du transfert du Real Madrid : la position d&#39;Endrick r\u00e9v\u00e9l\u00e9e alors que les vainqueurs de la Ligue des champions ont un int\u00e9r\u00eat \u00ab r\u00e9ciproque \u00bb pour l&#39;accord de janvier"},"content":{"rendered":"<p>Le talent du Real Madrid, Endrick, serait pr\u00eat \u00e0 rejoindre un ancien vainqueur de la Ligue des champions en 2026 au milieu de ses luttes continues pour le temps de jeu sous Xabi Alonso.<\/p>\n<div id=\"article_body\" itemprop=\"articleBody\">\n<h3 class=\"firstPara\"><\/h3>\n<p><strong class=\"autotag\">Talents du Real Madrid <strong class=\"autotag\">Endrick serait dispos\u00e9 \u00e0 rejoindre un ancien vainqueur de la Ligue des champions en 2026 au milieu de ses luttes continues pour le temps de jeu sous <strong class=\"autotag\">Xabi Alonso.<\/p>\n<p>Le joueur de 19 ans n&#39;a pas pu faire bonne impression sous Alonso en raison d&#39;une blessure \u00e0 la cuisse, qui l&#39;a exclu des cinq premiers matchs de la saison 2025-26 en Liga et en Ligue des champions.<\/p>\n<p>Endrick est revenu de son probl\u00e8me \u00e0 la mi-septembre, mais l&#39;ancien prodige de Palmeiras est toujours n\u00e9glig\u00e9 par son entra\u00eeneur principal et n&#39;a pas jou\u00e9 une seule minute pour le Real Madrid lors de la campagne en cours.<\/p>\n<p>Le Br\u00e9silien a \u00e9t\u00e9 un rempla\u00e7ant inutilis\u00e9 lors des affrontements de Liga avec l&#39;Espanyol, Levante, l&#39;Atletico Madrid et Villarreal, ainsi que lors de la victoire 5-0 contre Kairat en Ligue des Champions, o\u00f9 il a \u00e9t\u00e9 snob\u00e9 malgr\u00e9 la confortable avance tardive du Real.<\/p>\n<p>Alonso a \u00e9t\u00e9 interrog\u00e9 sur la situation d&#39;Endrick et de son compatriote Gonzalo Garcia avant le match de dimanche en Liga contre Getafe, et l&#39;Espagnol a affirm\u00e9 que tous deux \u00e9taient pr\u00eats \u00e0 contribuer lorsqu&#39;ils \u00e9taient appel\u00e9s.<\/p>\n<p>\u00ab\u00a0Pour le moment, ce n&#39;est pas dans mes pens\u00e9es et cela ne s&#39;est pas produit\u00a0\u00bb, a d\u00e9clar\u00e9 Alonso lors d&#39;une conf\u00e9rence de presse. \u00ab\u00a0Je pense qu&#39;ils sont tous les deux pr\u00eats \u00e0 jouer dans une position avec une bonne concurrence, \u00e0 la fois pour eux-m\u00eames et pour ce que nous avons. Pour le moment, ce n&#39;est pas dans mon esprit.\u00a0\u00bb<\/p>\n<h2>Nouvelles du transfert du Real Madrid : Endrick \u00ab ouvert \u00bb \u00e0 <strong class=\"autotag\">Changement marseillais<\/h2>\n<p class=\"imgI\">\n<p>Cependant, le manque d&#39;action d&#39;Endrick a in\u00e9vitablement conduit \u00e0 \u00e9voquer un \u00e9ventuel d\u00e9part en 2026 &#8211; soit en pr\u00eat, soit d\u00e9finitivement &#8211; et un transfert vers la France pourrait \u00eatre envisag\u00e9.<\/p>\n<p>Selon <em>L&#39;Equipe <\/em>via <em>Recevez l&#39;actualit\u00e9 du football fran\u00e7ais<\/em>Marseille a conserv\u00e9 son int\u00e9r\u00eat \u00e0 recruter l&#39;attaquant n\u00e9 en 2006 &#8211; qu&#39;ils ont examin\u00e9 lors du mercato d&#39;\u00e9t\u00e9 &#8211; lorsque le march\u00e9 de janvier se pr\u00e9sentera.<\/p>\n<p>Les vainqueurs de la Ligue des Champions 1992-93 perdront face au Gabon <strong class=\"autotag\">Pierre-Emerick Aubameyang et l&#39;Alg\u00e9rie <strong class=\"autotag\">Amine Gouiri \u00e0 la Coupe d&#39;Afrique des Nations au d\u00e9but de l&#39;ann\u00e9e prochaine, et Roberto De Zerbi a apparemment d\u00e9sign\u00e9 Endrick comme le candidat id\u00e9al pour combler le vide.<\/p>\n<p>De plus, l&#39;int\u00e9r\u00eat de Marseille est partag\u00e9 par l&#39;attaquant sud-am\u00e9ricain, qui serait \u00e9galement ouvert \u00e0 un transfert \u00e0 l&#39;Orange V\u00e9lodrome, ayant d\u00e9j\u00e0 fait l&#39;objet d&#39;une approche de la part des pr\u00e9tendants au titre de Ligue 1 en juin.<\/p>\n<p>Il reste \u00e0 voir si Marseille tentera de recruter Endrick en pr\u00eat ou de mani\u00e8re permanente, mais l&#39;international br\u00e9silien cherche simplement \u00e0 augmenter son temps de jeu dans sa tentative de faire partie de l&#39;\u00e9quipe de la Sele\u00e7ao pour la Coupe du monde 2026.<\/p>\n<p>Endrick a marqu\u00e9 sept buts et en a inscrit un de plus en 37 matchs avec le Real Madrid sous le pr\u00e9d\u00e9cesseur d&#39;Alonso. <strong class=\"autotag\">Carlo Ancelotti, l&#39;actuel s\u00e9lectionneur du Br\u00e9sil, qui a exclu l&#39;adolescent de son \u00e9quipe pour les matchs amicaux d&#39;octobre contre le Japon et la Cor\u00e9e du Sud.<\/p>\n<h2>Endrick du Real Madrid pourrait-il rejoindre la Premier League ?<\/h2>\n<p class=\"imgI\"><img decoding=\"async\" alt=\"Endrick du Real Madrid c\u00e9l\u00e8bre son but contre Leganes le 5 f\u00e9vrier 2025\" class=\"vanilla-lazyload article-image\" src=\"https:\/\/footdavant.fr\/actualites\/wp-content\/uploads\/2025\/10\/1761310082_539_Nouvelles-du-transfert-du-Real-Madrid-la-position-d39Endrick.jpg\"><\/p>\n<p>Alors que Marseille semble \u00eatre en t\u00eate de file pour Endrick, un changement de Premier League a \u00e9galement \u00e9t\u00e9 discut\u00e9, avec <strong class=\"autotag\">West Ham United est \u00e9voqu\u00e9 comme une destination surprise potentielle pour l\u2019attaquant.<\/p>\n<p>La probabilit\u00e9 qu&#39;Endrick signe pour les Irons aurait \u00e9t\u00e9 r\u00e9v\u00e9l\u00e9e, parall\u00e8lement \u00e0 la position du Real Madrid sur la sortie du pr\u00eat de l&#39;ancien prodige de Palmeiras en janvier.<\/p>\n<p>M\u00eame si West Ham ne peut pas attirer Endrick au stade de Londres, d\u2019autres clubs de haut niveau ne peuvent pas \u00eatre exclus de la course en cas d\u2019\u00e9chec d\u2019un transfert \u00e0 Marseille.<\/p>\n<div class=\"author_box\">\n<div class=\"author_box_banner\"> <img decoding=\"async\" class=\"author_img\" src=\"https:\/\/footdavant.fr\/actualites\/wp-content\/uploads\/2025\/06\/1749127685_316_Equipe-de-la-Ligue-des-champions-du-tournoi-Lamine-Yamal.jpg\"><\/div>\n<\/div>\n<\/div>\n","protected":false},"excerpt":{"rendered":"<p>Le talent du Real Madrid, Endrick, serait pr\u00eat \u00e0 rejoindre un ancien vainqueur de la Ligue des champions en 2026 au milieu de ses luttes<\/p>\n","protected":false},"author":1,"featured_media":30253,"comment_status":"closed","ping_status":"","sticky":false,"template":"","format":"standard","meta":{"footnotes":""},"categories":[5],"tags":[318,31,7201,12,951,166,4350,93,30,303,461,244,2283,51,302,10836,4750,700,5835],"yoast_head":"<!-- This site is optimized with the Yoast SEO plugin v21.0 - https:\/\/yoast.com\/wordpress\/plugins\/seo\/ -->\n<title>Nouvelles du transfert du Real Madrid : la position d&#039;Endrick r\u00e9v\u00e9l\u00e9e alors que les vainqueurs de la Ligue des champions ont un int\u00e9r\u00eat \u00ab r\u00e9ciproque \u00bb pour l&#039;accord de janvier<\/title>\n<meta name=\"robots\" content=\"index, follow, max-snippet:-1, max-image-preview:large, max-video-preview:-1\" \/>\n<link rel=\"canonical\" href=\"https:\/\/footdavant.fr\/actualites\/nouvelles-du-transfert-du-real-madrid-la-position-dendrick-revelee-alors-que-les-vainqueurs-de-la-ligue-des-champions-ont-un-interet-reciproque-pour-laccord-de-janvier\/\" \/>\n<meta property=\"og:locale\" content=\"fr_FR\" \/>\n<meta property=\"og:type\" content=\"article\" \/>\n<meta property=\"og:title\" content=\"Nouvelles du transfert du Real Madrid : la position d&#039;Endrick r\u00e9v\u00e9l\u00e9e alors que les vainqueurs de la Ligue des champions ont un int\u00e9r\u00eat \u00ab r\u00e9ciproque \u00bb pour l&#039;accord de janvier\" \/>\n<meta property=\"og:description\" content=\"Le talent du Real Madrid, Endrick, serait pr\u00eat \u00e0 rejoindre un ancien vainqueur de la Ligue des champions en 2026 au milieu de ses luttes\" \/>\n<meta property=\"og:url\" content=\"https:\/\/footdavant.fr\/actualites\/nouvelles-du-transfert-du-real-madrid-la-position-dendrick-revelee-alors-que-les-vainqueurs-de-la-ligue-des-champions-ont-un-interet-reciproque-pour-laccord-de-janvier\/\" \/>\n<meta property=\"og:site_name\" content=\"Foot d&#039;avant\" \/>\n<meta property=\"article:publisher\" content=\"https:\/\/www.facebook.com\/Footdavant\/\" \/>\n<meta property=\"article:published_time\" content=\"2025-10-24T12:48:02+00:00\" \/>\n<meta property=\"article:modified_time\" content=\"2025-10-24T12:48:03+00:00\" \/>\n<meta property=\"og:image\" content=\"https:\/\/footdavant.fr\/actualites\/wp-content\/uploads\/2025\/10\/1761310083_Nouvelles-du-transfert-du-Real-Madrid-la-position-d39Endrick.jpg\" \/>\n\t<meta property=\"og:image:width\" content=\"640\" \/>\n\t<meta property=\"og:image:height\" content=\"480\" \/>\n\t<meta property=\"og:image:type\" content=\"image\/jpeg\" \/>\n<meta name=\"author\" content=\"Cl\u00e9ment\" \/>\n<meta name=\"twitter:card\" content=\"summary_large_image\" \/>\n<meta name=\"twitter:creator\" content=\"@FootdavantFr\" \/>\n<meta name=\"twitter:site\" content=\"@FootdavantFr\" \/>\n<meta name=\"twitter:label1\" content=\"\u00c9crit par\" \/>\n\t<meta name=\"twitter:data1\" content=\"Cl\u00e9ment\" \/>\n\t<meta name=\"twitter:label2\" content=\"Dur\u00e9e de lecture estim\u00e9e\" \/>\n\t<meta name=\"twitter:data2\" content=\"4 minutes\" \/>\n<script type=\"application\/ld+json\" class=\"yoast-schema-graph\">{\"@context\":\"https:\/\/schema.org\",\"@graph\":[{\"@type\":\"Article\",\"@id\":\"https:\/\/footdavant.fr\/actualites\/nouvelles-du-transfert-du-real-madrid-la-position-dendrick-revelee-alors-que-les-vainqueurs-de-la-ligue-des-champions-ont-un-interet-reciproque-pour-laccord-de-janvier\/#article\",\"isPartOf\":{\"@id\":\"https:\/\/footdavant.fr\/actualites\/nouvelles-du-transfert-du-real-madrid-la-position-dendrick-revelee-alors-que-les-vainqueurs-de-la-ligue-des-champions-ont-un-interet-reciproque-pour-laccord-de-janvier\/\"},\"author\":{\"name\":\"Cl\u00e9ment\",\"@id\":\"https:\/\/footdavant.fr\/actualites\/#\/schema\/person\/bc222566d95871b37e597b3ed3ba5e1d\"},\"headline\":\"Nouvelles du transfert du Real Madrid : la position d&#39;Endrick r\u00e9v\u00e9l\u00e9e alors que les vainqueurs de la Ligue des champions ont un int\u00e9r\u00eat \u00ab r\u00e9ciproque \u00bb pour l&#39;accord de janvier\",\"datePublished\":\"2025-10-24T12:48:02+00:00\",\"dateModified\":\"2025-10-24T12:48:03+00:00\",\"mainEntityOfPage\":{\"@id\":\"https:\/\/footdavant.fr\/actualites\/nouvelles-du-transfert-du-real-madrid-la-position-dendrick-revelee-alors-que-les-vainqueurs-de-la-ligue-des-champions-ont-un-interet-reciproque-pour-laccord-de-janvier\/\"},\"wordCount\":740,\"publisher\":{\"@id\":\"https:\/\/footdavant.fr\/actualites\/#organization\"},\"keywords\":[\"alors\",\"champions\",\"d39Endrick\",\"des\",\"int\u00e9r\u00eat\",\"janvier\",\"l39accord\",\"les\",\"Ligue\",\"Madrid\",\"Nouvelles\",\"ont\",\"position\",\"pour\",\"Real\",\"r\u00e9ciproque\",\"r\u00e9v\u00e9l\u00e9e\",\"transfert\",\"vainqueurs\"],\"articleSection\":[\"Premier League\"],\"inLanguage\":\"fr-FR\"},{\"@type\":\"WebPage\",\"@id\":\"https:\/\/footdavant.fr\/actualites\/nouvelles-du-transfert-du-real-madrid-la-position-dendrick-revelee-alors-que-les-vainqueurs-de-la-ligue-des-champions-ont-un-interet-reciproque-pour-laccord-de-janvier\/\",\"url\":\"https:\/\/footdavant.fr\/actualites\/nouvelles-du-transfert-du-real-madrid-la-position-dendrick-revelee-alors-que-les-vainqueurs-de-la-ligue-des-champions-ont-un-interet-reciproque-pour-laccord-de-janvier\/\",\"name\":\"Nouvelles du transfert du Real Madrid : la position d&#39;Endrick r\u00e9v\u00e9l\u00e9e alors que les vainqueurs de la Ligue des champions ont un int\u00e9r\u00eat \u00ab r\u00e9ciproque \u00bb pour l&#39;accord de janvier\",\"isPartOf\":{\"@id\":\"https:\/\/footdavant.fr\/actualites\/#website\"},\"datePublished\":\"2025-10-24T12:48:02+00:00\",\"dateModified\":\"2025-10-24T12:48:03+00:00\",\"breadcrumb\":{\"@id\":\"https:\/\/footdavant.fr\/actualites\/nouvelles-du-transfert-du-real-madrid-la-position-dendrick-revelee-alors-que-les-vainqueurs-de-la-ligue-des-champions-ont-un-interet-reciproque-pour-laccord-de-janvier\/#breadcrumb\"},\"inLanguage\":\"fr-FR\",\"potentialAction\":[{\"@type\":\"ReadAction\",\"target\":[\"https:\/\/footdavant.fr\/actualites\/nouvelles-du-transfert-du-real-madrid-la-position-dendrick-revelee-alors-que-les-vainqueurs-de-la-ligue-des-champions-ont-un-interet-reciproque-pour-laccord-de-janvier\/\"]}]},{\"@type\":\"BreadcrumbList\",\"@id\":\"https:\/\/footdavant.fr\/actualites\/nouvelles-du-transfert-du-real-madrid-la-position-dendrick-revelee-alors-que-les-vainqueurs-de-la-ligue-des-champions-ont-un-interet-reciproque-pour-laccord-de-janvier\/#breadcrumb\",\"itemListElement\":[{\"@type\":\"ListItem\",\"position\":1,\"name\":\"Accueil\",\"item\":\"https:\/\/footdavant.fr\/actualites\/\"},{\"@type\":\"ListItem\",\"position\":2,\"name\":\"Nouvelles du transfert du Real Madrid : la position d&#39;Endrick r\u00e9v\u00e9l\u00e9e alors que les vainqueurs de la Ligue des champions ont un int\u00e9r\u00eat \u00ab r\u00e9ciproque \u00bb pour l&#39;accord de janvier\"}]},{\"@type\":\"WebSite\",\"@id\":\"https:\/\/footdavant.fr\/actualites\/#website\",\"url\":\"https:\/\/footdavant.fr\/actualites\/\",\"name\":\"Foot d'avant\",\"description\":\"\",\"publisher\":{\"@id\":\"https:\/\/footdavant.fr\/actualites\/#organization\"},\"potentialAction\":[{\"@type\":\"SearchAction\",\"target\":{\"@type\":\"EntryPoint\",\"urlTemplate\":\"https:\/\/footdavant.fr\/actualites\/?s={search_term_string}\"},\"query-input\":\"required name=search_term_string\"}],\"inLanguage\":\"fr-FR\"},{\"@type\":\"Organization\",\"@id\":\"https:\/\/footdavant.fr\/actualites\/#organization\",\"name\":\"Foot d'avant\",\"url\":\"https:\/\/footdavant.fr\/actualites\/\",\"logo\":{\"@type\":\"ImageObject\",\"inLanguage\":\"fr-FR\",\"@id\":\"https:\/\/footdavant.fr\/actualites\/#\/schema\/logo\/image\/\",\"url\":\"https:\/\/footdavant.fr\/actualites\/wp-content\/uploads\/2023\/09\/Copy-of-FootDavant-Logo.png\",\"contentUrl\":\"https:\/\/footdavant.fr\/actualites\/wp-content\/uploads\/2023\/09\/Copy-of-FootDavant-Logo.png\",\"width\":936,\"height\":549,\"caption\":\"Foot d'avant\"},\"image\":{\"@id\":\"https:\/\/footdavant.fr\/actualites\/#\/schema\/logo\/image\/\"},\"sameAs\":[\"https:\/\/www.facebook.com\/Footdavant\/\",\"https:\/\/twitter.com\/FootdavantFr\",\"https:\/\/www.instagram.com\/footdavant.fr\/\"]},{\"@type\":\"Person\",\"@id\":\"https:\/\/footdavant.fr\/actualites\/#\/schema\/person\/bc222566d95871b37e597b3ed3ba5e1d\",\"name\":\"Cl\u00e9ment\",\"image\":{\"@type\":\"ImageObject\",\"inLanguage\":\"fr-FR\",\"@id\":\"https:\/\/footdavant.fr\/actualites\/#\/schema\/person\/image\/\",\"url\":\"https:\/\/secure.gravatar.com\/avatar\/7728b29aac2719421e1a9159b2254c44?s=96&d=mm&r=g\",\"contentUrl\":\"https:\/\/secure.gravatar.com\/avatar\/7728b29aac2719421e1a9159b2254c44?s=96&d=mm&r=g\",\"caption\":\"Cl\u00e9ment\"},\"sameAs\":[\"https:\/\/footdavant.fr\/\"]}]}<\/script>\n<!-- \/ Yoast SEO plugin. -->","yoast_head_json":{"title":"Nouvelles du transfert du Real Madrid : la position d&#39;Endrick r\u00e9v\u00e9l\u00e9e alors que les vainqueurs de la Ligue des champions ont un int\u00e9r\u00eat \u00ab r\u00e9ciproque \u00bb pour l&#39;accord de janvier","robots":{"index":"index","follow":"follow","max-snippet":"max-snippet:-1","max-image-preview":"max-image-preview:large","max-video-preview":"max-video-preview:-1"},"canonical":"https:\/\/footdavant.fr\/actualites\/nouvelles-du-transfert-du-real-madrid-la-position-dendrick-revelee-alors-que-les-vainqueurs-de-la-ligue-des-champions-ont-un-interet-reciproque-pour-laccord-de-janvier\/","og_locale":"fr_FR","og_type":"article","og_title":"Nouvelles du transfert du Real Madrid : la position d&#39;Endrick r\u00e9v\u00e9l\u00e9e alors que les vainqueurs de la Ligue des champions ont un int\u00e9r\u00eat \u00ab r\u00e9ciproque \u00bb pour l&#39;accord de janvier","og_description":"Le talent du Real Madrid, Endrick, serait pr\u00eat \u00e0 rejoindre un ancien vainqueur de la Ligue des champions en 2026 au milieu de ses luttes","og_url":"https:\/\/footdavant.fr\/actualites\/nouvelles-du-transfert-du-real-madrid-la-position-dendrick-revelee-alors-que-les-vainqueurs-de-la-ligue-des-champions-ont-un-interet-reciproque-pour-laccord-de-janvier\/","og_site_name":"Foot d&#039;avant","article_publisher":"https:\/\/www.facebook.com\/Footdavant\/","article_published_time":"2025-10-24T12:48:02+00:00","article_modified_time":"2025-10-24T12:48:03+00:00","og_image":[{"width":640,"height":480,"url":"https:\/\/footdavant.fr\/actualites\/wp-content\/uploads\/2025\/10\/1761310083_Nouvelles-du-transfert-du-Real-Madrid-la-position-d39Endrick.jpg","type":"image\/jpeg"}],"author":"Cl\u00e9ment","twitter_card":"summary_large_image","twitter_creator":"@FootdavantFr","twitter_site":"@FootdavantFr","twitter_misc":{"\u00c9crit par":"Cl\u00e9ment","Dur\u00e9e de lecture estim\u00e9e":"4 minutes"},"schema":{"@context":"https:\/\/schema.org","@graph":[{"@type":"Article","@id":"https:\/\/footdavant.fr\/actualites\/nouvelles-du-transfert-du-real-madrid-la-position-dendrick-revelee-alors-que-les-vainqueurs-de-la-ligue-des-champions-ont-un-interet-reciproque-pour-laccord-de-janvier\/#article","isPartOf":{"@id":"https:\/\/footdavant.fr\/actualites\/nouvelles-du-transfert-du-real-madrid-la-position-dendrick-revelee-alors-que-les-vainqueurs-de-la-ligue-des-champions-ont-un-interet-reciproque-pour-laccord-de-janvier\/"},"author":{"name":"Cl\u00e9ment","@id":"https:\/\/footdavant.fr\/actualites\/#\/schema\/person\/bc222566d95871b37e597b3ed3ba5e1d"},"headline":"Nouvelles du transfert du Real Madrid : la position d&#39;Endrick r\u00e9v\u00e9l\u00e9e alors que les vainqueurs de la Ligue des champions ont un int\u00e9r\u00eat \u00ab r\u00e9ciproque \u00bb pour l&#39;accord de janvier","datePublished":"2025-10-24T12:48:02+00:00","dateModified":"2025-10-24T12:48:03+00:00","mainEntityOfPage":{"@id":"https:\/\/footdavant.fr\/actualites\/nouvelles-du-transfert-du-real-madrid-la-position-dendrick-revelee-alors-que-les-vainqueurs-de-la-ligue-des-champions-ont-un-interet-reciproque-pour-laccord-de-janvier\/"},"wordCount":740,"publisher":{"@id":"https:\/\/footdavant.fr\/actualites\/#organization"},"keywords":["alors","champions","d39Endrick","des","int\u00e9r\u00eat","janvier","l39accord","les","Ligue","Madrid","Nouvelles","ont","position","pour","Real","r\u00e9ciproque","r\u00e9v\u00e9l\u00e9e","transfert","vainqueurs"],"articleSection":["Premier League"],"inLanguage":"fr-FR"},{"@type":"WebPage","@id":"https:\/\/footdavant.fr\/actualites\/nouvelles-du-transfert-du-real-madrid-la-position-dendrick-revelee-alors-que-les-vainqueurs-de-la-ligue-des-champions-ont-un-interet-reciproque-pour-laccord-de-janvier\/","url":"https:\/\/footdavant.fr\/actualites\/nouvelles-du-transfert-du-real-madrid-la-position-dendrick-revelee-alors-que-les-vainqueurs-de-la-ligue-des-champions-ont-un-interet-reciproque-pour-laccord-de-janvier\/","name":"Nouvelles du transfert du Real Madrid : la position d&#39;Endrick r\u00e9v\u00e9l\u00e9e alors que les vainqueurs de la Ligue des champions ont un int\u00e9r\u00eat \u00ab r\u00e9ciproque \u00bb pour l&#39;accord de janvier","isPartOf":{"@id":"https:\/\/footdavant.fr\/actualites\/#website"},"datePublished":"2025-10-24T12:48:02+00:00","dateModified":"2025-10-24T12:48:03+00:00","breadcrumb":{"@id":"https:\/\/footdavant.fr\/actualites\/nouvelles-du-transfert-du-real-madrid-la-position-dendrick-revelee-alors-que-les-vainqueurs-de-la-ligue-des-champions-ont-un-interet-reciproque-pour-laccord-de-janvier\/#breadcrumb"},"inLanguage":"fr-FR","potentialAction":[{"@type":"ReadAction","target":["https:\/\/footdavant.fr\/actualites\/nouvelles-du-transfert-du-real-madrid-la-position-dendrick-revelee-alors-que-les-vainqueurs-de-la-ligue-des-champions-ont-un-interet-reciproque-pour-laccord-de-janvier\/"]}]},{"@type":"BreadcrumbList","@id":"https:\/\/footdavant.fr\/actualites\/nouvelles-du-transfert-du-real-madrid-la-position-dendrick-revelee-alors-que-les-vainqueurs-de-la-ligue-des-champions-ont-un-interet-reciproque-pour-laccord-de-janvier\/#breadcrumb","itemListElement":[{"@type":"ListItem","position":1,"name":"Accueil","item":"https:\/\/footdavant.fr\/actualites\/"},{"@type":"ListItem","position":2,"name":"Nouvelles du transfert du Real Madrid : la position d&#39;Endrick r\u00e9v\u00e9l\u00e9e alors que les vainqueurs de la Ligue des champions ont un int\u00e9r\u00eat \u00ab r\u00e9ciproque \u00bb pour l&#39;accord de janvier"}]},{"@type":"WebSite","@id":"https:\/\/footdavant.fr\/actualites\/#website","url":"https:\/\/footdavant.fr\/actualites\/","name":"Foot d'avant","description":"","publisher":{"@id":"https:\/\/footdavant.fr\/actualites\/#organization"},"potentialAction":[{"@type":"SearchAction","target":{"@type":"EntryPoint","urlTemplate":"https:\/\/footdavant.fr\/actualites\/?s={search_term_string}"},"query-input":"required name=search_term_string"}],"inLanguage":"fr-FR"},{"@type":"Organization","@id":"https:\/\/footdavant.fr\/actualites\/#organization","name":"Foot d'avant","url":"https:\/\/footdavant.fr\/actualites\/","logo":{"@type":"ImageObject","inLanguage":"fr-FR","@id":"https:\/\/footdavant.fr\/actualites\/#\/schema\/logo\/image\/","url":"https:\/\/footdavant.fr\/actualites\/wp-content\/uploads\/2023\/09\/Copy-of-FootDavant-Logo.png","contentUrl":"https:\/\/footdavant.fr\/actualites\/wp-content\/uploads\/2023\/09\/Copy-of-FootDavant-Logo.png","width":936,"height":549,"caption":"Foot d'avant"},"image":{"@id":"https:\/\/footdavant.fr\/actualites\/#\/schema\/logo\/image\/"},"sameAs":["https:\/\/www.facebook.com\/Footdavant\/","https:\/\/twitter.com\/FootdavantFr","https:\/\/www.instagram.com\/footdavant.fr\/"]},{"@type":"Person","@id":"https:\/\/footdavant.fr\/actualites\/#\/schema\/person\/bc222566d95871b37e597b3ed3ba5e1d","name":"Cl\u00e9ment","image":{"@type":"ImageObject","inLanguage":"fr-FR","@id":"https:\/\/footdavant.fr\/actualites\/#\/schema\/person\/image\/","url":"https:\/\/secure.gravatar.com\/avatar\/7728b29aac2719421e1a9159b2254c44?s=96&d=mm&r=g","contentUrl":"https:\/\/secure.gravatar.com\/avatar\/7728b29aac2719421e1a9159b2254c44?s=96&d=mm&r=g","caption":"Cl\u00e9ment"},"sameAs":["https:\/\/footdavant.fr\/"]}]}},"_links":{"self":[{"href":"https:\/\/footdavant.fr\/actualites\/wp-json\/wp\/v2\/posts\/30252"}],"collection":[{"href":"https:\/\/footdavant.fr\/actualites\/wp-json\/wp\/v2\/posts"}],"about":[{"href":"https:\/\/footdavant.fr\/actualites\/wp-json\/wp\/v2\/types\/post"}],"author":[{"embeddable":true,"href":"https:\/\/footdavant.fr\/actualites\/wp-json\/wp\/v2\/users\/1"}],"replies":[{"embeddable":true,"href":"https:\/\/footdavant.fr\/actualites\/wp-json\/wp\/v2\/comments?post=30252"}],"version-history":[{"count":1,"href":"https:\/\/footdavant.fr\/actualites\/wp-json\/wp\/v2\/posts\/30252\/revisions"}],"predecessor-version":[{"id":30254,"href":"https:\/\/footdavant.fr\/actualites\/wp-json\/wp\/v2\/posts\/30252\/revisions\/30254"}],"wp:featuredmedia":[{"embeddable":true,"href":"https:\/\/footdavant.fr\/actualites\/wp-json\/wp\/v2\/media\/30253"}],"wp:attachment":[{"href":"https:\/\/footdavant.fr\/actualites\/wp-json\/wp\/v2\/media?parent=30252"}],"wp:term":[{"taxonomy":"category","embeddable":true,"href":"https:\/\/footdavant.fr\/actualites\/wp-json\/wp\/v2\/categories?post=30252"},{"taxonomy":"post_tag","embeddable":true,"href":"https:\/\/footdavant.fr\/actualites\/wp-json\/wp\/v2\/tags?post=30252"}],"curies":[{"name":"wp","href":"https:\/\/api.w.org\/{rel}","templated":true}]}}