{"id":30255,"date":"2025-10-24T16:48:09","date_gmt":"2025-10-24T14:48:09","guid":{"rendered":"https:\/\/footdavant.fr\/actualites\/amorim-revendique-de-petites-marges-pour-former-un-recit-autour-de-manchester-united\/"},"modified":"2025-10-24T16:48:11","modified_gmt":"2025-10-24T14:48:11","slug":"amorim-revendique-de-petites-marges-pour-former-un-recit-autour-de-manchester-united","status":"publish","type":"post","link":"https:\/\/footdavant.fr\/actualites\/amorim-revendique-de-petites-marges-pour-former-un-recit-autour-de-manchester-united\/","title":{"rendered":"Amorim revendique de \u00ab\u00a0petites marges\u00a0\u00bb pour former un r\u00e9cit autour de Manchester United"},"content":{"rendered":"<p>L&#39;entra\u00eeneur des Red Devils esp\u00e8re poursuivre le bon parcours du club contre Brighton.<\/p>\n<div>\n<p>L&#39;entra\u00eeneur-chef de Manchester United, Ruben Amorim, affirme que de fines marges cr\u00e9ent le sc\u00e9nario autour du club cette saison.<\/p>\n<p>Les Diables Rouges avaient \u00e9t\u00e9 cit\u00e9s par les m\u00e9dias \u00e0 certains moments de la campagne 2025-26 apr\u00e8s avoir eu du mal \u00e0 s&#39;adapter sous la direction de leur manager.<\/p>\n<p>Mais des victoires cons\u00e9cutives contre Sunderland et \u00e0 Liverpool ont invers\u00e9 la tendance.<\/p>\n<p>D\u00e9sormais, United a la chance de remporter trois victoires cons\u00e9cutives, ce qu&#39;Amorim n&#39;a pas r\u00e9alis\u00e9 depuis son arriv\u00e9e \u00e0 Old Trafford.<\/p>\n<p>S&#39;adressant aux m\u00e9dias avant le match, le coach portugais a \u00e9voqu\u00e9 les critiques auxquelles son \u00e9quipe a \u00e9t\u00e9 confront\u00e9e.<\/p>\n<p>Il a d\u00e9clar\u00e9 : \u00ab Je ne veux pas trop changer avec une diff\u00e9rence de 20 centim\u00e8tres.<\/p>\n<p>\u00ab\u00a0Si [Cody] Le plan de Gakpo \u00e9tait diff\u00e9rent de 20 cm, alors le r\u00e9cit serait diff\u00e9rent.<\/p>\n<figure class=\"wp-block-embed is-type-rich is-provider-twitter wp-block-embed-twitter\"><\/figure>\n<p>\u00ab\u00a0Si vous \u00eates manager, vous ne gagnez pas beaucoup de matchs. Les gens vont douter de vous. Ils ont des raisons pour cela.<\/p>\n<p>\u00ab Mon point de vue est que nous devons \u00eatre clairs sur notre chemin et ne pas trop changer parce que nous gagnons un match.<\/p>\n<p>\u00ab\u00a0Nous avons une identit\u00e9, une fa\u00e7on de jouer mais nous adaptons le type de jeu que nous devons jouer sur le moment. Vous pouvez sentir que la premi\u00e8re mi-temps contre Sunderland n&#39;\u00e9tait pas la m\u00eame que la seconde mi-temps. Nous savons comment g\u00e9rer cela.<\/p>\n<p>\u00ab\u00a0Ensuite, contre Liverpool, bien s\u00fbr, nous avons marqu\u00e9 tout de suite d\u00e8s le premier jeu. Ensuite, nous avons g\u00e9r\u00e9 le match en jouant dans un style diff\u00e9rent parce que c&#39;\u00e9tait n\u00e9cessaire \u00e0 ce moment-l\u00e0. C&#39;est une bonne chose.<\/p>\n<p>\u00ab\u00a0Et puis l&#39;esprit. Parfois, quand on a un bon esprit, on a ce peu de chance dont nous avons besoin pour gagner des matchs.\u00a0\u00bb<\/p>\n<p>Amorim esp\u00e8re profiter de l\u2019\u00e9lan actuel pour construire quelque chose de sp\u00e9cial, apr\u00e8s avoir endur\u00e9 tant de souffrance pendant son mandat jusqu\u2019\u00e0 pr\u00e9sent.<\/p>\n<p>Il a ajout\u00e9 : \u00ab\u00a0Nous utilisons le bon esprit des matchs gagnants. Nous savons que c&#39;\u00e9tait un bon week-end pour nous mais nous nous concentrons sur le prochain match.<\/p>\n<p>\u00ab\u00a0C&#39;est du pass\u00e9 et nous devons comprendre que le football peut changer beaucoup, surtout dans ce genre de club. Nous ne pensons donc pas au dernier match. Nous pensons que ce match va \u00eatre tr\u00e8s difficile \u00e0 gagner.\u00a0\u00bb<\/p>\n<\/p><\/div>\n","protected":false},"excerpt":{"rendered":"<p>L&#39;entra\u00eeneur des Red Devils esp\u00e8re poursuivre le bon parcours du club contre Brighton. L&#39;entra\u00eeneur-chef de Manchester United, Ruben Amorim, affirme que de fines marges cr\u00e9ent<\/p>\n","protected":false},"author":1,"featured_media":30256,"comment_status":"closed","ping_status":"","sticky":false,"template":"","format":"standard","meta":{"footnotes":""},"categories":[3],"tags":[4477,1248,11,571,10837,51,4117,2178,13],"yoast_head":"<!-- This site is optimized with the Yoast SEO plugin v21.0 - https:\/\/yoast.com\/wordpress\/plugins\/seo\/ -->\n<title>Amorim revendique de &quot;petites marges&quot; pour former un r\u00e9cit autour de Manchester United<\/title>\n<meta name=\"robots\" content=\"index, follow, max-snippet:-1, max-image-preview:large, max-video-preview:-1\" \/>\n<link rel=\"canonical\" href=\"https:\/\/footdavant.fr\/actualites\/amorim-revendique-de-petites-marges-pour-former-un-recit-autour-de-manchester-united\/\" \/>\n<meta property=\"og:locale\" content=\"fr_FR\" \/>\n<meta property=\"og:type\" content=\"article\" \/>\n<meta property=\"og:title\" content=\"Amorim revendique de &quot;petites marges&quot; pour former un r\u00e9cit autour de Manchester United\" \/>\n<meta property=\"og:description\" content=\"L&#039;entra\u00eeneur des Red Devils esp\u00e8re poursuivre le bon parcours du club contre Brighton. L&#039;entra\u00eeneur-chef de Manchester United, Ruben Amorim, affirme que de fines marges cr\u00e9ent\" \/>\n<meta property=\"og:url\" content=\"https:\/\/footdavant.fr\/actualites\/amorim-revendique-de-petites-marges-pour-former-un-recit-autour-de-manchester-united\/\" \/>\n<meta property=\"og:site_name\" content=\"Foot d&#039;avant\" \/>\n<meta property=\"article:publisher\" content=\"https:\/\/www.facebook.com\/Footdavant\/\" \/>\n<meta property=\"article:published_time\" content=\"2025-10-24T14:48:09+00:00\" \/>\n<meta property=\"article:modified_time\" content=\"2025-10-24T14:48:11+00:00\" \/>\n<meta property=\"og:image\" content=\"https:\/\/footdavant.fr\/actualites\/wp-content\/uploads\/2025\/10\/Amorim-revendique-de-petites-marges-pour-former-un-recit-autour.jpg\" \/>\n\t<meta property=\"og:image:width\" content=\"1200\" \/>\n\t<meta property=\"og:image:height\" content=\"675\" \/>\n\t<meta property=\"og:image:type\" content=\"image\/jpeg\" \/>\n<meta name=\"author\" content=\"Cl\u00e9ment\" \/>\n<meta name=\"twitter:card\" content=\"summary_large_image\" \/>\n<meta name=\"twitter:creator\" content=\"@FootdavantFr\" \/>\n<meta name=\"twitter:site\" content=\"@FootdavantFr\" \/>\n<meta name=\"twitter:label1\" content=\"\u00c9crit par\" \/>\n\t<meta name=\"twitter:data1\" content=\"Cl\u00e9ment\" \/>\n\t<meta name=\"twitter:label2\" content=\"Dur\u00e9e de lecture estim\u00e9e\" \/>\n\t<meta name=\"twitter:data2\" content=\"2 minutes\" \/>\n<script type=\"application\/ld+json\" class=\"yoast-schema-graph\">{\"@context\":\"https:\/\/schema.org\",\"@graph\":[{\"@type\":\"Article\",\"@id\":\"https:\/\/footdavant.fr\/actualites\/amorim-revendique-de-petites-marges-pour-former-un-recit-autour-de-manchester-united\/#article\",\"isPartOf\":{\"@id\":\"https:\/\/footdavant.fr\/actualites\/amorim-revendique-de-petites-marges-pour-former-un-recit-autour-de-manchester-united\/\"},\"author\":{\"name\":\"Cl\u00e9ment\",\"@id\":\"https:\/\/footdavant.fr\/actualites\/#\/schema\/person\/bc222566d95871b37e597b3ed3ba5e1d\"},\"headline\":\"Amorim revendique de \u00ab\u00a0petites marges\u00a0\u00bb pour former un r\u00e9cit autour de Manchester United\",\"datePublished\":\"2025-10-24T14:48:09+00:00\",\"dateModified\":\"2025-10-24T14:48:11+00:00\",\"mainEntityOfPage\":{\"@id\":\"https:\/\/footdavant.fr\/actualites\/amorim-revendique-de-petites-marges-pour-former-un-recit-autour-de-manchester-united\/\"},\"wordCount\":441,\"publisher\":{\"@id\":\"https:\/\/footdavant.fr\/actualites\/#organization\"},\"keywords\":[\"Amorim\",\"autour\",\"Manchester\",\"marges\",\"petites\",\"pour\",\"r\u00e9cit\",\"revendique\",\"United\"],\"articleSection\":[\"Football\"],\"inLanguage\":\"fr-FR\"},{\"@type\":\"WebPage\",\"@id\":\"https:\/\/footdavant.fr\/actualites\/amorim-revendique-de-petites-marges-pour-former-un-recit-autour-de-manchester-united\/\",\"url\":\"https:\/\/footdavant.fr\/actualites\/amorim-revendique-de-petites-marges-pour-former-un-recit-autour-de-manchester-united\/\",\"name\":\"Amorim revendique de \\\"petites marges\\\" pour former un r\u00e9cit autour de Manchester United\",\"isPartOf\":{\"@id\":\"https:\/\/footdavant.fr\/actualites\/#website\"},\"datePublished\":\"2025-10-24T14:48:09+00:00\",\"dateModified\":\"2025-10-24T14:48:11+00:00\",\"breadcrumb\":{\"@id\":\"https:\/\/footdavant.fr\/actualites\/amorim-revendique-de-petites-marges-pour-former-un-recit-autour-de-manchester-united\/#breadcrumb\"},\"inLanguage\":\"fr-FR\",\"potentialAction\":[{\"@type\":\"ReadAction\",\"target\":[\"https:\/\/footdavant.fr\/actualites\/amorim-revendique-de-petites-marges-pour-former-un-recit-autour-de-manchester-united\/\"]}]},{\"@type\":\"BreadcrumbList\",\"@id\":\"https:\/\/footdavant.fr\/actualites\/amorim-revendique-de-petites-marges-pour-former-un-recit-autour-de-manchester-united\/#breadcrumb\",\"itemListElement\":[{\"@type\":\"ListItem\",\"position\":1,\"name\":\"Accueil\",\"item\":\"https:\/\/footdavant.fr\/actualites\/\"},{\"@type\":\"ListItem\",\"position\":2,\"name\":\"Amorim revendique de \u00ab\u00a0petites marges\u00a0\u00bb pour former un r\u00e9cit autour de Manchester United\"}]},{\"@type\":\"WebSite\",\"@id\":\"https:\/\/footdavant.fr\/actualites\/#website\",\"url\":\"https:\/\/footdavant.fr\/actualites\/\",\"name\":\"Foot d'avant\",\"description\":\"\",\"publisher\":{\"@id\":\"https:\/\/footdavant.fr\/actualites\/#organization\"},\"potentialAction\":[{\"@type\":\"SearchAction\",\"target\":{\"@type\":\"EntryPoint\",\"urlTemplate\":\"https:\/\/footdavant.fr\/actualites\/?s={search_term_string}\"},\"query-input\":\"required name=search_term_string\"}],\"inLanguage\":\"fr-FR\"},{\"@type\":\"Organization\",\"@id\":\"https:\/\/footdavant.fr\/actualites\/#organization\",\"name\":\"Foot d'avant\",\"url\":\"https:\/\/footdavant.fr\/actualites\/\",\"logo\":{\"@type\":\"ImageObject\",\"inLanguage\":\"fr-FR\",\"@id\":\"https:\/\/footdavant.fr\/actualites\/#\/schema\/logo\/image\/\",\"url\":\"https:\/\/footdavant.fr\/actualites\/wp-content\/uploads\/2023\/09\/Copy-of-FootDavant-Logo.png\",\"contentUrl\":\"https:\/\/footdavant.fr\/actualites\/wp-content\/uploads\/2023\/09\/Copy-of-FootDavant-Logo.png\",\"width\":936,\"height\":549,\"caption\":\"Foot d'avant\"},\"image\":{\"@id\":\"https:\/\/footdavant.fr\/actualites\/#\/schema\/logo\/image\/\"},\"sameAs\":[\"https:\/\/www.facebook.com\/Footdavant\/\",\"https:\/\/twitter.com\/FootdavantFr\",\"https:\/\/www.instagram.com\/footdavant.fr\/\"]},{\"@type\":\"Person\",\"@id\":\"https:\/\/footdavant.fr\/actualites\/#\/schema\/person\/bc222566d95871b37e597b3ed3ba5e1d\",\"name\":\"Cl\u00e9ment\",\"image\":{\"@type\":\"ImageObject\",\"inLanguage\":\"fr-FR\",\"@id\":\"https:\/\/footdavant.fr\/actualites\/#\/schema\/person\/image\/\",\"url\":\"https:\/\/secure.gravatar.com\/avatar\/7728b29aac2719421e1a9159b2254c44?s=96&d=mm&r=g\",\"contentUrl\":\"https:\/\/secure.gravatar.com\/avatar\/7728b29aac2719421e1a9159b2254c44?s=96&d=mm&r=g\",\"caption\":\"Cl\u00e9ment\"},\"sameAs\":[\"https:\/\/footdavant.fr\/\"]}]}<\/script>\n<!-- \/ Yoast SEO plugin. -->","yoast_head_json":{"title":"Amorim revendique de \"petites marges\" pour former un r\u00e9cit autour de Manchester United","robots":{"index":"index","follow":"follow","max-snippet":"max-snippet:-1","max-image-preview":"max-image-preview:large","max-video-preview":"max-video-preview:-1"},"canonical":"https:\/\/footdavant.fr\/actualites\/amorim-revendique-de-petites-marges-pour-former-un-recit-autour-de-manchester-united\/","og_locale":"fr_FR","og_type":"article","og_title":"Amorim revendique de \"petites marges\" pour former un r\u00e9cit autour de Manchester United","og_description":"L&#39;entra\u00eeneur des Red Devils esp\u00e8re poursuivre le bon parcours du club contre Brighton. L&#39;entra\u00eeneur-chef de Manchester United, Ruben Amorim, affirme que de fines marges cr\u00e9ent","og_url":"https:\/\/footdavant.fr\/actualites\/amorim-revendique-de-petites-marges-pour-former-un-recit-autour-de-manchester-united\/","og_site_name":"Foot d&#039;avant","article_publisher":"https:\/\/www.facebook.com\/Footdavant\/","article_published_time":"2025-10-24T14:48:09+00:00","article_modified_time":"2025-10-24T14:48:11+00:00","og_image":[{"width":1200,"height":675,"url":"https:\/\/footdavant.fr\/actualites\/wp-content\/uploads\/2025\/10\/Amorim-revendique-de-petites-marges-pour-former-un-recit-autour.jpg","type":"image\/jpeg"}],"author":"Cl\u00e9ment","twitter_card":"summary_large_image","twitter_creator":"@FootdavantFr","twitter_site":"@FootdavantFr","twitter_misc":{"\u00c9crit par":"Cl\u00e9ment","Dur\u00e9e de lecture estim\u00e9e":"2 minutes"},"schema":{"@context":"https:\/\/schema.org","@graph":[{"@type":"Article","@id":"https:\/\/footdavant.fr\/actualites\/amorim-revendique-de-petites-marges-pour-former-un-recit-autour-de-manchester-united\/#article","isPartOf":{"@id":"https:\/\/footdavant.fr\/actualites\/amorim-revendique-de-petites-marges-pour-former-un-recit-autour-de-manchester-united\/"},"author":{"name":"Cl\u00e9ment","@id":"https:\/\/footdavant.fr\/actualites\/#\/schema\/person\/bc222566d95871b37e597b3ed3ba5e1d"},"headline":"Amorim revendique de \u00ab\u00a0petites marges\u00a0\u00bb pour former un r\u00e9cit autour de Manchester United","datePublished":"2025-10-24T14:48:09+00:00","dateModified":"2025-10-24T14:48:11+00:00","mainEntityOfPage":{"@id":"https:\/\/footdavant.fr\/actualites\/amorim-revendique-de-petites-marges-pour-former-un-recit-autour-de-manchester-united\/"},"wordCount":441,"publisher":{"@id":"https:\/\/footdavant.fr\/actualites\/#organization"},"keywords":["Amorim","autour","Manchester","marges","petites","pour","r\u00e9cit","revendique","United"],"articleSection":["Football"],"inLanguage":"fr-FR"},{"@type":"WebPage","@id":"https:\/\/footdavant.fr\/actualites\/amorim-revendique-de-petites-marges-pour-former-un-recit-autour-de-manchester-united\/","url":"https:\/\/footdavant.fr\/actualites\/amorim-revendique-de-petites-marges-pour-former-un-recit-autour-de-manchester-united\/","name":"Amorim revendique de \"petites marges\" pour former un r\u00e9cit autour de Manchester United","isPartOf":{"@id":"https:\/\/footdavant.fr\/actualites\/#website"},"datePublished":"2025-10-24T14:48:09+00:00","dateModified":"2025-10-24T14:48:11+00:00","breadcrumb":{"@id":"https:\/\/footdavant.fr\/actualites\/amorim-revendique-de-petites-marges-pour-former-un-recit-autour-de-manchester-united\/#breadcrumb"},"inLanguage":"fr-FR","potentialAction":[{"@type":"ReadAction","target":["https:\/\/footdavant.fr\/actualites\/amorim-revendique-de-petites-marges-pour-former-un-recit-autour-de-manchester-united\/"]}]},{"@type":"BreadcrumbList","@id":"https:\/\/footdavant.fr\/actualites\/amorim-revendique-de-petites-marges-pour-former-un-recit-autour-de-manchester-united\/#breadcrumb","itemListElement":[{"@type":"ListItem","position":1,"name":"Accueil","item":"https:\/\/footdavant.fr\/actualites\/"},{"@type":"ListItem","position":2,"name":"Amorim revendique de \u00ab\u00a0petites marges\u00a0\u00bb pour former un r\u00e9cit autour de Manchester United"}]},{"@type":"WebSite","@id":"https:\/\/footdavant.fr\/actualites\/#website","url":"https:\/\/footdavant.fr\/actualites\/","name":"Foot d'avant","description":"","publisher":{"@id":"https:\/\/footdavant.fr\/actualites\/#organization"},"potentialAction":[{"@type":"SearchAction","target":{"@type":"EntryPoint","urlTemplate":"https:\/\/footdavant.fr\/actualites\/?s={search_term_string}"},"query-input":"required name=search_term_string"}],"inLanguage":"fr-FR"},{"@type":"Organization","@id":"https:\/\/footdavant.fr\/actualites\/#organization","name":"Foot d'avant","url":"https:\/\/footdavant.fr\/actualites\/","logo":{"@type":"ImageObject","inLanguage":"fr-FR","@id":"https:\/\/footdavant.fr\/actualites\/#\/schema\/logo\/image\/","url":"https:\/\/footdavant.fr\/actualites\/wp-content\/uploads\/2023\/09\/Copy-of-FootDavant-Logo.png","contentUrl":"https:\/\/footdavant.fr\/actualites\/wp-content\/uploads\/2023\/09\/Copy-of-FootDavant-Logo.png","width":936,"height":549,"caption":"Foot d'avant"},"image":{"@id":"https:\/\/footdavant.fr\/actualites\/#\/schema\/logo\/image\/"},"sameAs":["https:\/\/www.facebook.com\/Footdavant\/","https:\/\/twitter.com\/FootdavantFr","https:\/\/www.instagram.com\/footdavant.fr\/"]},{"@type":"Person","@id":"https:\/\/footdavant.fr\/actualites\/#\/schema\/person\/bc222566d95871b37e597b3ed3ba5e1d","name":"Cl\u00e9ment","image":{"@type":"ImageObject","inLanguage":"fr-FR","@id":"https:\/\/footdavant.fr\/actualites\/#\/schema\/person\/image\/","url":"https:\/\/secure.gravatar.com\/avatar\/7728b29aac2719421e1a9159b2254c44?s=96&d=mm&r=g","contentUrl":"https:\/\/secure.gravatar.com\/avatar\/7728b29aac2719421e1a9159b2254c44?s=96&d=mm&r=g","caption":"Cl\u00e9ment"},"sameAs":["https:\/\/footdavant.fr\/"]}]}},"_links":{"self":[{"href":"https:\/\/footdavant.fr\/actualites\/wp-json\/wp\/v2\/posts\/30255"}],"collection":[{"href":"https:\/\/footdavant.fr\/actualites\/wp-json\/wp\/v2\/posts"}],"about":[{"href":"https:\/\/footdavant.fr\/actualites\/wp-json\/wp\/v2\/types\/post"}],"author":[{"embeddable":true,"href":"https:\/\/footdavant.fr\/actualites\/wp-json\/wp\/v2\/users\/1"}],"replies":[{"embeddable":true,"href":"https:\/\/footdavant.fr\/actualites\/wp-json\/wp\/v2\/comments?post=30255"}],"version-history":[{"count":1,"href":"https:\/\/footdavant.fr\/actualites\/wp-json\/wp\/v2\/posts\/30255\/revisions"}],"predecessor-version":[{"id":30257,"href":"https:\/\/footdavant.fr\/actualites\/wp-json\/wp\/v2\/posts\/30255\/revisions\/30257"}],"wp:featuredmedia":[{"embeddable":true,"href":"https:\/\/footdavant.fr\/actualites\/wp-json\/wp\/v2\/media\/30256"}],"wp:attachment":[{"href":"https:\/\/footdavant.fr\/actualites\/wp-json\/wp\/v2\/media?parent=30255"}],"wp:term":[{"taxonomy":"category","embeddable":true,"href":"https:\/\/footdavant.fr\/actualites\/wp-json\/wp\/v2\/categories?post=30255"},{"taxonomy":"post_tag","embeddable":true,"href":"https:\/\/footdavant.fr\/actualites\/wp-json\/wp\/v2\/tags?post=30255"}],"curies":[{"name":"wp","href":"https:\/\/api.w.org\/{rel}","templated":true}]}}