{"id":30315,"date":"2025-10-25T20:48:08","date_gmt":"2025-10-25T18:48:08","guid":{"rendered":"https:\/\/footdavant.fr\/actualites\/la-revelation-des-10-ans-darteta-longs-lancers-fa-fa-fa-fa-fashion\/"},"modified":"2025-10-25T20:48:10","modified_gmt":"2025-10-25T18:48:10","slug":"la-revelation-des-10-ans-darteta-longs-lancers-fa-fa-fa-fa-fashion","status":"publish","type":"post","link":"https:\/\/footdavant.fr\/actualites\/la-revelation-des-10-ans-darteta-longs-lancers-fa-fa-fa-fa-fashion\/","title":{"rendered":"La r\u00e9v\u00e9lation des 10 ans d&#39;Arteta\u00a0: Longs lancers\u00a0: Fa-fa-fa-fa-Fashion"},"content":{"rendered":"<div>\n<p>Matin.<\/p>\n<p>D\u00e9sol\u00e9, il est un peu tard ce matin, mais j&#39;avais besoin de dormir un peu. Quelques extraits du samedi pour vous, et nous laisserons les avant-premi\u00e8res de Crystal Palace jusqu&#39;\u00e0 demain.<\/p>\n<p>Lors de sa conf\u00e9rence de presse hier, Mikel Arteta a parl\u00e9 des coups de pied arr\u00eat\u00e9s et a r\u00e9v\u00e9l\u00e9 que c&#39;\u00e9tait quelque chose qui lui \u00e9tait venu \u00e0 l&#39;esprit pour la premi\u00e8re fois il y a dix ans. Il a dit :<\/p>\n<blockquote>\n<p>Je suis all\u00e9 \u00e0 Man City avec le meilleur manager du monde et j&#39;ai pu voir o\u00f9 nous pourrions avoir des am\u00e9liorations et c&#39;\u00e9tait clair, parce qu&#39;\u00e0 un moment donn\u00e9, je faisais cela et je n&#39;\u00e9tais pas la meilleure personne au monde pour le faire, donc si je ne suis pas la meilleure personne au monde pour le faire et la meilleure m\u00e9thode pour le faire, il y a des moyens de l&#39;am\u00e9liorer.<\/p>\n<\/blockquote>\n<p>Je pense que tout cela est simplement li\u00e9 \u00e0 sa philosophie globale qui consiste \u00e0 maximiser chaque aspect du jeu. Il a poursuivi :<\/p>\n<blockquote>\n<p>Je ne suis pas seulement obs\u00e9d\u00e9 par \u00e7a, je le suis aussi par la partie d\u00e9fensive \u00e0 chaque transition, je veux \u00eatre le meilleur. Quand il s\u2019agit de chaos, je veux \u00eatre le meilleur. Quand il s\u2019agit d\u2019attaque de position, le meilleur. Quand il s\u2019agit de blocs bas, c\u2019est le meilleur.<\/p>\n<\/blockquote>\n<p>Je suppose qu&#39;il veut dire briser les blocs bas, mais demandez \u00e0 n&#39;importe quelle \u00e9quipe qui a affront\u00e9 Arsenal cette saison et c&#39;est quelque chose \u00e0 laquelle elle a \u00e9galement d\u00fb faire face. Sans possession, nous mettons les hommes derri\u00e8re le ballon, nous restons compacts et organis\u00e9s, et c&#39;est en partie pourquoi nous sommes si difficiles \u00e0 briser. Les buts encaiss\u00e9s en Premier League cette saison ont \u00e9t\u00e9 illustratifs \u00e0 cet \u00e9gard. Le premier \u00e9tait le brillant coup franc de Dominik Szoboszlai, et le second \u00e9tait Erling Haaland contre Man City quand je pense que, dans notre empressement \u00e0 r\u00e9cup\u00e9rer le ballon haut sur le terrain, nous nous sommes laiss\u00e9s ouverts et il avait la qualit\u00e9 de l&#39;exposer. Nous aurions pu mieux d\u00e9fendre la t\u00eate de Nick Woltemade pour Newcastle, mais qui sommes-nous pour nous plaindre d&#39;un but arr\u00eat\u00e9 ?<\/p>\n<p>Il n\u2019y a pas si longtemps, les gens ont hauss\u00e9 les sourcils lorsque Liverpool a embauch\u00e9 un entra\u00eeneur de remise en jeu, je ne pense pas que cela d\u00e9rangerait qui que ce soit de nos jours. Chaque manager cherche \u00e0 trouver la plus petite des marges pour lui donner une meilleure chance de gagner des matchs, et nous savons qu&#39;Arteta est toujours \u00e0 la recherche de tout avantage qu&#39;il peut obtenir.<\/p>\n<p>Ce qui, en parlant de remises en jeu, m&#39;am\u00e8ne \u00e0 une observation int\u00e9ressante. C&#39;est quelque chose que nous avons fait beaucoup cette saison, Riccardo Calafiori les prenant g\u00e9n\u00e9ralement de la gauche, et parfois Declan Rice de la droite. En comparaison avec certains des meilleurs lancers longs que vous voyez, je dirais que les n\u00f4tres sont peut-\u00eatre 60 \u00e0 70 % aussi bons que ceux-l\u00e0. Puis, mardi soir contre l&#39;Atletico Madrid, Myles Lewis-Skelly en a pris quelques-uns, et m\u00eame si je pense qu&#39;il a de nombreux atouts dans son jeu, le lancer long n&#39;en fait pas n\u00e9cessairement partie.<\/p>\n<p>Il va assez haut, pas tr\u00e8s long, et gr\u00e2ce \u00e0 cette trajectoire, il est probablement plus facile \u00e0 d\u00e9fendre car on peut lire plus facilement la trajectoire du ballon. Je pense que nous savons qu&#39;Arteta est quelqu&#39;un qui porte une grande attention aux d\u00e9tails, il ne peut donc pas ignorer le fait que les longs lancers de Myles ne sont pas tr\u00e8s longs du tout. Et pourtant on lui demande quand m\u00eame de le faire, donc si j&#39;avais l&#39;occasion d&#39;interroger le manager \u00e0 ce sujet, je serais curieux de comprendre pourquoi on lui demande d&#39;y aller long alors que ce n&#39;est pas si long du tout.<\/p>\n<p>Vraisemblablement, c&#39;est tactique, condenser tous les joueurs dans un petit espace et peut-\u00eatre se concentrer sur le deuxi\u00e8me ballon, mais cela m&#39;a sembl\u00e9 un peu en contradiction avec ce que l&#39;on attend normalement d&#39;une longue remise en jeu, qui est d&#39;amener le ballon dans une zone vraiment dangereuse. Vous pouvez voir dans l&#39;image ci-dessous qu&#39;il est d\u00e9gag\u00e9 avant m\u00eame d&#39;atteindre la ligne de la zone de six m\u00e8tres.<\/p>\n<\/p>\n<p>Quoi qu\u2019il en soit, c\u2019est juste une petite chose, et probablement pas si importante dans l\u2019ensemble des choses, mais l\u00e9g\u00e8rement int\u00e9ressante pour moi. Je ne pense pas non plus qu&#39;un long lancer soit quelque chose que l&#39;on puisse vraiment entra\u00eener chez un joueur, il y a un \u00e9l\u00e9ment de capacit\u00e9 naturelle requis, mais voyons comment cette tactique \u2013 que de nombreuses \u00e9quipes utilisent d&#39;ailleurs \u2013 se d\u00e9veloppe au cours de la saison.<\/p>\n<p>Enfin pour ce matin, quelques images ont \u00e9merg\u00e9 des joueurs d&#39;Arsenal en train de sortir en soir\u00e9e pendant la semaine. Lors de sa conf\u00e9rence de presse, Arteta a insist\u00e9 en plaisantant sur le fait que c&#39;\u00e9tait \u00ab le d\u00eener \u00bb, puis \u00ab le d\u00eener t\u00f4t \u00bb. Il a parl\u00e9 de l&#39;importance d&#39;occasions comme celle-ci, en disant :<\/p>\n<blockquote>\n<p>J&#39;adore \u00e7a parce que, je veux dire, en jouant tous les trois jours avec les autres matchs internationaux, ils passent tellement de temps ensemble. Ils sont venus me voir et m&#39;ont dit : nous aimerions d\u00eener ensemble. Je me disais, vraiment ? OK, vas-y. Amusez-vous et profitez-en. Cela signifie qu&#39;ils veulent passer du temps avec eux-m\u00eames et \u00eatre parfois loin du b\u00e2timent et je pense que c&#39;est quelque chose de vraiment tr\u00e8s positif.<\/p>\n<\/blockquote>\n<p>Les liens d\u2019\u00e9quipe, l\u2019esprit d\u2019\u00e9quipe, nous reconnaissons tous que ces choses sont importantes, et il faut plus que passer du temps ensemble sur le terrain d\u2019entra\u00eenement pour consolider ces relations. J&#39;esp\u00e8re donc que c&#39;est une chose vraiment positive. Il y avait quelques photos, et je ne veux pas parler enti\u00e8rement (si vous savez, vous savez) de la mode, mais il y avait des tenues int\u00e9ressantes, comme vous pouvez l&#39;imaginer.<\/p>\n<p>Celui qui m&#39;a le plus marqu\u00e9 \u00e9tait, sans surprise, Ben White, photo ci-dessous. C&#39;est un look que je ne peux d\u00e9crire que comme un \u00ab panda cach\u00e9 \u00bb, et j&#39;esp\u00e8re que ce sera le cas d&#39;ici la fin de l&#39;ann\u00e9e. Pr\u00e9parez vos pulls en fourrure noir et blanc.<\/p>\n<p>Ok, j&#39;ai termin\u00e9 \u2013 il y a actuellement un podcast d&#39;aper\u00e7u de Crystal Palace sur Patreon, et je serai de retour demain pour pr\u00e9visualiser ce jeu ici. Passez un bon samedi.<\/p>\n<p><img loading=\"lazy\" decoding=\"async\" class=\"alignnone size-full wp-image-47400\" src=\"https:\/\/footdavant.fr\/actualites\/wp-content\/uploads\/2025\/10\/La-revelation-des-10-ans-d39Arteta-Longs-lancers-Fa-fa-fa-fa-Fashion.jpeg\" alt=\"Ben White Panda cach\u00e9\" width=\"569\" height=\"1200\"  ><\/p>\n<\/div>\n","protected":false},"excerpt":{"rendered":"<p>Matin. D\u00e9sol\u00e9, il est un peu tard ce matin, mais j&#39;avais besoin de dormir un peu. Quelques extraits du samedi pour vous, et nous laisserons<\/p>\n","protected":false},"author":1,"featured_media":30316,"comment_status":"closed","ping_status":"","sticky":false,"template":"","format":"standard","meta":{"footnotes":""},"categories":[3],"tags":[209,5135,12,10846,10845,10844,3498],"yoast_head":"<!-- This site is optimized with the Yoast SEO plugin v21.0 - https:\/\/yoast.com\/wordpress\/plugins\/seo\/ -->\n<title>La r\u00e9v\u00e9lation des 10 ans d&#039;Arteta\u00a0: Longs lancers\u00a0: Fa-fa-fa-fa-Fashion<\/title>\n<meta name=\"robots\" content=\"index, follow, max-snippet:-1, max-image-preview:large, max-video-preview:-1\" \/>\n<link rel=\"canonical\" href=\"https:\/\/footdavant.fr\/actualites\/la-revelation-des-10-ans-darteta-longs-lancers-fa-fa-fa-fa-fashion\/\" \/>\n<meta property=\"og:locale\" content=\"fr_FR\" \/>\n<meta property=\"og:type\" content=\"article\" \/>\n<meta property=\"og:title\" content=\"La r\u00e9v\u00e9lation des 10 ans d&#039;Arteta\u00a0: Longs lancers\u00a0: Fa-fa-fa-fa-Fashion\" \/>\n<meta property=\"og:description\" content=\"Matin. D\u00e9sol\u00e9, il est un peu tard ce matin, mais j&#039;avais besoin de dormir un peu. Quelques extraits du samedi pour vous, et nous laisserons\" \/>\n<meta property=\"og:url\" content=\"https:\/\/footdavant.fr\/actualites\/la-revelation-des-10-ans-darteta-longs-lancers-fa-fa-fa-fa-fashion\/\" \/>\n<meta property=\"og:site_name\" content=\"Foot d&#039;avant\" \/>\n<meta property=\"article:publisher\" content=\"https:\/\/www.facebook.com\/Footdavant\/\" \/>\n<meta property=\"article:published_time\" content=\"2025-10-25T18:48:08+00:00\" \/>\n<meta property=\"article:modified_time\" content=\"2025-10-25T18:48:10+00:00\" \/>\n<meta property=\"og:image\" content=\"https:\/\/footdavant.fr\/actualites\/wp-content\/uploads\/2025\/10\/1761418089_La-revelation-des-10-ans-d39Arteta-Longs-lancers-Fa-fa-fa-fa-Fashion.jpg\" \/>\n\t<meta property=\"og:image:width\" content=\"1500\" \/>\n\t<meta property=\"og:image:height\" content=\"750\" \/>\n\t<meta property=\"og:image:type\" content=\"image\/jpeg\" \/>\n<meta name=\"author\" content=\"Cl\u00e9ment\" \/>\n<meta name=\"twitter:card\" content=\"summary_large_image\" \/>\n<meta name=\"twitter:creator\" content=\"@FootdavantFr\" \/>\n<meta name=\"twitter:site\" content=\"@FootdavantFr\" \/>\n<meta name=\"twitter:label1\" content=\"\u00c9crit par\" \/>\n\t<meta name=\"twitter:data1\" content=\"Cl\u00e9ment\" \/>\n\t<meta name=\"twitter:label2\" content=\"Dur\u00e9e de lecture estim\u00e9e\" \/>\n\t<meta name=\"twitter:data2\" content=\"6 minutes\" \/>\n<script type=\"application\/ld+json\" class=\"yoast-schema-graph\">{\"@context\":\"https:\/\/schema.org\",\"@graph\":[{\"@type\":\"Article\",\"@id\":\"https:\/\/footdavant.fr\/actualites\/la-revelation-des-10-ans-darteta-longs-lancers-fa-fa-fa-fa-fashion\/#article\",\"isPartOf\":{\"@id\":\"https:\/\/footdavant.fr\/actualites\/la-revelation-des-10-ans-darteta-longs-lancers-fa-fa-fa-fa-fashion\/\"},\"author\":{\"name\":\"Cl\u00e9ment\",\"@id\":\"https:\/\/footdavant.fr\/actualites\/#\/schema\/person\/bc222566d95871b37e597b3ed3ba5e1d\"},\"headline\":\"La r\u00e9v\u00e9lation des 10 ans d&#39;Arteta\u00a0: Longs lancers\u00a0: Fa-fa-fa-fa-Fashion\",\"datePublished\":\"2025-10-25T18:48:08+00:00\",\"dateModified\":\"2025-10-25T18:48:10+00:00\",\"mainEntityOfPage\":{\"@id\":\"https:\/\/footdavant.fr\/actualites\/la-revelation-des-10-ans-darteta-longs-lancers-fa-fa-fa-fa-fashion\/\"},\"wordCount\":1167,\"publisher\":{\"@id\":\"https:\/\/footdavant.fr\/actualites\/#organization\"},\"keywords\":[\"ans\",\"d39Arteta\",\"des\",\"FafafafaFashion\",\"lancers\",\"Longs\",\"r\u00e9v\u00e9lation\"],\"articleSection\":[\"Football\"],\"inLanguage\":\"fr-FR\"},{\"@type\":\"WebPage\",\"@id\":\"https:\/\/footdavant.fr\/actualites\/la-revelation-des-10-ans-darteta-longs-lancers-fa-fa-fa-fa-fashion\/\",\"url\":\"https:\/\/footdavant.fr\/actualites\/la-revelation-des-10-ans-darteta-longs-lancers-fa-fa-fa-fa-fashion\/\",\"name\":\"La r\u00e9v\u00e9lation des 10 ans d&#39;Arteta\u00a0: Longs lancers\u00a0: Fa-fa-fa-fa-Fashion\",\"isPartOf\":{\"@id\":\"https:\/\/footdavant.fr\/actualites\/#website\"},\"datePublished\":\"2025-10-25T18:48:08+00:00\",\"dateModified\":\"2025-10-25T18:48:10+00:00\",\"breadcrumb\":{\"@id\":\"https:\/\/footdavant.fr\/actualites\/la-revelation-des-10-ans-darteta-longs-lancers-fa-fa-fa-fa-fashion\/#breadcrumb\"},\"inLanguage\":\"fr-FR\",\"potentialAction\":[{\"@type\":\"ReadAction\",\"target\":[\"https:\/\/footdavant.fr\/actualites\/la-revelation-des-10-ans-darteta-longs-lancers-fa-fa-fa-fa-fashion\/\"]}]},{\"@type\":\"BreadcrumbList\",\"@id\":\"https:\/\/footdavant.fr\/actualites\/la-revelation-des-10-ans-darteta-longs-lancers-fa-fa-fa-fa-fashion\/#breadcrumb\",\"itemListElement\":[{\"@type\":\"ListItem\",\"position\":1,\"name\":\"Accueil\",\"item\":\"https:\/\/footdavant.fr\/actualites\/\"},{\"@type\":\"ListItem\",\"position\":2,\"name\":\"La r\u00e9v\u00e9lation des 10 ans d&#39;Arteta\u00a0: Longs lancers\u00a0: Fa-fa-fa-fa-Fashion\"}]},{\"@type\":\"WebSite\",\"@id\":\"https:\/\/footdavant.fr\/actualites\/#website\",\"url\":\"https:\/\/footdavant.fr\/actualites\/\",\"name\":\"Foot d'avant\",\"description\":\"\",\"publisher\":{\"@id\":\"https:\/\/footdavant.fr\/actualites\/#organization\"},\"potentialAction\":[{\"@type\":\"SearchAction\",\"target\":{\"@type\":\"EntryPoint\",\"urlTemplate\":\"https:\/\/footdavant.fr\/actualites\/?s={search_term_string}\"},\"query-input\":\"required name=search_term_string\"}],\"inLanguage\":\"fr-FR\"},{\"@type\":\"Organization\",\"@id\":\"https:\/\/footdavant.fr\/actualites\/#organization\",\"name\":\"Foot d'avant\",\"url\":\"https:\/\/footdavant.fr\/actualites\/\",\"logo\":{\"@type\":\"ImageObject\",\"inLanguage\":\"fr-FR\",\"@id\":\"https:\/\/footdavant.fr\/actualites\/#\/schema\/logo\/image\/\",\"url\":\"https:\/\/footdavant.fr\/actualites\/wp-content\/uploads\/2023\/09\/Copy-of-FootDavant-Logo.png\",\"contentUrl\":\"https:\/\/footdavant.fr\/actualites\/wp-content\/uploads\/2023\/09\/Copy-of-FootDavant-Logo.png\",\"width\":936,\"height\":549,\"caption\":\"Foot d'avant\"},\"image\":{\"@id\":\"https:\/\/footdavant.fr\/actualites\/#\/schema\/logo\/image\/\"},\"sameAs\":[\"https:\/\/www.facebook.com\/Footdavant\/\",\"https:\/\/twitter.com\/FootdavantFr\",\"https:\/\/www.instagram.com\/footdavant.fr\/\"]},{\"@type\":\"Person\",\"@id\":\"https:\/\/footdavant.fr\/actualites\/#\/schema\/person\/bc222566d95871b37e597b3ed3ba5e1d\",\"name\":\"Cl\u00e9ment\",\"image\":{\"@type\":\"ImageObject\",\"inLanguage\":\"fr-FR\",\"@id\":\"https:\/\/footdavant.fr\/actualites\/#\/schema\/person\/image\/\",\"url\":\"https:\/\/secure.gravatar.com\/avatar\/7728b29aac2719421e1a9159b2254c44?s=96&d=mm&r=g\",\"contentUrl\":\"https:\/\/secure.gravatar.com\/avatar\/7728b29aac2719421e1a9159b2254c44?s=96&d=mm&r=g\",\"caption\":\"Cl\u00e9ment\"},\"sameAs\":[\"https:\/\/footdavant.fr\/\"]}]}<\/script>\n<!-- \/ Yoast SEO plugin. -->","yoast_head_json":{"title":"La r\u00e9v\u00e9lation des 10 ans d&#39;Arteta\u00a0: Longs lancers\u00a0: Fa-fa-fa-fa-Fashion","robots":{"index":"index","follow":"follow","max-snippet":"max-snippet:-1","max-image-preview":"max-image-preview:large","max-video-preview":"max-video-preview:-1"},"canonical":"https:\/\/footdavant.fr\/actualites\/la-revelation-des-10-ans-darteta-longs-lancers-fa-fa-fa-fa-fashion\/","og_locale":"fr_FR","og_type":"article","og_title":"La r\u00e9v\u00e9lation des 10 ans d&#39;Arteta\u00a0: Longs lancers\u00a0: Fa-fa-fa-fa-Fashion","og_description":"Matin. D\u00e9sol\u00e9, il est un peu tard ce matin, mais j&#39;avais besoin de dormir un peu. Quelques extraits du samedi pour vous, et nous laisserons","og_url":"https:\/\/footdavant.fr\/actualites\/la-revelation-des-10-ans-darteta-longs-lancers-fa-fa-fa-fa-fashion\/","og_site_name":"Foot d&#039;avant","article_publisher":"https:\/\/www.facebook.com\/Footdavant\/","article_published_time":"2025-10-25T18:48:08+00:00","article_modified_time":"2025-10-25T18:48:10+00:00","og_image":[{"width":1500,"height":750,"url":"https:\/\/footdavant.fr\/actualites\/wp-content\/uploads\/2025\/10\/1761418089_La-revelation-des-10-ans-d39Arteta-Longs-lancers-Fa-fa-fa-fa-Fashion.jpg","type":"image\/jpeg"}],"author":"Cl\u00e9ment","twitter_card":"summary_large_image","twitter_creator":"@FootdavantFr","twitter_site":"@FootdavantFr","twitter_misc":{"\u00c9crit par":"Cl\u00e9ment","Dur\u00e9e de lecture estim\u00e9e":"6 minutes"},"schema":{"@context":"https:\/\/schema.org","@graph":[{"@type":"Article","@id":"https:\/\/footdavant.fr\/actualites\/la-revelation-des-10-ans-darteta-longs-lancers-fa-fa-fa-fa-fashion\/#article","isPartOf":{"@id":"https:\/\/footdavant.fr\/actualites\/la-revelation-des-10-ans-darteta-longs-lancers-fa-fa-fa-fa-fashion\/"},"author":{"name":"Cl\u00e9ment","@id":"https:\/\/footdavant.fr\/actualites\/#\/schema\/person\/bc222566d95871b37e597b3ed3ba5e1d"},"headline":"La r\u00e9v\u00e9lation des 10 ans d&#39;Arteta\u00a0: Longs lancers\u00a0: Fa-fa-fa-fa-Fashion","datePublished":"2025-10-25T18:48:08+00:00","dateModified":"2025-10-25T18:48:10+00:00","mainEntityOfPage":{"@id":"https:\/\/footdavant.fr\/actualites\/la-revelation-des-10-ans-darteta-longs-lancers-fa-fa-fa-fa-fashion\/"},"wordCount":1167,"publisher":{"@id":"https:\/\/footdavant.fr\/actualites\/#organization"},"keywords":["ans","d39Arteta","des","FafafafaFashion","lancers","Longs","r\u00e9v\u00e9lation"],"articleSection":["Football"],"inLanguage":"fr-FR"},{"@type":"WebPage","@id":"https:\/\/footdavant.fr\/actualites\/la-revelation-des-10-ans-darteta-longs-lancers-fa-fa-fa-fa-fashion\/","url":"https:\/\/footdavant.fr\/actualites\/la-revelation-des-10-ans-darteta-longs-lancers-fa-fa-fa-fa-fashion\/","name":"La r\u00e9v\u00e9lation des 10 ans d&#39;Arteta\u00a0: Longs lancers\u00a0: Fa-fa-fa-fa-Fashion","isPartOf":{"@id":"https:\/\/footdavant.fr\/actualites\/#website"},"datePublished":"2025-10-25T18:48:08+00:00","dateModified":"2025-10-25T18:48:10+00:00","breadcrumb":{"@id":"https:\/\/footdavant.fr\/actualites\/la-revelation-des-10-ans-darteta-longs-lancers-fa-fa-fa-fa-fashion\/#breadcrumb"},"inLanguage":"fr-FR","potentialAction":[{"@type":"ReadAction","target":["https:\/\/footdavant.fr\/actualites\/la-revelation-des-10-ans-darteta-longs-lancers-fa-fa-fa-fa-fashion\/"]}]},{"@type":"BreadcrumbList","@id":"https:\/\/footdavant.fr\/actualites\/la-revelation-des-10-ans-darteta-longs-lancers-fa-fa-fa-fa-fashion\/#breadcrumb","itemListElement":[{"@type":"ListItem","position":1,"name":"Accueil","item":"https:\/\/footdavant.fr\/actualites\/"},{"@type":"ListItem","position":2,"name":"La r\u00e9v\u00e9lation des 10 ans d&#39;Arteta\u00a0: Longs lancers\u00a0: Fa-fa-fa-fa-Fashion"}]},{"@type":"WebSite","@id":"https:\/\/footdavant.fr\/actualites\/#website","url":"https:\/\/footdavant.fr\/actualites\/","name":"Foot d'avant","description":"","publisher":{"@id":"https:\/\/footdavant.fr\/actualites\/#organization"},"potentialAction":[{"@type":"SearchAction","target":{"@type":"EntryPoint","urlTemplate":"https:\/\/footdavant.fr\/actualites\/?s={search_term_string}"},"query-input":"required name=search_term_string"}],"inLanguage":"fr-FR"},{"@type":"Organization","@id":"https:\/\/footdavant.fr\/actualites\/#organization","name":"Foot d'avant","url":"https:\/\/footdavant.fr\/actualites\/","logo":{"@type":"ImageObject","inLanguage":"fr-FR","@id":"https:\/\/footdavant.fr\/actualites\/#\/schema\/logo\/image\/","url":"https:\/\/footdavant.fr\/actualites\/wp-content\/uploads\/2023\/09\/Copy-of-FootDavant-Logo.png","contentUrl":"https:\/\/footdavant.fr\/actualites\/wp-content\/uploads\/2023\/09\/Copy-of-FootDavant-Logo.png","width":936,"height":549,"caption":"Foot d'avant"},"image":{"@id":"https:\/\/footdavant.fr\/actualites\/#\/schema\/logo\/image\/"},"sameAs":["https:\/\/www.facebook.com\/Footdavant\/","https:\/\/twitter.com\/FootdavantFr","https:\/\/www.instagram.com\/footdavant.fr\/"]},{"@type":"Person","@id":"https:\/\/footdavant.fr\/actualites\/#\/schema\/person\/bc222566d95871b37e597b3ed3ba5e1d","name":"Cl\u00e9ment","image":{"@type":"ImageObject","inLanguage":"fr-FR","@id":"https:\/\/footdavant.fr\/actualites\/#\/schema\/person\/image\/","url":"https:\/\/secure.gravatar.com\/avatar\/7728b29aac2719421e1a9159b2254c44?s=96&d=mm&r=g","contentUrl":"https:\/\/secure.gravatar.com\/avatar\/7728b29aac2719421e1a9159b2254c44?s=96&d=mm&r=g","caption":"Cl\u00e9ment"},"sameAs":["https:\/\/footdavant.fr\/"]}]}},"_links":{"self":[{"href":"https:\/\/footdavant.fr\/actualites\/wp-json\/wp\/v2\/posts\/30315"}],"collection":[{"href":"https:\/\/footdavant.fr\/actualites\/wp-json\/wp\/v2\/posts"}],"about":[{"href":"https:\/\/footdavant.fr\/actualites\/wp-json\/wp\/v2\/types\/post"}],"author":[{"embeddable":true,"href":"https:\/\/footdavant.fr\/actualites\/wp-json\/wp\/v2\/users\/1"}],"replies":[{"embeddable":true,"href":"https:\/\/footdavant.fr\/actualites\/wp-json\/wp\/v2\/comments?post=30315"}],"version-history":[{"count":1,"href":"https:\/\/footdavant.fr\/actualites\/wp-json\/wp\/v2\/posts\/30315\/revisions"}],"predecessor-version":[{"id":30317,"href":"https:\/\/footdavant.fr\/actualites\/wp-json\/wp\/v2\/posts\/30315\/revisions\/30317"}],"wp:featuredmedia":[{"embeddable":true,"href":"https:\/\/footdavant.fr\/actualites\/wp-json\/wp\/v2\/media\/30316"}],"wp:attachment":[{"href":"https:\/\/footdavant.fr\/actualites\/wp-json\/wp\/v2\/media?parent=30315"}],"wp:term":[{"taxonomy":"category","embeddable":true,"href":"https:\/\/footdavant.fr\/actualites\/wp-json\/wp\/v2\/categories?post=30315"},{"taxonomy":"post_tag","embeddable":true,"href":"https:\/\/footdavant.fr\/actualites\/wp-json\/wp\/v2\/tags?post=30315"}],"curies":[{"name":"wp","href":"https:\/\/api.w.org\/{rel}","templated":true}]}}