{"id":30318,"date":"2025-10-25T21:48:07","date_gmt":"2025-10-25T19:48:07","guid":{"rendered":"https:\/\/footdavant.fr\/actualites\/apercubayer-leverkusen-vs-paris-saint-germain-pronostics-actualites-de-lequipe-compositions\/"},"modified":"2025-10-25T21:48:08","modified_gmt":"2025-10-25T19:48:08","slug":"apercubayer-leverkusen-vs-paris-saint-germain-pronostics-actualites-de-lequipe-compositions","status":"publish","type":"post","link":"https:\/\/footdavant.fr\/actualites\/apercubayer-leverkusen-vs-paris-saint-germain-pronostics-actualites-de-lequipe-compositions\/","title":{"rendered":"Aper\u00e7u:Bayer Leverkusen vs Paris Saint-Germain \u2013 pronostics, actualit\u00e9s de l&#39;\u00e9quipe, compositions"},"content":{"rendered":"<p>Sports Mole pr\u00e9sente un aper\u00e7u du choc de la Ligue des champions de mardi entre le Bayer Leverkusen et le Paris Saint-Germain, y compris les pronostics, les nouvelles de l&#39;\u00e9quipe et les compositions possibles.<\/p>\n<div id=\"article_body\" itemprop=\"articleBody\">\n<p style=\"margin-bottom:11px\">Rencontre dans un <strong class=\"autotag\">Match de Ligue des Champions pour la premi\u00e8re fois depuis plus d&#39;une d\u00e9cennie, <strong class=\"autotag\">Le Bayer Leverkusen bienvenu <strong class=\"autotag\">Le Paris Saint-Germain se rendra \u00e0 BayArena mardi pour le compte de la troisi\u00e8me journ\u00e9e.<\/p>\n<p>Les Allemands occupent la 25e place du classement de la phase de championnat, se contentant d&#39;un match nul 1-1 contre le PSV la derni\u00e8re fois, tandis que les champions en titre ont un bilan parfait apr\u00e8s deux journ\u00e9es, revenant pour battre Barcelone 2-1 la derni\u00e8re fois.<\/p>\n<p><\/p>\n<h2>Aper\u00e7u du match<\/h2>\n<p style=\"margin-bottom:11px\">Apr\u00e8s avoir fait preuve de r\u00e9silience lors de son premier match, en revenant deux fois pour faire match nul 2-2 au FC Copenhague, le Bayer Leverkusen n&#39;a pas r\u00e9ussi \u00e0 conserver un avantage en seconde p\u00e9riode lors de la deuxi\u00e8me journ\u00e9e contre les N\u00e9erlandais.<\/p>\n<p>Mardi, ils tenteront d&#39;\u00e9viter de se retrouver sans victoire lors de leurs trois premiers matches de cette phase de la Ligue des champions pour la premi\u00e8re fois depuis 2016, lorsqu&#39;ils avaient fait match nul lors de leurs trois premiers matches.<\/p>\n<p>Depuis qu&#39;elle a remport\u00e9 ses deux derniers matches europ\u00e9ens en 2024, cette \u00e9quipe n&#39;a remport\u00e9 qu&#39;une seule victoire lors de ses six sorties europ\u00e9ennes disput\u00e9es cette ann\u00e9e.<\/p>\n<p>Dans le m\u00eame temps, ils n\u2019ont perdu aucune de leurs cinq pr\u00e9c\u00e9dentes confrontations en Ligue des champions contre des clubs fran\u00e7ais dans cette phase de la comp\u00e9tition.<\/p>\n<p><strong class=\"autotag\">Kasper Hjulmand n&#39;a toujours pas perdu depuis qu&#39;il a pris ses fonctions <strong class=\"autotag\">Erik ten Hag, avec son \u00e9quipe actuellement sur une s\u00e9rie de deux victoires au niveau national, battant Mayence 4-3 en Bundesliga samedi.<\/p>\n<p>C&#39;est en jouant \u00e0 domicile que le Bayer prosp\u00e8re, perdant un seul de ses 17 derniers matches de groupe dans les comp\u00e9titions de l&#39;UEFA, remportant les quatre matches de la phase de championnat \u00e0 BayArena la saison derni\u00e8re sans un seul but encaiss\u00e9.<\/p>\n<p class=\"imgI\">\n<p>Malgr\u00e9 l&#39;absence de nombreux chiffres cl\u00e9s lors de la deuxi\u00e8me journ\u00e9e, le PSG a trouv\u00e9 le moyen de d\u00e9passer le Bar\u00e7a, revenant par derri\u00e8re avec le vainqueur dans les derni\u00e8res \u00e9tapes.<\/p>\n<p>Les tenants du titre sont invaincus lors de leurs 14 derniers matches disput\u00e9s dans ce tournoi, remportant 12 d&#39;entre eux, dont cinq de suite avant la troisi\u00e8me journ\u00e9e.<\/p>\n<p>Un autre mardi \u00e9galerait leur plus longue s\u00e9rie de victoires dans cette comp\u00e9tition, en date de 1994, lorsqu&#39;ils avaient remport\u00e9 six triomphes successifs entre septembre et d\u00e9cembre de la m\u00eame ann\u00e9e.<\/p>\n<p>Ils n&#39;ont remport\u00e9 que deux de leurs 10 pr\u00e9c\u00e9dents d\u00e9placements \u00e0 l&#39;ext\u00e9rieur contre des adversaires allemands et n&#39;ont pas r\u00e9ussi \u00e0 garder leur cage inviol\u00e9e \u00e0 chaque fois.<\/p>\n<p><strong class=\"autotag\">Les hommes de Luis Enrique ont perdu des points lors de deux de leurs trois pr\u00e9c\u00e9dents matches \u00e0 l&#39;ext\u00e9rieur toutes comp\u00e9titions confondues, mais mardi, le PSG pourrait remporter ses trois premiers matches de groupe de la Ligue des champions pour la premi\u00e8re fois depuis 2019.<\/p>\n<p>Les Parisiens ont un record de 100% contre le Bayer Leverkusen dans cette comp\u00e9tition, avec notamment une victoire convaincante 4-0 \u00e0 la BayArena en 2014, leur derni\u00e8re cage inviol\u00e9e en Ligue des Champions en phase de groupes sur le sol allemand.<\/p>\n<p class=\"bM8\">Forme de la Ligue des champions du Bayer Leverkusen\u00a0:<\/p>\n<p class=\"bM8\">Forme Bayer Leverkusen (toutes comp\u00e9titions) :<\/p>\n<p class=\"bM8\">Forme de la Ligue des Champions du Paris Saint-Germain :<\/p>\n<p class=\"bM8\">Forme du Paris Saint-Germain (toutes comp\u00e9titions) :<\/p>\n<p><\/p>\n<h2>Nouvelles de l&#39;\u00e9quipe<\/h2>\n<p class=\"imgI\">\n<p style=\"margin-bottom:11px\">Hjulmand a actuellement de nombreuses blessures \u00e0 g\u00e9rer pour le Bayer Leverkusen, avec <strong class=\"autotag\">Exequiel Palacios souffre d&#39;une tension \u00e0 l&#39;aine, tandis que <strong class=\"autotag\">Nathan Tella et <strong class=\"autotag\">Jarell Quansah a des probl\u00e8mes de genou.<\/p>\n<p>Entre-temps, <strong class=\"autotag\">Axel Tape-Kobrissa est incertain pour mardi avec une douleur aux ischio-jambiers, <strong class=\"autotag\">Il est peu probable que Patrik Schick soit pr\u00e9sent car il souffre d&#39;une \u00e9longation \u00e0 la cuisse et <strong class=\"autotag\">Martin Terrier est sorti avec une rupture du tendon d&#39;Achille.<\/p>\n<p><strong class=\"autotag\">Christian Michel Kofane est sur une s\u00e9rie de trois buts dans toutes les comp\u00e9titions avant ce match, marquant son seul but lors de la deuxi\u00e8me journ\u00e9e de la Ligue des champions.<\/p>\n<p>Quant au PSG, <strong class=\"autotag\">Ousmane Demb\u00e9l\u00e9 est sur le point de revenir d&#39;une tension aux ischio-jambiers, bien que son retour soit pr\u00e9vu pour le week-end prochain, tandis que <strong class=\"autotag\">Joao Neves est probablement confront\u00e9 au m\u00eame probl\u00e8me.<\/p>\n<p>En m\u00eame temps, <strong class=\"autotag\">Marquinhos est incertain en raison d&#39;une douleur \u00e0 la cuisse, tandis que <strong class=\"autotag\">Fabian Ruiz a un probl\u00e8me \u00e0 la hanche qui pourrait l&#39;emp\u00eacher de disputer son 50e match en Ligue des champions proprement dite.<\/p>\n<p><strong class=\"autotag\">Senny Mayulu a \u00e9galis\u00e9 contre le Bar\u00e7a plus t\u00f4t ce mois-ci, avec <strong class=\"autotag\">Goncalo Ramos n&#39;a marqu\u00e9 que le deuxi\u00e8me but vainqueur \u00e0 la 90e minute contre les Espagnols pour donner aux Parisiens le maximum de points.<\/p>\n<p>Onze de d\u00e9part possibles du Bayer Leverkusen :<\/p>\n<p style=\"margin-bottom:11px\">Flekken; Andrich, Bade, Belocian ; Arthur, Garc\u00eda, Fern\u00e1ndez, Grimaldo\u00a0; Maza, Poku ; Kofane<\/p>\n<p>Onze de d\u00e9part possibles du Paris Saint-Germain :<\/p>\n<p style=\"margin-bottom:11px\">Chevalier; Hakimi, Zabarnyi, Pacho, Mendes\u00a0; Kang-in, Vitinha, Dou\u00e9\u00a0; Kvaratskhelia, Ramos, Barcola<\/p>\n<p class=\"sm_center\">\n<h2 class=\"sm_center\">On dit : Bayer Leverkusen 1-2 Paris Saint-Germain<\/h2>\n<p style=\"margin-bottom:11px\">Le PSG a trouv\u00e9 le moyen de se passer de ses stars pour y parvenir lors de la deuxi\u00e8me journ\u00e9e, et avec la profondeur dont ils se vantent en attaque, nous nous attendons \u00e0 ce que quelqu&#39;un leur offre un moment magique pour faire tourner ce match en leur faveur.<\/p>\n<p>Pour l\u2019analyse des donn\u00e9es des r\u00e9sultats les plus probables, des scores et plus encore pour ce match, veuillez cliquer ici.<\/p>\n<p><\/p>\n<div class=\"author_box\">\n<div class=\"author_box_banner\"> <\/div>\n<\/div>\n<h2>Aper\u00e7us par email<\/h2>\n<div>Cliquez ici pour recevoir l&#39;e-mail quotidien de Sports Mole contenant des aper\u00e7us et des pronostics pour chaque jeu majeur\u00a0!<\/div>\n<p><\/div>\n","protected":false},"excerpt":{"rendered":"<p>Sports Mole pr\u00e9sente un aper\u00e7u du choc de la Ligue des champions de mardi entre le Bayer Leverkusen et le Paris Saint-Germain, y compris les<\/p>\n","protected":false},"author":1,"featured_media":30319,"comment_status":"closed","ping_status":"","sticky":false,"template":"","format":"standard","meta":{"footnotes":""},"categories":[4],"tags":[7,10847,383,4219,982,100,382,249],"yoast_head":"<!-- This site is optimized with the Yoast SEO plugin v21.0 - https:\/\/yoast.com\/wordpress\/plugins\/seo\/ -->\n<title>Aper\u00e7u:Bayer Leverkusen vs Paris Saint-Germain \u2013 pronostics, actualit\u00e9s de l&#039;\u00e9quipe, compositions<\/title>\n<meta name=\"robots\" content=\"index, follow, max-snippet:-1, max-image-preview:large, max-video-preview:-1\" \/>\n<link rel=\"canonical\" href=\"https:\/\/footdavant.fr\/actualites\/apercubayer-leverkusen-vs-paris-saint-germain-pronostics-actualites-de-lequipe-compositions\/\" \/>\n<meta property=\"og:locale\" content=\"fr_FR\" \/>\n<meta property=\"og:type\" content=\"article\" \/>\n<meta property=\"og:title\" content=\"Aper\u00e7u:Bayer Leverkusen vs Paris Saint-Germain \u2013 pronostics, actualit\u00e9s de l&#039;\u00e9quipe, compositions\" \/>\n<meta property=\"og:description\" content=\"Sports Mole pr\u00e9sente un aper\u00e7u du choc de la Ligue des champions de mardi entre le Bayer Leverkusen et le Paris Saint-Germain, y compris les\" \/>\n<meta property=\"og:url\" content=\"https:\/\/footdavant.fr\/actualites\/apercubayer-leverkusen-vs-paris-saint-germain-pronostics-actualites-de-lequipe-compositions\/\" \/>\n<meta property=\"og:site_name\" content=\"Foot d&#039;avant\" \/>\n<meta property=\"article:publisher\" content=\"https:\/\/www.facebook.com\/Footdavant\/\" \/>\n<meta property=\"article:published_time\" content=\"2025-10-25T19:48:07+00:00\" \/>\n<meta property=\"article:modified_time\" content=\"2025-10-25T19:48:08+00:00\" \/>\n<meta property=\"og:image\" content=\"https:\/\/footdavant.fr\/actualites\/wp-content\/uploads\/2025\/10\/ApercuBayer-Leverkusen-vs-Paris-Saint-Germain-\u2013-pronostics-actualites-de-l39equipe.jpg\" \/>\n\t<meta property=\"og:image:width\" content=\"640\" \/>\n\t<meta property=\"og:image:height\" content=\"480\" \/>\n\t<meta property=\"og:image:type\" content=\"image\/jpeg\" \/>\n<meta name=\"author\" content=\"Cl\u00e9ment\" \/>\n<meta name=\"twitter:card\" content=\"summary_large_image\" \/>\n<meta name=\"twitter:creator\" content=\"@FootdavantFr\" \/>\n<meta name=\"twitter:site\" content=\"@FootdavantFr\" \/>\n<meta name=\"twitter:label1\" content=\"\u00c9crit par\" \/>\n\t<meta name=\"twitter:data1\" content=\"Cl\u00e9ment\" \/>\n\t<meta name=\"twitter:label2\" content=\"Dur\u00e9e de lecture estim\u00e9e\" \/>\n\t<meta name=\"twitter:data2\" content=\"5 minutes\" \/>\n<script type=\"application\/ld+json\" class=\"yoast-schema-graph\">{\"@context\":\"https:\/\/schema.org\",\"@graph\":[{\"@type\":\"Article\",\"@id\":\"https:\/\/footdavant.fr\/actualites\/apercubayer-leverkusen-vs-paris-saint-germain-pronostics-actualites-de-lequipe-compositions\/#article\",\"isPartOf\":{\"@id\":\"https:\/\/footdavant.fr\/actualites\/apercubayer-leverkusen-vs-paris-saint-germain-pronostics-actualites-de-lequipe-compositions\/\"},\"author\":{\"name\":\"Cl\u00e9ment\",\"@id\":\"https:\/\/footdavant.fr\/actualites\/#\/schema\/person\/bc222566d95871b37e597b3ed3ba5e1d\"},\"headline\":\"Aper\u00e7u:Bayer Leverkusen vs Paris Saint-Germain \u2013 pronostics, actualit\u00e9s de l&#39;\u00e9quipe, compositions\",\"datePublished\":\"2025-10-25T19:48:07+00:00\",\"dateModified\":\"2025-10-25T19:48:08+00:00\",\"mainEntityOfPage\":{\"@id\":\"https:\/\/footdavant.fr\/actualites\/apercubayer-leverkusen-vs-paris-saint-germain-pronostics-actualites-de-lequipe-compositions\/\"},\"wordCount\":1026,\"publisher\":{\"@id\":\"https:\/\/footdavant.fr\/actualites\/#organization\"},\"keywords\":[\"Actualit\u00e9s\",\"Aper\u00e7uBayer\",\"compositions\",\"l39\u00e9quipe\",\"Leverkusen\",\"paris\",\"pronostics\",\"SaintGermain\"],\"articleSection\":[\"Champions League\"],\"inLanguage\":\"fr-FR\"},{\"@type\":\"WebPage\",\"@id\":\"https:\/\/footdavant.fr\/actualites\/apercubayer-leverkusen-vs-paris-saint-germain-pronostics-actualites-de-lequipe-compositions\/\",\"url\":\"https:\/\/footdavant.fr\/actualites\/apercubayer-leverkusen-vs-paris-saint-germain-pronostics-actualites-de-lequipe-compositions\/\",\"name\":\"Aper\u00e7u:Bayer Leverkusen vs Paris Saint-Germain \u2013 pronostics, actualit\u00e9s de l&#39;\u00e9quipe, compositions\",\"isPartOf\":{\"@id\":\"https:\/\/footdavant.fr\/actualites\/#website\"},\"datePublished\":\"2025-10-25T19:48:07+00:00\",\"dateModified\":\"2025-10-25T19:48:08+00:00\",\"breadcrumb\":{\"@id\":\"https:\/\/footdavant.fr\/actualites\/apercubayer-leverkusen-vs-paris-saint-germain-pronostics-actualites-de-lequipe-compositions\/#breadcrumb\"},\"inLanguage\":\"fr-FR\",\"potentialAction\":[{\"@type\":\"ReadAction\",\"target\":[\"https:\/\/footdavant.fr\/actualites\/apercubayer-leverkusen-vs-paris-saint-germain-pronostics-actualites-de-lequipe-compositions\/\"]}]},{\"@type\":\"BreadcrumbList\",\"@id\":\"https:\/\/footdavant.fr\/actualites\/apercubayer-leverkusen-vs-paris-saint-germain-pronostics-actualites-de-lequipe-compositions\/#breadcrumb\",\"itemListElement\":[{\"@type\":\"ListItem\",\"position\":1,\"name\":\"Accueil\",\"item\":\"https:\/\/footdavant.fr\/actualites\/\"},{\"@type\":\"ListItem\",\"position\":2,\"name\":\"Aper\u00e7u:Bayer Leverkusen vs Paris Saint-Germain \u2013 pronostics, actualit\u00e9s de l&#39;\u00e9quipe, compositions\"}]},{\"@type\":\"WebSite\",\"@id\":\"https:\/\/footdavant.fr\/actualites\/#website\",\"url\":\"https:\/\/footdavant.fr\/actualites\/\",\"name\":\"Foot d'avant\",\"description\":\"\",\"publisher\":{\"@id\":\"https:\/\/footdavant.fr\/actualites\/#organization\"},\"potentialAction\":[{\"@type\":\"SearchAction\",\"target\":{\"@type\":\"EntryPoint\",\"urlTemplate\":\"https:\/\/footdavant.fr\/actualites\/?s={search_term_string}\"},\"query-input\":\"required name=search_term_string\"}],\"inLanguage\":\"fr-FR\"},{\"@type\":\"Organization\",\"@id\":\"https:\/\/footdavant.fr\/actualites\/#organization\",\"name\":\"Foot d'avant\",\"url\":\"https:\/\/footdavant.fr\/actualites\/\",\"logo\":{\"@type\":\"ImageObject\",\"inLanguage\":\"fr-FR\",\"@id\":\"https:\/\/footdavant.fr\/actualites\/#\/schema\/logo\/image\/\",\"url\":\"https:\/\/footdavant.fr\/actualites\/wp-content\/uploads\/2023\/09\/Copy-of-FootDavant-Logo.png\",\"contentUrl\":\"https:\/\/footdavant.fr\/actualites\/wp-content\/uploads\/2023\/09\/Copy-of-FootDavant-Logo.png\",\"width\":936,\"height\":549,\"caption\":\"Foot d'avant\"},\"image\":{\"@id\":\"https:\/\/footdavant.fr\/actualites\/#\/schema\/logo\/image\/\"},\"sameAs\":[\"https:\/\/www.facebook.com\/Footdavant\/\",\"https:\/\/twitter.com\/FootdavantFr\",\"https:\/\/www.instagram.com\/footdavant.fr\/\"]},{\"@type\":\"Person\",\"@id\":\"https:\/\/footdavant.fr\/actualites\/#\/schema\/person\/bc222566d95871b37e597b3ed3ba5e1d\",\"name\":\"Cl\u00e9ment\",\"image\":{\"@type\":\"ImageObject\",\"inLanguage\":\"fr-FR\",\"@id\":\"https:\/\/footdavant.fr\/actualites\/#\/schema\/person\/image\/\",\"url\":\"https:\/\/secure.gravatar.com\/avatar\/7728b29aac2719421e1a9159b2254c44?s=96&d=mm&r=g\",\"contentUrl\":\"https:\/\/secure.gravatar.com\/avatar\/7728b29aac2719421e1a9159b2254c44?s=96&d=mm&r=g\",\"caption\":\"Cl\u00e9ment\"},\"sameAs\":[\"https:\/\/footdavant.fr\/\"]}]}<\/script>\n<!-- \/ Yoast SEO plugin. -->","yoast_head_json":{"title":"Aper\u00e7u:Bayer Leverkusen vs Paris Saint-Germain \u2013 pronostics, actualit\u00e9s de l&#39;\u00e9quipe, compositions","robots":{"index":"index","follow":"follow","max-snippet":"max-snippet:-1","max-image-preview":"max-image-preview:large","max-video-preview":"max-video-preview:-1"},"canonical":"https:\/\/footdavant.fr\/actualites\/apercubayer-leverkusen-vs-paris-saint-germain-pronostics-actualites-de-lequipe-compositions\/","og_locale":"fr_FR","og_type":"article","og_title":"Aper\u00e7u:Bayer Leverkusen vs Paris Saint-Germain \u2013 pronostics, actualit\u00e9s de l&#39;\u00e9quipe, compositions","og_description":"Sports Mole pr\u00e9sente un aper\u00e7u du choc de la Ligue des champions de mardi entre le Bayer Leverkusen et le Paris Saint-Germain, y compris les","og_url":"https:\/\/footdavant.fr\/actualites\/apercubayer-leverkusen-vs-paris-saint-germain-pronostics-actualites-de-lequipe-compositions\/","og_site_name":"Foot d&#039;avant","article_publisher":"https:\/\/www.facebook.com\/Footdavant\/","article_published_time":"2025-10-25T19:48:07+00:00","article_modified_time":"2025-10-25T19:48:08+00:00","og_image":[{"width":640,"height":480,"url":"https:\/\/footdavant.fr\/actualites\/wp-content\/uploads\/2025\/10\/ApercuBayer-Leverkusen-vs-Paris-Saint-Germain-\u2013-pronostics-actualites-de-l39equipe.jpg","type":"image\/jpeg"}],"author":"Cl\u00e9ment","twitter_card":"summary_large_image","twitter_creator":"@FootdavantFr","twitter_site":"@FootdavantFr","twitter_misc":{"\u00c9crit par":"Cl\u00e9ment","Dur\u00e9e de lecture estim\u00e9e":"5 minutes"},"schema":{"@context":"https:\/\/schema.org","@graph":[{"@type":"Article","@id":"https:\/\/footdavant.fr\/actualites\/apercubayer-leverkusen-vs-paris-saint-germain-pronostics-actualites-de-lequipe-compositions\/#article","isPartOf":{"@id":"https:\/\/footdavant.fr\/actualites\/apercubayer-leverkusen-vs-paris-saint-germain-pronostics-actualites-de-lequipe-compositions\/"},"author":{"name":"Cl\u00e9ment","@id":"https:\/\/footdavant.fr\/actualites\/#\/schema\/person\/bc222566d95871b37e597b3ed3ba5e1d"},"headline":"Aper\u00e7u:Bayer Leverkusen vs Paris Saint-Germain \u2013 pronostics, actualit\u00e9s de l&#39;\u00e9quipe, compositions","datePublished":"2025-10-25T19:48:07+00:00","dateModified":"2025-10-25T19:48:08+00:00","mainEntityOfPage":{"@id":"https:\/\/footdavant.fr\/actualites\/apercubayer-leverkusen-vs-paris-saint-germain-pronostics-actualites-de-lequipe-compositions\/"},"wordCount":1026,"publisher":{"@id":"https:\/\/footdavant.fr\/actualites\/#organization"},"keywords":["Actualit\u00e9s","Aper\u00e7uBayer","compositions","l39\u00e9quipe","Leverkusen","paris","pronostics","SaintGermain"],"articleSection":["Champions League"],"inLanguage":"fr-FR"},{"@type":"WebPage","@id":"https:\/\/footdavant.fr\/actualites\/apercubayer-leverkusen-vs-paris-saint-germain-pronostics-actualites-de-lequipe-compositions\/","url":"https:\/\/footdavant.fr\/actualites\/apercubayer-leverkusen-vs-paris-saint-germain-pronostics-actualites-de-lequipe-compositions\/","name":"Aper\u00e7u:Bayer Leverkusen vs Paris Saint-Germain \u2013 pronostics, actualit\u00e9s de l&#39;\u00e9quipe, compositions","isPartOf":{"@id":"https:\/\/footdavant.fr\/actualites\/#website"},"datePublished":"2025-10-25T19:48:07+00:00","dateModified":"2025-10-25T19:48:08+00:00","breadcrumb":{"@id":"https:\/\/footdavant.fr\/actualites\/apercubayer-leverkusen-vs-paris-saint-germain-pronostics-actualites-de-lequipe-compositions\/#breadcrumb"},"inLanguage":"fr-FR","potentialAction":[{"@type":"ReadAction","target":["https:\/\/footdavant.fr\/actualites\/apercubayer-leverkusen-vs-paris-saint-germain-pronostics-actualites-de-lequipe-compositions\/"]}]},{"@type":"BreadcrumbList","@id":"https:\/\/footdavant.fr\/actualites\/apercubayer-leverkusen-vs-paris-saint-germain-pronostics-actualites-de-lequipe-compositions\/#breadcrumb","itemListElement":[{"@type":"ListItem","position":1,"name":"Accueil","item":"https:\/\/footdavant.fr\/actualites\/"},{"@type":"ListItem","position":2,"name":"Aper\u00e7u:Bayer Leverkusen vs Paris Saint-Germain \u2013 pronostics, actualit\u00e9s de l&#39;\u00e9quipe, compositions"}]},{"@type":"WebSite","@id":"https:\/\/footdavant.fr\/actualites\/#website","url":"https:\/\/footdavant.fr\/actualites\/","name":"Foot d'avant","description":"","publisher":{"@id":"https:\/\/footdavant.fr\/actualites\/#organization"},"potentialAction":[{"@type":"SearchAction","target":{"@type":"EntryPoint","urlTemplate":"https:\/\/footdavant.fr\/actualites\/?s={search_term_string}"},"query-input":"required name=search_term_string"}],"inLanguage":"fr-FR"},{"@type":"Organization","@id":"https:\/\/footdavant.fr\/actualites\/#organization","name":"Foot d'avant","url":"https:\/\/footdavant.fr\/actualites\/","logo":{"@type":"ImageObject","inLanguage":"fr-FR","@id":"https:\/\/footdavant.fr\/actualites\/#\/schema\/logo\/image\/","url":"https:\/\/footdavant.fr\/actualites\/wp-content\/uploads\/2023\/09\/Copy-of-FootDavant-Logo.png","contentUrl":"https:\/\/footdavant.fr\/actualites\/wp-content\/uploads\/2023\/09\/Copy-of-FootDavant-Logo.png","width":936,"height":549,"caption":"Foot d'avant"},"image":{"@id":"https:\/\/footdavant.fr\/actualites\/#\/schema\/logo\/image\/"},"sameAs":["https:\/\/www.facebook.com\/Footdavant\/","https:\/\/twitter.com\/FootdavantFr","https:\/\/www.instagram.com\/footdavant.fr\/"]},{"@type":"Person","@id":"https:\/\/footdavant.fr\/actualites\/#\/schema\/person\/bc222566d95871b37e597b3ed3ba5e1d","name":"Cl\u00e9ment","image":{"@type":"ImageObject","inLanguage":"fr-FR","@id":"https:\/\/footdavant.fr\/actualites\/#\/schema\/person\/image\/","url":"https:\/\/secure.gravatar.com\/avatar\/7728b29aac2719421e1a9159b2254c44?s=96&d=mm&r=g","contentUrl":"https:\/\/secure.gravatar.com\/avatar\/7728b29aac2719421e1a9159b2254c44?s=96&d=mm&r=g","caption":"Cl\u00e9ment"},"sameAs":["https:\/\/footdavant.fr\/"]}]}},"_links":{"self":[{"href":"https:\/\/footdavant.fr\/actualites\/wp-json\/wp\/v2\/posts\/30318"}],"collection":[{"href":"https:\/\/footdavant.fr\/actualites\/wp-json\/wp\/v2\/posts"}],"about":[{"href":"https:\/\/footdavant.fr\/actualites\/wp-json\/wp\/v2\/types\/post"}],"author":[{"embeddable":true,"href":"https:\/\/footdavant.fr\/actualites\/wp-json\/wp\/v2\/users\/1"}],"replies":[{"embeddable":true,"href":"https:\/\/footdavant.fr\/actualites\/wp-json\/wp\/v2\/comments?post=30318"}],"version-history":[{"count":1,"href":"https:\/\/footdavant.fr\/actualites\/wp-json\/wp\/v2\/posts\/30318\/revisions"}],"predecessor-version":[{"id":30320,"href":"https:\/\/footdavant.fr\/actualites\/wp-json\/wp\/v2\/posts\/30318\/revisions\/30320"}],"wp:featuredmedia":[{"embeddable":true,"href":"https:\/\/footdavant.fr\/actualites\/wp-json\/wp\/v2\/media\/30319"}],"wp:attachment":[{"href":"https:\/\/footdavant.fr\/actualites\/wp-json\/wp\/v2\/media?parent=30318"}],"wp:term":[{"taxonomy":"category","embeddable":true,"href":"https:\/\/footdavant.fr\/actualites\/wp-json\/wp\/v2\/categories?post=30318"},{"taxonomy":"post_tag","embeddable":true,"href":"https:\/\/footdavant.fr\/actualites\/wp-json\/wp\/v2\/tags?post=30318"}],"curies":[{"name":"wp","href":"https:\/\/api.w.org\/{rel}","templated":true}]}}