{"id":3032,"date":"2023-12-26T02:49:18","date_gmt":"2023-12-26T01:49:18","guid":{"rendered":"https:\/\/footdavant.fr\/actualites\/fabrizio-romano-partage-une-mise-a-jour-sur-le-transfert-qui-affecte-directement-liverpool-en-cas-de-besoin-desespere\/"},"modified":"2023-12-26T02:49:20","modified_gmt":"2023-12-26T01:49:20","slug":"fabrizio-romano-partage-une-mise-a-jour-sur-le-transfert-qui-affecte-directement-liverpool-en-cas-de-besoin-desespere","status":"publish","type":"post","link":"https:\/\/footdavant.fr\/actualites\/fabrizio-romano-partage-une-mise-a-jour-sur-le-transfert-qui-affecte-directement-liverpool-en-cas-de-besoin-desespere\/","title":{"rendered":"Fabrizio Romano partage une mise \u00e0 jour sur le transfert qui affecte directement Liverpool en cas de besoin d\u00e9sesp\u00e9r\u00e9"},"content":{"rendered":"<div id=\"article-body\">\n<!-- Article Start --><\/p>\n<p>Les Merseysiders esp\u00e8rent peut-\u00eatre profiter de la prochaine fen\u00eatre de transfert de janvier pour r\u00e9soudre une liste croissante de blessures affectant les quatre arri\u00e8res suite \u00e0 la sortie forc\u00e9e de Kostas Tsimikas contre Arsenal.<\/p>\n<p>Fabrizio Romano a rapport\u00e9 sur X (anciennement Twitter) que la cible pr\u00e9sum\u00e9e Piero Hincapie faisait partie des nombreux noms intouchables avant la fen\u00eatre hivernale.<\/p>\n<blockquote class=\"twitter-lazy tweet-img lazyload\" data-width=\"500\" data-dnt=\"true\">\n<p lang=\"en\" dir=\"ltr\">\ud83d\udea8\ud83d\udd34\u26ab\ufe0f Simon Rolfes, directeur du Bayer Leverkusen : \u00ab Tout le monde reste.  Nous ne l\u00e2cherons aucun joueur cet hiver \u00bb, a d\u00e9clar\u00e9 Kicker.<\/p>\n<p>Pas de d\u00e9placement en janvier pour Tah, Hincapi\u00e9 ou tout autre joueur, garantit Rolfes. <a rel=\"nofollow\" href=\"https:\/\/t.co\/p62DsgFpOb\">pic.twitter.com\/p62DsgFpOb<\/a><\/p>\n<p>-Fabrizio Romano (@FabrizioRomano) <a rel=\"nofollow\" href=\"https:\/\/twitter.com\/FabrizioRomano\/status\/1738551025559048292?ref_src=twsrc%5Etfw\">23 d\u00e9cembre 2023<\/a><\/p>\n<\/blockquote>\n<p><iframe loading=\"lazy\" title=\"Spotify Embed: #Ep97 of The Empire of the Kop Podcast: EOTK Insider with Neil Jones\ud83c\udf99\ufe0f\" src=\"https:\/\/open.spotify.com\/embed\/episode\/5REYhdb8sLlZzCjmO8BmDw?go=1&amp;sp_cid=e0fa28c5e90f8bafde5f359222279d9d&amp;utm_source=oembed&amp;utm_medium=desktop&amp;nd=1&amp;dlsi=ca4500f4b4584847\" width=\"100%\" height=\"152\" frameborder=\"0\" allowfullscreen=\"allowfullscreen\" data-mce-fragment=\"1\"><\/iframe><\/p>\n<\/p>\n<h2>Des cibles alternatives que Liverpool pourrait poursuivre ?<\/h2>\n<p>Du c\u00f4t\u00e9 gauche ?  V\u00e9rifier.  Peut-il jouer arri\u00e8re gauche si cela est absolument n\u00e9cessaire\u00a0?  V\u00e9rifier.<\/p>\n<p>Quel dommage de ne m\u00eame pas pouvoir tenter de recruter un espoir aussi dou\u00e9 chez l&rsquo;\u00c9quatorien cet hiver !<\/p>\n<p>Cela dit, nous ne sommes pas totalement d\u00e9pourvus d\u2019alternatives \u00e0 cette p\u00e9riode de l\u2019ann\u00e9e.<\/p>\n<h2>Giorgio Scalvini<\/h2>\n<p>Le jeune d\u00e9fenseur central de l&rsquo;Atalanta n&rsquo;a pas \u00e9t\u00e9 s\u00e9rieusement li\u00e9 \u00e0 un d\u00e9m\u00e9nagement dans le Merseyside depuis \u00e0 peu pr\u00e8s l&rsquo;\u00e9poque de la fen\u00eatre de transfert pr\u00e9c\u00e9dente (90Min via Football365).<\/p>\n<p>Cela dit, nous ne serions pas n\u00e9cessairement d\u00e9\u00e7us si notre pr\u00e9tendu int\u00e9r\u00eat ant\u00e9rieur \u00e9tait donn\u00e9 aux talents manifestement remarquables du joueur de 20 ans.<\/p>\n<figure class=\"wp-caption alignnone\"><figcaption class=\"wp-caption-text\">Scalvini en action pour l&rsquo;Atalanta \u2013 (Photo d&rsquo;Emilio Andreoli\/Getty Images)<\/figcaption><\/figure>\n<p>La star de 6&rsquo;4\u2033 de Serie A a \u00e9t\u00e9 toujours pr\u00e9sente pour ses employeurs actuels cette saison, accumulant 20 apparitions et m\u00eame inscrivant un but et une passe d\u00e9cisive en 2023\/24.<\/p>\n<p>Curieusement, il est \u00e9galement le cinqui\u00e8me joueur le plus similaire (statistiquement) \u00e0 Piero Hincapie, selon FBref.<\/p>\n<p>Il devra am\u00e9liorer consid\u00e9rablement son taux de r\u00e9ussite de passes (25e centile), mais il y a d\u00e9j\u00e0 beaucoup de travail \u00e0 faire si l&rsquo;on consid\u00e8re sa remarquable domination a\u00e9rienne (81e centile pour les sauts gagn\u00e9s) et son importance pour les efforts cr\u00e9atifs de l&rsquo;Atalanta (90e centile pour les tirs). cr\u00e9er des actions).<\/p>\n<h2>Goncalo In\u00e1cio<\/h2>\n<p>Le nom de Goncalo Inacio sera un peu plus familier aux oreilles appartenant \u00e0 celles de Liverpool.<\/p>\n<p>La star du Sporting CP est accompagn\u00e9e d&rsquo;une clause lib\u00e9ratoire de 52 millions de livres sterling, selon le propre site Web du Sporting, ce qui nous permettrait de garantir l&rsquo;avenir de notre backline de mani\u00e8re relativement simpliste si nous le souhaitons.<\/p>\n<figure class=\"wp-caption alignnone\"><img decoding=\"async\" src=\"https:\/\/footdavant.fr\/actualites\/wp-content\/uploads\/2023\/12\/1703555358_801_Fabrizio-Romano-partage-une-mise-a-jour-sur-le-transfert.jpg\" class=\"lazyload wp-image-246791\" title=\"Inacio, Romano\"  data- style=\"aspect-ratio:2933\/1955;max-width:1200px\"><figcaption class=\"wp-caption-text\">Goncalo Inacio c\u00e9l\u00e8bre son but en Ligue Europa \u2013 (Photo d&rsquo;Octavio Passos\/Getty Images)<\/figcaption><\/figure>\n<p>Le d\u00e9fenseur gaucher n&rsquo;est cependant pas aussi assur\u00e9 dans les airs que son homologue susmentionn\u00e9, s&rsquo;inscrivant dans le 36e centile pour les sauts gagn\u00e9s.<\/p>\n<p>D&rsquo;un autre c\u00f4t\u00e9, il y a beaucoup \u00e0 admirer en ce qui concerne sa fiabilit\u00e9 avec le ballon, Inacio poss\u00e9dant un taux de r\u00e9ussite de passes bien plus impressionnant (89e percentile).<\/p>\n<\/p>\n<p><span class=\"embed-youtube\" style=\"text-align:center; display: block;\"><\/span><\/p>\n<p><!-- Article End -->\t\t\t\t<\/div>\n<p><script async src=\"https:\/\/platform.twitter.com\/widgets.js\" charset=\"utf-8\"><\/script><\/p>\n","protected":false},"excerpt":{"rendered":"<p>Les Merseysiders esp\u00e8rent peut-\u00eatre profiter de la prochaine fen\u00eatre de transfert de janvier pour r\u00e9soudre une liste croissante de blessures affectant les quatre arri\u00e8res suite<\/p>\n","protected":false},"author":1,"featured_media":3033,"comment_status":"closed","ping_status":"","sticky":false,"template":"","format":"standard","meta":{"footnotes":""},"categories":[3],"tags":[2537,433,2539,2540,2538,1113,328,53,327,1587,243,1114,103,700,92],"yoast_head":"<!-- This site is optimized with the Yoast SEO plugin v21.0 - https:\/\/yoast.com\/wordpress\/plugins\/seo\/ -->\n<title>Fabrizio Romano partage une mise \u00e0 jour sur le transfert qui affecte directement Liverpool en cas de besoin d\u00e9sesp\u00e9r\u00e9<\/title>\n<meta name=\"robots\" content=\"index, follow, max-snippet:-1, max-image-preview:large, max-video-preview:-1\" \/>\n<link rel=\"canonical\" href=\"https:\/\/footdavant.fr\/actualites\/fabrizio-romano-partage-une-mise-a-jour-sur-le-transfert-qui-affecte-directement-liverpool-en-cas-de-besoin-desespere\/\" \/>\n<meta property=\"og:locale\" content=\"fr_FR\" \/>\n<meta property=\"og:type\" content=\"article\" \/>\n<meta property=\"og:title\" content=\"Fabrizio Romano partage une mise \u00e0 jour sur le transfert qui affecte directement Liverpool en cas de besoin d\u00e9sesp\u00e9r\u00e9\" \/>\n<meta property=\"og:description\" content=\"Les Merseysiders esp\u00e8rent peut-\u00eatre profiter de la prochaine fen\u00eatre de transfert de janvier pour r\u00e9soudre une liste croissante de blessures affectant les quatre arri\u00e8res suite\" \/>\n<meta property=\"og:url\" content=\"https:\/\/footdavant.fr\/actualites\/fabrizio-romano-partage-une-mise-a-jour-sur-le-transfert-qui-affecte-directement-liverpool-en-cas-de-besoin-desespere\/\" \/>\n<meta property=\"og:site_name\" content=\"Foot d&#039;avant\" \/>\n<meta property=\"article:publisher\" content=\"https:\/\/www.facebook.com\/Footdavant\/\" \/>\n<meta property=\"article:published_time\" content=\"2023-12-26T01:49:18+00:00\" \/>\n<meta property=\"article:modified_time\" content=\"2023-12-26T01:49:20+00:00\" \/>\n<meta property=\"og:image\" content=\"https:\/\/footdavant.fr\/actualites\/wp-content\/uploads\/2023\/12\/1703555358_Fabrizio-Romano-partage-une-mise-a-jour-sur-le-transfert.jpg\" \/>\n\t<meta property=\"og:image:width\" content=\"1143\" \/>\n\t<meta property=\"og:image:height\" content=\"791\" \/>\n\t<meta property=\"og:image:type\" content=\"image\/jpeg\" \/>\n<meta name=\"author\" content=\"Cl\u00e9ment\" \/>\n<meta name=\"twitter:card\" content=\"summary_large_image\" \/>\n<meta name=\"twitter:creator\" content=\"@FootdavantFr\" \/>\n<meta name=\"twitter:site\" content=\"@FootdavantFr\" \/>\n<meta name=\"twitter:label1\" content=\"\u00c9crit par\" \/>\n\t<meta name=\"twitter:data1\" content=\"Cl\u00e9ment\" \/>\n\t<meta name=\"twitter:label2\" content=\"Dur\u00e9e de lecture estim\u00e9e\" \/>\n\t<meta name=\"twitter:data2\" content=\"2 minutes\" \/>\n<script type=\"application\/ld+json\" class=\"yoast-schema-graph\">{\"@context\":\"https:\/\/schema.org\",\"@graph\":[{\"@type\":\"Article\",\"@id\":\"https:\/\/footdavant.fr\/actualites\/fabrizio-romano-partage-une-mise-a-jour-sur-le-transfert-qui-affecte-directement-liverpool-en-cas-de-besoin-desespere\/#article\",\"isPartOf\":{\"@id\":\"https:\/\/footdavant.fr\/actualites\/fabrizio-romano-partage-une-mise-a-jour-sur-le-transfert-qui-affecte-directement-liverpool-en-cas-de-besoin-desespere\/\"},\"author\":{\"name\":\"Cl\u00e9ment\",\"@id\":\"https:\/\/footdavant.fr\/actualites\/#\/schema\/person\/bc222566d95871b37e597b3ed3ba5e1d\"},\"headline\":\"Fabrizio Romano partage une mise \u00e0 jour sur le transfert qui affecte directement Liverpool en cas de besoin d\u00e9sesp\u00e9r\u00e9\",\"datePublished\":\"2023-12-26T01:49:18+00:00\",\"dateModified\":\"2023-12-26T01:49:20+00:00\",\"mainEntityOfPage\":{\"@id\":\"https:\/\/footdavant.fr\/actualites\/fabrizio-romano-partage-une-mise-a-jour-sur-le-transfert-qui-affecte-directement-liverpool-en-cas-de-besoin-desespere\/\"},\"wordCount\":520,\"publisher\":{\"@id\":\"https:\/\/footdavant.fr\/actualites\/#organization\"},\"keywords\":[\"affecte\",\"besoin\",\"cas\",\"d\u00e9sesp\u00e9r\u00e9\",\"directement\",\"Fabrizio\",\"jour\",\"Liverpool\",\"mise\",\"partage\",\"qui\",\"Romano\",\"sur\",\"transfert\",\"une\"],\"articleSection\":[\"Football\"],\"inLanguage\":\"fr-FR\"},{\"@type\":\"WebPage\",\"@id\":\"https:\/\/footdavant.fr\/actualites\/fabrizio-romano-partage-une-mise-a-jour-sur-le-transfert-qui-affecte-directement-liverpool-en-cas-de-besoin-desespere\/\",\"url\":\"https:\/\/footdavant.fr\/actualites\/fabrizio-romano-partage-une-mise-a-jour-sur-le-transfert-qui-affecte-directement-liverpool-en-cas-de-besoin-desespere\/\",\"name\":\"Fabrizio Romano partage une mise \u00e0 jour sur le transfert qui affecte directement Liverpool en cas de besoin d\u00e9sesp\u00e9r\u00e9\",\"isPartOf\":{\"@id\":\"https:\/\/footdavant.fr\/actualites\/#website\"},\"datePublished\":\"2023-12-26T01:49:18+00:00\",\"dateModified\":\"2023-12-26T01:49:20+00:00\",\"breadcrumb\":{\"@id\":\"https:\/\/footdavant.fr\/actualites\/fabrizio-romano-partage-une-mise-a-jour-sur-le-transfert-qui-affecte-directement-liverpool-en-cas-de-besoin-desespere\/#breadcrumb\"},\"inLanguage\":\"fr-FR\",\"potentialAction\":[{\"@type\":\"ReadAction\",\"target\":[\"https:\/\/footdavant.fr\/actualites\/fabrizio-romano-partage-une-mise-a-jour-sur-le-transfert-qui-affecte-directement-liverpool-en-cas-de-besoin-desespere\/\"]}]},{\"@type\":\"BreadcrumbList\",\"@id\":\"https:\/\/footdavant.fr\/actualites\/fabrizio-romano-partage-une-mise-a-jour-sur-le-transfert-qui-affecte-directement-liverpool-en-cas-de-besoin-desespere\/#breadcrumb\",\"itemListElement\":[{\"@type\":\"ListItem\",\"position\":1,\"name\":\"Accueil\",\"item\":\"https:\/\/footdavant.fr\/actualites\/\"},{\"@type\":\"ListItem\",\"position\":2,\"name\":\"Fabrizio Romano partage une mise \u00e0 jour sur le transfert qui affecte directement Liverpool en cas de besoin d\u00e9sesp\u00e9r\u00e9\"}]},{\"@type\":\"WebSite\",\"@id\":\"https:\/\/footdavant.fr\/actualites\/#website\",\"url\":\"https:\/\/footdavant.fr\/actualites\/\",\"name\":\"Foot d'avant\",\"description\":\"\",\"publisher\":{\"@id\":\"https:\/\/footdavant.fr\/actualites\/#organization\"},\"potentialAction\":[{\"@type\":\"SearchAction\",\"target\":{\"@type\":\"EntryPoint\",\"urlTemplate\":\"https:\/\/footdavant.fr\/actualites\/?s={search_term_string}\"},\"query-input\":\"required name=search_term_string\"}],\"inLanguage\":\"fr-FR\"},{\"@type\":\"Organization\",\"@id\":\"https:\/\/footdavant.fr\/actualites\/#organization\",\"name\":\"Foot d'avant\",\"url\":\"https:\/\/footdavant.fr\/actualites\/\",\"logo\":{\"@type\":\"ImageObject\",\"inLanguage\":\"fr-FR\",\"@id\":\"https:\/\/footdavant.fr\/actualites\/#\/schema\/logo\/image\/\",\"url\":\"https:\/\/footdavant.fr\/actualites\/wp-content\/uploads\/2023\/09\/Copy-of-FootDavant-Logo.png\",\"contentUrl\":\"https:\/\/footdavant.fr\/actualites\/wp-content\/uploads\/2023\/09\/Copy-of-FootDavant-Logo.png\",\"width\":936,\"height\":549,\"caption\":\"Foot d'avant\"},\"image\":{\"@id\":\"https:\/\/footdavant.fr\/actualites\/#\/schema\/logo\/image\/\"},\"sameAs\":[\"https:\/\/www.facebook.com\/Footdavant\/\",\"https:\/\/twitter.com\/FootdavantFr\",\"https:\/\/www.instagram.com\/footdavant.fr\/\"]},{\"@type\":\"Person\",\"@id\":\"https:\/\/footdavant.fr\/actualites\/#\/schema\/person\/bc222566d95871b37e597b3ed3ba5e1d\",\"name\":\"Cl\u00e9ment\",\"image\":{\"@type\":\"ImageObject\",\"inLanguage\":\"fr-FR\",\"@id\":\"https:\/\/footdavant.fr\/actualites\/#\/schema\/person\/image\/\",\"url\":\"https:\/\/secure.gravatar.com\/avatar\/7728b29aac2719421e1a9159b2254c44?s=96&d=mm&r=g\",\"contentUrl\":\"https:\/\/secure.gravatar.com\/avatar\/7728b29aac2719421e1a9159b2254c44?s=96&d=mm&r=g\",\"caption\":\"Cl\u00e9ment\"},\"sameAs\":[\"https:\/\/footdavant.fr\/\"]}]}<\/script>\n<!-- \/ Yoast SEO plugin. -->","yoast_head_json":{"title":"Fabrizio Romano partage une mise \u00e0 jour sur le transfert qui affecte directement Liverpool en cas de besoin d\u00e9sesp\u00e9r\u00e9","robots":{"index":"index","follow":"follow","max-snippet":"max-snippet:-1","max-image-preview":"max-image-preview:large","max-video-preview":"max-video-preview:-1"},"canonical":"https:\/\/footdavant.fr\/actualites\/fabrizio-romano-partage-une-mise-a-jour-sur-le-transfert-qui-affecte-directement-liverpool-en-cas-de-besoin-desespere\/","og_locale":"fr_FR","og_type":"article","og_title":"Fabrizio Romano partage une mise \u00e0 jour sur le transfert qui affecte directement Liverpool en cas de besoin d\u00e9sesp\u00e9r\u00e9","og_description":"Les Merseysiders esp\u00e8rent peut-\u00eatre profiter de la prochaine fen\u00eatre de transfert de janvier pour r\u00e9soudre une liste croissante de blessures affectant les quatre arri\u00e8res suite","og_url":"https:\/\/footdavant.fr\/actualites\/fabrizio-romano-partage-une-mise-a-jour-sur-le-transfert-qui-affecte-directement-liverpool-en-cas-de-besoin-desespere\/","og_site_name":"Foot d&#039;avant","article_publisher":"https:\/\/www.facebook.com\/Footdavant\/","article_published_time":"2023-12-26T01:49:18+00:00","article_modified_time":"2023-12-26T01:49:20+00:00","og_image":[{"width":1143,"height":791,"url":"https:\/\/footdavant.fr\/actualites\/wp-content\/uploads\/2023\/12\/1703555358_Fabrizio-Romano-partage-une-mise-a-jour-sur-le-transfert.jpg","type":"image\/jpeg"}],"author":"Cl\u00e9ment","twitter_card":"summary_large_image","twitter_creator":"@FootdavantFr","twitter_site":"@FootdavantFr","twitter_misc":{"\u00c9crit par":"Cl\u00e9ment","Dur\u00e9e de lecture estim\u00e9e":"2 minutes"},"schema":{"@context":"https:\/\/schema.org","@graph":[{"@type":"Article","@id":"https:\/\/footdavant.fr\/actualites\/fabrizio-romano-partage-une-mise-a-jour-sur-le-transfert-qui-affecte-directement-liverpool-en-cas-de-besoin-desespere\/#article","isPartOf":{"@id":"https:\/\/footdavant.fr\/actualites\/fabrizio-romano-partage-une-mise-a-jour-sur-le-transfert-qui-affecte-directement-liverpool-en-cas-de-besoin-desespere\/"},"author":{"name":"Cl\u00e9ment","@id":"https:\/\/footdavant.fr\/actualites\/#\/schema\/person\/bc222566d95871b37e597b3ed3ba5e1d"},"headline":"Fabrizio Romano partage une mise \u00e0 jour sur le transfert qui affecte directement Liverpool en cas de besoin d\u00e9sesp\u00e9r\u00e9","datePublished":"2023-12-26T01:49:18+00:00","dateModified":"2023-12-26T01:49:20+00:00","mainEntityOfPage":{"@id":"https:\/\/footdavant.fr\/actualites\/fabrizio-romano-partage-une-mise-a-jour-sur-le-transfert-qui-affecte-directement-liverpool-en-cas-de-besoin-desespere\/"},"wordCount":520,"publisher":{"@id":"https:\/\/footdavant.fr\/actualites\/#organization"},"keywords":["affecte","besoin","cas","d\u00e9sesp\u00e9r\u00e9","directement","Fabrizio","jour","Liverpool","mise","partage","qui","Romano","sur","transfert","une"],"articleSection":["Football"],"inLanguage":"fr-FR"},{"@type":"WebPage","@id":"https:\/\/footdavant.fr\/actualites\/fabrizio-romano-partage-une-mise-a-jour-sur-le-transfert-qui-affecte-directement-liverpool-en-cas-de-besoin-desespere\/","url":"https:\/\/footdavant.fr\/actualites\/fabrizio-romano-partage-une-mise-a-jour-sur-le-transfert-qui-affecte-directement-liverpool-en-cas-de-besoin-desespere\/","name":"Fabrizio Romano partage une mise \u00e0 jour sur le transfert qui affecte directement Liverpool en cas de besoin d\u00e9sesp\u00e9r\u00e9","isPartOf":{"@id":"https:\/\/footdavant.fr\/actualites\/#website"},"datePublished":"2023-12-26T01:49:18+00:00","dateModified":"2023-12-26T01:49:20+00:00","breadcrumb":{"@id":"https:\/\/footdavant.fr\/actualites\/fabrizio-romano-partage-une-mise-a-jour-sur-le-transfert-qui-affecte-directement-liverpool-en-cas-de-besoin-desespere\/#breadcrumb"},"inLanguage":"fr-FR","potentialAction":[{"@type":"ReadAction","target":["https:\/\/footdavant.fr\/actualites\/fabrizio-romano-partage-une-mise-a-jour-sur-le-transfert-qui-affecte-directement-liverpool-en-cas-de-besoin-desespere\/"]}]},{"@type":"BreadcrumbList","@id":"https:\/\/footdavant.fr\/actualites\/fabrizio-romano-partage-une-mise-a-jour-sur-le-transfert-qui-affecte-directement-liverpool-en-cas-de-besoin-desespere\/#breadcrumb","itemListElement":[{"@type":"ListItem","position":1,"name":"Accueil","item":"https:\/\/footdavant.fr\/actualites\/"},{"@type":"ListItem","position":2,"name":"Fabrizio Romano partage une mise \u00e0 jour sur le transfert qui affecte directement Liverpool en cas de besoin d\u00e9sesp\u00e9r\u00e9"}]},{"@type":"WebSite","@id":"https:\/\/footdavant.fr\/actualites\/#website","url":"https:\/\/footdavant.fr\/actualites\/","name":"Foot d'avant","description":"","publisher":{"@id":"https:\/\/footdavant.fr\/actualites\/#organization"},"potentialAction":[{"@type":"SearchAction","target":{"@type":"EntryPoint","urlTemplate":"https:\/\/footdavant.fr\/actualites\/?s={search_term_string}"},"query-input":"required name=search_term_string"}],"inLanguage":"fr-FR"},{"@type":"Organization","@id":"https:\/\/footdavant.fr\/actualites\/#organization","name":"Foot d'avant","url":"https:\/\/footdavant.fr\/actualites\/","logo":{"@type":"ImageObject","inLanguage":"fr-FR","@id":"https:\/\/footdavant.fr\/actualites\/#\/schema\/logo\/image\/","url":"https:\/\/footdavant.fr\/actualites\/wp-content\/uploads\/2023\/09\/Copy-of-FootDavant-Logo.png","contentUrl":"https:\/\/footdavant.fr\/actualites\/wp-content\/uploads\/2023\/09\/Copy-of-FootDavant-Logo.png","width":936,"height":549,"caption":"Foot d'avant"},"image":{"@id":"https:\/\/footdavant.fr\/actualites\/#\/schema\/logo\/image\/"},"sameAs":["https:\/\/www.facebook.com\/Footdavant\/","https:\/\/twitter.com\/FootdavantFr","https:\/\/www.instagram.com\/footdavant.fr\/"]},{"@type":"Person","@id":"https:\/\/footdavant.fr\/actualites\/#\/schema\/person\/bc222566d95871b37e597b3ed3ba5e1d","name":"Cl\u00e9ment","image":{"@type":"ImageObject","inLanguage":"fr-FR","@id":"https:\/\/footdavant.fr\/actualites\/#\/schema\/person\/image\/","url":"https:\/\/secure.gravatar.com\/avatar\/7728b29aac2719421e1a9159b2254c44?s=96&d=mm&r=g","contentUrl":"https:\/\/secure.gravatar.com\/avatar\/7728b29aac2719421e1a9159b2254c44?s=96&d=mm&r=g","caption":"Cl\u00e9ment"},"sameAs":["https:\/\/footdavant.fr\/"]}]}},"_links":{"self":[{"href":"https:\/\/footdavant.fr\/actualites\/wp-json\/wp\/v2\/posts\/3032"}],"collection":[{"href":"https:\/\/footdavant.fr\/actualites\/wp-json\/wp\/v2\/posts"}],"about":[{"href":"https:\/\/footdavant.fr\/actualites\/wp-json\/wp\/v2\/types\/post"}],"author":[{"embeddable":true,"href":"https:\/\/footdavant.fr\/actualites\/wp-json\/wp\/v2\/users\/1"}],"replies":[{"embeddable":true,"href":"https:\/\/footdavant.fr\/actualites\/wp-json\/wp\/v2\/comments?post=3032"}],"version-history":[{"count":1,"href":"https:\/\/footdavant.fr\/actualites\/wp-json\/wp\/v2\/posts\/3032\/revisions"}],"predecessor-version":[{"id":3034,"href":"https:\/\/footdavant.fr\/actualites\/wp-json\/wp\/v2\/posts\/3032\/revisions\/3034"}],"wp:featuredmedia":[{"embeddable":true,"href":"https:\/\/footdavant.fr\/actualites\/wp-json\/wp\/v2\/media\/3033"}],"wp:attachment":[{"href":"https:\/\/footdavant.fr\/actualites\/wp-json\/wp\/v2\/media?parent=3032"}],"wp:term":[{"taxonomy":"category","embeddable":true,"href":"https:\/\/footdavant.fr\/actualites\/wp-json\/wp\/v2\/categories?post=3032"},{"taxonomy":"post_tag","embeddable":true,"href":"https:\/\/footdavant.fr\/actualites\/wp-json\/wp\/v2\/tags?post=3032"}],"curies":[{"name":"wp","href":"https:\/\/api.w.org\/{rel}","templated":true}]}}