{"id":30321,"date":"2025-10-25T22:48:15","date_gmt":"2025-10-25T20:48:15","guid":{"rendered":"https:\/\/footdavant.fr\/actualites\/composition-deverton-contre-tottenham-xi-prevu-pour-le-choc-de-premier-league-alors-que-moyes-recoit-un-coup-de-pouce-de-grealish\/"},"modified":"2025-10-25T22:48:15","modified_gmt":"2025-10-25T20:48:15","slug":"composition-deverton-contre-tottenham-xi-prevu-pour-le-choc-de-premier-league-alors-que-moyes-recoit-un-coup-de-pouce-de-grealish","status":"publish","type":"post","link":"https:\/\/footdavant.fr\/actualites\/composition-deverton-contre-tottenham-xi-prevu-pour-le-choc-de-premier-league-alors-que-moyes-recoit-un-coup-de-pouce-de-grealish\/","title":{"rendered":"Composition d&#39;Everton contre Tottenham\u00a0: XI pr\u00e9vu pour le choc de Premier League alors que Moyes re\u00e7oit un coup de pouce de Grealish"},"content":{"rendered":"<p>Sports Mole examine en profondeur comment Everton pourrait s&#39;aligner pour le choc de dimanche en Premier League avec Tottenham Hotspur.<\/p>\n<div id=\"article_body\" itemprop=\"articleBody\">\n<p><strong class=\"autotag\">Entra\u00eeneur d&#39;Everton <strong class=\"autotag\">David Moyes aura l&#39;influence <strong class=\"autotag\">Jack Grealish de retour \u00e0 sa disposition lorsque les Toffees accueilleront <strong class=\"autotag\">Tottenham Hotspur lors du choc de Premier League dimanche au stade Hill Dickinson.<\/p>\n<p>Le pr\u00eat\u00e9 de Manchester City n&#39;\u00e9tait pas \u00e9ligible pour affronter son club parent lors de la huiti\u00e8me semaine de match, o\u00f9 le doubl\u00e9 d&#39;Erling Haaland a propuls\u00e9 les Sky Blues vers une simple victoire 2-0 \u00e0 domicile.<\/p>\n<p>Cependant, Everton retourne maintenant sur un terrain o\u00f9 il n&#39;a pas encore subi une seule d\u00e9faite, et le retour de Grealish dans le onze de d\u00e9part \u2013 probablement \u00e0 la place de <strong class=\"autotag\">Carlos Alcaraz &#8211; est s\u00fbrement clou\u00e9 au but.<\/p>\n<p>L&#39;Anglais peut s&#39;attendre \u00e0 unir ses forces avec Kiernan Dewsbury-Hall et Iliman Ndiaye dans le casting de soutien \u2013 ce dernier occupe la troisi\u00e8me place pour les dribbles de la Premier League 2025-26 avec 39, derri\u00e8re Jeremy Doku et Mohammed Kudus.<\/p>\n<p>Moyes pourrait envisager de modifier la neuvi\u00e8me place apr\u00e8s une s\u00e9rie de matchs sans but de <strong class=\"autotag\">Beto, cependant, alors que Thierno Barry frappe \u00e0 la porte pour un d\u00e9part dimanche.<\/p>\n<p>Cela devrait \u00eatre comme vous \u00e9tiez plus en retrait, cependant, avec James Garner et Idrissa Gueye prot\u00e9geant les cinq arri\u00e8re-gardes compos\u00e9s de Jordan Pickford, Jake O&#39;Brien, Michael Keane, James Tarkowski et Vitaliy Mykolenko.<\/p>\n<p><strong class=\"autotag\">Jarrad Branthwaite et Nathan Patterson sont tous deux absents en raison d&#39;une blessure pour les h\u00f4tes, et le premier devra d\u00e9sormais subir une op\u00e9ration pour corriger son probl\u00e8me aux ischio-jambiers.<\/p>\n<p>Onze de d\u00e9part possibles d\u2019Everton :<\/p>\n<p>Pickford\u00a0; O&#39;Brien, Keane, Tarkowski, Mykolenko\u00a0; Garner, Gueye; Ndiaye, Dewsbury-Hall, Grealish\u00a0; Barry<\/p>\n<p>> Cliquez ici pour voir comment les Spurs pourraient s&#39;aligner pour ce match<\/p>\n<div class=\"author_box\">\n<div class=\"author_box_banner\"> <\/div>\n<\/div>\n<\/div>\n","protected":false},"excerpt":{"rendered":"<p>Sports Mole examine en profondeur comment Everton pourrait s&#39;aligner pour le choc de dimanche en Premier League avec Tottenham Hotspur. Entra\u00eeneur d&#39;Everton David Moyes aura<\/p>\n","protected":false},"author":1,"featured_media":29945,"comment_status":"closed","ping_status":"","sticky":false,"template":"","format":"standard","meta":{"footnotes":""},"categories":[5],"tags":[318,332,2291,20,489,4282,4811,202,1216,490,51,201,3924,488,68],"yoast_head":"<!-- This site is optimized with the Yoast SEO plugin v21.0 - https:\/\/yoast.com\/wordpress\/plugins\/seo\/ -->\n<title>Composition d&#039;Everton contre Tottenham\u00a0: XI pr\u00e9vu pour le choc de Premier League alors que Moyes re\u00e7oit un coup de pouce de Grealish<\/title>\n<meta name=\"robots\" content=\"index, follow, max-snippet:-1, max-image-preview:large, max-video-preview:-1\" \/>\n<link rel=\"canonical\" href=\"https:\/\/footdavant.fr\/actualites\/composition-deverton-contre-tottenham-xi-prevu-pour-le-choc-de-premier-league-alors-que-moyes-recoit-un-coup-de-pouce-de-grealish\/\" \/>\n<meta property=\"og:locale\" content=\"fr_FR\" \/>\n<meta property=\"og:type\" content=\"article\" \/>\n<meta property=\"og:title\" content=\"Composition d&#039;Everton contre Tottenham\u00a0: XI pr\u00e9vu pour le choc de Premier League alors que Moyes re\u00e7oit un coup de pouce de Grealish\" \/>\n<meta property=\"og:description\" content=\"Sports Mole examine en profondeur comment Everton pourrait s&#039;aligner pour le choc de dimanche en Premier League avec Tottenham Hotspur. Entra\u00eeneur d&#039;Everton David Moyes aura\" \/>\n<meta property=\"og:url\" content=\"https:\/\/footdavant.fr\/actualites\/composition-deverton-contre-tottenham-xi-prevu-pour-le-choc-de-premier-league-alors-que-moyes-recoit-un-coup-de-pouce-de-grealish\/\" \/>\n<meta property=\"og:site_name\" content=\"Foot d&#039;avant\" \/>\n<meta property=\"article:publisher\" content=\"https:\/\/www.facebook.com\/Footdavant\/\" \/>\n<meta property=\"article:published_time\" content=\"2025-10-25T20:48:15+00:00\" \/>\n<meta property=\"og:image\" content=\"https:\/\/footdavant.fr\/actualites\/wp-content\/uploads\/2025\/10\/1760748489_Nouvelles-du-transfert-d39Everton-les-Toffees-pourraient-repeter-le.jpg\" \/>\n\t<meta property=\"og:image:width\" content=\"640\" \/>\n\t<meta property=\"og:image:height\" content=\"480\" \/>\n\t<meta property=\"og:image:type\" content=\"image\/jpeg\" \/>\n<meta name=\"author\" content=\"Cl\u00e9ment\" \/>\n<meta name=\"twitter:card\" content=\"summary_large_image\" \/>\n<meta name=\"twitter:creator\" content=\"@FootdavantFr\" \/>\n<meta name=\"twitter:site\" content=\"@FootdavantFr\" \/>\n<meta name=\"twitter:label1\" content=\"\u00c9crit par\" \/>\n\t<meta name=\"twitter:data1\" content=\"Cl\u00e9ment\" \/>\n\t<meta name=\"twitter:label2\" content=\"Dur\u00e9e de lecture estim\u00e9e\" \/>\n\t<meta name=\"twitter:data2\" content=\"2 minutes\" \/>\n<script type=\"application\/ld+json\" class=\"yoast-schema-graph\">{\"@context\":\"https:\/\/schema.org\",\"@graph\":[{\"@type\":\"Article\",\"@id\":\"https:\/\/footdavant.fr\/actualites\/composition-deverton-contre-tottenham-xi-prevu-pour-le-choc-de-premier-league-alors-que-moyes-recoit-un-coup-de-pouce-de-grealish\/#article\",\"isPartOf\":{\"@id\":\"https:\/\/footdavant.fr\/actualites\/composition-deverton-contre-tottenham-xi-prevu-pour-le-choc-de-premier-league-alors-que-moyes-recoit-un-coup-de-pouce-de-grealish\/\"},\"author\":{\"name\":\"Cl\u00e9ment\",\"@id\":\"https:\/\/footdavant.fr\/actualites\/#\/schema\/person\/bc222566d95871b37e597b3ed3ba5e1d\"},\"headline\":\"Composition d&#39;Everton contre Tottenham\u00a0: XI pr\u00e9vu pour le choc de Premier League alors que Moyes re\u00e7oit un coup de pouce de Grealish\",\"datePublished\":\"2025-10-25T20:48:15+00:00\",\"dateModified\":\"2025-10-25T20:48:15+00:00\",\"mainEntityOfPage\":{\"@id\":\"https:\/\/footdavant.fr\/actualites\/composition-deverton-contre-tottenham-xi-prevu-pour-le-choc-de-premier-league-alors-que-moyes-recoit-un-coup-de-pouce-de-grealish\/\"},\"wordCount\":339,\"publisher\":{\"@id\":\"https:\/\/footdavant.fr\/actualites\/#organization\"},\"keywords\":[\"alors\",\"choc\",\"composition\",\"contre\",\"coup\",\"d39Everton\",\"Grealish\",\"League\",\"Moyes\",\"pouce\",\"pour\",\"Premier\",\"pr\u00e9vu\",\"re\u00e7oit\",\"Tottenham\"],\"articleSection\":[\"Premier League\"],\"inLanguage\":\"fr-FR\"},{\"@type\":\"WebPage\",\"@id\":\"https:\/\/footdavant.fr\/actualites\/composition-deverton-contre-tottenham-xi-prevu-pour-le-choc-de-premier-league-alors-que-moyes-recoit-un-coup-de-pouce-de-grealish\/\",\"url\":\"https:\/\/footdavant.fr\/actualites\/composition-deverton-contre-tottenham-xi-prevu-pour-le-choc-de-premier-league-alors-que-moyes-recoit-un-coup-de-pouce-de-grealish\/\",\"name\":\"Composition d&#39;Everton contre Tottenham\u00a0: XI pr\u00e9vu pour le choc de Premier League alors que Moyes re\u00e7oit un coup de pouce de Grealish\",\"isPartOf\":{\"@id\":\"https:\/\/footdavant.fr\/actualites\/#website\"},\"datePublished\":\"2025-10-25T20:48:15+00:00\",\"dateModified\":\"2025-10-25T20:48:15+00:00\",\"breadcrumb\":{\"@id\":\"https:\/\/footdavant.fr\/actualites\/composition-deverton-contre-tottenham-xi-prevu-pour-le-choc-de-premier-league-alors-que-moyes-recoit-un-coup-de-pouce-de-grealish\/#breadcrumb\"},\"inLanguage\":\"fr-FR\",\"potentialAction\":[{\"@type\":\"ReadAction\",\"target\":[\"https:\/\/footdavant.fr\/actualites\/composition-deverton-contre-tottenham-xi-prevu-pour-le-choc-de-premier-league-alors-que-moyes-recoit-un-coup-de-pouce-de-grealish\/\"]}]},{\"@type\":\"BreadcrumbList\",\"@id\":\"https:\/\/footdavant.fr\/actualites\/composition-deverton-contre-tottenham-xi-prevu-pour-le-choc-de-premier-league-alors-que-moyes-recoit-un-coup-de-pouce-de-grealish\/#breadcrumb\",\"itemListElement\":[{\"@type\":\"ListItem\",\"position\":1,\"name\":\"Accueil\",\"item\":\"https:\/\/footdavant.fr\/actualites\/\"},{\"@type\":\"ListItem\",\"position\":2,\"name\":\"Composition d&#39;Everton contre Tottenham\u00a0: XI pr\u00e9vu pour le choc de Premier League alors que Moyes re\u00e7oit un coup de pouce de Grealish\"}]},{\"@type\":\"WebSite\",\"@id\":\"https:\/\/footdavant.fr\/actualites\/#website\",\"url\":\"https:\/\/footdavant.fr\/actualites\/\",\"name\":\"Foot d'avant\",\"description\":\"\",\"publisher\":{\"@id\":\"https:\/\/footdavant.fr\/actualites\/#organization\"},\"potentialAction\":[{\"@type\":\"SearchAction\",\"target\":{\"@type\":\"EntryPoint\",\"urlTemplate\":\"https:\/\/footdavant.fr\/actualites\/?s={search_term_string}\"},\"query-input\":\"required name=search_term_string\"}],\"inLanguage\":\"fr-FR\"},{\"@type\":\"Organization\",\"@id\":\"https:\/\/footdavant.fr\/actualites\/#organization\",\"name\":\"Foot d'avant\",\"url\":\"https:\/\/footdavant.fr\/actualites\/\",\"logo\":{\"@type\":\"ImageObject\",\"inLanguage\":\"fr-FR\",\"@id\":\"https:\/\/footdavant.fr\/actualites\/#\/schema\/logo\/image\/\",\"url\":\"https:\/\/footdavant.fr\/actualites\/wp-content\/uploads\/2023\/09\/Copy-of-FootDavant-Logo.png\",\"contentUrl\":\"https:\/\/footdavant.fr\/actualites\/wp-content\/uploads\/2023\/09\/Copy-of-FootDavant-Logo.png\",\"width\":936,\"height\":549,\"caption\":\"Foot d'avant\"},\"image\":{\"@id\":\"https:\/\/footdavant.fr\/actualites\/#\/schema\/logo\/image\/\"},\"sameAs\":[\"https:\/\/www.facebook.com\/Footdavant\/\",\"https:\/\/twitter.com\/FootdavantFr\",\"https:\/\/www.instagram.com\/footdavant.fr\/\"]},{\"@type\":\"Person\",\"@id\":\"https:\/\/footdavant.fr\/actualites\/#\/schema\/person\/bc222566d95871b37e597b3ed3ba5e1d\",\"name\":\"Cl\u00e9ment\",\"image\":{\"@type\":\"ImageObject\",\"inLanguage\":\"fr-FR\",\"@id\":\"https:\/\/footdavant.fr\/actualites\/#\/schema\/person\/image\/\",\"url\":\"https:\/\/secure.gravatar.com\/avatar\/7728b29aac2719421e1a9159b2254c44?s=96&d=mm&r=g\",\"contentUrl\":\"https:\/\/secure.gravatar.com\/avatar\/7728b29aac2719421e1a9159b2254c44?s=96&d=mm&r=g\",\"caption\":\"Cl\u00e9ment\"},\"sameAs\":[\"https:\/\/footdavant.fr\/\"]}]}<\/script>\n<!-- \/ Yoast SEO plugin. -->","yoast_head_json":{"title":"Composition d&#39;Everton contre Tottenham\u00a0: XI pr\u00e9vu pour le choc de Premier League alors que Moyes re\u00e7oit un coup de pouce de Grealish","robots":{"index":"index","follow":"follow","max-snippet":"max-snippet:-1","max-image-preview":"max-image-preview:large","max-video-preview":"max-video-preview:-1"},"canonical":"https:\/\/footdavant.fr\/actualites\/composition-deverton-contre-tottenham-xi-prevu-pour-le-choc-de-premier-league-alors-que-moyes-recoit-un-coup-de-pouce-de-grealish\/","og_locale":"fr_FR","og_type":"article","og_title":"Composition d&#39;Everton contre Tottenham\u00a0: XI pr\u00e9vu pour le choc de Premier League alors que Moyes re\u00e7oit un coup de pouce de Grealish","og_description":"Sports Mole examine en profondeur comment Everton pourrait s&#39;aligner pour le choc de dimanche en Premier League avec Tottenham Hotspur. Entra\u00eeneur d&#39;Everton David Moyes aura","og_url":"https:\/\/footdavant.fr\/actualites\/composition-deverton-contre-tottenham-xi-prevu-pour-le-choc-de-premier-league-alors-que-moyes-recoit-un-coup-de-pouce-de-grealish\/","og_site_name":"Foot d&#039;avant","article_publisher":"https:\/\/www.facebook.com\/Footdavant\/","article_published_time":"2025-10-25T20:48:15+00:00","og_image":[{"width":640,"height":480,"url":"https:\/\/footdavant.fr\/actualites\/wp-content\/uploads\/2025\/10\/1760748489_Nouvelles-du-transfert-d39Everton-les-Toffees-pourraient-repeter-le.jpg","type":"image\/jpeg"}],"author":"Cl\u00e9ment","twitter_card":"summary_large_image","twitter_creator":"@FootdavantFr","twitter_site":"@FootdavantFr","twitter_misc":{"\u00c9crit par":"Cl\u00e9ment","Dur\u00e9e de lecture estim\u00e9e":"2 minutes"},"schema":{"@context":"https:\/\/schema.org","@graph":[{"@type":"Article","@id":"https:\/\/footdavant.fr\/actualites\/composition-deverton-contre-tottenham-xi-prevu-pour-le-choc-de-premier-league-alors-que-moyes-recoit-un-coup-de-pouce-de-grealish\/#article","isPartOf":{"@id":"https:\/\/footdavant.fr\/actualites\/composition-deverton-contre-tottenham-xi-prevu-pour-le-choc-de-premier-league-alors-que-moyes-recoit-un-coup-de-pouce-de-grealish\/"},"author":{"name":"Cl\u00e9ment","@id":"https:\/\/footdavant.fr\/actualites\/#\/schema\/person\/bc222566d95871b37e597b3ed3ba5e1d"},"headline":"Composition d&#39;Everton contre Tottenham\u00a0: XI pr\u00e9vu pour le choc de Premier League alors que Moyes re\u00e7oit un coup de pouce de Grealish","datePublished":"2025-10-25T20:48:15+00:00","dateModified":"2025-10-25T20:48:15+00:00","mainEntityOfPage":{"@id":"https:\/\/footdavant.fr\/actualites\/composition-deverton-contre-tottenham-xi-prevu-pour-le-choc-de-premier-league-alors-que-moyes-recoit-un-coup-de-pouce-de-grealish\/"},"wordCount":339,"publisher":{"@id":"https:\/\/footdavant.fr\/actualites\/#organization"},"keywords":["alors","choc","composition","contre","coup","d39Everton","Grealish","League","Moyes","pouce","pour","Premier","pr\u00e9vu","re\u00e7oit","Tottenham"],"articleSection":["Premier League"],"inLanguage":"fr-FR"},{"@type":"WebPage","@id":"https:\/\/footdavant.fr\/actualites\/composition-deverton-contre-tottenham-xi-prevu-pour-le-choc-de-premier-league-alors-que-moyes-recoit-un-coup-de-pouce-de-grealish\/","url":"https:\/\/footdavant.fr\/actualites\/composition-deverton-contre-tottenham-xi-prevu-pour-le-choc-de-premier-league-alors-que-moyes-recoit-un-coup-de-pouce-de-grealish\/","name":"Composition d&#39;Everton contre Tottenham\u00a0: XI pr\u00e9vu pour le choc de Premier League alors que Moyes re\u00e7oit un coup de pouce de Grealish","isPartOf":{"@id":"https:\/\/footdavant.fr\/actualites\/#website"},"datePublished":"2025-10-25T20:48:15+00:00","dateModified":"2025-10-25T20:48:15+00:00","breadcrumb":{"@id":"https:\/\/footdavant.fr\/actualites\/composition-deverton-contre-tottenham-xi-prevu-pour-le-choc-de-premier-league-alors-que-moyes-recoit-un-coup-de-pouce-de-grealish\/#breadcrumb"},"inLanguage":"fr-FR","potentialAction":[{"@type":"ReadAction","target":["https:\/\/footdavant.fr\/actualites\/composition-deverton-contre-tottenham-xi-prevu-pour-le-choc-de-premier-league-alors-que-moyes-recoit-un-coup-de-pouce-de-grealish\/"]}]},{"@type":"BreadcrumbList","@id":"https:\/\/footdavant.fr\/actualites\/composition-deverton-contre-tottenham-xi-prevu-pour-le-choc-de-premier-league-alors-que-moyes-recoit-un-coup-de-pouce-de-grealish\/#breadcrumb","itemListElement":[{"@type":"ListItem","position":1,"name":"Accueil","item":"https:\/\/footdavant.fr\/actualites\/"},{"@type":"ListItem","position":2,"name":"Composition d&#39;Everton contre Tottenham\u00a0: XI pr\u00e9vu pour le choc de Premier League alors que Moyes re\u00e7oit un coup de pouce de Grealish"}]},{"@type":"WebSite","@id":"https:\/\/footdavant.fr\/actualites\/#website","url":"https:\/\/footdavant.fr\/actualites\/","name":"Foot d'avant","description":"","publisher":{"@id":"https:\/\/footdavant.fr\/actualites\/#organization"},"potentialAction":[{"@type":"SearchAction","target":{"@type":"EntryPoint","urlTemplate":"https:\/\/footdavant.fr\/actualites\/?s={search_term_string}"},"query-input":"required name=search_term_string"}],"inLanguage":"fr-FR"},{"@type":"Organization","@id":"https:\/\/footdavant.fr\/actualites\/#organization","name":"Foot d'avant","url":"https:\/\/footdavant.fr\/actualites\/","logo":{"@type":"ImageObject","inLanguage":"fr-FR","@id":"https:\/\/footdavant.fr\/actualites\/#\/schema\/logo\/image\/","url":"https:\/\/footdavant.fr\/actualites\/wp-content\/uploads\/2023\/09\/Copy-of-FootDavant-Logo.png","contentUrl":"https:\/\/footdavant.fr\/actualites\/wp-content\/uploads\/2023\/09\/Copy-of-FootDavant-Logo.png","width":936,"height":549,"caption":"Foot d'avant"},"image":{"@id":"https:\/\/footdavant.fr\/actualites\/#\/schema\/logo\/image\/"},"sameAs":["https:\/\/www.facebook.com\/Footdavant\/","https:\/\/twitter.com\/FootdavantFr","https:\/\/www.instagram.com\/footdavant.fr\/"]},{"@type":"Person","@id":"https:\/\/footdavant.fr\/actualites\/#\/schema\/person\/bc222566d95871b37e597b3ed3ba5e1d","name":"Cl\u00e9ment","image":{"@type":"ImageObject","inLanguage":"fr-FR","@id":"https:\/\/footdavant.fr\/actualites\/#\/schema\/person\/image\/","url":"https:\/\/secure.gravatar.com\/avatar\/7728b29aac2719421e1a9159b2254c44?s=96&d=mm&r=g","contentUrl":"https:\/\/secure.gravatar.com\/avatar\/7728b29aac2719421e1a9159b2254c44?s=96&d=mm&r=g","caption":"Cl\u00e9ment"},"sameAs":["https:\/\/footdavant.fr\/"]}]}},"_links":{"self":[{"href":"https:\/\/footdavant.fr\/actualites\/wp-json\/wp\/v2\/posts\/30321"}],"collection":[{"href":"https:\/\/footdavant.fr\/actualites\/wp-json\/wp\/v2\/posts"}],"about":[{"href":"https:\/\/footdavant.fr\/actualites\/wp-json\/wp\/v2\/types\/post"}],"author":[{"embeddable":true,"href":"https:\/\/footdavant.fr\/actualites\/wp-json\/wp\/v2\/users\/1"}],"replies":[{"embeddable":true,"href":"https:\/\/footdavant.fr\/actualites\/wp-json\/wp\/v2\/comments?post=30321"}],"version-history":[{"count":1,"href":"https:\/\/footdavant.fr\/actualites\/wp-json\/wp\/v2\/posts\/30321\/revisions"}],"predecessor-version":[{"id":30322,"href":"https:\/\/footdavant.fr\/actualites\/wp-json\/wp\/v2\/posts\/30321\/revisions\/30322"}],"wp:featuredmedia":[{"embeddable":true,"href":"https:\/\/footdavant.fr\/actualites\/wp-json\/wp\/v2\/media\/29945"}],"wp:attachment":[{"href":"https:\/\/footdavant.fr\/actualites\/wp-json\/wp\/v2\/media?parent=30321"}],"wp:term":[{"taxonomy":"category","embeddable":true,"href":"https:\/\/footdavant.fr\/actualites\/wp-json\/wp\/v2\/categories?post=30321"},{"taxonomy":"post_tag","embeddable":true,"href":"https:\/\/footdavant.fr\/actualites\/wp-json\/wp\/v2\/tags?post=30321"}],"curies":[{"name":"wp","href":"https:\/\/api.w.org\/{rel}","templated":true}]}}