{"id":30326,"date":"2025-10-26T01:48:01","date_gmt":"2025-10-25T23:48:01","guid":{"rendered":"https:\/\/footdavant.fr\/actualites\/villarreal-contre-man-city-bilan-des-face-a-face-et-rencontres-passees\/"},"modified":"2025-10-26T01:48:02","modified_gmt":"2025-10-25T23:48:02","slug":"villarreal-contre-man-city-bilan-des-face-a-face-et-rencontres-passees","status":"publish","type":"post","link":"https:\/\/footdavant.fr\/actualites\/villarreal-contre-man-city-bilan-des-face-a-face-et-rencontres-passees\/","title":{"rendered":"Villarreal contre Man City : bilan des face-\u00e0-face et rencontres pass\u00e9es"},"content":{"rendered":"<p>Apr\u00e8s l&#39;affrontement de mardi en Ligue des Champions entre Villarreal et Manchester City, Sports Mole se penche sur les records face-\u00e0-face et les rencontres pr\u00e9c\u00e9dentes entre les deux clubs.<\/p>\n<div id=\"article_body\" itemprop=\"articleBody\">\n<p><strong class=\"autotag\">Manchester City a mis fin \u00e0 12 mois d&#39;attente pour un <strong class=\"autotag\">Victoire \u00e0 l&#39;ext\u00e9rieur de la Ligue des Champions apr\u00e8s leur d\u00e9faite <strong class=\"autotag\">Villarreal 2-0 \u00e0 La Ceramica mardi soir.<\/p>\n<p>Erling Haaland a encore marqu\u00e9 pour Man City, portant son total de la campagne \u00e0 un superbe 24 pour le club et le pays, avant que Bernardo Silva ne double son avance juste avant la mi-temps.<\/p>\n<p>Ici, Sports Mole examine en profondeur le bilan face-\u00e0-face et les rencontres pr\u00e9c\u00e9dentes entre les deux \u00e9quipes.<\/p>\n<hr>\n<p><\/p>\n<h2>Record en face-\u00e0-face<\/h2>\n<p>R\u00e9unions pr\u00e9c\u00e9dentes : 3<\/p>\n<p>Villarreal gagne : 0<\/p>\n<p>Nuls\u00a0: 0<\/p>\n<p>Victoires de Manchester City\u00a0: 3<\/p>\n<p>La toute premi\u00e8re incursion de Manchester City en Ligue des champions a vu les Citizens faire \u00e9quipe avec Villarreal, alors que les g\u00e9ants de la Premier League et de la Liga s&#39;affrontaient lors de la phase de groupes du tournoi 2011-12.<\/p>\n<p>Sous la houlette de Roberto Mancini, les futurs champions de Premier League ont r\u00e9alis\u00e9 le doubl\u00e9 face au Sous-marin jaune sur le score cumul\u00e9 de 5-1, triomphant 2-1 \u00e0 domicile lors de leur rencontre inaugurale avant un succ\u00e8s 3-0 \u00e0 l&#39;ext\u00e9rieur.<\/p>\n<p>Cependant, Man City a d\u00fb le faire \u00e0 la dure \u00e0 l&#39;Etihad, o\u00f9 il a pris du retard en seulement quatre minutes gr\u00e2ce \u00e0 une frappe de Cani, mais le but contre son camp de Carlos Marchena a remis les Citizens sur les rails juste avant la mi-temps.<\/p>\n<p>Les efforts de Man City pour marquer le deuxi\u00e8me but ont finalement port\u00e9 leurs fruits dans le temps additionnel, comme nul autre que <strong class=\"autotag\">Sergio Aguero s&#39;est accroch\u00e9 au centre de Pablo Zabaleta et a marqu\u00e9 un dernier souffle vainqueur pour les Sky Blues.<\/p>\n<p>Les deux \u00e9quipes se retrouveraient sur le terrain de Villarreal deux semaines plus tard, o\u00f9 Mancini organisait une victoire bien plus confortable pour les titans de la Premier League, gr\u00e2ce \u00e0 deux performances individuelles inspir\u00e9es.<\/p>\n<p><strong class=\"autotag\">Yaya Tour\u00e9 a ouvert le score pour les Citizens \u00e0 la demi-heure de jeu, avant le mercurial <strong class=\"autotag\">Mario Balotelli a doubl\u00e9 la mise des visiteurs sur penalty juste avant la mi-temps.<\/p>\n<p>Les deux buteurs se sont ensuite combin\u00e9s pour marquer le troisi\u00e8me but de City en seconde p\u00e9riode, alors que Balotelli donnait le coup d&#39;envoi \u00e0 Tour\u00e9 pour mettre la cerise sur le g\u00e2teau Ceramica.<\/p>\n<p>Villarreal a fini par terminer dernier du groupe A avec z\u00e9ro point \u00e0 son actif, mais Man City n&#39;a pas r\u00e9ussi \u00e0 usurper Naples ou le Bayern Munich et a donc chut\u00e9 en Ligue Europa, o\u00f9 il a perdu contre le Sporting Lisbonne en huiti\u00e8mes de finale aux buts \u00e0 l&#39;ext\u00e9rieur.<\/p>\n<p>La mis\u00e8re de Villarreal contre Manchester City s&#39;est poursuivie lors de la troisi\u00e8me journ\u00e9e de la phase de championnat de la Ligue des champions 2025-26, Haaland et Silva marquant chacun alors que les Citizens se sont impos\u00e9s 2-0.<\/p>\n<h2>Deux derni\u00e8res rencontres<\/h2>\n<p><b>21 octobre 2025\u00a0: <\/b>Villarreal 0-2 Man City (Ligue des Champions)<\/p>\n<p>02 novembre 2011 : Villarreal 0-3 Man City (Ligue des Champions)<\/p>\n<p>18 octobre 2011 : Man City 2-1 Villarreal (Ligue des Champions)<\/p>\n<hr>\n<div class=\"author_box\">\n<div class=\"author_box_banner\"> <\/div>\n<\/div>\n<\/div>\n","protected":false},"excerpt":{"rendered":"<p>Apr\u00e8s l&#39;affrontement de mardi en Ligue des Champions entre Villarreal et Manchester City, Sports Mole se penche sur les records face-\u00e0-face et les rencontres pr\u00e9c\u00e9dentes<\/p>\n","protected":false},"author":1,"featured_media":30327,"comment_status":"closed","ping_status":"","sticky":false,"template":"","format":"standard","meta":{"footnotes":""},"categories":[4],"tags":[251,27,20,12,252,24,254,253,2465],"yoast_head":"<!-- This site is optimized with the Yoast SEO plugin v21.0 - https:\/\/yoast.com\/wordpress\/plugins\/seo\/ -->\n<title>Villarreal contre Man City : bilan des face-\u00e0-face et rencontres pass\u00e9es<\/title>\n<meta name=\"robots\" content=\"index, follow, max-snippet:-1, max-image-preview:large, max-video-preview:-1\" \/>\n<link rel=\"canonical\" href=\"https:\/\/footdavant.fr\/actualites\/villarreal-contre-man-city-bilan-des-face-a-face-et-rencontres-passees\/\" \/>\n<meta property=\"og:locale\" content=\"fr_FR\" \/>\n<meta property=\"og:type\" content=\"article\" \/>\n<meta property=\"og:title\" content=\"Villarreal contre Man City : bilan des face-\u00e0-face et rencontres pass\u00e9es\" \/>\n<meta property=\"og:description\" content=\"Apr\u00e8s l&#039;affrontement de mardi en Ligue des Champions entre Villarreal et Manchester City, Sports Mole se penche sur les records face-\u00e0-face et les rencontres pr\u00e9c\u00e9dentes\" \/>\n<meta property=\"og:url\" content=\"https:\/\/footdavant.fr\/actualites\/villarreal-contre-man-city-bilan-des-face-a-face-et-rencontres-passees\/\" \/>\n<meta property=\"og:site_name\" content=\"Foot d&#039;avant\" \/>\n<meta property=\"article:publisher\" content=\"https:\/\/www.facebook.com\/Footdavant\/\" \/>\n<meta property=\"article:published_time\" content=\"2025-10-25T23:48:01+00:00\" \/>\n<meta property=\"article:modified_time\" content=\"2025-10-25T23:48:02+00:00\" \/>\n<meta property=\"og:image\" content=\"https:\/\/footdavant.fr\/actualites\/wp-content\/uploads\/2025\/10\/Villarreal-contre-Man-City-bilan-des-face-a-face-et-rencontres.jpg\" \/>\n\t<meta property=\"og:image:width\" content=\"640\" \/>\n\t<meta property=\"og:image:height\" content=\"480\" \/>\n\t<meta property=\"og:image:type\" content=\"image\/jpeg\" \/>\n<meta name=\"author\" content=\"Cl\u00e9ment\" \/>\n<meta name=\"twitter:card\" content=\"summary_large_image\" \/>\n<meta name=\"twitter:creator\" content=\"@FootdavantFr\" \/>\n<meta name=\"twitter:site\" content=\"@FootdavantFr\" \/>\n<meta name=\"twitter:label1\" content=\"\u00c9crit par\" \/>\n\t<meta name=\"twitter:data1\" content=\"Cl\u00e9ment\" \/>\n\t<meta name=\"twitter:label2\" content=\"Dur\u00e9e de lecture estim\u00e9e\" \/>\n\t<meta name=\"twitter:data2\" content=\"3 minutes\" \/>\n<script type=\"application\/ld+json\" class=\"yoast-schema-graph\">{\"@context\":\"https:\/\/schema.org\",\"@graph\":[{\"@type\":\"Article\",\"@id\":\"https:\/\/footdavant.fr\/actualites\/villarreal-contre-man-city-bilan-des-face-a-face-et-rencontres-passees\/#article\",\"isPartOf\":{\"@id\":\"https:\/\/footdavant.fr\/actualites\/villarreal-contre-man-city-bilan-des-face-a-face-et-rencontres-passees\/\"},\"author\":{\"name\":\"Cl\u00e9ment\",\"@id\":\"https:\/\/footdavant.fr\/actualites\/#\/schema\/person\/bc222566d95871b37e597b3ed3ba5e1d\"},\"headline\":\"Villarreal contre Man City : bilan des face-\u00e0-face et rencontres pass\u00e9es\",\"datePublished\":\"2025-10-25T23:48:01+00:00\",\"dateModified\":\"2025-10-25T23:48:02+00:00\",\"mainEntityOfPage\":{\"@id\":\"https:\/\/footdavant.fr\/actualites\/villarreal-contre-man-city-bilan-des-face-a-face-et-rencontres-passees\/\"},\"wordCount\":554,\"publisher\":{\"@id\":\"https:\/\/footdavant.fr\/actualites\/#organization\"},\"keywords\":[\"bilan\",\"City\",\"contre\",\"des\",\"face\u00e0face\",\"Man\",\"pass\u00e9es\",\"rencontres\",\"Villarreal\"],\"articleSection\":[\"Champions League\"],\"inLanguage\":\"fr-FR\"},{\"@type\":\"WebPage\",\"@id\":\"https:\/\/footdavant.fr\/actualites\/villarreal-contre-man-city-bilan-des-face-a-face-et-rencontres-passees\/\",\"url\":\"https:\/\/footdavant.fr\/actualites\/villarreal-contre-man-city-bilan-des-face-a-face-et-rencontres-passees\/\",\"name\":\"Villarreal contre Man City : bilan des face-\u00e0-face et rencontres pass\u00e9es\",\"isPartOf\":{\"@id\":\"https:\/\/footdavant.fr\/actualites\/#website\"},\"datePublished\":\"2025-10-25T23:48:01+00:00\",\"dateModified\":\"2025-10-25T23:48:02+00:00\",\"breadcrumb\":{\"@id\":\"https:\/\/footdavant.fr\/actualites\/villarreal-contre-man-city-bilan-des-face-a-face-et-rencontres-passees\/#breadcrumb\"},\"inLanguage\":\"fr-FR\",\"potentialAction\":[{\"@type\":\"ReadAction\",\"target\":[\"https:\/\/footdavant.fr\/actualites\/villarreal-contre-man-city-bilan-des-face-a-face-et-rencontres-passees\/\"]}]},{\"@type\":\"BreadcrumbList\",\"@id\":\"https:\/\/footdavant.fr\/actualites\/villarreal-contre-man-city-bilan-des-face-a-face-et-rencontres-passees\/#breadcrumb\",\"itemListElement\":[{\"@type\":\"ListItem\",\"position\":1,\"name\":\"Accueil\",\"item\":\"https:\/\/footdavant.fr\/actualites\/\"},{\"@type\":\"ListItem\",\"position\":2,\"name\":\"Villarreal contre Man City : bilan des face-\u00e0-face et rencontres pass\u00e9es\"}]},{\"@type\":\"WebSite\",\"@id\":\"https:\/\/footdavant.fr\/actualites\/#website\",\"url\":\"https:\/\/footdavant.fr\/actualites\/\",\"name\":\"Foot d'avant\",\"description\":\"\",\"publisher\":{\"@id\":\"https:\/\/footdavant.fr\/actualites\/#organization\"},\"potentialAction\":[{\"@type\":\"SearchAction\",\"target\":{\"@type\":\"EntryPoint\",\"urlTemplate\":\"https:\/\/footdavant.fr\/actualites\/?s={search_term_string}\"},\"query-input\":\"required name=search_term_string\"}],\"inLanguage\":\"fr-FR\"},{\"@type\":\"Organization\",\"@id\":\"https:\/\/footdavant.fr\/actualites\/#organization\",\"name\":\"Foot d'avant\",\"url\":\"https:\/\/footdavant.fr\/actualites\/\",\"logo\":{\"@type\":\"ImageObject\",\"inLanguage\":\"fr-FR\",\"@id\":\"https:\/\/footdavant.fr\/actualites\/#\/schema\/logo\/image\/\",\"url\":\"https:\/\/footdavant.fr\/actualites\/wp-content\/uploads\/2023\/09\/Copy-of-FootDavant-Logo.png\",\"contentUrl\":\"https:\/\/footdavant.fr\/actualites\/wp-content\/uploads\/2023\/09\/Copy-of-FootDavant-Logo.png\",\"width\":936,\"height\":549,\"caption\":\"Foot d'avant\"},\"image\":{\"@id\":\"https:\/\/footdavant.fr\/actualites\/#\/schema\/logo\/image\/\"},\"sameAs\":[\"https:\/\/www.facebook.com\/Footdavant\/\",\"https:\/\/twitter.com\/FootdavantFr\",\"https:\/\/www.instagram.com\/footdavant.fr\/\"]},{\"@type\":\"Person\",\"@id\":\"https:\/\/footdavant.fr\/actualites\/#\/schema\/person\/bc222566d95871b37e597b3ed3ba5e1d\",\"name\":\"Cl\u00e9ment\",\"image\":{\"@type\":\"ImageObject\",\"inLanguage\":\"fr-FR\",\"@id\":\"https:\/\/footdavant.fr\/actualites\/#\/schema\/person\/image\/\",\"url\":\"https:\/\/secure.gravatar.com\/avatar\/7728b29aac2719421e1a9159b2254c44?s=96&d=mm&r=g\",\"contentUrl\":\"https:\/\/secure.gravatar.com\/avatar\/7728b29aac2719421e1a9159b2254c44?s=96&d=mm&r=g\",\"caption\":\"Cl\u00e9ment\"},\"sameAs\":[\"https:\/\/footdavant.fr\/\"]}]}<\/script>\n<!-- \/ Yoast SEO plugin. -->","yoast_head_json":{"title":"Villarreal contre Man City : bilan des face-\u00e0-face et rencontres pass\u00e9es","robots":{"index":"index","follow":"follow","max-snippet":"max-snippet:-1","max-image-preview":"max-image-preview:large","max-video-preview":"max-video-preview:-1"},"canonical":"https:\/\/footdavant.fr\/actualites\/villarreal-contre-man-city-bilan-des-face-a-face-et-rencontres-passees\/","og_locale":"fr_FR","og_type":"article","og_title":"Villarreal contre Man City : bilan des face-\u00e0-face et rencontres pass\u00e9es","og_description":"Apr\u00e8s l&#39;affrontement de mardi en Ligue des Champions entre Villarreal et Manchester City, Sports Mole se penche sur les records face-\u00e0-face et les rencontres pr\u00e9c\u00e9dentes","og_url":"https:\/\/footdavant.fr\/actualites\/villarreal-contre-man-city-bilan-des-face-a-face-et-rencontres-passees\/","og_site_name":"Foot d&#039;avant","article_publisher":"https:\/\/www.facebook.com\/Footdavant\/","article_published_time":"2025-10-25T23:48:01+00:00","article_modified_time":"2025-10-25T23:48:02+00:00","og_image":[{"width":640,"height":480,"url":"https:\/\/footdavant.fr\/actualites\/wp-content\/uploads\/2025\/10\/Villarreal-contre-Man-City-bilan-des-face-a-face-et-rencontres.jpg","type":"image\/jpeg"}],"author":"Cl\u00e9ment","twitter_card":"summary_large_image","twitter_creator":"@FootdavantFr","twitter_site":"@FootdavantFr","twitter_misc":{"\u00c9crit par":"Cl\u00e9ment","Dur\u00e9e de lecture estim\u00e9e":"3 minutes"},"schema":{"@context":"https:\/\/schema.org","@graph":[{"@type":"Article","@id":"https:\/\/footdavant.fr\/actualites\/villarreal-contre-man-city-bilan-des-face-a-face-et-rencontres-passees\/#article","isPartOf":{"@id":"https:\/\/footdavant.fr\/actualites\/villarreal-contre-man-city-bilan-des-face-a-face-et-rencontres-passees\/"},"author":{"name":"Cl\u00e9ment","@id":"https:\/\/footdavant.fr\/actualites\/#\/schema\/person\/bc222566d95871b37e597b3ed3ba5e1d"},"headline":"Villarreal contre Man City : bilan des face-\u00e0-face et rencontres pass\u00e9es","datePublished":"2025-10-25T23:48:01+00:00","dateModified":"2025-10-25T23:48:02+00:00","mainEntityOfPage":{"@id":"https:\/\/footdavant.fr\/actualites\/villarreal-contre-man-city-bilan-des-face-a-face-et-rencontres-passees\/"},"wordCount":554,"publisher":{"@id":"https:\/\/footdavant.fr\/actualites\/#organization"},"keywords":["bilan","City","contre","des","face\u00e0face","Man","pass\u00e9es","rencontres","Villarreal"],"articleSection":["Champions League"],"inLanguage":"fr-FR"},{"@type":"WebPage","@id":"https:\/\/footdavant.fr\/actualites\/villarreal-contre-man-city-bilan-des-face-a-face-et-rencontres-passees\/","url":"https:\/\/footdavant.fr\/actualites\/villarreal-contre-man-city-bilan-des-face-a-face-et-rencontres-passees\/","name":"Villarreal contre Man City : bilan des face-\u00e0-face et rencontres pass\u00e9es","isPartOf":{"@id":"https:\/\/footdavant.fr\/actualites\/#website"},"datePublished":"2025-10-25T23:48:01+00:00","dateModified":"2025-10-25T23:48:02+00:00","breadcrumb":{"@id":"https:\/\/footdavant.fr\/actualites\/villarreal-contre-man-city-bilan-des-face-a-face-et-rencontres-passees\/#breadcrumb"},"inLanguage":"fr-FR","potentialAction":[{"@type":"ReadAction","target":["https:\/\/footdavant.fr\/actualites\/villarreal-contre-man-city-bilan-des-face-a-face-et-rencontres-passees\/"]}]},{"@type":"BreadcrumbList","@id":"https:\/\/footdavant.fr\/actualites\/villarreal-contre-man-city-bilan-des-face-a-face-et-rencontres-passees\/#breadcrumb","itemListElement":[{"@type":"ListItem","position":1,"name":"Accueil","item":"https:\/\/footdavant.fr\/actualites\/"},{"@type":"ListItem","position":2,"name":"Villarreal contre Man City : bilan des face-\u00e0-face et rencontres pass\u00e9es"}]},{"@type":"WebSite","@id":"https:\/\/footdavant.fr\/actualites\/#website","url":"https:\/\/footdavant.fr\/actualites\/","name":"Foot d'avant","description":"","publisher":{"@id":"https:\/\/footdavant.fr\/actualites\/#organization"},"potentialAction":[{"@type":"SearchAction","target":{"@type":"EntryPoint","urlTemplate":"https:\/\/footdavant.fr\/actualites\/?s={search_term_string}"},"query-input":"required name=search_term_string"}],"inLanguage":"fr-FR"},{"@type":"Organization","@id":"https:\/\/footdavant.fr\/actualites\/#organization","name":"Foot d'avant","url":"https:\/\/footdavant.fr\/actualites\/","logo":{"@type":"ImageObject","inLanguage":"fr-FR","@id":"https:\/\/footdavant.fr\/actualites\/#\/schema\/logo\/image\/","url":"https:\/\/footdavant.fr\/actualites\/wp-content\/uploads\/2023\/09\/Copy-of-FootDavant-Logo.png","contentUrl":"https:\/\/footdavant.fr\/actualites\/wp-content\/uploads\/2023\/09\/Copy-of-FootDavant-Logo.png","width":936,"height":549,"caption":"Foot d'avant"},"image":{"@id":"https:\/\/footdavant.fr\/actualites\/#\/schema\/logo\/image\/"},"sameAs":["https:\/\/www.facebook.com\/Footdavant\/","https:\/\/twitter.com\/FootdavantFr","https:\/\/www.instagram.com\/footdavant.fr\/"]},{"@type":"Person","@id":"https:\/\/footdavant.fr\/actualites\/#\/schema\/person\/bc222566d95871b37e597b3ed3ba5e1d","name":"Cl\u00e9ment","image":{"@type":"ImageObject","inLanguage":"fr-FR","@id":"https:\/\/footdavant.fr\/actualites\/#\/schema\/person\/image\/","url":"https:\/\/secure.gravatar.com\/avatar\/7728b29aac2719421e1a9159b2254c44?s=96&d=mm&r=g","contentUrl":"https:\/\/secure.gravatar.com\/avatar\/7728b29aac2719421e1a9159b2254c44?s=96&d=mm&r=g","caption":"Cl\u00e9ment"},"sameAs":["https:\/\/footdavant.fr\/"]}]}},"_links":{"self":[{"href":"https:\/\/footdavant.fr\/actualites\/wp-json\/wp\/v2\/posts\/30326"}],"collection":[{"href":"https:\/\/footdavant.fr\/actualites\/wp-json\/wp\/v2\/posts"}],"about":[{"href":"https:\/\/footdavant.fr\/actualites\/wp-json\/wp\/v2\/types\/post"}],"author":[{"embeddable":true,"href":"https:\/\/footdavant.fr\/actualites\/wp-json\/wp\/v2\/users\/1"}],"replies":[{"embeddable":true,"href":"https:\/\/footdavant.fr\/actualites\/wp-json\/wp\/v2\/comments?post=30326"}],"version-history":[{"count":1,"href":"https:\/\/footdavant.fr\/actualites\/wp-json\/wp\/v2\/posts\/30326\/revisions"}],"predecessor-version":[{"id":30328,"href":"https:\/\/footdavant.fr\/actualites\/wp-json\/wp\/v2\/posts\/30326\/revisions\/30328"}],"wp:featuredmedia":[{"embeddable":true,"href":"https:\/\/footdavant.fr\/actualites\/wp-json\/wp\/v2\/media\/30327"}],"wp:attachment":[{"href":"https:\/\/footdavant.fr\/actualites\/wp-json\/wp\/v2\/media?parent=30326"}],"wp:term":[{"taxonomy":"category","embeddable":true,"href":"https:\/\/footdavant.fr\/actualites\/wp-json\/wp\/v2\/categories?post=30326"},{"taxonomy":"post_tag","embeddable":true,"href":"https:\/\/footdavant.fr\/actualites\/wp-json\/wp\/v2\/tags?post=30326"}],"curies":[{"name":"wp","href":"https:\/\/api.w.org\/{rel}","templated":true}]}}