{"id":30329,"date":"2025-10-26T02:48:12","date_gmt":"2025-10-26T01:48:12","guid":{"rendered":"https:\/\/footdavant.fr\/actualites\/?p=30329"},"modified":"2025-10-26T02:48:14","modified_gmt":"2025-10-26T00:48:14","slug":"nouvelles-du-transfert-de-tottenham-les-spurs-sont-de-plus-en-plus-susceptibles-de-vendre-lattaquant-lie-a-everton-en-2026","status":"publish","type":"post","link":"https:\/\/footdavant.fr\/actualites\/nouvelles-du-transfert-de-tottenham-les-spurs-sont-de-plus-en-plus-susceptibles-de-vendre-lattaquant-lie-a-everton-en-2026\/","title":{"rendered":"Nouvelles du transfert de Tottenham : les Spurs sont \u00ab de plus en plus susceptibles \u00bb de vendre l&#39;attaquant li\u00e9 \u00e0 Everton en 2026"},"content":{"rendered":"<p>Tottenham Hotspur serait susceptible de vendre Richarlison lors du mercato de janvier, et Everton pourrait \u00eatre int\u00e9ress\u00e9 \u00e0 le ramener.<\/p>\n<div id=\"article_body\" itemprop=\"articleBody\">\n<h3 class=\"firstPara\"><\/h3>\n<p><strong class=\"autotag\">L&#39;attaquant de Tottenham Hotspur <strong class=\"autotag\">Richarlison serait recherch\u00e9 par <strong class=\"autotag\">Everton, et il pourrait \u00eatre disponible d\u00e8s le mercato de janvier. <\/p>\n<p>Depuis qu&#39;il a rejoint le club du nord de Londres en provenance des Toffees en 2022 pour 60 millions de livres sterling, le Br\u00e9silien a disput\u00e9 103 apparitions, marquant 23 buts. <\/p>\n<p>Les blessures ont g\u00e2ch\u00e9 sa carri\u00e8re chez les Spurs et il n&#39;a pas \u00e9t\u00e9 en mesure de reproduire syst\u00e9matiquement la forme qu&#39;il a montr\u00e9e pendant son s\u00e9jour au club du Merseyside. <\/p>\n<p>En l&#39;absence de plusieurs joueurs cl\u00e9s en raison de blessures, Richarlison a intensifi\u00e9 ses efforts cette saison sous <strong class=\"autotag\">Thomas Frank, marquant trois buts et fournissant une passe d\u00e9cisive lors de huit matchs de Premier League. <\/p>\n<p>Les Toffees cherchent \u00e0 recruter quelqu&#39;un ayant une exp\u00e9rience \u00e9prouv\u00e9e en Premier League pour renforcer leur d\u00e9partement d&#39;attaquants, et Richarlison est apparu comme une option pour eux. <\/p>\n<h2>Les Spurs pr\u00eats \u00e0 vendre Richarlison ? <\/h2>\n<p class=\"imgI\">\n<p>Selon un rapport de <em>Discussion en \u00e9quipe<\/em>il existe une possibilit\u00e9 croissante que Richarlison soit disponible sur le march\u00e9 des transferts de janvier. <\/p>\n<p>Les Toffees pourraient \u00e9galement faire face \u00e0 la concurrence de l\u2019\u00e9quipe de MLS Orlando City, qui souhaite s\u2019assurer les services du 52 fois international \u00e0 l\u2019\u00e9t\u00e9 2026. <\/p>\n<p>Les Spurs ont beaucoup manqu\u00e9 les services de Dejan Kulusevski et James Maddison, tous deux absents de longue date, tandis que <strong class=\"autotag\">Dominic Solanke n&#39;a pas encore d\u00e9but\u00e9 la nouvelle saison. <\/p>\n<p>Une fois que Solanke reviendra dans la formation de d\u00e9part apr\u00e8s un licenciement pour blessure et que Randal Kolo Muani commencera \u00e0 jouer r\u00e9guli\u00e8rement, les Spurs pourraient \u00eatre en mesure de vendre Richarlison. <\/p>\n<h2>Les Spurs devraient-ils envisager de se d\u00e9barrasser de Richarlison lors de la prochaine fen\u00eatre de transfert ? <\/h2>\n<p class=\"imgI\"><img decoding=\"async\" alt=\"L&#39;attaquant br\u00e9silien Richarlison lors du match de son \u00e9quipe contre le Chili, le 4 septembre 2025.\" class=\"vanilla-lazyload article-image\" src=\"https:\/\/footdavant.fr\/actualites\/wp-content\/uploads\/2025\/10\/Nouvelles-du-transfert-de-Tottenham-les-Spurs-sont.webp\"><\/p>\n<p>Richarlison a un contrat avec le club jusqu&#39;en 2027, mais il est logique de le laisser partir, surtout si les Spurs parviennent \u00e0 recruter un attaquant de qualit\u00e9. <\/p>\n<p>Frank a Solanke, Mathys Tel, Kolo Muani et Richarlison pour le r\u00f4le de num\u00e9ro neuf, et ils ne manquent certainement pas d&#39;options au milieu de leur attaque.<\/p>\n<p>Il a \u00e9t\u00e9 rapport\u00e9 que les Spurs envisageaient de faire une d\u00e9marche pour l&#39;attaquant d&#39;Al-Ahli Ivan Toney en janvier, et son arriv\u00e9e potentielle pourrait ouvrir la voie au d\u00e9part de Richarlison. <\/p>\n<\/div>\n","protected":false},"excerpt":{"rendered":"<p>Tottenham Hotspur serait susceptible de vendre Richarlison lors du mercato de janvier, et Everton pourrait \u00eatre int\u00e9ress\u00e9 \u00e0 le ramener. L&#39;attaquant de Tottenham Hotspur Richarlison<\/p>\n","protected":false},"author":1,"featured_media":30330,"comment_status":"closed","ping_status":"","sticky":false,"template":"","format":"standard","meta":{"footnotes":""},"categories":[5],"tags":[310,4304,93,301,461,45,1575,4261,68,700,2262],"yoast_head":"<!-- This site is optimized with the Yoast SEO plugin v21.0 - https:\/\/yoast.com\/wordpress\/plugins\/seo\/ -->\n<title>Nouvelles du transfert de Tottenham : les Spurs sont \u00ab de plus en plus susceptibles \u00bb de vendre l&#039;attaquant li\u00e9 \u00e0 Everton en 2026<\/title>\n<meta name=\"robots\" content=\"index, follow, max-snippet:-1, max-image-preview:large, max-video-preview:-1\" \/>\n<link rel=\"canonical\" href=\"https:\/\/footdavant.fr\/actualites\/nouvelles-du-transfert-de-tottenham-les-spurs-sont-de-plus-en-plus-susceptibles-de-vendre-lattaquant-lie-a-everton-en-2026\/\" \/>\n<meta property=\"og:locale\" content=\"fr_FR\" \/>\n<meta property=\"og:type\" content=\"article\" \/>\n<meta property=\"og:title\" content=\"Nouvelles du transfert de Tottenham : les Spurs sont \u00ab de plus en plus susceptibles \u00bb de vendre l&#039;attaquant li\u00e9 \u00e0 Everton en 2026\" \/>\n<meta property=\"og:description\" content=\"Tottenham Hotspur serait susceptible de vendre Richarlison lors du mercato de janvier, et Everton pourrait \u00eatre int\u00e9ress\u00e9 \u00e0 le ramener. L&#039;attaquant de Tottenham Hotspur Richarlison\" \/>\n<meta property=\"og:url\" content=\"https:\/\/footdavant.fr\/actualites\/nouvelles-du-transfert-de-tottenham-les-spurs-sont-de-plus-en-plus-susceptibles-de-vendre-lattaquant-lie-a-everton-en-2026\/\" \/>\n<meta property=\"og:site_name\" content=\"Foot d&#039;avant\" \/>\n<meta property=\"article:publisher\" content=\"https:\/\/www.facebook.com\/Footdavant\/\" \/>\n<meta property=\"article:published_time\" content=\"2025-10-26T01:48:12+00:00\" \/>\n<meta property=\"article:modified_time\" content=\"2025-10-26T00:48:14+00:00\" \/>\n<meta property=\"og:image\" content=\"https:\/\/footdavant.fr\/actualites\/wp-content\/uploads\/2025\/10\/1761439693_Nouvelles-du-transfert-de-Tottenham-les-Spurs-sont.jpg\" \/>\n\t<meta property=\"og:image:width\" content=\"640\" \/>\n\t<meta property=\"og:image:height\" content=\"480\" \/>\n\t<meta property=\"og:image:type\" content=\"image\/jpeg\" \/>\n<meta name=\"author\" content=\"Cl\u00e9ment\" \/>\n<meta name=\"twitter:card\" content=\"summary_large_image\" \/>\n<meta name=\"twitter:creator\" content=\"@FootdavantFr\" \/>\n<meta name=\"twitter:site\" content=\"@FootdavantFr\" \/>\n<meta name=\"twitter:label1\" content=\"\u00c9crit par\" \/>\n\t<meta name=\"twitter:data1\" content=\"Cl\u00e9ment\" \/>\n\t<meta name=\"twitter:label2\" content=\"Dur\u00e9e de lecture estim\u00e9e\" \/>\n\t<meta name=\"twitter:data2\" content=\"2 minutes\" \/>\n<script type=\"application\/ld+json\" class=\"yoast-schema-graph\">{\"@context\":\"https:\/\/schema.org\",\"@graph\":[{\"@type\":\"Article\",\"@id\":\"https:\/\/footdavant.fr\/actualites\/nouvelles-du-transfert-de-tottenham-les-spurs-sont-de-plus-en-plus-susceptibles-de-vendre-lattaquant-lie-a-everton-en-2026\/#article\",\"isPartOf\":{\"@id\":\"https:\/\/footdavant.fr\/actualites\/nouvelles-du-transfert-de-tottenham-les-spurs-sont-de-plus-en-plus-susceptibles-de-vendre-lattaquant-lie-a-everton-en-2026\/\"},\"author\":{\"name\":\"Cl\u00e9ment\",\"@id\":\"https:\/\/footdavant.fr\/actualites\/#\/schema\/person\/bc222566d95871b37e597b3ed3ba5e1d\"},\"headline\":\"Nouvelles du transfert de Tottenham : les Spurs sont \u00ab de plus en plus susceptibles \u00bb de vendre l&#39;attaquant li\u00e9 \u00e0 Everton en 2026\",\"datePublished\":\"2025-10-26T01:48:12+00:00\",\"dateModified\":\"2025-10-26T00:48:14+00:00\",\"mainEntityOfPage\":{\"@id\":\"https:\/\/footdavant.fr\/actualites\/nouvelles-du-transfert-de-tottenham-les-spurs-sont-de-plus-en-plus-susceptibles-de-vendre-lattaquant-lie-a-everton-en-2026\/\"},\"wordCount\":430,\"publisher\":{\"@id\":\"https:\/\/footdavant.fr\/actualites\/#organization\"},\"keywords\":[\"Everton\",\"l39attaquant\",\"les\",\"li\u00e9\",\"Nouvelles\",\"sont\",\"Spurs\",\"susceptibles\",\"Tottenham\",\"transfert\",\"vendre\"],\"articleSection\":[\"Premier League\"],\"inLanguage\":\"fr-FR\"},{\"@type\":\"WebPage\",\"@id\":\"https:\/\/footdavant.fr\/actualites\/nouvelles-du-transfert-de-tottenham-les-spurs-sont-de-plus-en-plus-susceptibles-de-vendre-lattaquant-lie-a-everton-en-2026\/\",\"url\":\"https:\/\/footdavant.fr\/actualites\/nouvelles-du-transfert-de-tottenham-les-spurs-sont-de-plus-en-plus-susceptibles-de-vendre-lattaquant-lie-a-everton-en-2026\/\",\"name\":\"Nouvelles du transfert de Tottenham : les Spurs sont \u00ab de plus en plus susceptibles \u00bb de vendre l&#39;attaquant li\u00e9 \u00e0 Everton en 2026\",\"isPartOf\":{\"@id\":\"https:\/\/footdavant.fr\/actualites\/#website\"},\"datePublished\":\"2025-10-26T01:48:12+00:00\",\"dateModified\":\"2025-10-26T00:48:14+00:00\",\"breadcrumb\":{\"@id\":\"https:\/\/footdavant.fr\/actualites\/nouvelles-du-transfert-de-tottenham-les-spurs-sont-de-plus-en-plus-susceptibles-de-vendre-lattaquant-lie-a-everton-en-2026\/#breadcrumb\"},\"inLanguage\":\"fr-FR\",\"potentialAction\":[{\"@type\":\"ReadAction\",\"target\":[\"https:\/\/footdavant.fr\/actualites\/nouvelles-du-transfert-de-tottenham-les-spurs-sont-de-plus-en-plus-susceptibles-de-vendre-lattaquant-lie-a-everton-en-2026\/\"]}]},{\"@type\":\"BreadcrumbList\",\"@id\":\"https:\/\/footdavant.fr\/actualites\/nouvelles-du-transfert-de-tottenham-les-spurs-sont-de-plus-en-plus-susceptibles-de-vendre-lattaquant-lie-a-everton-en-2026\/#breadcrumb\",\"itemListElement\":[{\"@type\":\"ListItem\",\"position\":1,\"name\":\"Accueil\",\"item\":\"https:\/\/footdavant.fr\/actualites\/\"},{\"@type\":\"ListItem\",\"position\":2,\"name\":\"Nouvelles du transfert de Tottenham : les Spurs sont \u00ab de plus en plus susceptibles \u00bb de vendre l&#39;attaquant li\u00e9 \u00e0 Everton en 2026\"}]},{\"@type\":\"WebSite\",\"@id\":\"https:\/\/footdavant.fr\/actualites\/#website\",\"url\":\"https:\/\/footdavant.fr\/actualites\/\",\"name\":\"Foot d'avant\",\"description\":\"\",\"publisher\":{\"@id\":\"https:\/\/footdavant.fr\/actualites\/#organization\"},\"potentialAction\":[{\"@type\":\"SearchAction\",\"target\":{\"@type\":\"EntryPoint\",\"urlTemplate\":\"https:\/\/footdavant.fr\/actualites\/?s={search_term_string}\"},\"query-input\":\"required name=search_term_string\"}],\"inLanguage\":\"fr-FR\"},{\"@type\":\"Organization\",\"@id\":\"https:\/\/footdavant.fr\/actualites\/#organization\",\"name\":\"Foot d'avant\",\"url\":\"https:\/\/footdavant.fr\/actualites\/\",\"logo\":{\"@type\":\"ImageObject\",\"inLanguage\":\"fr-FR\",\"@id\":\"https:\/\/footdavant.fr\/actualites\/#\/schema\/logo\/image\/\",\"url\":\"https:\/\/footdavant.fr\/actualites\/wp-content\/uploads\/2023\/09\/Copy-of-FootDavant-Logo.png\",\"contentUrl\":\"https:\/\/footdavant.fr\/actualites\/wp-content\/uploads\/2023\/09\/Copy-of-FootDavant-Logo.png\",\"width\":936,\"height\":549,\"caption\":\"Foot d'avant\"},\"image\":{\"@id\":\"https:\/\/footdavant.fr\/actualites\/#\/schema\/logo\/image\/\"},\"sameAs\":[\"https:\/\/www.facebook.com\/Footdavant\/\",\"https:\/\/twitter.com\/FootdavantFr\",\"https:\/\/www.instagram.com\/footdavant.fr\/\"]},{\"@type\":\"Person\",\"@id\":\"https:\/\/footdavant.fr\/actualites\/#\/schema\/person\/bc222566d95871b37e597b3ed3ba5e1d\",\"name\":\"Cl\u00e9ment\",\"image\":{\"@type\":\"ImageObject\",\"inLanguage\":\"fr-FR\",\"@id\":\"https:\/\/footdavant.fr\/actualites\/#\/schema\/person\/image\/\",\"url\":\"https:\/\/secure.gravatar.com\/avatar\/7728b29aac2719421e1a9159b2254c44?s=96&d=mm&r=g\",\"contentUrl\":\"https:\/\/secure.gravatar.com\/avatar\/7728b29aac2719421e1a9159b2254c44?s=96&d=mm&r=g\",\"caption\":\"Cl\u00e9ment\"},\"sameAs\":[\"https:\/\/footdavant.fr\/\"]}]}<\/script>\n<!-- \/ Yoast SEO plugin. -->","yoast_head_json":{"title":"Nouvelles du transfert de Tottenham : les Spurs sont \u00ab de plus en plus susceptibles \u00bb de vendre l&#39;attaquant li\u00e9 \u00e0 Everton en 2026","robots":{"index":"index","follow":"follow","max-snippet":"max-snippet:-1","max-image-preview":"max-image-preview:large","max-video-preview":"max-video-preview:-1"},"canonical":"https:\/\/footdavant.fr\/actualites\/nouvelles-du-transfert-de-tottenham-les-spurs-sont-de-plus-en-plus-susceptibles-de-vendre-lattaquant-lie-a-everton-en-2026\/","og_locale":"fr_FR","og_type":"article","og_title":"Nouvelles du transfert de Tottenham : les Spurs sont \u00ab de plus en plus susceptibles \u00bb de vendre l&#39;attaquant li\u00e9 \u00e0 Everton en 2026","og_description":"Tottenham Hotspur serait susceptible de vendre Richarlison lors du mercato de janvier, et Everton pourrait \u00eatre int\u00e9ress\u00e9 \u00e0 le ramener. L&#39;attaquant de Tottenham Hotspur Richarlison","og_url":"https:\/\/footdavant.fr\/actualites\/nouvelles-du-transfert-de-tottenham-les-spurs-sont-de-plus-en-plus-susceptibles-de-vendre-lattaquant-lie-a-everton-en-2026\/","og_site_name":"Foot d&#039;avant","article_publisher":"https:\/\/www.facebook.com\/Footdavant\/","article_published_time":"2025-10-26T01:48:12+00:00","article_modified_time":"2025-10-26T00:48:14+00:00","og_image":[{"width":640,"height":480,"url":"https:\/\/footdavant.fr\/actualites\/wp-content\/uploads\/2025\/10\/1761439693_Nouvelles-du-transfert-de-Tottenham-les-Spurs-sont.jpg","type":"image\/jpeg"}],"author":"Cl\u00e9ment","twitter_card":"summary_large_image","twitter_creator":"@FootdavantFr","twitter_site":"@FootdavantFr","twitter_misc":{"\u00c9crit par":"Cl\u00e9ment","Dur\u00e9e de lecture estim\u00e9e":"2 minutes"},"schema":{"@context":"https:\/\/schema.org","@graph":[{"@type":"Article","@id":"https:\/\/footdavant.fr\/actualites\/nouvelles-du-transfert-de-tottenham-les-spurs-sont-de-plus-en-plus-susceptibles-de-vendre-lattaquant-lie-a-everton-en-2026\/#article","isPartOf":{"@id":"https:\/\/footdavant.fr\/actualites\/nouvelles-du-transfert-de-tottenham-les-spurs-sont-de-plus-en-plus-susceptibles-de-vendre-lattaquant-lie-a-everton-en-2026\/"},"author":{"name":"Cl\u00e9ment","@id":"https:\/\/footdavant.fr\/actualites\/#\/schema\/person\/bc222566d95871b37e597b3ed3ba5e1d"},"headline":"Nouvelles du transfert de Tottenham : les Spurs sont \u00ab de plus en plus susceptibles \u00bb de vendre l&#39;attaquant li\u00e9 \u00e0 Everton en 2026","datePublished":"2025-10-26T01:48:12+00:00","dateModified":"2025-10-26T00:48:14+00:00","mainEntityOfPage":{"@id":"https:\/\/footdavant.fr\/actualites\/nouvelles-du-transfert-de-tottenham-les-spurs-sont-de-plus-en-plus-susceptibles-de-vendre-lattaquant-lie-a-everton-en-2026\/"},"wordCount":430,"publisher":{"@id":"https:\/\/footdavant.fr\/actualites\/#organization"},"keywords":["Everton","l39attaquant","les","li\u00e9","Nouvelles","sont","Spurs","susceptibles","Tottenham","transfert","vendre"],"articleSection":["Premier League"],"inLanguage":"fr-FR"},{"@type":"WebPage","@id":"https:\/\/footdavant.fr\/actualites\/nouvelles-du-transfert-de-tottenham-les-spurs-sont-de-plus-en-plus-susceptibles-de-vendre-lattaquant-lie-a-everton-en-2026\/","url":"https:\/\/footdavant.fr\/actualites\/nouvelles-du-transfert-de-tottenham-les-spurs-sont-de-plus-en-plus-susceptibles-de-vendre-lattaquant-lie-a-everton-en-2026\/","name":"Nouvelles du transfert de Tottenham : les Spurs sont \u00ab de plus en plus susceptibles \u00bb de vendre l&#39;attaquant li\u00e9 \u00e0 Everton en 2026","isPartOf":{"@id":"https:\/\/footdavant.fr\/actualites\/#website"},"datePublished":"2025-10-26T01:48:12+00:00","dateModified":"2025-10-26T00:48:14+00:00","breadcrumb":{"@id":"https:\/\/footdavant.fr\/actualites\/nouvelles-du-transfert-de-tottenham-les-spurs-sont-de-plus-en-plus-susceptibles-de-vendre-lattaquant-lie-a-everton-en-2026\/#breadcrumb"},"inLanguage":"fr-FR","potentialAction":[{"@type":"ReadAction","target":["https:\/\/footdavant.fr\/actualites\/nouvelles-du-transfert-de-tottenham-les-spurs-sont-de-plus-en-plus-susceptibles-de-vendre-lattaquant-lie-a-everton-en-2026\/"]}]},{"@type":"BreadcrumbList","@id":"https:\/\/footdavant.fr\/actualites\/nouvelles-du-transfert-de-tottenham-les-spurs-sont-de-plus-en-plus-susceptibles-de-vendre-lattaquant-lie-a-everton-en-2026\/#breadcrumb","itemListElement":[{"@type":"ListItem","position":1,"name":"Accueil","item":"https:\/\/footdavant.fr\/actualites\/"},{"@type":"ListItem","position":2,"name":"Nouvelles du transfert de Tottenham : les Spurs sont \u00ab de plus en plus susceptibles \u00bb de vendre l&#39;attaquant li\u00e9 \u00e0 Everton en 2026"}]},{"@type":"WebSite","@id":"https:\/\/footdavant.fr\/actualites\/#website","url":"https:\/\/footdavant.fr\/actualites\/","name":"Foot d'avant","description":"","publisher":{"@id":"https:\/\/footdavant.fr\/actualites\/#organization"},"potentialAction":[{"@type":"SearchAction","target":{"@type":"EntryPoint","urlTemplate":"https:\/\/footdavant.fr\/actualites\/?s={search_term_string}"},"query-input":"required name=search_term_string"}],"inLanguage":"fr-FR"},{"@type":"Organization","@id":"https:\/\/footdavant.fr\/actualites\/#organization","name":"Foot d'avant","url":"https:\/\/footdavant.fr\/actualites\/","logo":{"@type":"ImageObject","inLanguage":"fr-FR","@id":"https:\/\/footdavant.fr\/actualites\/#\/schema\/logo\/image\/","url":"https:\/\/footdavant.fr\/actualites\/wp-content\/uploads\/2023\/09\/Copy-of-FootDavant-Logo.png","contentUrl":"https:\/\/footdavant.fr\/actualites\/wp-content\/uploads\/2023\/09\/Copy-of-FootDavant-Logo.png","width":936,"height":549,"caption":"Foot d'avant"},"image":{"@id":"https:\/\/footdavant.fr\/actualites\/#\/schema\/logo\/image\/"},"sameAs":["https:\/\/www.facebook.com\/Footdavant\/","https:\/\/twitter.com\/FootdavantFr","https:\/\/www.instagram.com\/footdavant.fr\/"]},{"@type":"Person","@id":"https:\/\/footdavant.fr\/actualites\/#\/schema\/person\/bc222566d95871b37e597b3ed3ba5e1d","name":"Cl\u00e9ment","image":{"@type":"ImageObject","inLanguage":"fr-FR","@id":"https:\/\/footdavant.fr\/actualites\/#\/schema\/person\/image\/","url":"https:\/\/secure.gravatar.com\/avatar\/7728b29aac2719421e1a9159b2254c44?s=96&d=mm&r=g","contentUrl":"https:\/\/secure.gravatar.com\/avatar\/7728b29aac2719421e1a9159b2254c44?s=96&d=mm&r=g","caption":"Cl\u00e9ment"},"sameAs":["https:\/\/footdavant.fr\/"]}]}},"_links":{"self":[{"href":"https:\/\/footdavant.fr\/actualites\/wp-json\/wp\/v2\/posts\/30329"}],"collection":[{"href":"https:\/\/footdavant.fr\/actualites\/wp-json\/wp\/v2\/posts"}],"about":[{"href":"https:\/\/footdavant.fr\/actualites\/wp-json\/wp\/v2\/types\/post"}],"author":[{"embeddable":true,"href":"https:\/\/footdavant.fr\/actualites\/wp-json\/wp\/v2\/users\/1"}],"replies":[{"embeddable":true,"href":"https:\/\/footdavant.fr\/actualites\/wp-json\/wp\/v2\/comments?post=30329"}],"version-history":[{"count":1,"href":"https:\/\/footdavant.fr\/actualites\/wp-json\/wp\/v2\/posts\/30329\/revisions"}],"predecessor-version":[{"id":30331,"href":"https:\/\/footdavant.fr\/actualites\/wp-json\/wp\/v2\/posts\/30329\/revisions\/30331"}],"wp:featuredmedia":[{"embeddable":true,"href":"https:\/\/footdavant.fr\/actualites\/wp-json\/wp\/v2\/media\/30330"}],"wp:attachment":[{"href":"https:\/\/footdavant.fr\/actualites\/wp-json\/wp\/v2\/media?parent=30329"}],"wp:term":[{"taxonomy":"category","embeddable":true,"href":"https:\/\/footdavant.fr\/actualites\/wp-json\/wp\/v2\/categories?post=30329"},{"taxonomy":"post_tag","embeddable":true,"href":"https:\/\/footdavant.fr\/actualites\/wp-json\/wp\/v2\/tags?post=30329"}],"curies":[{"name":"wp","href":"https:\/\/api.w.org\/{rel}","templated":true}]}}