{"id":30332,"date":"2025-10-26T03:48:14","date_gmt":"2025-10-26T02:48:14","guid":{"rendered":"https:\/\/footdavant.fr\/actualites\/joe-alt-des-chargers-reviendra-au-tnf-lors-de-la-semaine-8-apres-avoir-rate-trois-matchs-en-raison-dune-blessure-a-la-cheville\/"},"modified":"2025-10-26T03:48:15","modified_gmt":"2025-10-26T02:48:15","slug":"joe-alt-des-chargers-reviendra-au-tnf-lors-de-la-semaine-8-apres-avoir-rate-trois-matchs-en-raison-dune-blessure-a-la-cheville","status":"publish","type":"post","link":"https:\/\/footdavant.fr\/actualites\/joe-alt-des-chargers-reviendra-au-tnf-lors-de-la-semaine-8-apres-avoir-rate-trois-matchs-en-raison-dune-blessure-a-la-cheville\/","title":{"rendered":"Joe Alt des Chargers reviendra au TNF lors de la semaine 8 apr\u00e8s avoir rat\u00e9 trois matchs en raison d&#39;une blessure \u00e0 la cheville"},"content":{"rendered":"<div>\n<p>Lors de leurs quatre derni\u00e8res comp\u00e9titions, l&#39;\u00e9quipe a \u00e9t\u00e9 priv\u00e9e du LT Joe Alt. Il s&#39;est bless\u00e9 \u00e0 la cheville lors de la d\u00e9faite de la semaine 4 contre les Giants. Mercredi, l&#39;initi\u00e9 de la NFL, Mike Garafolo, a rapport\u00e9 qu&#39;il \u00e9tait douteux que Joe Alt joue lors de la semaine 8 contre les Vikings. Cependant, Alt a d\u00e9clar\u00e9 qu&#39;il pr\u00e9voyait de faire son retour apr\u00e8s une absence de trois matchs. Un \u00e9norme coup de pouce pour Los Angeles offensivement.<\/p>\n<h2>Joe Alt devrait revenir pour les Chargers sur TNF au cours de la semaine 8<\/h2>\n<blockquote class=\"twitter-tweet\">\n<p dir=\"ltr\" lang=\"en\">Le <a rel=\"nofollow\" href=\"https:\/\/twitter.com\/hashtag\/Chargers?src=hash&amp;ref_src=twsrc%5Etfw\">#Chargeurs<\/a> liste T Joe Alt comme discutable pour demain contre le <a rel=\"nofollow\" href=\"https:\/\/twitter.com\/hashtag\/Vikings?src=hash&amp;ref_src=twsrc%5Etfw\">#Vikings<\/a>. Alt, qui n&#39;a pas jou\u00e9 ce mois-ci, a d\u00e9clar\u00e9 hier qu&#39;il pr\u00e9voyait de faire son retour.<\/p>\n<p>-Mike Garafolo (@MikeGarafolo) <a rel=\"nofollow\" href=\"https:\/\/twitter.com\/MikeGarafolo\/status\/1981090812940161482?ref_src=twsrc%5Etfw\">22 octobre 2025<\/a><\/p>\n<\/blockquote>\n<p>Avec le cinqui\u00e8me choix au classement g\u00e9n\u00e9ral du rep\u00eachage 2024 de la NFL, les Chargers ont s\u00e9lectionn\u00e9 le plaqueur Joe Alt de Notre Dame. En tant que recrue, il a d\u00e9but\u00e9 16 matchs pour Los Angeles et a termin\u00e9 7e au vote de la recrue offensive de l&#39;ann\u00e9e. Le plaqueur gauche Rashawn Slater a subi une d\u00e9chirure du tendon rotulien pendant le camp d&#39;entra\u00eenement. Il manquera malheureusement toute la saison 2025. C&#39;est pourquoi le professionnel de deuxi\u00e8me ann\u00e9e Joe Alt d\u00e9butait chez LT cette saison. Lors d&#39;une d\u00e9faite contre les Giants lors de la quatri\u00e8me semaine, Joe Alt a quitt\u00e9 le match plus t\u00f4t en raison d&#39;une blessure \u00e0 la cheville.<\/p>\n<p>Alt a quitt\u00e9 le terrain mais a ensuite \u00e9t\u00e9 transport\u00e9 aux vestiaires. Le joueur de 22 ans a rat\u00e9 les trois prochains matchs cons\u00e9cutifs des Chargers en raison d&#39;une blessure. Los Angeles est all\u00e9 1-2 dans ces comp\u00e9titions. C&#39;est une courte semaine pour les Chargers, qui jouent sur TNF contre les Vikings. Bien que l&#39;\u00e9quipe ait limit\u00e9 Alt sur son rapport de blessure estim\u00e9, il pr\u00e9voit de jouer contre le Minnesota.<\/p>\n<blockquote class=\"twitter-tweet\">\n<p dir=\"ltr\" lang=\"en\">Depuis <a rel=\"nofollow\" href=\"https:\/\/twitter.com\/gmfb?ref_src=twsrc%5Etfw\">@GMFB<\/a>: Principales mises \u00e0 jour sur les blessures pour le <a rel=\"nofollow\" href=\"https:\/\/twitter.com\/hashtag\/Vikings?src=hash&amp;ref_src=twsrc%5Etfw\">#Vikings<\/a>\u2013<a rel=\"nofollow\" href=\"https:\/\/twitter.com\/hashtag\/Chargers?src=hash&amp;ref_src=twsrc%5Etfw\">#Chargeurs<\/a> Jeu TNF, avec un accent sur les grands joueurs de ligne offensive. <a rel=\"nofollow\" href=\"https:\/\/t.co\/RSAgqbkr1Z\">pic.twitter.com\/RSAgqbkr1Z<\/a><\/p>\n<p>\u2013 Ian Rapoport (@RapSheet) <a rel=\"nofollow\" href=\"https:\/\/twitter.com\/RapSheet\/status\/1981335466776355210?ref_src=twsrc%5Etfw\">23 octobre 2025<\/a><\/p>\n<\/blockquote>\n<p>Le retour de Joe Alt jeudi soir constituerait un \u00e9norme coup de pouce pour l&#39;offensive de Los Angeles. Lors de deux de leurs trois matchs sans Alt, les Chargers ont eu du mal \u00e0 faire circuler le ballon. Justin Herbet a men\u00e9 l&#39;\u00e9quipe avec 31 verges au sol lors d&#39;une d\u00e9faite contre les Colts lors de la semaine 7. Lorsque Joe Alt fera son retour au cours de la semaine 8, les Chargers devraient constater une am\u00e9lioration de leur jeu de course.<\/p>\n<p>De plus, RT Trey Pipkins pourrait revenir au cours de la semaine 8 apr\u00e8s une blessure au genou. Il a rat\u00e9 les deux derniers matchs de Los Angeles. Pipkins a d\u00e9but\u00e9 les cinq premiers matchs de la saison pour les Chargers. Il d\u00e9bute chez RT en 2025 car l&#39;\u00e9quipe avait besoin de Joe Alt chez LT. Trey Pipkins en est \u00e0 sa septi\u00e8me saison professionnelle. Tous avec les Chargers de Los Angeles. Il est discutable de jouer sur TNF contre les Vikings. \u00c0 moins d\u2019un revers, attendez-vous \u00e0 voir le LT Joe Alt revenir en action.<\/p>\n<\/p><\/div>\n<p><script async src=\"https:\/\/platform.twitter.com\/widgets.js\" charset=\"utf-8\"><\/script><\/p>\n","protected":false},"excerpt":{"rendered":"<p>Lors de leurs quatre derni\u00e8res comp\u00e9titions, l&#39;\u00e9quipe a \u00e9t\u00e9 priv\u00e9e du LT Joe Alt. Il s&#39;est bless\u00e9 \u00e0 la cheville lors de la d\u00e9faite de<\/p>\n","protected":false},"author":1,"featured_media":30333,"comment_status":"closed","ping_status":"","sticky":false,"template":"","format":"standard","meta":{"footnotes":""},"categories":[3],"tags":[10848,25,156,15,3406,805,4222,12,1796,64,688,182,1060,48,29,1148,947],"yoast_head":"<!-- This site is optimized with the Yoast SEO plugin v21.0 - https:\/\/yoast.com\/wordpress\/plugins\/seo\/ -->\n<title>Joe Alt des Chargers reviendra au TNF lors de la semaine 8 apr\u00e8s avoir rat\u00e9 trois matchs en raison d&#039;une blessure \u00e0 la cheville<\/title>\n<meta name=\"robots\" content=\"index, follow, max-snippet:-1, max-image-preview:large, max-video-preview:-1\" \/>\n<link rel=\"canonical\" href=\"https:\/\/footdavant.fr\/actualites\/joe-alt-des-chargers-reviendra-au-tnf-lors-de-la-semaine-8-apres-avoir-rate-trois-matchs-en-raison-dune-blessure-a-la-cheville\/\" \/>\n<meta property=\"og:locale\" content=\"fr_FR\" \/>\n<meta property=\"og:type\" content=\"article\" \/>\n<meta property=\"og:title\" content=\"Joe Alt des Chargers reviendra au TNF lors de la semaine 8 apr\u00e8s avoir rat\u00e9 trois matchs en raison d&#039;une blessure \u00e0 la cheville\" \/>\n<meta property=\"og:description\" content=\"Lors de leurs quatre derni\u00e8res comp\u00e9titions, l&#039;\u00e9quipe a \u00e9t\u00e9 priv\u00e9e du LT Joe Alt. Il s&#039;est bless\u00e9 \u00e0 la cheville lors de la d\u00e9faite de\" \/>\n<meta property=\"og:url\" content=\"https:\/\/footdavant.fr\/actualites\/joe-alt-des-chargers-reviendra-au-tnf-lors-de-la-semaine-8-apres-avoir-rate-trois-matchs-en-raison-dune-blessure-a-la-cheville\/\" \/>\n<meta property=\"og:site_name\" content=\"Foot d&#039;avant\" \/>\n<meta property=\"article:publisher\" content=\"https:\/\/www.facebook.com\/Footdavant\/\" \/>\n<meta property=\"article:published_time\" content=\"2025-10-26T02:48:14+00:00\" \/>\n<meta property=\"article:modified_time\" content=\"2025-10-26T02:48:15+00:00\" \/>\n<meta property=\"og:image\" content=\"https:\/\/footdavant.fr\/actualites\/wp-content\/uploads\/2025\/10\/Joe-Alt-des-Chargers-reviendra-au-TNF-lors-de-la.jpg\" \/>\n\t<meta property=\"og:image:width\" content=\"820\" \/>\n\t<meta property=\"og:image:height\" content=\"461\" \/>\n\t<meta property=\"og:image:type\" content=\"image\/jpeg\" \/>\n<meta name=\"author\" content=\"Cl\u00e9ment\" \/>\n<meta name=\"twitter:card\" content=\"summary_large_image\" \/>\n<meta name=\"twitter:creator\" content=\"@FootdavantFr\" \/>\n<meta name=\"twitter:site\" content=\"@FootdavantFr\" \/>\n<meta name=\"twitter:label1\" content=\"\u00c9crit par\" \/>\n\t<meta name=\"twitter:data1\" content=\"Cl\u00e9ment\" \/>\n\t<meta name=\"twitter:label2\" content=\"Dur\u00e9e de lecture estim\u00e9e\" \/>\n\t<meta name=\"twitter:data2\" content=\"3 minutes\" \/>\n<script type=\"application\/ld+json\" class=\"yoast-schema-graph\">{\"@context\":\"https:\/\/schema.org\",\"@graph\":[{\"@type\":\"Article\",\"@id\":\"https:\/\/footdavant.fr\/actualites\/joe-alt-des-chargers-reviendra-au-tnf-lors-de-la-semaine-8-apres-avoir-rate-trois-matchs-en-raison-dune-blessure-a-la-cheville\/#article\",\"isPartOf\":{\"@id\":\"https:\/\/footdavant.fr\/actualites\/joe-alt-des-chargers-reviendra-au-tnf-lors-de-la-semaine-8-apres-avoir-rate-trois-matchs-en-raison-dune-blessure-a-la-cheville\/\"},\"author\":{\"name\":\"Cl\u00e9ment\",\"@id\":\"https:\/\/footdavant.fr\/actualites\/#\/schema\/person\/bc222566d95871b37e597b3ed3ba5e1d\"},\"headline\":\"Joe Alt des Chargers reviendra au TNF lors de la semaine 8 apr\u00e8s avoir rat\u00e9 trois matchs en raison d&#39;une blessure \u00e0 la cheville\",\"datePublished\":\"2025-10-26T02:48:14+00:00\",\"dateModified\":\"2025-10-26T02:48:15+00:00\",\"mainEntityOfPage\":{\"@id\":\"https:\/\/footdavant.fr\/actualites\/joe-alt-des-chargers-reviendra-au-tnf-lors-de-la-semaine-8-apres-avoir-rate-trois-matchs-en-raison-dune-blessure-a-la-cheville\/\"},\"wordCount\":580,\"publisher\":{\"@id\":\"https:\/\/footdavant.fr\/actualites\/#organization\"},\"keywords\":[\"Alt\",\"apr\u00e8s\",\"avoir\",\"Blessure\",\"Chargers\",\"cheville\",\"d39une\",\"des\",\"Joe\",\"lors\",\"matchs\",\"raison\",\"rat\u00e9\",\"reviendra\",\"semaine\",\"TNF\",\"trois\"],\"articleSection\":[\"Football\"],\"inLanguage\":\"fr-FR\"},{\"@type\":\"WebPage\",\"@id\":\"https:\/\/footdavant.fr\/actualites\/joe-alt-des-chargers-reviendra-au-tnf-lors-de-la-semaine-8-apres-avoir-rate-trois-matchs-en-raison-dune-blessure-a-la-cheville\/\",\"url\":\"https:\/\/footdavant.fr\/actualites\/joe-alt-des-chargers-reviendra-au-tnf-lors-de-la-semaine-8-apres-avoir-rate-trois-matchs-en-raison-dune-blessure-a-la-cheville\/\",\"name\":\"Joe Alt des Chargers reviendra au TNF lors de la semaine 8 apr\u00e8s avoir rat\u00e9 trois matchs en raison d&#39;une blessure \u00e0 la cheville\",\"isPartOf\":{\"@id\":\"https:\/\/footdavant.fr\/actualites\/#website\"},\"datePublished\":\"2025-10-26T02:48:14+00:00\",\"dateModified\":\"2025-10-26T02:48:15+00:00\",\"breadcrumb\":{\"@id\":\"https:\/\/footdavant.fr\/actualites\/joe-alt-des-chargers-reviendra-au-tnf-lors-de-la-semaine-8-apres-avoir-rate-trois-matchs-en-raison-dune-blessure-a-la-cheville\/#breadcrumb\"},\"inLanguage\":\"fr-FR\",\"potentialAction\":[{\"@type\":\"ReadAction\",\"target\":[\"https:\/\/footdavant.fr\/actualites\/joe-alt-des-chargers-reviendra-au-tnf-lors-de-la-semaine-8-apres-avoir-rate-trois-matchs-en-raison-dune-blessure-a-la-cheville\/\"]}]},{\"@type\":\"BreadcrumbList\",\"@id\":\"https:\/\/footdavant.fr\/actualites\/joe-alt-des-chargers-reviendra-au-tnf-lors-de-la-semaine-8-apres-avoir-rate-trois-matchs-en-raison-dune-blessure-a-la-cheville\/#breadcrumb\",\"itemListElement\":[{\"@type\":\"ListItem\",\"position\":1,\"name\":\"Accueil\",\"item\":\"https:\/\/footdavant.fr\/actualites\/\"},{\"@type\":\"ListItem\",\"position\":2,\"name\":\"Joe Alt des Chargers reviendra au TNF lors de la semaine 8 apr\u00e8s avoir rat\u00e9 trois matchs en raison d&#39;une blessure \u00e0 la cheville\"}]},{\"@type\":\"WebSite\",\"@id\":\"https:\/\/footdavant.fr\/actualites\/#website\",\"url\":\"https:\/\/footdavant.fr\/actualites\/\",\"name\":\"Foot d'avant\",\"description\":\"\",\"publisher\":{\"@id\":\"https:\/\/footdavant.fr\/actualites\/#organization\"},\"potentialAction\":[{\"@type\":\"SearchAction\",\"target\":{\"@type\":\"EntryPoint\",\"urlTemplate\":\"https:\/\/footdavant.fr\/actualites\/?s={search_term_string}\"},\"query-input\":\"required name=search_term_string\"}],\"inLanguage\":\"fr-FR\"},{\"@type\":\"Organization\",\"@id\":\"https:\/\/footdavant.fr\/actualites\/#organization\",\"name\":\"Foot d'avant\",\"url\":\"https:\/\/footdavant.fr\/actualites\/\",\"logo\":{\"@type\":\"ImageObject\",\"inLanguage\":\"fr-FR\",\"@id\":\"https:\/\/footdavant.fr\/actualites\/#\/schema\/logo\/image\/\",\"url\":\"https:\/\/footdavant.fr\/actualites\/wp-content\/uploads\/2023\/09\/Copy-of-FootDavant-Logo.png\",\"contentUrl\":\"https:\/\/footdavant.fr\/actualites\/wp-content\/uploads\/2023\/09\/Copy-of-FootDavant-Logo.png\",\"width\":936,\"height\":549,\"caption\":\"Foot d'avant\"},\"image\":{\"@id\":\"https:\/\/footdavant.fr\/actualites\/#\/schema\/logo\/image\/\"},\"sameAs\":[\"https:\/\/www.facebook.com\/Footdavant\/\",\"https:\/\/twitter.com\/FootdavantFr\",\"https:\/\/www.instagram.com\/footdavant.fr\/\"]},{\"@type\":\"Person\",\"@id\":\"https:\/\/footdavant.fr\/actualites\/#\/schema\/person\/bc222566d95871b37e597b3ed3ba5e1d\",\"name\":\"Cl\u00e9ment\",\"image\":{\"@type\":\"ImageObject\",\"inLanguage\":\"fr-FR\",\"@id\":\"https:\/\/footdavant.fr\/actualites\/#\/schema\/person\/image\/\",\"url\":\"https:\/\/secure.gravatar.com\/avatar\/7728b29aac2719421e1a9159b2254c44?s=96&d=mm&r=g\",\"contentUrl\":\"https:\/\/secure.gravatar.com\/avatar\/7728b29aac2719421e1a9159b2254c44?s=96&d=mm&r=g\",\"caption\":\"Cl\u00e9ment\"},\"sameAs\":[\"https:\/\/footdavant.fr\/\"]}]}<\/script>\n<!-- \/ Yoast SEO plugin. -->","yoast_head_json":{"title":"Joe Alt des Chargers reviendra au TNF lors de la semaine 8 apr\u00e8s avoir rat\u00e9 trois matchs en raison d&#39;une blessure \u00e0 la cheville","robots":{"index":"index","follow":"follow","max-snippet":"max-snippet:-1","max-image-preview":"max-image-preview:large","max-video-preview":"max-video-preview:-1"},"canonical":"https:\/\/footdavant.fr\/actualites\/joe-alt-des-chargers-reviendra-au-tnf-lors-de-la-semaine-8-apres-avoir-rate-trois-matchs-en-raison-dune-blessure-a-la-cheville\/","og_locale":"fr_FR","og_type":"article","og_title":"Joe Alt des Chargers reviendra au TNF lors de la semaine 8 apr\u00e8s avoir rat\u00e9 trois matchs en raison d&#39;une blessure \u00e0 la cheville","og_description":"Lors de leurs quatre derni\u00e8res comp\u00e9titions, l&#39;\u00e9quipe a \u00e9t\u00e9 priv\u00e9e du LT Joe Alt. Il s&#39;est bless\u00e9 \u00e0 la cheville lors de la d\u00e9faite de","og_url":"https:\/\/footdavant.fr\/actualites\/joe-alt-des-chargers-reviendra-au-tnf-lors-de-la-semaine-8-apres-avoir-rate-trois-matchs-en-raison-dune-blessure-a-la-cheville\/","og_site_name":"Foot d&#039;avant","article_publisher":"https:\/\/www.facebook.com\/Footdavant\/","article_published_time":"2025-10-26T02:48:14+00:00","article_modified_time":"2025-10-26T02:48:15+00:00","og_image":[{"width":820,"height":461,"url":"https:\/\/footdavant.fr\/actualites\/wp-content\/uploads\/2025\/10\/Joe-Alt-des-Chargers-reviendra-au-TNF-lors-de-la.jpg","type":"image\/jpeg"}],"author":"Cl\u00e9ment","twitter_card":"summary_large_image","twitter_creator":"@FootdavantFr","twitter_site":"@FootdavantFr","twitter_misc":{"\u00c9crit par":"Cl\u00e9ment","Dur\u00e9e de lecture estim\u00e9e":"3 minutes"},"schema":{"@context":"https:\/\/schema.org","@graph":[{"@type":"Article","@id":"https:\/\/footdavant.fr\/actualites\/joe-alt-des-chargers-reviendra-au-tnf-lors-de-la-semaine-8-apres-avoir-rate-trois-matchs-en-raison-dune-blessure-a-la-cheville\/#article","isPartOf":{"@id":"https:\/\/footdavant.fr\/actualites\/joe-alt-des-chargers-reviendra-au-tnf-lors-de-la-semaine-8-apres-avoir-rate-trois-matchs-en-raison-dune-blessure-a-la-cheville\/"},"author":{"name":"Cl\u00e9ment","@id":"https:\/\/footdavant.fr\/actualites\/#\/schema\/person\/bc222566d95871b37e597b3ed3ba5e1d"},"headline":"Joe Alt des Chargers reviendra au TNF lors de la semaine 8 apr\u00e8s avoir rat\u00e9 trois matchs en raison d&#39;une blessure \u00e0 la cheville","datePublished":"2025-10-26T02:48:14+00:00","dateModified":"2025-10-26T02:48:15+00:00","mainEntityOfPage":{"@id":"https:\/\/footdavant.fr\/actualites\/joe-alt-des-chargers-reviendra-au-tnf-lors-de-la-semaine-8-apres-avoir-rate-trois-matchs-en-raison-dune-blessure-a-la-cheville\/"},"wordCount":580,"publisher":{"@id":"https:\/\/footdavant.fr\/actualites\/#organization"},"keywords":["Alt","apr\u00e8s","avoir","Blessure","Chargers","cheville","d39une","des","Joe","lors","matchs","raison","rat\u00e9","reviendra","semaine","TNF","trois"],"articleSection":["Football"],"inLanguage":"fr-FR"},{"@type":"WebPage","@id":"https:\/\/footdavant.fr\/actualites\/joe-alt-des-chargers-reviendra-au-tnf-lors-de-la-semaine-8-apres-avoir-rate-trois-matchs-en-raison-dune-blessure-a-la-cheville\/","url":"https:\/\/footdavant.fr\/actualites\/joe-alt-des-chargers-reviendra-au-tnf-lors-de-la-semaine-8-apres-avoir-rate-trois-matchs-en-raison-dune-blessure-a-la-cheville\/","name":"Joe Alt des Chargers reviendra au TNF lors de la semaine 8 apr\u00e8s avoir rat\u00e9 trois matchs en raison d&#39;une blessure \u00e0 la cheville","isPartOf":{"@id":"https:\/\/footdavant.fr\/actualites\/#website"},"datePublished":"2025-10-26T02:48:14+00:00","dateModified":"2025-10-26T02:48:15+00:00","breadcrumb":{"@id":"https:\/\/footdavant.fr\/actualites\/joe-alt-des-chargers-reviendra-au-tnf-lors-de-la-semaine-8-apres-avoir-rate-trois-matchs-en-raison-dune-blessure-a-la-cheville\/#breadcrumb"},"inLanguage":"fr-FR","potentialAction":[{"@type":"ReadAction","target":["https:\/\/footdavant.fr\/actualites\/joe-alt-des-chargers-reviendra-au-tnf-lors-de-la-semaine-8-apres-avoir-rate-trois-matchs-en-raison-dune-blessure-a-la-cheville\/"]}]},{"@type":"BreadcrumbList","@id":"https:\/\/footdavant.fr\/actualites\/joe-alt-des-chargers-reviendra-au-tnf-lors-de-la-semaine-8-apres-avoir-rate-trois-matchs-en-raison-dune-blessure-a-la-cheville\/#breadcrumb","itemListElement":[{"@type":"ListItem","position":1,"name":"Accueil","item":"https:\/\/footdavant.fr\/actualites\/"},{"@type":"ListItem","position":2,"name":"Joe Alt des Chargers reviendra au TNF lors de la semaine 8 apr\u00e8s avoir rat\u00e9 trois matchs en raison d&#39;une blessure \u00e0 la cheville"}]},{"@type":"WebSite","@id":"https:\/\/footdavant.fr\/actualites\/#website","url":"https:\/\/footdavant.fr\/actualites\/","name":"Foot d'avant","description":"","publisher":{"@id":"https:\/\/footdavant.fr\/actualites\/#organization"},"potentialAction":[{"@type":"SearchAction","target":{"@type":"EntryPoint","urlTemplate":"https:\/\/footdavant.fr\/actualites\/?s={search_term_string}"},"query-input":"required name=search_term_string"}],"inLanguage":"fr-FR"},{"@type":"Organization","@id":"https:\/\/footdavant.fr\/actualites\/#organization","name":"Foot d'avant","url":"https:\/\/footdavant.fr\/actualites\/","logo":{"@type":"ImageObject","inLanguage":"fr-FR","@id":"https:\/\/footdavant.fr\/actualites\/#\/schema\/logo\/image\/","url":"https:\/\/footdavant.fr\/actualites\/wp-content\/uploads\/2023\/09\/Copy-of-FootDavant-Logo.png","contentUrl":"https:\/\/footdavant.fr\/actualites\/wp-content\/uploads\/2023\/09\/Copy-of-FootDavant-Logo.png","width":936,"height":549,"caption":"Foot d'avant"},"image":{"@id":"https:\/\/footdavant.fr\/actualites\/#\/schema\/logo\/image\/"},"sameAs":["https:\/\/www.facebook.com\/Footdavant\/","https:\/\/twitter.com\/FootdavantFr","https:\/\/www.instagram.com\/footdavant.fr\/"]},{"@type":"Person","@id":"https:\/\/footdavant.fr\/actualites\/#\/schema\/person\/bc222566d95871b37e597b3ed3ba5e1d","name":"Cl\u00e9ment","image":{"@type":"ImageObject","inLanguage":"fr-FR","@id":"https:\/\/footdavant.fr\/actualites\/#\/schema\/person\/image\/","url":"https:\/\/secure.gravatar.com\/avatar\/7728b29aac2719421e1a9159b2254c44?s=96&d=mm&r=g","contentUrl":"https:\/\/secure.gravatar.com\/avatar\/7728b29aac2719421e1a9159b2254c44?s=96&d=mm&r=g","caption":"Cl\u00e9ment"},"sameAs":["https:\/\/footdavant.fr\/"]}]}},"_links":{"self":[{"href":"https:\/\/footdavant.fr\/actualites\/wp-json\/wp\/v2\/posts\/30332"}],"collection":[{"href":"https:\/\/footdavant.fr\/actualites\/wp-json\/wp\/v2\/posts"}],"about":[{"href":"https:\/\/footdavant.fr\/actualites\/wp-json\/wp\/v2\/types\/post"}],"author":[{"embeddable":true,"href":"https:\/\/footdavant.fr\/actualites\/wp-json\/wp\/v2\/users\/1"}],"replies":[{"embeddable":true,"href":"https:\/\/footdavant.fr\/actualites\/wp-json\/wp\/v2\/comments?post=30332"}],"version-history":[{"count":1,"href":"https:\/\/footdavant.fr\/actualites\/wp-json\/wp\/v2\/posts\/30332\/revisions"}],"predecessor-version":[{"id":30334,"href":"https:\/\/footdavant.fr\/actualites\/wp-json\/wp\/v2\/posts\/30332\/revisions\/30334"}],"wp:featuredmedia":[{"embeddable":true,"href":"https:\/\/footdavant.fr\/actualites\/wp-json\/wp\/v2\/media\/30333"}],"wp:attachment":[{"href":"https:\/\/footdavant.fr\/actualites\/wp-json\/wp\/v2\/media?parent=30332"}],"wp:term":[{"taxonomy":"category","embeddable":true,"href":"https:\/\/footdavant.fr\/actualites\/wp-json\/wp\/v2\/categories?post=30332"},{"taxonomy":"post_tag","embeddable":true,"href":"https:\/\/footdavant.fr\/actualites\/wp-json\/wp\/v2\/tags?post=30332"}],"curies":[{"name":"wp","href":"https:\/\/api.w.org\/{rel}","templated":true}]}}