{"id":30335,"date":"2025-10-26T04:48:10","date_gmt":"2025-10-26T03:48:10","guid":{"rendered":"https:\/\/footdavant.fr\/actualites\/blessure-a-barcelone-liste-de-suspension-contre-lolympiacos-dernieres-nouvelles-sur-robert-lewandowski-raphinha-ferran-torres\/"},"modified":"2025-10-26T04:48:12","modified_gmt":"2025-10-26T03:48:12","slug":"blessure-a-barcelone-liste-de-suspension-contre-lolympiacos-dernieres-nouvelles-sur-robert-lewandowski-raphinha-ferran-torres","status":"publish","type":"post","link":"https:\/\/footdavant.fr\/actualites\/blessure-a-barcelone-liste-de-suspension-contre-lolympiacos-dernieres-nouvelles-sur-robert-lewandowski-raphinha-ferran-torres\/","title":{"rendered":"Blessure \u00e0 Barcelone, liste de suspension contre l&#39;Olympiacos : derni\u00e8res nouvelles sur Robert Lewandowski, Raphinha, Ferran Torres"},"content":{"rendered":"<p>Sports Mole r\u00e9sume toutes les nouvelles sur les blessures et les suspensions de Barcelone avant le choc de la Ligue des champions de mardi avec l&#39;Olympiacos.<\/p>\n<div id=\"article_body\" itemprop=\"articleBody\">\n<p><strong class=\"autotag\">Barcelone cherchera \u00e0 remporter une deuxi\u00e8me victoire cons\u00e9cutive en accueillant les g\u00e9ants grecs <strong class=\"autotag\">L&#39;Olympiacos mardi <strong class=\"autotag\">Affrontement de Ligue des Champions.<\/p>\n<p>Apr\u00e8s avoir perdu des matchs cons\u00e9cutifs, <strong class=\"autotag\">L&#39;\u00e9quipe de Hansi Flick a renou\u00e9 avec la victoire lors du derby catalan de samedi contre G\u00e9rone, qui a vu <strong class=\"autotag\">Ronald Araujo a marqu\u00e9 le but vainqueur dans les arr\u00eats de jeu lors d&#39;une victoire spectaculaire 2-1.<\/p>\n<p>En ce qui concerne leur campagne en Ligue des champions, les Blaugrana occupent la 16e place de la phase de championnat apr\u00e8s avoir battu Newcastle United et perdu contre le Paris Saint-Germain lors de leurs deux premiers matches. <\/p>\n<p>Ici, Sports Mole rassemble toutes les nouvelles sur les blessures et les suspensions de Barcelone avant leur affrontement avec l&#39;Olympiacos, qui n&#39;a pris qu&#39;un point lors de ses deux premiers matches de phase de championnat. <\/p>\n<hr>\n<p class=\"imgI\">\n<p>Statut\u00a0: doute mineur<\/p>\n<p>Type de blessure\u00a0: ischio-jambier<\/p>\n<p>Date de retour possible : 21 octobre (vs Olympiacos)<\/p>\n<p>Ferran s&#39;est retir\u00e9 de l&#39;\u00e9quipe d&#39;Espagne apr\u00e8s la victoire contre la G\u00e9orgie en raison d&#39;un probl\u00e8me aux ischio-jambiers. L&#39;attaquant a ensuite rat\u00e9 la victoire de samedi contre G\u00e9rone, mais on esp\u00e8re qu&#39;il pourra revenir pour le match de Ligue des champions de mardi.<\/p>\n<hr>\n<p class=\"imgI\">\n<p>Statut\u00a0:\u00a0Out<\/p>\n<p>Type de blessure\u00a0: ischio-jambier<\/p>\n<p>Date de retour possible : Inconnue<\/p>\n<p>Lewandowski devrait \u00eatre absent pendant environ un mois apr\u00e8s s&#39;\u00eatre bless\u00e9 aux ischio-jambiers lors du match de qualification pour la Coupe du monde entre la Pologne et la Lituanie. <\/p>\n<hr>\n<p class=\"imgI\">\n<p>Statut : doute majeur<\/p>\n<p>Type de blessure\u00a0: ischio-jambier<\/p>\n<p>Date de retour possible : 21 octobre (vs Olympiacos)<\/p>\n<p>Raphinha progresse lentement dans sa convalescence apr\u00e8s une blessure aux ischio-jambiers et reste incertain pour le match en milieu de semaine. Barcelone voudra \u00e9viter de prendre des risques avec sa forme physique, alors que le Br\u00e9silien se bat pour se rendre disponible pour le Clasico de dimanche. <\/p>\n<hr>\n<p class=\"imgI\">\n<p>Statut\u00a0:\u00a0Out<\/p>\n<p>Type de blessure : Mollet<\/p>\n<p>Date de retour possible : 2 novembre (contre Elche)<\/p>\n<p>Olmo s&#39;est bless\u00e9 au mollet alors qu&#39;il \u00e9tait en mission internationale avec l&#39;Espagne. Apr\u00e8s avoir \u00e9t\u00e9 absent pendant deux \u00e0 trois semaines, l&#39;attaquant esp\u00e8re retrouver la forme d\u00e9but novembre. <\/p>\n<hr>\n<p class=\"imgI\">\n<p>Statut\u00a0:\u00a0Out<\/p>\n<p>Type de blessure : Genou<\/p>\n<p>Date de retour possible : Inconnue<\/p>\n<p>Garcia a rat\u00e9 les quatre derniers matches de comp\u00e9tition apr\u00e8s avoir subi une op\u00e9ration au genou. La signature estivale reste indisponible pour la s\u00e9lection et il est peu probable qu\u2019elle revienne avant novembre. <\/p>\n<hr>\n<p class=\"imgI\"><img decoding=\"async\" alt=\"Le gardien de Barcelone Marc-Andre ter Stegen le 19 septembre 2024\" src=\"https:\/\/footdavant.fr\/actualites\/wp-content\/uploads\/2025\/07\/1751334536_Barcelone-Transfer-News-Duo-de-Premier-League-seulement-des.jpg\"><\/p>\n<p>Statut\u00a0:\u00a0Out<\/p>\n<p>Type de blessure : Dos<\/p>\n<p>Date de retour possible : Inconnue<\/p>\n<p>Ter Stegen poursuit sa r\u00e9\u00e9ducation apr\u00e8s une op\u00e9ration au dos, des sp\u00e9culations r\u00e9centes sugg\u00e9rant qu&#39;il pourrait retrouver sa forme physique en d\u00e9cembre ou janvier. <\/p>\n<hr>\n<p class=\"imgI\">\n<p>Statut\u00a0:\u00a0Out<\/p>\n<p>Type de blessure : Genou<\/p>\n<p>Date de retour possible : Inconnue<\/p>\n<p>Gavi ne devrait pas revenir avant 2026 apr\u00e8s s&#39;\u00eatre bless\u00e9 au genou lors d&#39;un entra\u00eenement en ao\u00fbt. Le milieu de terrain a d\u00fb \u00eatre op\u00e9r\u00e9 et traverse actuellement une p\u00e9riode de convalescence qui pourrait durer environ cinq mois. <\/p>\n<hr>\n<p><\/p>\n<h2>LISTE DE SUSPENSION DE BARCELONE<\/h2>\n<p>Barcelone n&#39;a aucun joueur suspendu pour la rencontre de Ligue des champions.<\/p>\n<hr>\n<\/div>\n","protected":false},"excerpt":{"rendered":"<p>Sports Mole r\u00e9sume toutes les nouvelles sur les blessures et les suspensions de Barcelone avant le choc de la Ligue des champions de mardi avec<\/p>\n","protected":false},"author":1,"featured_media":30336,"comment_status":"closed","ping_status":"","sticky":false,"template":"","format":"standard","meta":{"footnotes":""},"categories":[4],"tags":[130,15,20,4434,7395,5117,3373,17,461,3496,3372,103,18,4175],"yoast_head":"<!-- This site is optimized with the Yoast SEO plugin v21.0 - https:\/\/yoast.com\/wordpress\/plugins\/seo\/ -->\n<title>Blessure \u00e0 Barcelone, liste de suspension contre l&#039;Olympiacos : derni\u00e8res nouvelles sur Robert Lewandowski, Raphinha, Ferran Torres<\/title>\n<meta name=\"robots\" content=\"index, follow, max-snippet:-1, max-image-preview:large, max-video-preview:-1\" \/>\n<link rel=\"canonical\" href=\"https:\/\/footdavant.fr\/actualites\/blessure-a-barcelone-liste-de-suspension-contre-lolympiacos-dernieres-nouvelles-sur-robert-lewandowski-raphinha-ferran-torres\/\" \/>\n<meta property=\"og:locale\" content=\"fr_FR\" \/>\n<meta property=\"og:type\" content=\"article\" \/>\n<meta property=\"og:title\" content=\"Blessure \u00e0 Barcelone, liste de suspension contre l&#039;Olympiacos : derni\u00e8res nouvelles sur Robert Lewandowski, Raphinha, Ferran Torres\" \/>\n<meta property=\"og:description\" content=\"Sports Mole r\u00e9sume toutes les nouvelles sur les blessures et les suspensions de Barcelone avant le choc de la Ligue des champions de mardi avec\" \/>\n<meta property=\"og:url\" content=\"https:\/\/footdavant.fr\/actualites\/blessure-a-barcelone-liste-de-suspension-contre-lolympiacos-dernieres-nouvelles-sur-robert-lewandowski-raphinha-ferran-torres\/\" \/>\n<meta property=\"og:site_name\" content=\"Foot d&#039;avant\" \/>\n<meta property=\"article:publisher\" content=\"https:\/\/www.facebook.com\/Footdavant\/\" \/>\n<meta property=\"article:published_time\" content=\"2025-10-26T03:48:10+00:00\" \/>\n<meta property=\"article:modified_time\" content=\"2025-10-26T03:48:12+00:00\" \/>\n<meta property=\"og:image\" content=\"https:\/\/footdavant.fr\/actualites\/wp-content\/uploads\/2025\/10\/Blessure-a-Barcelone-liste-de-suspension-contre-l39Olympiacos-dernieres.jpg\" \/>\n\t<meta property=\"og:image:width\" content=\"640\" \/>\n\t<meta property=\"og:image:height\" content=\"480\" \/>\n\t<meta property=\"og:image:type\" content=\"image\/jpeg\" \/>\n<meta name=\"author\" content=\"Cl\u00e9ment\" \/>\n<meta name=\"twitter:card\" content=\"summary_large_image\" \/>\n<meta name=\"twitter:creator\" content=\"@FootdavantFr\" \/>\n<meta name=\"twitter:site\" content=\"@FootdavantFr\" \/>\n<meta name=\"twitter:label1\" content=\"\u00c9crit par\" \/>\n\t<meta name=\"twitter:data1\" content=\"Cl\u00e9ment\" \/>\n\t<meta name=\"twitter:label2\" content=\"Dur\u00e9e de lecture estim\u00e9e\" \/>\n\t<meta name=\"twitter:data2\" content=\"3 minutes\" \/>\n<script type=\"application\/ld+json\" class=\"yoast-schema-graph\">{\"@context\":\"https:\/\/schema.org\",\"@graph\":[{\"@type\":\"Article\",\"@id\":\"https:\/\/footdavant.fr\/actualites\/blessure-a-barcelone-liste-de-suspension-contre-lolympiacos-dernieres-nouvelles-sur-robert-lewandowski-raphinha-ferran-torres\/#article\",\"isPartOf\":{\"@id\":\"https:\/\/footdavant.fr\/actualites\/blessure-a-barcelone-liste-de-suspension-contre-lolympiacos-dernieres-nouvelles-sur-robert-lewandowski-raphinha-ferran-torres\/\"},\"author\":{\"name\":\"Cl\u00e9ment\",\"@id\":\"https:\/\/footdavant.fr\/actualites\/#\/schema\/person\/bc222566d95871b37e597b3ed3ba5e1d\"},\"headline\":\"Blessure \u00e0 Barcelone, liste de suspension contre l&#39;Olympiacos : derni\u00e8res nouvelles sur Robert Lewandowski, Raphinha, Ferran Torres\",\"datePublished\":\"2025-10-26T03:48:10+00:00\",\"dateModified\":\"2025-10-26T03:48:12+00:00\",\"mainEntityOfPage\":{\"@id\":\"https:\/\/footdavant.fr\/actualites\/blessure-a-barcelone-liste-de-suspension-contre-lolympiacos-dernieres-nouvelles-sur-robert-lewandowski-raphinha-ferran-torres\/\"},\"wordCount\":580,\"publisher\":{\"@id\":\"https:\/\/footdavant.fr\/actualites\/#organization\"},\"keywords\":[\"Barcelone\",\"Blessure\",\"contre\",\"derni\u00e8res\",\"Ferran\",\"l39Olympiacos\",\"Lewandowski\",\"liste\",\"Nouvelles\",\"Raphinha\",\"Robert\",\"sur\",\"suspension\",\"Torres\"],\"articleSection\":[\"Champions League\"],\"inLanguage\":\"fr-FR\"},{\"@type\":\"WebPage\",\"@id\":\"https:\/\/footdavant.fr\/actualites\/blessure-a-barcelone-liste-de-suspension-contre-lolympiacos-dernieres-nouvelles-sur-robert-lewandowski-raphinha-ferran-torres\/\",\"url\":\"https:\/\/footdavant.fr\/actualites\/blessure-a-barcelone-liste-de-suspension-contre-lolympiacos-dernieres-nouvelles-sur-robert-lewandowski-raphinha-ferran-torres\/\",\"name\":\"Blessure \u00e0 Barcelone, liste de suspension contre l&#39;Olympiacos : derni\u00e8res nouvelles sur Robert Lewandowski, Raphinha, Ferran Torres\",\"isPartOf\":{\"@id\":\"https:\/\/footdavant.fr\/actualites\/#website\"},\"datePublished\":\"2025-10-26T03:48:10+00:00\",\"dateModified\":\"2025-10-26T03:48:12+00:00\",\"breadcrumb\":{\"@id\":\"https:\/\/footdavant.fr\/actualites\/blessure-a-barcelone-liste-de-suspension-contre-lolympiacos-dernieres-nouvelles-sur-robert-lewandowski-raphinha-ferran-torres\/#breadcrumb\"},\"inLanguage\":\"fr-FR\",\"potentialAction\":[{\"@type\":\"ReadAction\",\"target\":[\"https:\/\/footdavant.fr\/actualites\/blessure-a-barcelone-liste-de-suspension-contre-lolympiacos-dernieres-nouvelles-sur-robert-lewandowski-raphinha-ferran-torres\/\"]}]},{\"@type\":\"BreadcrumbList\",\"@id\":\"https:\/\/footdavant.fr\/actualites\/blessure-a-barcelone-liste-de-suspension-contre-lolympiacos-dernieres-nouvelles-sur-robert-lewandowski-raphinha-ferran-torres\/#breadcrumb\",\"itemListElement\":[{\"@type\":\"ListItem\",\"position\":1,\"name\":\"Accueil\",\"item\":\"https:\/\/footdavant.fr\/actualites\/\"},{\"@type\":\"ListItem\",\"position\":2,\"name\":\"Blessure \u00e0 Barcelone, liste de suspension contre l&#39;Olympiacos : derni\u00e8res nouvelles sur Robert Lewandowski, Raphinha, Ferran Torres\"}]},{\"@type\":\"WebSite\",\"@id\":\"https:\/\/footdavant.fr\/actualites\/#website\",\"url\":\"https:\/\/footdavant.fr\/actualites\/\",\"name\":\"Foot d'avant\",\"description\":\"\",\"publisher\":{\"@id\":\"https:\/\/footdavant.fr\/actualites\/#organization\"},\"potentialAction\":[{\"@type\":\"SearchAction\",\"target\":{\"@type\":\"EntryPoint\",\"urlTemplate\":\"https:\/\/footdavant.fr\/actualites\/?s={search_term_string}\"},\"query-input\":\"required name=search_term_string\"}],\"inLanguage\":\"fr-FR\"},{\"@type\":\"Organization\",\"@id\":\"https:\/\/footdavant.fr\/actualites\/#organization\",\"name\":\"Foot d'avant\",\"url\":\"https:\/\/footdavant.fr\/actualites\/\",\"logo\":{\"@type\":\"ImageObject\",\"inLanguage\":\"fr-FR\",\"@id\":\"https:\/\/footdavant.fr\/actualites\/#\/schema\/logo\/image\/\",\"url\":\"https:\/\/footdavant.fr\/actualites\/wp-content\/uploads\/2023\/09\/Copy-of-FootDavant-Logo.png\",\"contentUrl\":\"https:\/\/footdavant.fr\/actualites\/wp-content\/uploads\/2023\/09\/Copy-of-FootDavant-Logo.png\",\"width\":936,\"height\":549,\"caption\":\"Foot d'avant\"},\"image\":{\"@id\":\"https:\/\/footdavant.fr\/actualites\/#\/schema\/logo\/image\/\"},\"sameAs\":[\"https:\/\/www.facebook.com\/Footdavant\/\",\"https:\/\/twitter.com\/FootdavantFr\",\"https:\/\/www.instagram.com\/footdavant.fr\/\"]},{\"@type\":\"Person\",\"@id\":\"https:\/\/footdavant.fr\/actualites\/#\/schema\/person\/bc222566d95871b37e597b3ed3ba5e1d\",\"name\":\"Cl\u00e9ment\",\"image\":{\"@type\":\"ImageObject\",\"inLanguage\":\"fr-FR\",\"@id\":\"https:\/\/footdavant.fr\/actualites\/#\/schema\/person\/image\/\",\"url\":\"https:\/\/secure.gravatar.com\/avatar\/7728b29aac2719421e1a9159b2254c44?s=96&d=mm&r=g\",\"contentUrl\":\"https:\/\/secure.gravatar.com\/avatar\/7728b29aac2719421e1a9159b2254c44?s=96&d=mm&r=g\",\"caption\":\"Cl\u00e9ment\"},\"sameAs\":[\"https:\/\/footdavant.fr\/\"]}]}<\/script>\n<!-- \/ Yoast SEO plugin. -->","yoast_head_json":{"title":"Blessure \u00e0 Barcelone, liste de suspension contre l&#39;Olympiacos : derni\u00e8res nouvelles sur Robert Lewandowski, Raphinha, Ferran Torres","robots":{"index":"index","follow":"follow","max-snippet":"max-snippet:-1","max-image-preview":"max-image-preview:large","max-video-preview":"max-video-preview:-1"},"canonical":"https:\/\/footdavant.fr\/actualites\/blessure-a-barcelone-liste-de-suspension-contre-lolympiacos-dernieres-nouvelles-sur-robert-lewandowski-raphinha-ferran-torres\/","og_locale":"fr_FR","og_type":"article","og_title":"Blessure \u00e0 Barcelone, liste de suspension contre l&#39;Olympiacos : derni\u00e8res nouvelles sur Robert Lewandowski, Raphinha, Ferran Torres","og_description":"Sports Mole r\u00e9sume toutes les nouvelles sur les blessures et les suspensions de Barcelone avant le choc de la Ligue des champions de mardi avec","og_url":"https:\/\/footdavant.fr\/actualites\/blessure-a-barcelone-liste-de-suspension-contre-lolympiacos-dernieres-nouvelles-sur-robert-lewandowski-raphinha-ferran-torres\/","og_site_name":"Foot d&#039;avant","article_publisher":"https:\/\/www.facebook.com\/Footdavant\/","article_published_time":"2025-10-26T03:48:10+00:00","article_modified_time":"2025-10-26T03:48:12+00:00","og_image":[{"width":640,"height":480,"url":"https:\/\/footdavant.fr\/actualites\/wp-content\/uploads\/2025\/10\/Blessure-a-Barcelone-liste-de-suspension-contre-l39Olympiacos-dernieres.jpg","type":"image\/jpeg"}],"author":"Cl\u00e9ment","twitter_card":"summary_large_image","twitter_creator":"@FootdavantFr","twitter_site":"@FootdavantFr","twitter_misc":{"\u00c9crit par":"Cl\u00e9ment","Dur\u00e9e de lecture estim\u00e9e":"3 minutes"},"schema":{"@context":"https:\/\/schema.org","@graph":[{"@type":"Article","@id":"https:\/\/footdavant.fr\/actualites\/blessure-a-barcelone-liste-de-suspension-contre-lolympiacos-dernieres-nouvelles-sur-robert-lewandowski-raphinha-ferran-torres\/#article","isPartOf":{"@id":"https:\/\/footdavant.fr\/actualites\/blessure-a-barcelone-liste-de-suspension-contre-lolympiacos-dernieres-nouvelles-sur-robert-lewandowski-raphinha-ferran-torres\/"},"author":{"name":"Cl\u00e9ment","@id":"https:\/\/footdavant.fr\/actualites\/#\/schema\/person\/bc222566d95871b37e597b3ed3ba5e1d"},"headline":"Blessure \u00e0 Barcelone, liste de suspension contre l&#39;Olympiacos : derni\u00e8res nouvelles sur Robert Lewandowski, Raphinha, Ferran Torres","datePublished":"2025-10-26T03:48:10+00:00","dateModified":"2025-10-26T03:48:12+00:00","mainEntityOfPage":{"@id":"https:\/\/footdavant.fr\/actualites\/blessure-a-barcelone-liste-de-suspension-contre-lolympiacos-dernieres-nouvelles-sur-robert-lewandowski-raphinha-ferran-torres\/"},"wordCount":580,"publisher":{"@id":"https:\/\/footdavant.fr\/actualites\/#organization"},"keywords":["Barcelone","Blessure","contre","derni\u00e8res","Ferran","l39Olympiacos","Lewandowski","liste","Nouvelles","Raphinha","Robert","sur","suspension","Torres"],"articleSection":["Champions League"],"inLanguage":"fr-FR"},{"@type":"WebPage","@id":"https:\/\/footdavant.fr\/actualites\/blessure-a-barcelone-liste-de-suspension-contre-lolympiacos-dernieres-nouvelles-sur-robert-lewandowski-raphinha-ferran-torres\/","url":"https:\/\/footdavant.fr\/actualites\/blessure-a-barcelone-liste-de-suspension-contre-lolympiacos-dernieres-nouvelles-sur-robert-lewandowski-raphinha-ferran-torres\/","name":"Blessure \u00e0 Barcelone, liste de suspension contre l&#39;Olympiacos : derni\u00e8res nouvelles sur Robert Lewandowski, Raphinha, Ferran Torres","isPartOf":{"@id":"https:\/\/footdavant.fr\/actualites\/#website"},"datePublished":"2025-10-26T03:48:10+00:00","dateModified":"2025-10-26T03:48:12+00:00","breadcrumb":{"@id":"https:\/\/footdavant.fr\/actualites\/blessure-a-barcelone-liste-de-suspension-contre-lolympiacos-dernieres-nouvelles-sur-robert-lewandowski-raphinha-ferran-torres\/#breadcrumb"},"inLanguage":"fr-FR","potentialAction":[{"@type":"ReadAction","target":["https:\/\/footdavant.fr\/actualites\/blessure-a-barcelone-liste-de-suspension-contre-lolympiacos-dernieres-nouvelles-sur-robert-lewandowski-raphinha-ferran-torres\/"]}]},{"@type":"BreadcrumbList","@id":"https:\/\/footdavant.fr\/actualites\/blessure-a-barcelone-liste-de-suspension-contre-lolympiacos-dernieres-nouvelles-sur-robert-lewandowski-raphinha-ferran-torres\/#breadcrumb","itemListElement":[{"@type":"ListItem","position":1,"name":"Accueil","item":"https:\/\/footdavant.fr\/actualites\/"},{"@type":"ListItem","position":2,"name":"Blessure \u00e0 Barcelone, liste de suspension contre l&#39;Olympiacos : derni\u00e8res nouvelles sur Robert Lewandowski, Raphinha, Ferran Torres"}]},{"@type":"WebSite","@id":"https:\/\/footdavant.fr\/actualites\/#website","url":"https:\/\/footdavant.fr\/actualites\/","name":"Foot d'avant","description":"","publisher":{"@id":"https:\/\/footdavant.fr\/actualites\/#organization"},"potentialAction":[{"@type":"SearchAction","target":{"@type":"EntryPoint","urlTemplate":"https:\/\/footdavant.fr\/actualites\/?s={search_term_string}"},"query-input":"required name=search_term_string"}],"inLanguage":"fr-FR"},{"@type":"Organization","@id":"https:\/\/footdavant.fr\/actualites\/#organization","name":"Foot d'avant","url":"https:\/\/footdavant.fr\/actualites\/","logo":{"@type":"ImageObject","inLanguage":"fr-FR","@id":"https:\/\/footdavant.fr\/actualites\/#\/schema\/logo\/image\/","url":"https:\/\/footdavant.fr\/actualites\/wp-content\/uploads\/2023\/09\/Copy-of-FootDavant-Logo.png","contentUrl":"https:\/\/footdavant.fr\/actualites\/wp-content\/uploads\/2023\/09\/Copy-of-FootDavant-Logo.png","width":936,"height":549,"caption":"Foot d'avant"},"image":{"@id":"https:\/\/footdavant.fr\/actualites\/#\/schema\/logo\/image\/"},"sameAs":["https:\/\/www.facebook.com\/Footdavant\/","https:\/\/twitter.com\/FootdavantFr","https:\/\/www.instagram.com\/footdavant.fr\/"]},{"@type":"Person","@id":"https:\/\/footdavant.fr\/actualites\/#\/schema\/person\/bc222566d95871b37e597b3ed3ba5e1d","name":"Cl\u00e9ment","image":{"@type":"ImageObject","inLanguage":"fr-FR","@id":"https:\/\/footdavant.fr\/actualites\/#\/schema\/person\/image\/","url":"https:\/\/secure.gravatar.com\/avatar\/7728b29aac2719421e1a9159b2254c44?s=96&d=mm&r=g","contentUrl":"https:\/\/secure.gravatar.com\/avatar\/7728b29aac2719421e1a9159b2254c44?s=96&d=mm&r=g","caption":"Cl\u00e9ment"},"sameAs":["https:\/\/footdavant.fr\/"]}]}},"_links":{"self":[{"href":"https:\/\/footdavant.fr\/actualites\/wp-json\/wp\/v2\/posts\/30335"}],"collection":[{"href":"https:\/\/footdavant.fr\/actualites\/wp-json\/wp\/v2\/posts"}],"about":[{"href":"https:\/\/footdavant.fr\/actualites\/wp-json\/wp\/v2\/types\/post"}],"author":[{"embeddable":true,"href":"https:\/\/footdavant.fr\/actualites\/wp-json\/wp\/v2\/users\/1"}],"replies":[{"embeddable":true,"href":"https:\/\/footdavant.fr\/actualites\/wp-json\/wp\/v2\/comments?post=30335"}],"version-history":[{"count":1,"href":"https:\/\/footdavant.fr\/actualites\/wp-json\/wp\/v2\/posts\/30335\/revisions"}],"predecessor-version":[{"id":30337,"href":"https:\/\/footdavant.fr\/actualites\/wp-json\/wp\/v2\/posts\/30335\/revisions\/30337"}],"wp:featuredmedia":[{"embeddable":true,"href":"https:\/\/footdavant.fr\/actualites\/wp-json\/wp\/v2\/media\/30336"}],"wp:attachment":[{"href":"https:\/\/footdavant.fr\/actualites\/wp-json\/wp\/v2\/media?parent=30335"}],"wp:term":[{"taxonomy":"category","embeddable":true,"href":"https:\/\/footdavant.fr\/actualites\/wp-json\/wp\/v2\/categories?post=30335"},{"taxonomy":"post_tag","embeddable":true,"href":"https:\/\/footdavant.fr\/actualites\/wp-json\/wp\/v2\/tags?post=30335"}],"curies":[{"name":"wp","href":"https:\/\/api.w.org\/{rel}","templated":true}]}}